{"id":50959,"date":"2018-05-06T08:00:55","date_gmt":"2018-05-06T11:00:55","guid":{"rendered":"https:\/\/www.blogsoestado.com\/danielmatos\/?p=50959"},"modified":"2018-05-06T08:00:55","modified_gmt":"2018-05-06T11:00:55","slug":"vivil-guimaraes-clinica-hosana-reis-camarim-e-blue-tree-towers-promoverao-o-evento-maternar-se","status":"publish","type":"post","link":"https:\/\/www.blogsoestado.com\/danielmatos\/vivil-guimaraes-clinica-hosana-reis-camarim-e-blue-tree-towers-promoverao-o-evento-maternar-se\/","title":{"rendered":"Vivil Guimar\u00e3es, Cl\u00ednica Hosana Reis, Camarim e Blue Tree Towers promover\u00e3o o evento \u201cMaternar-se\u201d"},"content":{"rendered":"<h2><span style=\"color: #ff0000;\">Convidadas ser\u00e3o cercadas de cuidados especiais e de uma sess\u00e3o de fotos para guardar o momento<\/span><\/h2>\n<figure id=\"attachment_50960\" aria-describedby=\"caption-attachment-50960\" style=\"width: 595px\" class=\"wp-caption aligncenter\"><img fetchpriority=\"high\" decoding=\"async\" class=\"size-full wp-image-50960\" src=\"https:\/\/www.blogsoestado.com\/danielmatos\/files\/2018\/05\/Vivil-Guimar\u00e3es.jpeg\" alt=\"\" width=\"595\" height=\"480\" \/><figcaption id=\"caption-attachment-50960\" class=\"wp-caption-text\">Olhar para a valoriza\u00e7\u00e3o do feminino de\u00adfine a ess\u00eancia de Vivil Guimar\u00e3es, dona de uma das quatro marcas envolvidas no evento<\/figcaption><\/figure>\n<figure id=\"attachment_50961\" aria-describedby=\"caption-attachment-50961\" style=\"width: 336px\" class=\"wp-caption alignright\"><img decoding=\"async\" class=\"size-full wp-image-50961\" src=\"https:\/\/www.blogsoestado.com\/danielmatos\/files\/2018\/05\/vivil.jpg\" alt=\"\" width=\"336\" height=\"394\" \/><figcaption id=\"caption-attachment-50961\" class=\"wp-caption-text\">Par de brincos da marca Vivil Guimar\u00e3es<\/figcaption><\/figure>\n<p>Em homenagem ao Dia das M\u00e3es, a Loja Camarim, a designer de joias Vivil Guimar\u00e3es, a Cl\u00ednica Hosana Reis e o Blue Tree Towers S\u00e3o Lu\u00eds Hotel promovem o evento \u201cMaternar-se\u201d. A a\u00e7\u00e3o acontece no pr\u00f3ximo dia 8, \u00e0s15h, no Blue Tree Towers S\u00e3o Lu\u00eds Hotel. A experi\u00eancia \u00e9 voltada \u00e0s mulheres que cuidam, embalam e protegem ao longo de suas vidas.<\/p>\n<p>Foi nesse sentido que as organizadoras se apropriaram do neologismo \u201cmaternar-se\u201d, para se referir ao momento de a mulher cuidar de si, acalentar-se, voltar seus olhos para ela pr\u00f3pria. As convidadas especiais ser\u00e3o recebidas para vivenciar um momento de descontra\u00e7\u00e3o, cuidado e bem-estar e receber\u00e3o a fotografi\u00ada de sua participa\u00e7\u00e3o. \u201c\u00c9 um incentivo para essas mulheres que t\u00eam no verbo cuidar sua grande miss\u00e3o. Um tempo s\u00f3 delas, de valoriza\u00e7\u00e3o e empoderamento\u201d, explicam as organizadoras.<\/p>\n<p>Esse olhar para a valoriza\u00e7\u00e3o do feminino de\u00adfine a ess\u00eancia das quatro marcas envolvidas. Vivil Guimar\u00e3es, Camarim, Cl\u00ednica Hosana Reis e o Blue Tree Towers S\u00e3o Lu\u00eds Hotel trabalham com atendimento personalizado e primam pela exclusividade e pela excel\u00eancia no que fazem.<\/p>\n<p><strong>Servi\u00e7o<\/strong><\/p>\n<p><strong>O qu\u00ea<\/strong><\/p>\n<p>\u201cMaternar-se\u201d<\/p>\n<p><strong>Quando<\/strong><\/p>\n<p>Dia 8 de maio, \u00e0s 15h<\/p>\n<p><strong>Onde<\/strong><\/p>\n<p>Blue Tree Towers S\u00e3o Lu\u00eds Hotel (Avenida Avicenia &#8211; Praia do Calhau)<\/p>\n","protected":false},"excerpt":{"rendered":"<p>Convidadas ser\u00e3o cercadas de cuidados especiais e de uma sess\u00e3o de fotos para guardar o momento Em homenagem ao Dia [&hellip;]<\/p>\n","protected":false},"author":0,"featured_media":0,"comment_status":"open","ping_status":"open","sticky":false,"template":"","format":"standard","meta":{"site-sidebar-layout":"default","site-content-layout":"","ast-site-content-layout":"default","site-content-style":"default","site-sidebar-style":"default","ast-global-header-display":"","ast-banner-title-visibility":"","ast-main-header-display":"","ast-hfb-above-header-display":"","ast-hfb-below-header-display":"","ast-hfb-mobile-header-display":"","site-post-title":"","ast-breadcrumbs-content":"","ast-featured-img":"","footer-sml-layout":"","ast-disable-related-posts":"","theme-transparent-header-meta":"","adv-header-id-meta":"","stick-header-meta":"","header-above-stick-meta":"","header-main-stick-meta":"","header-below-stick-meta":"","astra-migrate-meta-layouts":"default","ast-page-background-enabled":"default","ast-page-background-meta":{"desktop":{"background-color":"var(--ast-global-color-5)","background-image":"","background-repeat":"repeat","background-position":"center center","background-size":"auto","background-attachment":"scroll","background-type":"","background-media":"","overlay-type":"","overlay-color":"","overlay-opacity":"","overlay-gradient":""},"tablet":{"background-color":"","background-image":"","background-repeat":"repeat","background-position":"center center","background-size":"auto","background-attachment":"scroll","background-type":"","background-media":"","overlay-type":"","overlay-color":"","overlay-opacity":"","overlay-gradient":""},"mobile":{"background-color":"","background-image":"","background-repeat":"repeat","background-position":"center center","background-size":"auto","background-attachment":"scroll","background-type":"","background-media":"","overlay-type":"","overlay-color":"","overlay-opacity":"","overlay-gradient":""}},"ast-content-background-meta":{"desktop":{"background-color":"var(--ast-global-color-4)","background-image":"","background-repeat":"repeat","background-position":"center center","background-size":"auto","background-attachment":"scroll","background-type":"","background-media":"","overlay-type":"","overlay-color":"","overlay-opacity":"","overlay-gradient":""},"tablet":{"background-color":"var(--ast-global-color-4)","background-image":"","background-repeat":"repeat","background-position":"center center","background-size":"auto","background-attachment":"scroll","background-type":"","background-media":"","overlay-type":"","overlay-color":"","overlay-opacity":"","overlay-gradient":""},"mobile":{"background-color":"var(--ast-global-color-4)","background-image":"","background-repeat":"repeat","background-position":"center center","background-size":"auto","background-attachment":"scroll","background-type":"","background-media":"","overlay-type":"","overlay-color":"","overlay-opacity":"","overlay-gradient":""}},"footnotes":""},"categories":[1],"tags":[],"class_list":["post-50959","post","type-post","status-publish","format-standard","hentry","category-sem-categoria"],"yoast_head":"<!-- This site is optimized with the Yoast SEO plugin v26.6 - https:\/\/yoast.com\/wordpress\/plugins\/seo\/ -->\n<title>Vivil Guimar\u00e3es, Cl\u00ednica Hosana Reis, Camarim e Blue Tree Towers promover\u00e3o o evento \u201cMaternar-se\u201d - Daniel Matos<\/title>\n<meta name=\"robots\" content=\"index, follow, max-snippet:-1, max-image-preview:large, max-video-preview:-1\" \/>\n<link rel=\"canonical\" href=\"https:\/\/www.blogsoestado.com\/danielmatos\/vivil-guimaraes-clinica-hosana-reis-camarim-e-blue-tree-towers-promoverao-o-evento-maternar-se\/\" \/>\n<meta property=\"og:locale\" content=\"pt_BR\" \/>\n<meta property=\"og:type\" content=\"article\" \/>\n<meta property=\"og:title\" content=\"Vivil Guimar\u00e3es, Cl\u00ednica Hosana Reis, Camarim e Blue Tree Towers promover\u00e3o o evento \u201cMaternar-se\u201d - Daniel Matos\" \/>\n<meta property=\"og:description\" content=\"Convidadas ser\u00e3o cercadas de cuidados especiais e de uma sess\u00e3o de fotos para guardar o momento Em homenagem ao Dia [&hellip;]\" \/>\n<meta property=\"og:url\" content=\"https:\/\/www.blogsoestado.com\/danielmatos\/vivil-guimaraes-clinica-hosana-reis-camarim-e-blue-tree-towers-promoverao-o-evento-maternar-se\/\" \/>\n<meta property=\"og:site_name\" content=\"Daniel Matos\" \/>\n<meta property=\"article:published_time\" content=\"2018-05-06T11:00:55+00:00\" \/>\n<meta property=\"og:image\" content=\"https:\/\/www.blogsoestado.com\/danielmatos\/files\/2018\/05\/vivil.jpg\" \/>\n<meta name=\"twitter:card\" content=\"summary_large_image\" \/>\n<meta name=\"twitter:label1\" content=\"Est. tempo de leitura\" \/>\n\t<meta name=\"twitter:data1\" content=\"1 minuto\" \/>\n<script type=\"application\/ld+json\" class=\"yoast-schema-graph\">{\"@context\":\"https:\/\/schema.org\",\"@graph\":[{\"@type\":\"WebPage\",\"@id\":\"https:\/\/www.blogsoestado.com\/danielmatos\/vivil-guimaraes-clinica-hosana-reis-camarim-e-blue-tree-towers-promoverao-o-evento-maternar-se\/\",\"url\":\"https:\/\/www.blogsoestado.com\/danielmatos\/vivil-guimaraes-clinica-hosana-reis-camarim-e-blue-tree-towers-promoverao-o-evento-maternar-se\/\",\"name\":\"Vivil Guimar\u00e3es, Cl\u00ednica Hosana Reis, Camarim e Blue Tree Towers promover\u00e3o o evento \u201cMaternar-se\u201d - Daniel Matos\",\"isPartOf\":{\"@id\":\"https:\/\/www.blogsoestado.com\/danielmatos\/#website\"},\"primaryImageOfPage\":{\"@id\":\"https:\/\/www.blogsoestado.com\/danielmatos\/vivil-guimaraes-clinica-hosana-reis-camarim-e-blue-tree-towers-promoverao-o-evento-maternar-se\/#primaryimage\"},\"image\":{\"@id\":\"https:\/\/www.blogsoestado.com\/danielmatos\/vivil-guimaraes-clinica-hosana-reis-camarim-e-blue-tree-towers-promoverao-o-evento-maternar-se\/#primaryimage\"},\"thumbnailUrl\":\"https:\/\/www.blogsoestado.com\/danielmatos\/files\/2018\/05\/vivil.jpg\",\"datePublished\":\"2018-05-06T11:00:55+00:00\",\"author\":{\"@id\":\"\"},\"breadcrumb\":{\"@id\":\"https:\/\/www.blogsoestado.com\/danielmatos\/vivil-guimaraes-clinica-hosana-reis-camarim-e-blue-tree-towers-promoverao-o-evento-maternar-se\/#breadcrumb\"},\"inLanguage\":\"pt-BR\",\"potentialAction\":[{\"@type\":\"ReadAction\",\"target\":[\"https:\/\/www.blogsoestado.com\/danielmatos\/vivil-guimaraes-clinica-hosana-reis-camarim-e-blue-tree-towers-promoverao-o-evento-maternar-se\/\"]}]},{\"@type\":\"ImageObject\",\"inLanguage\":\"pt-BR\",\"@id\":\"https:\/\/www.blogsoestado.com\/danielmatos\/vivil-guimaraes-clinica-hosana-reis-camarim-e-blue-tree-towers-promoverao-o-evento-maternar-se\/#primaryimage\",\"url\":\"https:\/\/www.blogsoestado.com\/danielmatos\/files\/2018\/05\/vivil.jpg\",\"contentUrl\":\"https:\/\/www.blogsoestado.com\/danielmatos\/files\/2018\/05\/vivil.jpg\"},{\"@type\":\"BreadcrumbList\",\"@id\":\"https:\/\/www.blogsoestado.com\/danielmatos\/vivil-guimaraes-clinica-hosana-reis-camarim-e-blue-tree-towers-promoverao-o-evento-maternar-se\/#breadcrumb\",\"itemListElement\":[{\"@type\":\"ListItem\",\"position\":1,\"name\":\"In\u00edcio\",\"item\":\"https:\/\/www.blogsoestado.com\/danielmatos\/\"},{\"@type\":\"ListItem\",\"position\":2,\"name\":\"Vivil Guimar\u00e3es, Cl\u00ednica Hosana Reis, Camarim e Blue Tree Towers promover\u00e3o o evento \u201cMaternar-se\u201d\"}]},{\"@type\":\"WebSite\",\"@id\":\"https:\/\/www.blogsoestado.com\/danielmatos\/#website\",\"url\":\"https:\/\/www.blogsoestado.com\/danielmatos\/\",\"name\":\"Daniel Matos\",\"description\":\"\",\"potentialAction\":[{\"@type\":\"SearchAction\",\"target\":{\"@type\":\"EntryPoint\",\"urlTemplate\":\"https:\/\/www.blogsoestado.com\/danielmatos\/?s={search_term_string}\"},\"query-input\":{\"@type\":\"PropertyValueSpecification\",\"valueRequired\":true,\"valueName\":\"search_term_string\"}}],\"inLanguage\":\"pt-BR\"}]}<\/script>\n<!-- \/ Yoast SEO plugin. -->","yoast_head_json":{"title":"Vivil Guimar\u00e3es, Cl\u00ednica Hosana Reis, Camarim e Blue Tree Towers promover\u00e3o o evento \u201cMaternar-se\u201d - Daniel Matos","robots":{"index":"index","follow":"follow","max-snippet":"max-snippet:-1","max-image-preview":"max-image-preview:large","max-video-preview":"max-video-preview:-1"},"canonical":"https:\/\/www.blogsoestado.com\/danielmatos\/vivil-guimaraes-clinica-hosana-reis-camarim-e-blue-tree-towers-promoverao-o-evento-maternar-se\/","og_locale":"pt_BR","og_type":"article","og_title":"Vivil Guimar\u00e3es, Cl\u00ednica Hosana Reis, Camarim e Blue Tree Towers promover\u00e3o o evento \u201cMaternar-se\u201d - Daniel Matos","og_description":"Convidadas ser\u00e3o cercadas de cuidados especiais e de uma sess\u00e3o de fotos para guardar o momento Em homenagem ao Dia [&hellip;]","og_url":"https:\/\/www.blogsoestado.com\/danielmatos\/vivil-guimaraes-clinica-hosana-reis-camarim-e-blue-tree-towers-promoverao-o-evento-maternar-se\/","og_site_name":"Daniel Matos","article_published_time":"2018-05-06T11:00:55+00:00","og_image":[{"url":"https:\/\/www.blogsoestado.com\/danielmatos\/files\/2018\/05\/vivil.jpg","type":"","width":"","height":""}],"twitter_card":"summary_large_image","twitter_misc":{"Est. tempo de leitura":"1 minuto"},"schema":{"@context":"https:\/\/schema.org","@graph":[{"@type":"WebPage","@id":"https:\/\/www.blogsoestado.com\/danielmatos\/vivil-guimaraes-clinica-hosana-reis-camarim-e-blue-tree-towers-promoverao-o-evento-maternar-se\/","url":"https:\/\/www.blogsoestado.com\/danielmatos\/vivil-guimaraes-clinica-hosana-reis-camarim-e-blue-tree-towers-promoverao-o-evento-maternar-se\/","name":"Vivil Guimar\u00e3es, Cl\u00ednica Hosana Reis, Camarim e Blue Tree Towers promover\u00e3o o evento \u201cMaternar-se\u201d - Daniel Matos","isPartOf":{"@id":"https:\/\/www.blogsoestado.com\/danielmatos\/#website"},"primaryImageOfPage":{"@id":"https:\/\/www.blogsoestado.com\/danielmatos\/vivil-guimaraes-clinica-hosana-reis-camarim-e-blue-tree-towers-promoverao-o-evento-maternar-se\/#primaryimage"},"image":{"@id":"https:\/\/www.blogsoestado.com\/danielmatos\/vivil-guimaraes-clinica-hosana-reis-camarim-e-blue-tree-towers-promoverao-o-evento-maternar-se\/#primaryimage"},"thumbnailUrl":"https:\/\/www.blogsoestado.com\/danielmatos\/files\/2018\/05\/vivil.jpg","datePublished":"2018-05-06T11:00:55+00:00","author":{"@id":""},"breadcrumb":{"@id":"https:\/\/www.blogsoestado.com\/danielmatos\/vivil-guimaraes-clinica-hosana-reis-camarim-e-blue-tree-towers-promoverao-o-evento-maternar-se\/#breadcrumb"},"inLanguage":"pt-BR","potentialAction":[{"@type":"ReadAction","target":["https:\/\/www.blogsoestado.com\/danielmatos\/vivil-guimaraes-clinica-hosana-reis-camarim-e-blue-tree-towers-promoverao-o-evento-maternar-se\/"]}]},{"@type":"ImageObject","inLanguage":"pt-BR","@id":"https:\/\/www.blogsoestado.com\/danielmatos\/vivil-guimaraes-clinica-hosana-reis-camarim-e-blue-tree-towers-promoverao-o-evento-maternar-se\/#primaryimage","url":"https:\/\/www.blogsoestado.com\/danielmatos\/files\/2018\/05\/vivil.jpg","contentUrl":"https:\/\/www.blogsoestado.com\/danielmatos\/files\/2018\/05\/vivil.jpg"},{"@type":"BreadcrumbList","@id":"https:\/\/www.blogsoestado.com\/danielmatos\/vivil-guimaraes-clinica-hosana-reis-camarim-e-blue-tree-towers-promoverao-o-evento-maternar-se\/#breadcrumb","itemListElement":[{"@type":"ListItem","position":1,"name":"In\u00edcio","item":"https:\/\/www.blogsoestado.com\/danielmatos\/"},{"@type":"ListItem","position":2,"name":"Vivil Guimar\u00e3es, Cl\u00ednica Hosana Reis, Camarim e Blue Tree Towers promover\u00e3o o evento \u201cMaternar-se\u201d"}]},{"@type":"WebSite","@id":"https:\/\/www.blogsoestado.com\/danielmatos\/#website","url":"https:\/\/www.blogsoestado.com\/danielmatos\/","name":"Daniel Matos","description":"","potentialAction":[{"@type":"SearchAction","target":{"@type":"EntryPoint","urlTemplate":"https:\/\/www.blogsoestado.com\/danielmatos\/?s={search_term_string}"},"query-input":{"@type":"PropertyValueSpecification","valueRequired":true,"valueName":"search_term_string"}}],"inLanguage":"pt-BR"}]}},"jetpack_featured_media_url":"","_links":{"self":[{"href":"https:\/\/www.blogsoestado.com\/danielmatos\/wp-json\/wp\/v2\/posts\/50959","targetHints":{"allow":["GET"]}}],"collection":[{"href":"https:\/\/www.blogsoestado.com\/danielmatos\/wp-json\/wp\/v2\/posts"}],"about":[{"href":"https:\/\/www.blogsoestado.com\/danielmatos\/wp-json\/wp\/v2\/types\/post"}],"replies":[{"embeddable":true,"href":"https:\/\/www.blogsoestado.com\/danielmatos\/wp-json\/wp\/v2\/comments?post=50959"}],"version-history":[{"count":0,"href":"https:\/\/www.blogsoestado.com\/danielmatos\/wp-json\/wp\/v2\/posts\/50959\/revisions"}],"wp:attachment":[{"href":"https:\/\/www.blogsoestado.com\/danielmatos\/wp-json\/wp\/v2\/media?parent=50959"}],"wp:term":[{"taxonomy":"category","embeddable":true,"href":"https:\/\/www.blogsoestado.com\/danielmatos\/wp-json\/wp\/v2\/categories?post=50959"},{"taxonomy":"post_tag","embeddable":true,"href":"https:\/\/www.blogsoestado.com\/danielmatos\/wp-json\/wp\/v2\/tags?post=50959"}],"curies":[{"name":"wp","href":"https:\/\/api.w.org\/{rel}","templated":true}]}}