{"id":50963,"date":"2018-05-04T09:55:37","date_gmt":"2018-05-04T12:55:37","guid":{"rendered":"https:\/\/www.blogsoestado.com\/danielmatos\/?p=50963"},"modified":"2018-05-04T09:55:37","modified_gmt":"2018-05-04T12:55:37","slug":"farra-dos-capelaes-andrea-murad-protocola-nova-representacao-na-pgj","status":"publish","type":"post","link":"https:\/\/www.blogsoestado.com\/danielmatos\/farra-dos-capelaes-andrea-murad-protocola-nova-representacao-na-pgj\/","title":{"rendered":"Farra dos capel\u00e3es: Andrea Murad protocola nova representa\u00e7\u00e3o na PGJ"},"content":{"rendered":"<figure id=\"attachment_50964\" aria-describedby=\"caption-attachment-50964\" style=\"width: 448px\" class=\"wp-caption alignleft\"><img fetchpriority=\"high\" decoding=\"async\" class=\"size-full wp-image-50964\" src=\"https:\/\/www.blogsoestado.com\/danielmatos\/files\/2018\/05\/andrea-representa4.jpg\" alt=\"\" width=\"448\" height=\"299\" \/><figcaption id=\"caption-attachment-50964\" class=\"wp-caption-text\">Andrea Murad diz que espera agilidade do procurador geral de Justi\u00e7a na apura\u00e7\u00e3o da den\u00fancia<\/figcaption><\/figure>\n<p>Depois da Procuradoria Regional Eleitoral ser acionada sobre a nomea\u00e7\u00e3o de lideran\u00e7as evang\u00e9licas para o cargo de capel\u00e3es no governo Fl\u00e1vio Dino, muitas filiadas a partidos pol\u00edticos da base do governo, a deputada Andrea Murad (PRP) protocolou uma representa\u00e7\u00e3o, desta vez para o procurador geral de justi\u00e7a, Luiz Gonzaga.<\/p>\n<p>\u201cNesta nova representa\u00e7\u00e3o destaco o crime de improbidade praticado pelo governador Fl\u00e1vio Dino, que usa a estrutura p\u00fablica ferindo os princ\u00edpios da administra\u00e7\u00e3o p\u00fablica, da imparcialidade, da legalidade, da lealdade \u00e0s institui\u00e7\u00f5es e da moralidade administrativa. Ent\u00e3o, o Minist\u00e9rio P\u00fablico precisa apurar esses graves il\u00edcitos, onde ao olhos de todos, ele tem loteado tamb\u00e9m a seguran\u00e7a p\u00fablica para lideran\u00e7as pol\u00edticas e partid\u00e1rias, sob o disfarce de capel\u00e3es com sal\u00e1rios alt\u00edssimos\u201d, disse Andrea.<\/p>\n<p>Em mar\u00e7o, o PRP, legenda que a deputada Andrea faz parte, denunciou ao Minist\u00e9rio P\u00fablico Eleitoral a farra das nomea\u00e7\u00f5es de novos capel\u00e3es. O \u00f3rg\u00e3o deu um prazo at\u00e9 6 de maio para o Governo do Estado responder os questionamentos do \u00f3rg\u00e3o.<\/p>\n<p>A den\u00fancia acusa o governador do PCdoB de abuso do poder com a captura de l\u00edderes religiosos, visando os votos dos fi\u00e9is nestas elei\u00e7\u00f5es. 36 capel\u00e3es foram nomeados sem concurso p\u00fablico no ano passado e mais de 10 cargos foram criados este ano para serem ocupados por religiosos, e os sal\u00e1rios chegam at\u00e9 R$ 21 mil.<\/p>\n<p>\u201cEspero do procurador Luiz Gonzaga a mesma agilidade da procuradora Raquel Dodge e do procurador Pedro Henrique, do MPF, por causa da gravidade dos \u00faltimos fatos ocorridos no Maranh\u00e3o. E como at\u00e9 o momento n\u00e3o foi aberto nenhum procedimento no \u00e2mbito da Procuradoria Geral de Justi\u00e7a para investigar esse caso grav\u00edssimo, resolvi acionar o procurador para que investigue e tome todas as provid\u00eancias para coibir essa pr\u00e1tica ilegal de Fl\u00e1vio Dino\u201d, ressaltou Andrea.<\/p>\n<p>Seguem as primeiras tr\u00eas p\u00e1ginas da representa\u00e7\u00e3o:<\/p>\n<p><img decoding=\"async\" class=\"aligncenter size-full wp-image-50965\" src=\"https:\/\/www.blogsoestado.com\/danielmatos\/files\/2018\/05\/andrea-representa2.jpg\" alt=\"\" width=\"453\" height=\"602\" \/><\/p>\n<p><img decoding=\"async\" class=\"aligncenter size-full wp-image-50966\" src=\"https:\/\/www.blogsoestado.com\/danielmatos\/files\/2018\/05\/andrea-representa2-1.jpg\" alt=\"\" width=\"453\" height=\"602\" \/><\/p>\n<p><img loading=\"lazy\" decoding=\"async\" class=\"aligncenter size-full wp-image-50967\" src=\"https:\/\/www.blogsoestado.com\/danielmatos\/files\/2018\/05\/andrea-representa3.jpg\" alt=\"\" width=\"455\" height=\"603\" \/><\/p>\n","protected":false},"excerpt":{"rendered":"<p>Depois da Procuradoria Regional Eleitoral ser acionada sobre a nomea\u00e7\u00e3o de lideran\u00e7as evang\u00e9licas para o cargo de capel\u00e3es no governo [&hellip;]<\/p>\n","protected":false},"author":0,"featured_media":0,"comment_status":"open","ping_status":"open","sticky":false,"template":"","format":"standard","meta":{"site-sidebar-layout":"default","site-content-layout":"","ast-site-content-layout":"default","site-content-style":"default","site-sidebar-style":"default","ast-global-header-display":"","ast-banner-title-visibility":"","ast-main-header-display":"","ast-hfb-above-header-display":"","ast-hfb-below-header-display":"","ast-hfb-mobile-header-display":"","site-post-title":"","ast-breadcrumbs-content":"","ast-featured-img":"","footer-sml-layout":"","ast-disable-related-posts":"","theme-transparent-header-meta":"","adv-header-id-meta":"","stick-header-meta":"","header-above-stick-meta":"","header-main-stick-meta":"","header-below-stick-meta":"","astra-migrate-meta-layouts":"default","ast-page-background-enabled":"default","ast-page-background-meta":{"desktop":{"background-color":"var(--ast-global-color-5)","background-image":"","background-repeat":"repeat","background-position":"center center","background-size":"auto","background-attachment":"scroll","background-type":"","background-media":"","overlay-type":"","overlay-color":"","overlay-opacity":"","overlay-gradient":""},"tablet":{"background-color":"","background-image":"","background-repeat":"repeat","background-position":"center center","background-size":"auto","background-attachment":"scroll","background-type":"","background-media":"","overlay-type":"","overlay-color":"","overlay-opacity":"","overlay-gradient":""},"mobile":{"background-color":"","background-image":"","background-repeat":"repeat","background-position":"center center","background-size":"auto","background-attachment":"scroll","background-type":"","background-media":"","overlay-type":"","overlay-color":"","overlay-opacity":"","overlay-gradient":""}},"ast-content-background-meta":{"desktop":{"background-color":"var(--ast-global-color-4)","background-image":"","background-repeat":"repeat","background-position":"center center","background-size":"auto","background-attachment":"scroll","background-type":"","background-media":"","overlay-type":"","overlay-color":"","overlay-opacity":"","overlay-gradient":""},"tablet":{"background-color":"var(--ast-global-color-4)","background-image":"","background-repeat":"repeat","background-position":"center center","background-size":"auto","background-attachment":"scroll","background-type":"","background-media":"","overlay-type":"","overlay-color":"","overlay-opacity":"","overlay-gradient":""},"mobile":{"background-color":"var(--ast-global-color-4)","background-image":"","background-repeat":"repeat","background-position":"center center","background-size":"auto","background-attachment":"scroll","background-type":"","background-media":"","overlay-type":"","overlay-color":"","overlay-opacity":"","overlay-gradient":""}},"footnotes":""},"categories":[1],"tags":[],"class_list":["post-50963","post","type-post","status-publish","format-standard","hentry","category-sem-categoria"],"yoast_head":"<!-- This site is optimized with the Yoast SEO plugin v26.6 - https:\/\/yoast.com\/wordpress\/plugins\/seo\/ -->\n<title>Farra dos capel\u00e3es: Andrea Murad protocola nova representa\u00e7\u00e3o na PGJ - Daniel Matos<\/title>\n<meta name=\"robots\" content=\"index, follow, max-snippet:-1, max-image-preview:large, max-video-preview:-1\" \/>\n<link rel=\"canonical\" href=\"https:\/\/www.blogsoestado.com\/danielmatos\/farra-dos-capelaes-andrea-murad-protocola-nova-representacao-na-pgj\/\" \/>\n<meta property=\"og:locale\" content=\"pt_BR\" \/>\n<meta property=\"og:type\" content=\"article\" \/>\n<meta property=\"og:title\" content=\"Farra dos capel\u00e3es: Andrea Murad protocola nova representa\u00e7\u00e3o na PGJ - Daniel Matos\" \/>\n<meta property=\"og:description\" content=\"Depois da Procuradoria Regional Eleitoral ser acionada sobre a nomea\u00e7\u00e3o de lideran\u00e7as evang\u00e9licas para o cargo de capel\u00e3es no governo [&hellip;]\" \/>\n<meta property=\"og:url\" content=\"https:\/\/www.blogsoestado.com\/danielmatos\/farra-dos-capelaes-andrea-murad-protocola-nova-representacao-na-pgj\/\" \/>\n<meta property=\"og:site_name\" content=\"Daniel Matos\" \/>\n<meta property=\"article:published_time\" content=\"2018-05-04T12:55:37+00:00\" \/>\n<meta property=\"og:image\" content=\"https:\/\/www.blogsoestado.com\/danielmatos\/files\/2018\/05\/andrea-representa4.jpg\" \/>\n<meta name=\"twitter:card\" content=\"summary_large_image\" \/>\n<meta name=\"twitter:label1\" content=\"Est. tempo de leitura\" \/>\n\t<meta name=\"twitter:data1\" content=\"2 minutos\" \/>\n<script type=\"application\/ld+json\" class=\"yoast-schema-graph\">{\"@context\":\"https:\/\/schema.org\",\"@graph\":[{\"@type\":\"WebPage\",\"@id\":\"https:\/\/www.blogsoestado.com\/danielmatos\/farra-dos-capelaes-andrea-murad-protocola-nova-representacao-na-pgj\/\",\"url\":\"https:\/\/www.blogsoestado.com\/danielmatos\/farra-dos-capelaes-andrea-murad-protocola-nova-representacao-na-pgj\/\",\"name\":\"Farra dos capel\u00e3es: Andrea Murad protocola nova representa\u00e7\u00e3o na PGJ - Daniel Matos\",\"isPartOf\":{\"@id\":\"https:\/\/www.blogsoestado.com\/danielmatos\/#website\"},\"primaryImageOfPage\":{\"@id\":\"https:\/\/www.blogsoestado.com\/danielmatos\/farra-dos-capelaes-andrea-murad-protocola-nova-representacao-na-pgj\/#primaryimage\"},\"image\":{\"@id\":\"https:\/\/www.blogsoestado.com\/danielmatos\/farra-dos-capelaes-andrea-murad-protocola-nova-representacao-na-pgj\/#primaryimage\"},\"thumbnailUrl\":\"https:\/\/www.blogsoestado.com\/danielmatos\/files\/2018\/05\/andrea-representa4.jpg\",\"datePublished\":\"2018-05-04T12:55:37+00:00\",\"author\":{\"@id\":\"\"},\"breadcrumb\":{\"@id\":\"https:\/\/www.blogsoestado.com\/danielmatos\/farra-dos-capelaes-andrea-murad-protocola-nova-representacao-na-pgj\/#breadcrumb\"},\"inLanguage\":\"pt-BR\",\"potentialAction\":[{\"@type\":\"ReadAction\",\"target\":[\"https:\/\/www.blogsoestado.com\/danielmatos\/farra-dos-capelaes-andrea-murad-protocola-nova-representacao-na-pgj\/\"]}]},{\"@type\":\"ImageObject\",\"inLanguage\":\"pt-BR\",\"@id\":\"https:\/\/www.blogsoestado.com\/danielmatos\/farra-dos-capelaes-andrea-murad-protocola-nova-representacao-na-pgj\/#primaryimage\",\"url\":\"https:\/\/www.blogsoestado.com\/danielmatos\/files\/2018\/05\/andrea-representa4.jpg\",\"contentUrl\":\"https:\/\/www.blogsoestado.com\/danielmatos\/files\/2018\/05\/andrea-representa4.jpg\"},{\"@type\":\"BreadcrumbList\",\"@id\":\"https:\/\/www.blogsoestado.com\/danielmatos\/farra-dos-capelaes-andrea-murad-protocola-nova-representacao-na-pgj\/#breadcrumb\",\"itemListElement\":[{\"@type\":\"ListItem\",\"position\":1,\"name\":\"In\u00edcio\",\"item\":\"https:\/\/www.blogsoestado.com\/danielmatos\/\"},{\"@type\":\"ListItem\",\"position\":2,\"name\":\"Farra dos capel\u00e3es: Andrea Murad protocola nova representa\u00e7\u00e3o na PGJ\"}]},{\"@type\":\"WebSite\",\"@id\":\"https:\/\/www.blogsoestado.com\/danielmatos\/#website\",\"url\":\"https:\/\/www.blogsoestado.com\/danielmatos\/\",\"name\":\"Daniel Matos\",\"description\":\"\",\"potentialAction\":[{\"@type\":\"SearchAction\",\"target\":{\"@type\":\"EntryPoint\",\"urlTemplate\":\"https:\/\/www.blogsoestado.com\/danielmatos\/?s={search_term_string}\"},\"query-input\":{\"@type\":\"PropertyValueSpecification\",\"valueRequired\":true,\"valueName\":\"search_term_string\"}}],\"inLanguage\":\"pt-BR\"}]}<\/script>\n<!-- \/ Yoast SEO plugin. -->","yoast_head_json":{"title":"Farra dos capel\u00e3es: Andrea Murad protocola nova representa\u00e7\u00e3o na PGJ - Daniel Matos","robots":{"index":"index","follow":"follow","max-snippet":"max-snippet:-1","max-image-preview":"max-image-preview:large","max-video-preview":"max-video-preview:-1"},"canonical":"https:\/\/www.blogsoestado.com\/danielmatos\/farra-dos-capelaes-andrea-murad-protocola-nova-representacao-na-pgj\/","og_locale":"pt_BR","og_type":"article","og_title":"Farra dos capel\u00e3es: Andrea Murad protocola nova representa\u00e7\u00e3o na PGJ - Daniel Matos","og_description":"Depois da Procuradoria Regional Eleitoral ser acionada sobre a nomea\u00e7\u00e3o de lideran\u00e7as evang\u00e9licas para o cargo de capel\u00e3es no governo [&hellip;]","og_url":"https:\/\/www.blogsoestado.com\/danielmatos\/farra-dos-capelaes-andrea-murad-protocola-nova-representacao-na-pgj\/","og_site_name":"Daniel Matos","article_published_time":"2018-05-04T12:55:37+00:00","og_image":[{"url":"https:\/\/www.blogsoestado.com\/danielmatos\/files\/2018\/05\/andrea-representa4.jpg","type":"","width":"","height":""}],"twitter_card":"summary_large_image","twitter_misc":{"Est. tempo de leitura":"2 minutos"},"schema":{"@context":"https:\/\/schema.org","@graph":[{"@type":"WebPage","@id":"https:\/\/www.blogsoestado.com\/danielmatos\/farra-dos-capelaes-andrea-murad-protocola-nova-representacao-na-pgj\/","url":"https:\/\/www.blogsoestado.com\/danielmatos\/farra-dos-capelaes-andrea-murad-protocola-nova-representacao-na-pgj\/","name":"Farra dos capel\u00e3es: Andrea Murad protocola nova representa\u00e7\u00e3o na PGJ - Daniel Matos","isPartOf":{"@id":"https:\/\/www.blogsoestado.com\/danielmatos\/#website"},"primaryImageOfPage":{"@id":"https:\/\/www.blogsoestado.com\/danielmatos\/farra-dos-capelaes-andrea-murad-protocola-nova-representacao-na-pgj\/#primaryimage"},"image":{"@id":"https:\/\/www.blogsoestado.com\/danielmatos\/farra-dos-capelaes-andrea-murad-protocola-nova-representacao-na-pgj\/#primaryimage"},"thumbnailUrl":"https:\/\/www.blogsoestado.com\/danielmatos\/files\/2018\/05\/andrea-representa4.jpg","datePublished":"2018-05-04T12:55:37+00:00","author":{"@id":""},"breadcrumb":{"@id":"https:\/\/www.blogsoestado.com\/danielmatos\/farra-dos-capelaes-andrea-murad-protocola-nova-representacao-na-pgj\/#breadcrumb"},"inLanguage":"pt-BR","potentialAction":[{"@type":"ReadAction","target":["https:\/\/www.blogsoestado.com\/danielmatos\/farra-dos-capelaes-andrea-murad-protocola-nova-representacao-na-pgj\/"]}]},{"@type":"ImageObject","inLanguage":"pt-BR","@id":"https:\/\/www.blogsoestado.com\/danielmatos\/farra-dos-capelaes-andrea-murad-protocola-nova-representacao-na-pgj\/#primaryimage","url":"https:\/\/www.blogsoestado.com\/danielmatos\/files\/2018\/05\/andrea-representa4.jpg","contentUrl":"https:\/\/www.blogsoestado.com\/danielmatos\/files\/2018\/05\/andrea-representa4.jpg"},{"@type":"BreadcrumbList","@id":"https:\/\/www.blogsoestado.com\/danielmatos\/farra-dos-capelaes-andrea-murad-protocola-nova-representacao-na-pgj\/#breadcrumb","itemListElement":[{"@type":"ListItem","position":1,"name":"In\u00edcio","item":"https:\/\/www.blogsoestado.com\/danielmatos\/"},{"@type":"ListItem","position":2,"name":"Farra dos capel\u00e3es: Andrea Murad protocola nova representa\u00e7\u00e3o na PGJ"}]},{"@type":"WebSite","@id":"https:\/\/www.blogsoestado.com\/danielmatos\/#website","url":"https:\/\/www.blogsoestado.com\/danielmatos\/","name":"Daniel Matos","description":"","potentialAction":[{"@type":"SearchAction","target":{"@type":"EntryPoint","urlTemplate":"https:\/\/www.blogsoestado.com\/danielmatos\/?s={search_term_string}"},"query-input":{"@type":"PropertyValueSpecification","valueRequired":true,"valueName":"search_term_string"}}],"inLanguage":"pt-BR"}]}},"jetpack_featured_media_url":"","_links":{"self":[{"href":"https:\/\/www.blogsoestado.com\/danielmatos\/wp-json\/wp\/v2\/posts\/50963","targetHints":{"allow":["GET"]}}],"collection":[{"href":"https:\/\/www.blogsoestado.com\/danielmatos\/wp-json\/wp\/v2\/posts"}],"about":[{"href":"https:\/\/www.blogsoestado.com\/danielmatos\/wp-json\/wp\/v2\/types\/post"}],"replies":[{"embeddable":true,"href":"https:\/\/www.blogsoestado.com\/danielmatos\/wp-json\/wp\/v2\/comments?post=50963"}],"version-history":[{"count":0,"href":"https:\/\/www.blogsoestado.com\/danielmatos\/wp-json\/wp\/v2\/posts\/50963\/revisions"}],"wp:attachment":[{"href":"https:\/\/www.blogsoestado.com\/danielmatos\/wp-json\/wp\/v2\/media?parent=50963"}],"wp:term":[{"taxonomy":"category","embeddable":true,"href":"https:\/\/www.blogsoestado.com\/danielmatos\/wp-json\/wp\/v2\/categories?post=50963"},{"taxonomy":"post_tag","embeddable":true,"href":"https:\/\/www.blogsoestado.com\/danielmatos\/wp-json\/wp\/v2\/tags?post=50963"}],"curies":[{"name":"wp","href":"https:\/\/api.w.org\/{rel}","templated":true}]}}