{"id":50983,"date":"2018-05-04T15:16:44","date_gmt":"2018-05-04T18:16:44","guid":{"rendered":"https:\/\/www.blogsoestado.com\/danielmatos\/?p=50983"},"modified":"2018-05-04T15:16:44","modified_gmt":"2018-05-04T18:16:44","slug":"com-apoio-do-vereador-marquinhos-obras-do-anexo-do-projeto-viva-bem-mais-seguem-em-ritmo-acelerado","status":"publish","type":"post","link":"https:\/\/www.blogsoestado.com\/danielmatos\/com-apoio-do-vereador-marquinhos-obras-do-anexo-do-projeto-viva-bem-mais-seguem-em-ritmo-acelerado\/","title":{"rendered":"Com apoio do vereador Marquinhos, obras do anexo do Projeto Viva Bem Mais seguem em ritmo acelerado"},"content":{"rendered":"<figure id=\"attachment_50985\" aria-describedby=\"caption-attachment-50985\" style=\"width: 640px\" class=\"wp-caption aligncenter\"><img fetchpriority=\"high\" decoding=\"async\" class=\"size-full wp-image-50985\" src=\"https:\/\/www.blogsoestado.com\/danielmatos\/files\/2018\/05\/viva-mais.jpg\" alt=\"\" width=\"640\" height=\"480\" \/><figcaption id=\"caption-attachment-50985\" class=\"wp-caption-text\">Oper\u00e1rios trabalham em ritmo acelerado na constru\u00e7\u00e3o do espa\u00e7o que sediar\u00e1 o projeto Viva Bem Mais<\/figcaption><\/figure>\n<p>As obras no futuro anexo do projeto Viva Bem Mais, no bairro Divineia, seguem a todo vapor. Idealizado pelo gabinete do vereador Ant\u00f4nio Marcos Silva, o Marquinhos (DEM), o espa\u00e7o ser\u00e1 uma op\u00e7\u00e3o para pr\u00e1ticas voltadas ao bem estar da popula\u00e7\u00e3o de todo o p\u00f3lo Turu.<\/p>\n<figure id=\"attachment_50986\" aria-describedby=\"caption-attachment-50986\" style=\"width: 640px\" class=\"wp-caption aligncenter\"><img decoding=\"async\" class=\"size-full wp-image-50986\" src=\"https:\/\/www.blogsoestado.com\/danielmatos\/files\/2018\/05\/viva-mais2.jpg\" alt=\"\" width=\"640\" height=\"480\" \/><figcaption id=\"caption-attachment-50986\" class=\"wp-caption-text\">Terreno est\u00e1 sendo preparado para receber, em breve, atividades do projeto Viva Bem Mais<\/figcaption><\/figure>\n<p>Marquinhos anuncia que muito em breve a grande regi\u00e3o do Turu poder\u00e1 usufruir de uma quadra poliesportiva coberta, para a pr\u00e1tica de esportes e de atividades como aulas de aulas de zumba e demais eventos do instituto Viva Bem Mais, fruto do engajamento de Marquinhos e da comunidade \u00e0 causa social, com enfase para as pr\u00e1ticas saud\u00e1veis.<\/p>\n<p>O espa\u00e7o ter\u00e1, ainda, uma piscina para aulas de hidrogin\u00e1stica, que atender\u00e3o as pessoas da melhor idade, proporcionando qualidade de vida e dignidade humana a todos os moradores da regi\u00e3o.<\/p>\n<figure id=\"attachment_50987\" aria-describedby=\"caption-attachment-50987\" style=\"width: 640px\" class=\"wp-caption aligncenter\"><img decoding=\"async\" class=\"size-full wp-image-50987\" src=\"https:\/\/www.blogsoestado.com\/danielmatos\/files\/2018\/05\/viva-mais3.jpg\" alt=\"\" width=\"640\" height=\"480\" \/><figcaption id=\"caption-attachment-50987\" class=\"wp-caption-text\">Material de constru\u00e7\u00e3o adquirido para a execu\u00e7\u00e3o da obra garante celeridade aos servi\u00e7os dos oper\u00e1rios<\/figcaption><\/figure>\n<p>Na expectativa pela benfeitoria, a comunidade agradece\u00a0a iniciativa do vereador, que \u00e9 um importante est\u00edmulo ao bem estar da popula\u00e7\u00e3o.<\/p>\n","protected":false},"excerpt":{"rendered":"<p>As obras no futuro anexo do projeto Viva Bem Mais, no bairro Divineia, seguem a todo vapor. Idealizado pelo gabinete [&hellip;]<\/p>\n","protected":false},"author":0,"featured_media":0,"comment_status":"open","ping_status":"open","sticky":false,"template":"","format":"standard","meta":{"site-sidebar-layout":"default","site-content-layout":"","ast-site-content-layout":"default","site-content-style":"default","site-sidebar-style":"default","ast-global-header-display":"","ast-banner-title-visibility":"","ast-main-header-display":"","ast-hfb-above-header-display":"","ast-hfb-below-header-display":"","ast-hfb-mobile-header-display":"","site-post-title":"","ast-breadcrumbs-content":"","ast-featured-img":"","footer-sml-layout":"","ast-disable-related-posts":"","theme-transparent-header-meta":"","adv-header-id-meta":"","stick-header-meta":"","header-above-stick-meta":"","header-main-stick-meta":"","header-below-stick-meta":"","astra-migrate-meta-layouts":"default","ast-page-background-enabled":"default","ast-page-background-meta":{"desktop":{"background-color":"var(--ast-global-color-5)","background-image":"","background-repeat":"repeat","background-position":"center center","background-size":"auto","background-attachment":"scroll","background-type":"","background-media":"","overlay-type":"","overlay-color":"","overlay-opacity":"","overlay-gradient":""},"tablet":{"background-color":"","background-image":"","background-repeat":"repeat","background-position":"center center","background-size":"auto","background-attachment":"scroll","background-type":"","background-media":"","overlay-type":"","overlay-color":"","overlay-opacity":"","overlay-gradient":""},"mobile":{"background-color":"","background-image":"","background-repeat":"repeat","background-position":"center center","background-size":"auto","background-attachment":"scroll","background-type":"","background-media":"","overlay-type":"","overlay-color":"","overlay-opacity":"","overlay-gradient":""}},"ast-content-background-meta":{"desktop":{"background-color":"var(--ast-global-color-4)","background-image":"","background-repeat":"repeat","background-position":"center center","background-size":"auto","background-attachment":"scroll","background-type":"","background-media":"","overlay-type":"","overlay-color":"","overlay-opacity":"","overlay-gradient":""},"tablet":{"background-color":"var(--ast-global-color-4)","background-image":"","background-repeat":"repeat","background-position":"center center","background-size":"auto","background-attachment":"scroll","background-type":"","background-media":"","overlay-type":"","overlay-color":"","overlay-opacity":"","overlay-gradient":""},"mobile":{"background-color":"var(--ast-global-color-4)","background-image":"","background-repeat":"repeat","background-position":"center center","background-size":"auto","background-attachment":"scroll","background-type":"","background-media":"","overlay-type":"","overlay-color":"","overlay-opacity":"","overlay-gradient":""}},"footnotes":""},"categories":[1],"tags":[],"class_list":["post-50983","post","type-post","status-publish","format-standard","hentry","category-sem-categoria"],"yoast_head":"<!-- This site is optimized with the Yoast SEO plugin v26.6 - https:\/\/yoast.com\/wordpress\/plugins\/seo\/ -->\n<title>Com apoio do vereador Marquinhos, obras do anexo do Projeto Viva Bem Mais seguem em ritmo acelerado - Daniel Matos<\/title>\n<meta name=\"robots\" content=\"index, follow, max-snippet:-1, max-image-preview:large, max-video-preview:-1\" \/>\n<link rel=\"canonical\" href=\"https:\/\/www.blogsoestado.com\/danielmatos\/com-apoio-do-vereador-marquinhos-obras-do-anexo-do-projeto-viva-bem-mais-seguem-em-ritmo-acelerado\/\" \/>\n<meta property=\"og:locale\" content=\"pt_BR\" \/>\n<meta property=\"og:type\" content=\"article\" \/>\n<meta property=\"og:title\" content=\"Com apoio do vereador Marquinhos, obras do anexo do Projeto Viva Bem Mais seguem em ritmo acelerado - Daniel Matos\" \/>\n<meta property=\"og:description\" content=\"As obras no futuro anexo do projeto Viva Bem Mais, no bairro Divineia, seguem a todo vapor. Idealizado pelo gabinete [&hellip;]\" \/>\n<meta property=\"og:url\" content=\"https:\/\/www.blogsoestado.com\/danielmatos\/com-apoio-do-vereador-marquinhos-obras-do-anexo-do-projeto-viva-bem-mais-seguem-em-ritmo-acelerado\/\" \/>\n<meta property=\"og:site_name\" content=\"Daniel Matos\" \/>\n<meta property=\"article:published_time\" content=\"2018-05-04T18:16:44+00:00\" \/>\n<meta property=\"og:image\" content=\"https:\/\/www.blogsoestado.com\/danielmatos\/files\/2018\/05\/viva-mais.jpg\" \/>\n<meta name=\"twitter:card\" content=\"summary_large_image\" \/>\n<meta name=\"twitter:label1\" content=\"Est. tempo de leitura\" \/>\n\t<meta name=\"twitter:data1\" content=\"1 minuto\" \/>\n<script type=\"application\/ld+json\" class=\"yoast-schema-graph\">{\"@context\":\"https:\/\/schema.org\",\"@graph\":[{\"@type\":\"WebPage\",\"@id\":\"https:\/\/www.blogsoestado.com\/danielmatos\/com-apoio-do-vereador-marquinhos-obras-do-anexo-do-projeto-viva-bem-mais-seguem-em-ritmo-acelerado\/\",\"url\":\"https:\/\/www.blogsoestado.com\/danielmatos\/com-apoio-do-vereador-marquinhos-obras-do-anexo-do-projeto-viva-bem-mais-seguem-em-ritmo-acelerado\/\",\"name\":\"Com apoio do vereador Marquinhos, obras do anexo do Projeto Viva Bem Mais seguem em ritmo acelerado - Daniel Matos\",\"isPartOf\":{\"@id\":\"https:\/\/www.blogsoestado.com\/danielmatos\/#website\"},\"primaryImageOfPage\":{\"@id\":\"https:\/\/www.blogsoestado.com\/danielmatos\/com-apoio-do-vereador-marquinhos-obras-do-anexo-do-projeto-viva-bem-mais-seguem-em-ritmo-acelerado\/#primaryimage\"},\"image\":{\"@id\":\"https:\/\/www.blogsoestado.com\/danielmatos\/com-apoio-do-vereador-marquinhos-obras-do-anexo-do-projeto-viva-bem-mais-seguem-em-ritmo-acelerado\/#primaryimage\"},\"thumbnailUrl\":\"https:\/\/www.blogsoestado.com\/danielmatos\/files\/2018\/05\/viva-mais.jpg\",\"datePublished\":\"2018-05-04T18:16:44+00:00\",\"author\":{\"@id\":\"\"},\"breadcrumb\":{\"@id\":\"https:\/\/www.blogsoestado.com\/danielmatos\/com-apoio-do-vereador-marquinhos-obras-do-anexo-do-projeto-viva-bem-mais-seguem-em-ritmo-acelerado\/#breadcrumb\"},\"inLanguage\":\"pt-BR\",\"potentialAction\":[{\"@type\":\"ReadAction\",\"target\":[\"https:\/\/www.blogsoestado.com\/danielmatos\/com-apoio-do-vereador-marquinhos-obras-do-anexo-do-projeto-viva-bem-mais-seguem-em-ritmo-acelerado\/\"]}]},{\"@type\":\"ImageObject\",\"inLanguage\":\"pt-BR\",\"@id\":\"https:\/\/www.blogsoestado.com\/danielmatos\/com-apoio-do-vereador-marquinhos-obras-do-anexo-do-projeto-viva-bem-mais-seguem-em-ritmo-acelerado\/#primaryimage\",\"url\":\"https:\/\/www.blogsoestado.com\/danielmatos\/files\/2018\/05\/viva-mais.jpg\",\"contentUrl\":\"https:\/\/www.blogsoestado.com\/danielmatos\/files\/2018\/05\/viva-mais.jpg\"},{\"@type\":\"BreadcrumbList\",\"@id\":\"https:\/\/www.blogsoestado.com\/danielmatos\/com-apoio-do-vereador-marquinhos-obras-do-anexo-do-projeto-viva-bem-mais-seguem-em-ritmo-acelerado\/#breadcrumb\",\"itemListElement\":[{\"@type\":\"ListItem\",\"position\":1,\"name\":\"In\u00edcio\",\"item\":\"https:\/\/www.blogsoestado.com\/danielmatos\/\"},{\"@type\":\"ListItem\",\"position\":2,\"name\":\"Com apoio do vereador Marquinhos, obras do anexo do Projeto Viva Bem Mais seguem em ritmo acelerado\"}]},{\"@type\":\"WebSite\",\"@id\":\"https:\/\/www.blogsoestado.com\/danielmatos\/#website\",\"url\":\"https:\/\/www.blogsoestado.com\/danielmatos\/\",\"name\":\"Daniel Matos\",\"description\":\"\",\"potentialAction\":[{\"@type\":\"SearchAction\",\"target\":{\"@type\":\"EntryPoint\",\"urlTemplate\":\"https:\/\/www.blogsoestado.com\/danielmatos\/?s={search_term_string}\"},\"query-input\":{\"@type\":\"PropertyValueSpecification\",\"valueRequired\":true,\"valueName\":\"search_term_string\"}}],\"inLanguage\":\"pt-BR\"}]}<\/script>\n<!-- \/ Yoast SEO plugin. -->","yoast_head_json":{"title":"Com apoio do vereador Marquinhos, obras do anexo do Projeto Viva Bem Mais seguem em ritmo acelerado - Daniel Matos","robots":{"index":"index","follow":"follow","max-snippet":"max-snippet:-1","max-image-preview":"max-image-preview:large","max-video-preview":"max-video-preview:-1"},"canonical":"https:\/\/www.blogsoestado.com\/danielmatos\/com-apoio-do-vereador-marquinhos-obras-do-anexo-do-projeto-viva-bem-mais-seguem-em-ritmo-acelerado\/","og_locale":"pt_BR","og_type":"article","og_title":"Com apoio do vereador Marquinhos, obras do anexo do Projeto Viva Bem Mais seguem em ritmo acelerado - Daniel Matos","og_description":"As obras no futuro anexo do projeto Viva Bem Mais, no bairro Divineia, seguem a todo vapor. Idealizado pelo gabinete [&hellip;]","og_url":"https:\/\/www.blogsoestado.com\/danielmatos\/com-apoio-do-vereador-marquinhos-obras-do-anexo-do-projeto-viva-bem-mais-seguem-em-ritmo-acelerado\/","og_site_name":"Daniel Matos","article_published_time":"2018-05-04T18:16:44+00:00","og_image":[{"url":"https:\/\/www.blogsoestado.com\/danielmatos\/files\/2018\/05\/viva-mais.jpg","type":"","width":"","height":""}],"twitter_card":"summary_large_image","twitter_misc":{"Est. tempo de leitura":"1 minuto"},"schema":{"@context":"https:\/\/schema.org","@graph":[{"@type":"WebPage","@id":"https:\/\/www.blogsoestado.com\/danielmatos\/com-apoio-do-vereador-marquinhos-obras-do-anexo-do-projeto-viva-bem-mais-seguem-em-ritmo-acelerado\/","url":"https:\/\/www.blogsoestado.com\/danielmatos\/com-apoio-do-vereador-marquinhos-obras-do-anexo-do-projeto-viva-bem-mais-seguem-em-ritmo-acelerado\/","name":"Com apoio do vereador Marquinhos, obras do anexo do Projeto Viva Bem Mais seguem em ritmo acelerado - Daniel Matos","isPartOf":{"@id":"https:\/\/www.blogsoestado.com\/danielmatos\/#website"},"primaryImageOfPage":{"@id":"https:\/\/www.blogsoestado.com\/danielmatos\/com-apoio-do-vereador-marquinhos-obras-do-anexo-do-projeto-viva-bem-mais-seguem-em-ritmo-acelerado\/#primaryimage"},"image":{"@id":"https:\/\/www.blogsoestado.com\/danielmatos\/com-apoio-do-vereador-marquinhos-obras-do-anexo-do-projeto-viva-bem-mais-seguem-em-ritmo-acelerado\/#primaryimage"},"thumbnailUrl":"https:\/\/www.blogsoestado.com\/danielmatos\/files\/2018\/05\/viva-mais.jpg","datePublished":"2018-05-04T18:16:44+00:00","author":{"@id":""},"breadcrumb":{"@id":"https:\/\/www.blogsoestado.com\/danielmatos\/com-apoio-do-vereador-marquinhos-obras-do-anexo-do-projeto-viva-bem-mais-seguem-em-ritmo-acelerado\/#breadcrumb"},"inLanguage":"pt-BR","potentialAction":[{"@type":"ReadAction","target":["https:\/\/www.blogsoestado.com\/danielmatos\/com-apoio-do-vereador-marquinhos-obras-do-anexo-do-projeto-viva-bem-mais-seguem-em-ritmo-acelerado\/"]}]},{"@type":"ImageObject","inLanguage":"pt-BR","@id":"https:\/\/www.blogsoestado.com\/danielmatos\/com-apoio-do-vereador-marquinhos-obras-do-anexo-do-projeto-viva-bem-mais-seguem-em-ritmo-acelerado\/#primaryimage","url":"https:\/\/www.blogsoestado.com\/danielmatos\/files\/2018\/05\/viva-mais.jpg","contentUrl":"https:\/\/www.blogsoestado.com\/danielmatos\/files\/2018\/05\/viva-mais.jpg"},{"@type":"BreadcrumbList","@id":"https:\/\/www.blogsoestado.com\/danielmatos\/com-apoio-do-vereador-marquinhos-obras-do-anexo-do-projeto-viva-bem-mais-seguem-em-ritmo-acelerado\/#breadcrumb","itemListElement":[{"@type":"ListItem","position":1,"name":"In\u00edcio","item":"https:\/\/www.blogsoestado.com\/danielmatos\/"},{"@type":"ListItem","position":2,"name":"Com apoio do vereador Marquinhos, obras do anexo do Projeto Viva Bem Mais seguem em ritmo acelerado"}]},{"@type":"WebSite","@id":"https:\/\/www.blogsoestado.com\/danielmatos\/#website","url":"https:\/\/www.blogsoestado.com\/danielmatos\/","name":"Daniel Matos","description":"","potentialAction":[{"@type":"SearchAction","target":{"@type":"EntryPoint","urlTemplate":"https:\/\/www.blogsoestado.com\/danielmatos\/?s={search_term_string}"},"query-input":{"@type":"PropertyValueSpecification","valueRequired":true,"valueName":"search_term_string"}}],"inLanguage":"pt-BR"}]}},"jetpack_featured_media_url":"","_links":{"self":[{"href":"https:\/\/www.blogsoestado.com\/danielmatos\/wp-json\/wp\/v2\/posts\/50983","targetHints":{"allow":["GET"]}}],"collection":[{"href":"https:\/\/www.blogsoestado.com\/danielmatos\/wp-json\/wp\/v2\/posts"}],"about":[{"href":"https:\/\/www.blogsoestado.com\/danielmatos\/wp-json\/wp\/v2\/types\/post"}],"replies":[{"embeddable":true,"href":"https:\/\/www.blogsoestado.com\/danielmatos\/wp-json\/wp\/v2\/comments?post=50983"}],"version-history":[{"count":0,"href":"https:\/\/www.blogsoestado.com\/danielmatos\/wp-json\/wp\/v2\/posts\/50983\/revisions"}],"wp:attachment":[{"href":"https:\/\/www.blogsoestado.com\/danielmatos\/wp-json\/wp\/v2\/media?parent=50983"}],"wp:term":[{"taxonomy":"category","embeddable":true,"href":"https:\/\/www.blogsoestado.com\/danielmatos\/wp-json\/wp\/v2\/categories?post=50983"},{"taxonomy":"post_tag","embeddable":true,"href":"https:\/\/www.blogsoestado.com\/danielmatos\/wp-json\/wp\/v2\/tags?post=50983"}],"curies":[{"name":"wp","href":"https:\/\/api.w.org\/{rel}","templated":true}]}}