{"id":51017,"date":"2018-05-05T11:48:56","date_gmt":"2018-05-05T14:48:56","guid":{"rendered":"https:\/\/www.blogsoestado.com\/danielmatos\/?p=51017"},"modified":"2018-05-05T11:48:56","modified_gmt":"2018-05-05T14:48:56","slug":"em-visita-a-universidade-ceuma-geraldo-alckmin-aponta-educacao-como-prioridade-para-o-crescimento","status":"publish","type":"post","link":"https:\/\/www.blogsoestado.com\/danielmatos\/em-visita-a-universidade-ceuma-geraldo-alckmin-aponta-educacao-como-prioridade-para-o-crescimento\/","title":{"rendered":"Em visita \u00e0 Universidade Ceuma, Geraldo Alckmin aponta educa\u00e7\u00e3o como prioridade para o crescimento"},"content":{"rendered":"<figure id=\"attachment_51019\" aria-describedby=\"caption-attachment-51019\" style=\"width: 600px\" class=\"wp-caption aligncenter\"><img fetchpriority=\"high\" decoding=\"async\" class=\"wp-image-51019\" src=\"https:\/\/www.blogsoestado.com\/danielmatos\/files\/2018\/05\/alckmin-ceuma-1.jpg\" alt=\"\" width=\"600\" height=\"399\" \/><figcaption id=\"caption-attachment-51019\" class=\"wp-caption-text\">Na mesa, entre Roberto Rocha, Mauro Fecury, Jos\u00e9 Reinaldo e Wellington, Geraldo Alckmin respondeu a questionamentos feitos por estudantes<\/figcaption><\/figure>\n<p>O ex-governador de S\u00e3o Paulo e pr\u00e9-candidato \u00e0 Presid\u00eancia da Rep\u00fablica, Geraldo Alckmin (PSDB), foi recepcionado, nessa sexta-feira (4), por professores, alunos, gestores acad\u00eamicos e mantenedores da Universidade Ceuma. Em di\u00e1logo com os estudantes, o presidenci\u00e1vel tucano abordou, com \u00eanfase, o crescimento econ\u00f4mico, tra\u00e7ando um paralelo entre os ambientes nacional, internacional e regional. Acompanharam Alckmin na visita o senador Roberto Rocha e pr\u00e9-candidato ao governo Roberto Rocha (PSDB), o deputado federal e pr\u00e9-candidato a senador Jos\u00e9 Reinaldo Tavares (PSDB) e o deputado estadual Wellington do Curso, presidente do PSDB em S\u00e3o Lu\u00eds e pr\u00e9-candidato \u00e0 reelei\u00e7\u00e3o.<\/p>\n<figure id=\"attachment_51020\" aria-describedby=\"caption-attachment-51020\" style=\"width: 600px\" class=\"wp-caption aligncenter\"><img decoding=\"async\" class=\"wp-image-51020\" src=\"https:\/\/www.blogsoestado.com\/danielmatos\/files\/2018\/05\/alckmin-ceuma2.jpg\" alt=\"\" width=\"600\" height=\"399\" \/><figcaption id=\"caption-attachment-51020\" class=\"wp-caption-text\">Alckmin recebendo as boas vindas do mantenedor da Universidade Ceuma, Mauro Fecury, ex-senador, ex-deputado e ex-prefeito de S\u00e3o Lu\u00eds<\/figcaption><\/figure>\n<p>Alckmin recebeu as boas vindas do fundador e mantenedor da Universidade Ceuma, ex-senador e ex-prefeito de S\u00e3o Lu\u00eds, Mauro Fecury, que fez quest\u00e3o que ele registrasse, em depoimento, sua presen\u00e7a no livro de visitantes da institui\u00e7\u00e3o. O pr\u00e9-candidato conheceu a sala de professores e as instala\u00e7\u00f5es do curso de Medicina e elogiou a estrutura disponibilizada ao corpo acad\u00eamico.<\/p>\n<p>O ex-governador paulista parabenizou a Universidade Ceuma, alunos, professores e destacou que a igreja, o hospital, a escola e a universidade s\u00e3o os elementos mais importantes de uma comunidade. &#8220;A gente fica feliz ao ver o entusiasmo, a garra e a confian\u00e7a no futuro demonstrados pelos alunos, assim como o trabalho da institui\u00e7\u00e3o em mais de 30 cursos de gradua\u00e7\u00e3o e p\u00f3s-gradua\u00e7\u00e3o em S\u00e3o Lu\u00eds e em outros munic\u00edpios do Maranh\u00e3o&#8221;, assinalou.<\/p>\n<p><strong>Questionamentos<\/strong><\/p>\n<figure id=\"attachment_51021\" aria-describedby=\"caption-attachment-51021\" style=\"width: 600px\" class=\"wp-caption aligncenter\"><img decoding=\"async\" class=\"wp-image-51021\" src=\"https:\/\/www.blogsoestado.com\/danielmatos\/files\/2018\/05\/alckmin-ceuma4.jpg\" alt=\"\" width=\"600\" height=\"399\" \/><figcaption id=\"caption-attachment-51021\" class=\"wp-caption-text\">O presidenci\u00e1vel fez explana\u00e7\u00e3o sobre crescimento econ\u00f4mico a uma plateia formada por dezenas de universit\u00e1rios<\/figcaption><\/figure>\n<p>Em resposta \u00e0 pergunta de um acad\u00eamico de Direito sobre estrat\u00e9gias de desenvolvimento do Estado, Geraldo Alckmin disse que o Brasil precisa, antes de tudo, crescer. &#8220;Se o Produto Interno Bruto (PIB) vai de marcha r\u00e9, com retra\u00e7\u00e3o de 3% a 4%, ningu\u00e9m se salva. Por isso, \u00e9 preciso retomar o crescimento&#8221;, aconselhou.<\/p>\n<p>O tucano apresentou como f\u00f3rmula para o avan\u00e7o da economia a pol\u00edtica fiscal respons\u00e1vel. &#8220;N\u00e3o pode haver d\u00e9ficit. \u00c9 como na nossa casa, se gastar mais do que ganha, quebra&#8221;, alertou. Alckmin tamb\u00e9m citou a pol\u00edtica monet\u00e1ria com juros baixos como fundamental para o crescimento. &#8220;\u00c9 preciso baixar o spread banc\u00e1rio (diferen\u00e7a entre os juros que o banco cobra ao emprestar e a taxa que ele mesmo paga ao captar dinheiro) para que as pessoas possam empreender&#8221;.<\/p>\n<figure id=\"attachment_51022\" aria-describedby=\"caption-attachment-51022\" style=\"width: 600px\" class=\"wp-caption aligncenter\"><img loading=\"lazy\" decoding=\"async\" class=\"wp-image-51022\" src=\"https:\/\/www.blogsoestado.com\/danielmatos\/files\/2018\/05\/alckmin-ceuma3.jpg\" alt=\"\" width=\"600\" height=\"399\" \/><figcaption id=\"caption-attachment-51022\" class=\"wp-caption-text\">Alckmin conheceu as instala\u00e7\u00f5es da Universidade Ceuma, entre as quais a Biblioteca Jos\u00e9 Sarney<\/figcaption><\/figure>\n<p>Ainda de acordo com o presidenci\u00e1vel, o crescimento tamb\u00e9m depende de uma pol\u00edtica cambial que n\u00e3o permita a supervaloriza\u00e7\u00e3o da moeda. &#8220;No Brasil de hoje, ocorre exatamente o contr\u00e1rio, ou seja, a desvaloriza\u00e7\u00e3o r\u00e1pida da moeda&#8221;, frisou. &#8220;Mas \u00e9 preciso ter equil\u00edbrio, com pol\u00edtica fiscal rigorosa, pol\u00edtica monet\u00e1ria com juros baixos e c\u00e2mbio que n\u00e3o permita a valoriza\u00e7\u00e3o excessiva da moeda, para favorecer as exporta\u00e7\u00f5es&#8221;, descreveu.<\/p>\n<p><strong>Abertura da economia e educa\u00e7\u00e3o<\/strong><\/p>\n<p>A abertura da economia, com uma agenda de competitividade, educa\u00e7\u00e3o de qualidade, com pesquisa e inova\u00e7\u00e3o, e atra\u00e7\u00e3o de investimentos tamb\u00e9m fazem parte do roteiro que leva ao crescimento, segundo o tucano. &#8220;Se n\u00e3o houver investimento, n\u00e3o h\u00e1 crescimento sustentado, \u00e9 igual voo de galinha, voc\u00ea cresce dois pontinhos e depois cai de novo&#8221;, observou.<\/p>\n<figure id=\"attachment_51023\" aria-describedby=\"caption-attachment-51023\" style=\"width: 600px\" class=\"wp-caption aligncenter\"><img loading=\"lazy\" decoding=\"async\" class=\"wp-image-51023\" src=\"https:\/\/www.blogsoestado.com\/danielmatos\/files\/2018\/05\/alckmin-ceuma5.jpg\" alt=\"\" width=\"600\" height=\"399\" \/><figcaption id=\"caption-attachment-51023\" class=\"wp-caption-text\">O pr\u00e9-candidato \u00e0 Presid\u00eancia da Rep\u00fablica assinou livro de visitantes da institui\u00e7\u00e3o de ensino superior<\/figcaption><\/figure>\n<p>Alckmin fez uma breve exposi\u00e7\u00e3o sobre o cen\u00e1rio econ\u00f4mico internacional e destacou que o momento atual \u00e9 o mais favor\u00e1vel da hist\u00f3ria mundial, com taxa m\u00e9dia de crescimento de 3,9% este ano. O tucano lembrou que enquanto pot\u00eancias como os Estados Unidos, Jap\u00e3o e pa\u00edses europeus crescem nesse patamar, na\u00e7\u00f5es em desenvolvimento registram alta m\u00e9dia de 5% a 6%. &#8220;\u00c9 um espet\u00e1culo, mas esse fen\u00f4meno n\u00e3o ser\u00e1 eterno. Talvez, do p\u00f3s-guerra at\u00e9 hoje, seja um dos momentos de maior crescimento do mundo, pois sobra dinheiro&#8221;, afirmou, mencionando a import\u00e2ncia da elabora\u00e7\u00e3o de bons projetos para que o Brasil aproveite as oportunidades e se insira nesse contexto de avan\u00e7o econ\u00f4mico.<\/p>\n<p>Referindo-se ao Maranh\u00e3o, Geraldo Alckmin disse que governar \u00e9 escolher. E citou o exemplo do continente americano. &#8220;A Am\u00e9rica espanhola se dividiu em v\u00e1rios pa\u00edses, enquanto a Am\u00e9rica portuguesa se manteve unida em um pa\u00eds de dimens\u00e3o continental, com realidades muito diferentes. Qual a tarefa do governo? Planejar, estimular investimentos e diminuir desigualdades&#8221;, sugeriu.<\/p>\n","protected":false},"excerpt":{"rendered":"<p>O ex-governador de S\u00e3o Paulo e pr\u00e9-candidato \u00e0 Presid\u00eancia da Rep\u00fablica, Geraldo Alckmin (PSDB), foi recepcionado, nessa sexta-feira (4), por [&hellip;]<\/p>\n","protected":false},"author":0,"featured_media":0,"comment_status":"open","ping_status":"open","sticky":false,"template":"","format":"standard","meta":{"site-sidebar-layout":"default","site-content-layout":"","ast-site-content-layout":"default","site-content-style":"default","site-sidebar-style":"default","ast-global-header-display":"","ast-banner-title-visibility":"","ast-main-header-display":"","ast-hfb-above-header-display":"","ast-hfb-below-header-display":"","ast-hfb-mobile-header-display":"","site-post-title":"","ast-breadcrumbs-content":"","ast-featured-img":"","footer-sml-layout":"","ast-disable-related-posts":"","theme-transparent-header-meta":"","adv-header-id-meta":"","stick-header-meta":"","header-above-stick-meta":"","header-main-stick-meta":"","header-below-stick-meta":"","astra-migrate-meta-layouts":"default","ast-page-background-enabled":"default","ast-page-background-meta":{"desktop":{"background-color":"var(--ast-global-color-5)","background-image":"","background-repeat":"repeat","background-position":"center center","background-size":"auto","background-attachment":"scroll","background-type":"","background-media":"","overlay-type":"","overlay-color":"","overlay-opacity":"","overlay-gradient":""},"tablet":{"background-color":"","background-image":"","background-repeat":"repeat","background-position":"center center","background-size":"auto","background-attachment":"scroll","background-type":"","background-media":"","overlay-type":"","overlay-color":"","overlay-opacity":"","overlay-gradient":""},"mobile":{"background-color":"","background-image":"","background-repeat":"repeat","background-position":"center center","background-size":"auto","background-attachment":"scroll","background-type":"","background-media":"","overlay-type":"","overlay-color":"","overlay-opacity":"","overlay-gradient":""}},"ast-content-background-meta":{"desktop":{"background-color":"var(--ast-global-color-4)","background-image":"","background-repeat":"repeat","background-position":"center center","background-size":"auto","background-attachment":"scroll","background-type":"","background-media":"","overlay-type":"","overlay-color":"","overlay-opacity":"","overlay-gradient":""},"tablet":{"background-color":"var(--ast-global-color-4)","background-image":"","background-repeat":"repeat","background-position":"center center","background-size":"auto","background-attachment":"scroll","background-type":"","background-media":"","overlay-type":"","overlay-color":"","overlay-opacity":"","overlay-gradient":""},"mobile":{"background-color":"var(--ast-global-color-4)","background-image":"","background-repeat":"repeat","background-position":"center center","background-size":"auto","background-attachment":"scroll","background-type":"","background-media":"","overlay-type":"","overlay-color":"","overlay-opacity":"","overlay-gradient":""}},"footnotes":""},"categories":[1],"tags":[],"class_list":["post-51017","post","type-post","status-publish","format-standard","hentry","category-sem-categoria"],"yoast_head":"<!-- This site is optimized with the Yoast SEO plugin v26.6 - https:\/\/yoast.com\/wordpress\/plugins\/seo\/ -->\n<title>Em visita \u00e0 Universidade Ceuma, Geraldo Alckmin aponta educa\u00e7\u00e3o como prioridade para o crescimento - Daniel Matos<\/title>\n<meta name=\"robots\" content=\"index, follow, max-snippet:-1, max-image-preview:large, max-video-preview:-1\" \/>\n<link rel=\"canonical\" href=\"https:\/\/www.blogsoestado.com\/danielmatos\/em-visita-a-universidade-ceuma-geraldo-alckmin-aponta-educacao-como-prioridade-para-o-crescimento\/\" \/>\n<meta property=\"og:locale\" content=\"pt_BR\" \/>\n<meta property=\"og:type\" content=\"article\" \/>\n<meta property=\"og:title\" content=\"Em visita \u00e0 Universidade Ceuma, Geraldo Alckmin aponta educa\u00e7\u00e3o como prioridade para o crescimento - Daniel Matos\" \/>\n<meta property=\"og:description\" content=\"O ex-governador de S\u00e3o Paulo e pr\u00e9-candidato \u00e0 Presid\u00eancia da Rep\u00fablica, Geraldo Alckmin (PSDB), foi recepcionado, nessa sexta-feira (4), por [&hellip;]\" \/>\n<meta property=\"og:url\" content=\"https:\/\/www.blogsoestado.com\/danielmatos\/em-visita-a-universidade-ceuma-geraldo-alckmin-aponta-educacao-como-prioridade-para-o-crescimento\/\" \/>\n<meta property=\"og:site_name\" content=\"Daniel Matos\" \/>\n<meta property=\"article:published_time\" content=\"2018-05-05T14:48:56+00:00\" \/>\n<meta property=\"og:image\" content=\"https:\/\/www.blogsoestado.com\/danielmatos\/files\/2018\/05\/alckmin-ceuma-1.jpg\" \/>\n<meta name=\"twitter:card\" content=\"summary_large_image\" \/>\n<meta name=\"twitter:label1\" content=\"Est. tempo de leitura\" \/>\n\t<meta name=\"twitter:data1\" content=\"4 minutos\" \/>\n<script type=\"application\/ld+json\" class=\"yoast-schema-graph\">{\"@context\":\"https:\/\/schema.org\",\"@graph\":[{\"@type\":\"WebPage\",\"@id\":\"https:\/\/www.blogsoestado.com\/danielmatos\/em-visita-a-universidade-ceuma-geraldo-alckmin-aponta-educacao-como-prioridade-para-o-crescimento\/\",\"url\":\"https:\/\/www.blogsoestado.com\/danielmatos\/em-visita-a-universidade-ceuma-geraldo-alckmin-aponta-educacao-como-prioridade-para-o-crescimento\/\",\"name\":\"Em visita \u00e0 Universidade Ceuma, Geraldo Alckmin aponta educa\u00e7\u00e3o como prioridade para o crescimento - Daniel Matos\",\"isPartOf\":{\"@id\":\"https:\/\/www.blogsoestado.com\/danielmatos\/#website\"},\"primaryImageOfPage\":{\"@id\":\"https:\/\/www.blogsoestado.com\/danielmatos\/em-visita-a-universidade-ceuma-geraldo-alckmin-aponta-educacao-como-prioridade-para-o-crescimento\/#primaryimage\"},\"image\":{\"@id\":\"https:\/\/www.blogsoestado.com\/danielmatos\/em-visita-a-universidade-ceuma-geraldo-alckmin-aponta-educacao-como-prioridade-para-o-crescimento\/#primaryimage\"},\"thumbnailUrl\":\"https:\/\/www.blogsoestado.com\/danielmatos\/files\/2018\/05\/alckmin-ceuma-1.jpg\",\"datePublished\":\"2018-05-05T14:48:56+00:00\",\"author\":{\"@id\":\"\"},\"breadcrumb\":{\"@id\":\"https:\/\/www.blogsoestado.com\/danielmatos\/em-visita-a-universidade-ceuma-geraldo-alckmin-aponta-educacao-como-prioridade-para-o-crescimento\/#breadcrumb\"},\"inLanguage\":\"pt-BR\",\"potentialAction\":[{\"@type\":\"ReadAction\",\"target\":[\"https:\/\/www.blogsoestado.com\/danielmatos\/em-visita-a-universidade-ceuma-geraldo-alckmin-aponta-educacao-como-prioridade-para-o-crescimento\/\"]}]},{\"@type\":\"ImageObject\",\"inLanguage\":\"pt-BR\",\"@id\":\"https:\/\/www.blogsoestado.com\/danielmatos\/em-visita-a-universidade-ceuma-geraldo-alckmin-aponta-educacao-como-prioridade-para-o-crescimento\/#primaryimage\",\"url\":\"https:\/\/www.blogsoestado.com\/danielmatos\/files\/2018\/05\/alckmin-ceuma-1.jpg\",\"contentUrl\":\"https:\/\/www.blogsoestado.com\/danielmatos\/files\/2018\/05\/alckmin-ceuma-1.jpg\"},{\"@type\":\"BreadcrumbList\",\"@id\":\"https:\/\/www.blogsoestado.com\/danielmatos\/em-visita-a-universidade-ceuma-geraldo-alckmin-aponta-educacao-como-prioridade-para-o-crescimento\/#breadcrumb\",\"itemListElement\":[{\"@type\":\"ListItem\",\"position\":1,\"name\":\"In\u00edcio\",\"item\":\"https:\/\/www.blogsoestado.com\/danielmatos\/\"},{\"@type\":\"ListItem\",\"position\":2,\"name\":\"Em visita \u00e0 Universidade Ceuma, Geraldo Alckmin aponta educa\u00e7\u00e3o como prioridade para o crescimento\"}]},{\"@type\":\"WebSite\",\"@id\":\"https:\/\/www.blogsoestado.com\/danielmatos\/#website\",\"url\":\"https:\/\/www.blogsoestado.com\/danielmatos\/\",\"name\":\"Daniel Matos\",\"description\":\"\",\"potentialAction\":[{\"@type\":\"SearchAction\",\"target\":{\"@type\":\"EntryPoint\",\"urlTemplate\":\"https:\/\/www.blogsoestado.com\/danielmatos\/?s={search_term_string}\"},\"query-input\":{\"@type\":\"PropertyValueSpecification\",\"valueRequired\":true,\"valueName\":\"search_term_string\"}}],\"inLanguage\":\"pt-BR\"}]}<\/script>\n<!-- \/ Yoast SEO plugin. -->","yoast_head_json":{"title":"Em visita \u00e0 Universidade Ceuma, Geraldo Alckmin aponta educa\u00e7\u00e3o como prioridade para o crescimento - Daniel Matos","robots":{"index":"index","follow":"follow","max-snippet":"max-snippet:-1","max-image-preview":"max-image-preview:large","max-video-preview":"max-video-preview:-1"},"canonical":"https:\/\/www.blogsoestado.com\/danielmatos\/em-visita-a-universidade-ceuma-geraldo-alckmin-aponta-educacao-como-prioridade-para-o-crescimento\/","og_locale":"pt_BR","og_type":"article","og_title":"Em visita \u00e0 Universidade Ceuma, Geraldo Alckmin aponta educa\u00e7\u00e3o como prioridade para o crescimento - Daniel Matos","og_description":"O ex-governador de S\u00e3o Paulo e pr\u00e9-candidato \u00e0 Presid\u00eancia da Rep\u00fablica, Geraldo Alckmin (PSDB), foi recepcionado, nessa sexta-feira (4), por [&hellip;]","og_url":"https:\/\/www.blogsoestado.com\/danielmatos\/em-visita-a-universidade-ceuma-geraldo-alckmin-aponta-educacao-como-prioridade-para-o-crescimento\/","og_site_name":"Daniel Matos","article_published_time":"2018-05-05T14:48:56+00:00","og_image":[{"url":"https:\/\/www.blogsoestado.com\/danielmatos\/files\/2018\/05\/alckmin-ceuma-1.jpg","type":"","width":"","height":""}],"twitter_card":"summary_large_image","twitter_misc":{"Est. tempo de leitura":"4 minutos"},"schema":{"@context":"https:\/\/schema.org","@graph":[{"@type":"WebPage","@id":"https:\/\/www.blogsoestado.com\/danielmatos\/em-visita-a-universidade-ceuma-geraldo-alckmin-aponta-educacao-como-prioridade-para-o-crescimento\/","url":"https:\/\/www.blogsoestado.com\/danielmatos\/em-visita-a-universidade-ceuma-geraldo-alckmin-aponta-educacao-como-prioridade-para-o-crescimento\/","name":"Em visita \u00e0 Universidade Ceuma, Geraldo Alckmin aponta educa\u00e7\u00e3o como prioridade para o crescimento - Daniel Matos","isPartOf":{"@id":"https:\/\/www.blogsoestado.com\/danielmatos\/#website"},"primaryImageOfPage":{"@id":"https:\/\/www.blogsoestado.com\/danielmatos\/em-visita-a-universidade-ceuma-geraldo-alckmin-aponta-educacao-como-prioridade-para-o-crescimento\/#primaryimage"},"image":{"@id":"https:\/\/www.blogsoestado.com\/danielmatos\/em-visita-a-universidade-ceuma-geraldo-alckmin-aponta-educacao-como-prioridade-para-o-crescimento\/#primaryimage"},"thumbnailUrl":"https:\/\/www.blogsoestado.com\/danielmatos\/files\/2018\/05\/alckmin-ceuma-1.jpg","datePublished":"2018-05-05T14:48:56+00:00","author":{"@id":""},"breadcrumb":{"@id":"https:\/\/www.blogsoestado.com\/danielmatos\/em-visita-a-universidade-ceuma-geraldo-alckmin-aponta-educacao-como-prioridade-para-o-crescimento\/#breadcrumb"},"inLanguage":"pt-BR","potentialAction":[{"@type":"ReadAction","target":["https:\/\/www.blogsoestado.com\/danielmatos\/em-visita-a-universidade-ceuma-geraldo-alckmin-aponta-educacao-como-prioridade-para-o-crescimento\/"]}]},{"@type":"ImageObject","inLanguage":"pt-BR","@id":"https:\/\/www.blogsoestado.com\/danielmatos\/em-visita-a-universidade-ceuma-geraldo-alckmin-aponta-educacao-como-prioridade-para-o-crescimento\/#primaryimage","url":"https:\/\/www.blogsoestado.com\/danielmatos\/files\/2018\/05\/alckmin-ceuma-1.jpg","contentUrl":"https:\/\/www.blogsoestado.com\/danielmatos\/files\/2018\/05\/alckmin-ceuma-1.jpg"},{"@type":"BreadcrumbList","@id":"https:\/\/www.blogsoestado.com\/danielmatos\/em-visita-a-universidade-ceuma-geraldo-alckmin-aponta-educacao-como-prioridade-para-o-crescimento\/#breadcrumb","itemListElement":[{"@type":"ListItem","position":1,"name":"In\u00edcio","item":"https:\/\/www.blogsoestado.com\/danielmatos\/"},{"@type":"ListItem","position":2,"name":"Em visita \u00e0 Universidade Ceuma, Geraldo Alckmin aponta educa\u00e7\u00e3o como prioridade para o crescimento"}]},{"@type":"WebSite","@id":"https:\/\/www.blogsoestado.com\/danielmatos\/#website","url":"https:\/\/www.blogsoestado.com\/danielmatos\/","name":"Daniel Matos","description":"","potentialAction":[{"@type":"SearchAction","target":{"@type":"EntryPoint","urlTemplate":"https:\/\/www.blogsoestado.com\/danielmatos\/?s={search_term_string}"},"query-input":{"@type":"PropertyValueSpecification","valueRequired":true,"valueName":"search_term_string"}}],"inLanguage":"pt-BR"}]}},"jetpack_featured_media_url":"","_links":{"self":[{"href":"https:\/\/www.blogsoestado.com\/danielmatos\/wp-json\/wp\/v2\/posts\/51017","targetHints":{"allow":["GET"]}}],"collection":[{"href":"https:\/\/www.blogsoestado.com\/danielmatos\/wp-json\/wp\/v2\/posts"}],"about":[{"href":"https:\/\/www.blogsoestado.com\/danielmatos\/wp-json\/wp\/v2\/types\/post"}],"replies":[{"embeddable":true,"href":"https:\/\/www.blogsoestado.com\/danielmatos\/wp-json\/wp\/v2\/comments?post=51017"}],"version-history":[{"count":0,"href":"https:\/\/www.blogsoestado.com\/danielmatos\/wp-json\/wp\/v2\/posts\/51017\/revisions"}],"wp:attachment":[{"href":"https:\/\/www.blogsoestado.com\/danielmatos\/wp-json\/wp\/v2\/media?parent=51017"}],"wp:term":[{"taxonomy":"category","embeddable":true,"href":"https:\/\/www.blogsoestado.com\/danielmatos\/wp-json\/wp\/v2\/categories?post=51017"},{"taxonomy":"post_tag","embeddable":true,"href":"https:\/\/www.blogsoestado.com\/danielmatos\/wp-json\/wp\/v2\/tags?post=51017"}],"curies":[{"name":"wp","href":"https:\/\/api.w.org\/{rel}","templated":true}]}}