{"id":51029,"date":"2018-05-06T11:38:02","date_gmt":"2018-05-06T14:38:02","guid":{"rendered":"https:\/\/www.blogsoestado.com\/danielmatos\/?p=51029"},"modified":"2018-05-06T11:38:02","modified_gmt":"2018-05-06T14:38:02","slug":"deputado-wellington-destaca-encontro-de-alckmin-com-liderancas-socialdemocratas-do-maranhao","status":"publish","type":"post","link":"https:\/\/www.blogsoestado.com\/danielmatos\/deputado-wellington-destaca-encontro-de-alckmin-com-liderancas-socialdemocratas-do-maranhao\/","title":{"rendered":"Deputado Wellington destaca encontro de Alckmin com lideran\u00e7as social-democratas do Maranh\u00e3o"},"content":{"rendered":"<figure id=\"attachment_51030\" aria-describedby=\"caption-attachment-51030\" style=\"width: 600px\" class=\"wp-caption aligncenter\"><img fetchpriority=\"high\" decoding=\"async\" class=\"wp-image-51030\" src=\"https:\/\/www.blogsoestado.com\/danielmatos\/files\/2018\/05\/IMG-20180506-WA0011.jpg\" alt=\"\" width=\"600\" height=\"408\" \/><figcaption id=\"caption-attachment-51030\" class=\"wp-caption-text\">Wellington defendeu propostas do PSDB para governar o Brasil e o Maranh\u00e3o<\/figcaption><\/figure>\n<p>O deputado estadual Wellington do Curso participou, no \u00faltimo s\u00e1bado, dia 5, do Encontro de Lideran\u00e7as Socialdemocratas no Multicenter Sebrae que contou com a presen\u00e7a no Maranh\u00e3o do ex-governador de S\u00e3o Paulo, Geraldo Alckmin, que \u00e9 pr\u00e9-candidato ao cargo de presidente da Rep\u00fablica. O encontro, que contou com mais de 5 mil pessoas, foi organizado pelo senador Roberto Rocha, pr\u00e9-candidato ao cargo de governador do Maranh\u00e3o, estiveram presentes os deputados federais Z\u00e9 Reinaldo e Waldir Maranh\u00e3o, e os deputados estaduais Alexandre Almeida e Gra\u00e7a Paz, o ex-prefeito de Imperatriz Sebasti\u00e3o Madeira, al\u00e9m de in\u00fameras outras autoridades pol\u00edticas, prefeitos, vereadores e lideran\u00e7as dos 217 munic\u00edpios maranhenses.<\/p>\n<figure id=\"attachment_51042\" aria-describedby=\"caption-attachment-51042\" style=\"width: 640px\" class=\"wp-caption aligncenter\"><img decoding=\"async\" class=\"size-full wp-image-51042\" src=\"https:\/\/www.blogsoestado.com\/danielmatos\/files\/2018\/05\/w-alckmin-1.jpg\" alt=\"\" width=\"640\" height=\"427\" \/><figcaption id=\"caption-attachment-51042\" class=\"wp-caption-text\">Wellington dialogou com Geraldo Alckmin sobre experi\u00eancias e diretrizes de governo tucanas<\/figcaption><\/figure>\n<p>\u201cEsse \u00e9 o momento em que n\u00f3s, do Maranh\u00e3o, podemos ter o contato com a possibilidade de uma mudan\u00e7a que far\u00e1, de fato, diferen\u00e7a na vida das pessoas. Essas lideran\u00e7as socialdemocratas aqui presentes provam que, no Maranh\u00e3o, as pessoas querem um estado melhor, com a possibilidade de uma mudan\u00e7a real e n\u00e3o apenas em propaganda. Esse momento de discuss\u00e3o de ideias e articula\u00e7\u00e3o de projetos \u00e9, sem d\u00favida alguma, de grande relev\u00e2ncia para todos n\u00f3s. Chegou o momento de uni\u00e3o, constru\u00e7\u00e3o de um Brasil \u00e9 um Maranh\u00e3o melhor, chegou a hora de olhar para frente\u201d, disse Wellington.<\/p>\n","protected":false},"excerpt":{"rendered":"<p>O deputado estadual Wellington do Curso participou, no \u00faltimo s\u00e1bado, dia 5, do Encontro de Lideran\u00e7as Socialdemocratas no Multicenter Sebrae [&hellip;]<\/p>\n","protected":false},"author":0,"featured_media":0,"comment_status":"open","ping_status":"open","sticky":false,"template":"","format":"standard","meta":{"site-sidebar-layout":"default","site-content-layout":"","ast-site-content-layout":"default","site-content-style":"default","site-sidebar-style":"default","ast-global-header-display":"","ast-banner-title-visibility":"","ast-main-header-display":"","ast-hfb-above-header-display":"","ast-hfb-below-header-display":"","ast-hfb-mobile-header-display":"","site-post-title":"","ast-breadcrumbs-content":"","ast-featured-img":"","footer-sml-layout":"","ast-disable-related-posts":"","theme-transparent-header-meta":"","adv-header-id-meta":"","stick-header-meta":"","header-above-stick-meta":"","header-main-stick-meta":"","header-below-stick-meta":"","astra-migrate-meta-layouts":"default","ast-page-background-enabled":"default","ast-page-background-meta":{"desktop":{"background-color":"var(--ast-global-color-5)","background-image":"","background-repeat":"repeat","background-position":"center center","background-size":"auto","background-attachment":"scroll","background-type":"","background-media":"","overlay-type":"","overlay-color":"","overlay-opacity":"","overlay-gradient":""},"tablet":{"background-color":"","background-image":"","background-repeat":"repeat","background-position":"center center","background-size":"auto","background-attachment":"scroll","background-type":"","background-media":"","overlay-type":"","overlay-color":"","overlay-opacity":"","overlay-gradient":""},"mobile":{"background-color":"","background-image":"","background-repeat":"repeat","background-position":"center center","background-size":"auto","background-attachment":"scroll","background-type":"","background-media":"","overlay-type":"","overlay-color":"","overlay-opacity":"","overlay-gradient":""}},"ast-content-background-meta":{"desktop":{"background-color":"var(--ast-global-color-4)","background-image":"","background-repeat":"repeat","background-position":"center center","background-size":"auto","background-attachment":"scroll","background-type":"","background-media":"","overlay-type":"","overlay-color":"","overlay-opacity":"","overlay-gradient":""},"tablet":{"background-color":"var(--ast-global-color-4)","background-image":"","background-repeat":"repeat","background-position":"center center","background-size":"auto","background-attachment":"scroll","background-type":"","background-media":"","overlay-type":"","overlay-color":"","overlay-opacity":"","overlay-gradient":""},"mobile":{"background-color":"var(--ast-global-color-4)","background-image":"","background-repeat":"repeat","background-position":"center center","background-size":"auto","background-attachment":"scroll","background-type":"","background-media":"","overlay-type":"","overlay-color":"","overlay-opacity":"","overlay-gradient":""}},"footnotes":""},"categories":[1],"tags":[],"class_list":["post-51029","post","type-post","status-publish","format-standard","hentry","category-sem-categoria"],"yoast_head":"<!-- This site is optimized with the Yoast SEO plugin v26.6 - https:\/\/yoast.com\/wordpress\/plugins\/seo\/ -->\n<title>Deputado Wellington destaca encontro de Alckmin com lideran\u00e7as social-democratas do Maranh\u00e3o - Daniel Matos<\/title>\n<meta name=\"robots\" content=\"index, follow, max-snippet:-1, max-image-preview:large, max-video-preview:-1\" \/>\n<link rel=\"canonical\" href=\"https:\/\/www.blogsoestado.com\/danielmatos\/deputado-wellington-destaca-encontro-de-alckmin-com-liderancas-socialdemocratas-do-maranhao\/\" \/>\n<meta property=\"og:locale\" content=\"pt_BR\" \/>\n<meta property=\"og:type\" content=\"article\" \/>\n<meta property=\"og:title\" content=\"Deputado Wellington destaca encontro de Alckmin com lideran\u00e7as social-democratas do Maranh\u00e3o - Daniel Matos\" \/>\n<meta property=\"og:description\" content=\"O deputado estadual Wellington do Curso participou, no \u00faltimo s\u00e1bado, dia 5, do Encontro de Lideran\u00e7as Socialdemocratas no Multicenter Sebrae [&hellip;]\" \/>\n<meta property=\"og:url\" content=\"https:\/\/www.blogsoestado.com\/danielmatos\/deputado-wellington-destaca-encontro-de-alckmin-com-liderancas-socialdemocratas-do-maranhao\/\" \/>\n<meta property=\"og:site_name\" content=\"Daniel Matos\" \/>\n<meta property=\"article:published_time\" content=\"2018-05-06T14:38:02+00:00\" \/>\n<meta property=\"og:image\" content=\"https:\/\/www.blogsoestado.com\/danielmatos\/files\/2018\/05\/IMG-20180506-WA0011.jpg\" \/>\n<meta name=\"twitter:card\" content=\"summary_large_image\" \/>\n<meta name=\"twitter:label1\" content=\"Est. tempo de leitura\" \/>\n\t<meta name=\"twitter:data1\" content=\"1 minuto\" \/>\n<script type=\"application\/ld+json\" class=\"yoast-schema-graph\">{\"@context\":\"https:\/\/schema.org\",\"@graph\":[{\"@type\":\"WebPage\",\"@id\":\"https:\/\/www.blogsoestado.com\/danielmatos\/deputado-wellington-destaca-encontro-de-alckmin-com-liderancas-socialdemocratas-do-maranhao\/\",\"url\":\"https:\/\/www.blogsoestado.com\/danielmatos\/deputado-wellington-destaca-encontro-de-alckmin-com-liderancas-socialdemocratas-do-maranhao\/\",\"name\":\"Deputado Wellington destaca encontro de Alckmin com lideran\u00e7as social-democratas do Maranh\u00e3o - Daniel Matos\",\"isPartOf\":{\"@id\":\"https:\/\/www.blogsoestado.com\/danielmatos\/#website\"},\"primaryImageOfPage\":{\"@id\":\"https:\/\/www.blogsoestado.com\/danielmatos\/deputado-wellington-destaca-encontro-de-alckmin-com-liderancas-socialdemocratas-do-maranhao\/#primaryimage\"},\"image\":{\"@id\":\"https:\/\/www.blogsoestado.com\/danielmatos\/deputado-wellington-destaca-encontro-de-alckmin-com-liderancas-socialdemocratas-do-maranhao\/#primaryimage\"},\"thumbnailUrl\":\"https:\/\/www.blogsoestado.com\/danielmatos\/files\/2018\/05\/IMG-20180506-WA0011.jpg\",\"datePublished\":\"2018-05-06T14:38:02+00:00\",\"author\":{\"@id\":\"\"},\"breadcrumb\":{\"@id\":\"https:\/\/www.blogsoestado.com\/danielmatos\/deputado-wellington-destaca-encontro-de-alckmin-com-liderancas-socialdemocratas-do-maranhao\/#breadcrumb\"},\"inLanguage\":\"pt-BR\",\"potentialAction\":[{\"@type\":\"ReadAction\",\"target\":[\"https:\/\/www.blogsoestado.com\/danielmatos\/deputado-wellington-destaca-encontro-de-alckmin-com-liderancas-socialdemocratas-do-maranhao\/\"]}]},{\"@type\":\"ImageObject\",\"inLanguage\":\"pt-BR\",\"@id\":\"https:\/\/www.blogsoestado.com\/danielmatos\/deputado-wellington-destaca-encontro-de-alckmin-com-liderancas-socialdemocratas-do-maranhao\/#primaryimage\",\"url\":\"https:\/\/www.blogsoestado.com\/danielmatos\/files\/2018\/05\/IMG-20180506-WA0011.jpg\",\"contentUrl\":\"https:\/\/www.blogsoestado.com\/danielmatos\/files\/2018\/05\/IMG-20180506-WA0011.jpg\"},{\"@type\":\"BreadcrumbList\",\"@id\":\"https:\/\/www.blogsoestado.com\/danielmatos\/deputado-wellington-destaca-encontro-de-alckmin-com-liderancas-socialdemocratas-do-maranhao\/#breadcrumb\",\"itemListElement\":[{\"@type\":\"ListItem\",\"position\":1,\"name\":\"In\u00edcio\",\"item\":\"https:\/\/www.blogsoestado.com\/danielmatos\/\"},{\"@type\":\"ListItem\",\"position\":2,\"name\":\"Deputado Wellington destaca encontro de Alckmin com lideran\u00e7as social-democratas do Maranh\u00e3o\"}]},{\"@type\":\"WebSite\",\"@id\":\"https:\/\/www.blogsoestado.com\/danielmatos\/#website\",\"url\":\"https:\/\/www.blogsoestado.com\/danielmatos\/\",\"name\":\"Daniel Matos\",\"description\":\"\",\"potentialAction\":[{\"@type\":\"SearchAction\",\"target\":{\"@type\":\"EntryPoint\",\"urlTemplate\":\"https:\/\/www.blogsoestado.com\/danielmatos\/?s={search_term_string}\"},\"query-input\":{\"@type\":\"PropertyValueSpecification\",\"valueRequired\":true,\"valueName\":\"search_term_string\"}}],\"inLanguage\":\"pt-BR\"}]}<\/script>\n<!-- \/ Yoast SEO plugin. -->","yoast_head_json":{"title":"Deputado Wellington destaca encontro de Alckmin com lideran\u00e7as social-democratas do Maranh\u00e3o - Daniel Matos","robots":{"index":"index","follow":"follow","max-snippet":"max-snippet:-1","max-image-preview":"max-image-preview:large","max-video-preview":"max-video-preview:-1"},"canonical":"https:\/\/www.blogsoestado.com\/danielmatos\/deputado-wellington-destaca-encontro-de-alckmin-com-liderancas-socialdemocratas-do-maranhao\/","og_locale":"pt_BR","og_type":"article","og_title":"Deputado Wellington destaca encontro de Alckmin com lideran\u00e7as social-democratas do Maranh\u00e3o - Daniel Matos","og_description":"O deputado estadual Wellington do Curso participou, no \u00faltimo s\u00e1bado, dia 5, do Encontro de Lideran\u00e7as Socialdemocratas no Multicenter Sebrae [&hellip;]","og_url":"https:\/\/www.blogsoestado.com\/danielmatos\/deputado-wellington-destaca-encontro-de-alckmin-com-liderancas-socialdemocratas-do-maranhao\/","og_site_name":"Daniel Matos","article_published_time":"2018-05-06T14:38:02+00:00","og_image":[{"url":"https:\/\/www.blogsoestado.com\/danielmatos\/files\/2018\/05\/IMG-20180506-WA0011.jpg","type":"","width":"","height":""}],"twitter_card":"summary_large_image","twitter_misc":{"Est. tempo de leitura":"1 minuto"},"schema":{"@context":"https:\/\/schema.org","@graph":[{"@type":"WebPage","@id":"https:\/\/www.blogsoestado.com\/danielmatos\/deputado-wellington-destaca-encontro-de-alckmin-com-liderancas-socialdemocratas-do-maranhao\/","url":"https:\/\/www.blogsoestado.com\/danielmatos\/deputado-wellington-destaca-encontro-de-alckmin-com-liderancas-socialdemocratas-do-maranhao\/","name":"Deputado Wellington destaca encontro de Alckmin com lideran\u00e7as social-democratas do Maranh\u00e3o - Daniel Matos","isPartOf":{"@id":"https:\/\/www.blogsoestado.com\/danielmatos\/#website"},"primaryImageOfPage":{"@id":"https:\/\/www.blogsoestado.com\/danielmatos\/deputado-wellington-destaca-encontro-de-alckmin-com-liderancas-socialdemocratas-do-maranhao\/#primaryimage"},"image":{"@id":"https:\/\/www.blogsoestado.com\/danielmatos\/deputado-wellington-destaca-encontro-de-alckmin-com-liderancas-socialdemocratas-do-maranhao\/#primaryimage"},"thumbnailUrl":"https:\/\/www.blogsoestado.com\/danielmatos\/files\/2018\/05\/IMG-20180506-WA0011.jpg","datePublished":"2018-05-06T14:38:02+00:00","author":{"@id":""},"breadcrumb":{"@id":"https:\/\/www.blogsoestado.com\/danielmatos\/deputado-wellington-destaca-encontro-de-alckmin-com-liderancas-socialdemocratas-do-maranhao\/#breadcrumb"},"inLanguage":"pt-BR","potentialAction":[{"@type":"ReadAction","target":["https:\/\/www.blogsoestado.com\/danielmatos\/deputado-wellington-destaca-encontro-de-alckmin-com-liderancas-socialdemocratas-do-maranhao\/"]}]},{"@type":"ImageObject","inLanguage":"pt-BR","@id":"https:\/\/www.blogsoestado.com\/danielmatos\/deputado-wellington-destaca-encontro-de-alckmin-com-liderancas-socialdemocratas-do-maranhao\/#primaryimage","url":"https:\/\/www.blogsoestado.com\/danielmatos\/files\/2018\/05\/IMG-20180506-WA0011.jpg","contentUrl":"https:\/\/www.blogsoestado.com\/danielmatos\/files\/2018\/05\/IMG-20180506-WA0011.jpg"},{"@type":"BreadcrumbList","@id":"https:\/\/www.blogsoestado.com\/danielmatos\/deputado-wellington-destaca-encontro-de-alckmin-com-liderancas-socialdemocratas-do-maranhao\/#breadcrumb","itemListElement":[{"@type":"ListItem","position":1,"name":"In\u00edcio","item":"https:\/\/www.blogsoestado.com\/danielmatos\/"},{"@type":"ListItem","position":2,"name":"Deputado Wellington destaca encontro de Alckmin com lideran\u00e7as social-democratas do Maranh\u00e3o"}]},{"@type":"WebSite","@id":"https:\/\/www.blogsoestado.com\/danielmatos\/#website","url":"https:\/\/www.blogsoestado.com\/danielmatos\/","name":"Daniel Matos","description":"","potentialAction":[{"@type":"SearchAction","target":{"@type":"EntryPoint","urlTemplate":"https:\/\/www.blogsoestado.com\/danielmatos\/?s={search_term_string}"},"query-input":{"@type":"PropertyValueSpecification","valueRequired":true,"valueName":"search_term_string"}}],"inLanguage":"pt-BR"}]}},"jetpack_featured_media_url":"","_links":{"self":[{"href":"https:\/\/www.blogsoestado.com\/danielmatos\/wp-json\/wp\/v2\/posts\/51029","targetHints":{"allow":["GET"]}}],"collection":[{"href":"https:\/\/www.blogsoestado.com\/danielmatos\/wp-json\/wp\/v2\/posts"}],"about":[{"href":"https:\/\/www.blogsoestado.com\/danielmatos\/wp-json\/wp\/v2\/types\/post"}],"replies":[{"embeddable":true,"href":"https:\/\/www.blogsoestado.com\/danielmatos\/wp-json\/wp\/v2\/comments?post=51029"}],"version-history":[{"count":0,"href":"https:\/\/www.blogsoestado.com\/danielmatos\/wp-json\/wp\/v2\/posts\/51029\/revisions"}],"wp:attachment":[{"href":"https:\/\/www.blogsoestado.com\/danielmatos\/wp-json\/wp\/v2\/media?parent=51029"}],"wp:term":[{"taxonomy":"category","embeddable":true,"href":"https:\/\/www.blogsoestado.com\/danielmatos\/wp-json\/wp\/v2\/categories?post=51029"},{"taxonomy":"post_tag","embeddable":true,"href":"https:\/\/www.blogsoestado.com\/danielmatos\/wp-json\/wp\/v2\/tags?post=51029"}],"curies":[{"name":"wp","href":"https:\/\/api.w.org\/{rel}","templated":true}]}}