{"id":51064,"date":"2018-05-07T14:57:13","date_gmt":"2018-05-07T17:57:13","guid":{"rendered":"https:\/\/www.blogsoestado.com\/danielmatos\/?p=51064"},"modified":"2018-05-07T14:57:13","modified_gmt":"2018-05-07T17:57:13","slug":"feirantes-denunciam-abandono-e-venda-de-boxes-em-audiencia-publica-promovida-por-cezar-bombeiro","status":"publish","type":"post","link":"https:\/\/www.blogsoestado.com\/danielmatos\/feirantes-denunciam-abandono-e-venda-de-boxes-em-audiencia-publica-promovida-por-cezar-bombeiro\/","title":{"rendered":"Feirantes denunciam abandono e venda de boxes em audi\u00eancia p\u00fablica promovida por C\u00e9zar Bombeiro"},"content":{"rendered":"<figure id=\"attachment_51067\" aria-describedby=\"caption-attachment-51067\" style=\"width: 480px\" class=\"wp-caption alignright\"><img fetchpriority=\"high\" decoding=\"async\" class=\"size-full wp-image-51067\" src=\"https:\/\/www.blogsoestado.com\/danielmatos\/files\/2018\/05\/bombeiro-feiras.jpg\" alt=\"\" width=\"480\" height=\"483\" \/><figcaption id=\"caption-attachment-51067\" class=\"wp-caption-text\">Audi\u00eancia foi marcada por den\u00fancias graves envolvendo feirantes e at\u00e9 servidores da Semapa<\/figcaption><\/figure>\n<p>A Audi\u00eancia P\u00fablica sobre Feiras e Mercados, de iniciativa do vereador C\u00e9zar Bombeiro (PSD), realizada na \u00faltima sexta-feira (04), no plen\u00e1rio da C\u00e2mara Municipal de S\u00e3o Lu\u00eds, foi marcada por denuncias de abandono geral das feiras e mercados da cidade de S\u00e3o Lu\u00eds. Por ocasi\u00e3o da abertura, o vereador C\u00e9zar Bombeiro, lamentou as aus\u00eancias do Secret\u00e1rio Municipal de Sa\u00fade, Vigil\u00e2ncia Sanit\u00e1ria, Limpeza P\u00fablica, Secretaria Municipal de Obras e Servi\u00e7os P\u00fablicos (Semosp), do Minist\u00e9rio P\u00fablico e dos administradores e respons\u00e1veis por feiras e mercados.<\/p>\n<p>O vereador justificou o seu posicionamento, uma vez que esteve visitando in\u00fameras feiras e mercados da cidade e recebeu muitas reclama\u00e7\u00f5es, al\u00e9m de ter visto pessoalmente o abandono. H\u00e1 s\u00e9rios riscos de que os consumidores, ao inv\u00e9s de levarem para as suas casas produtos saud\u00e1veis, possam estar conduzido doen\u00e7as, uma vez que a sujeira e \u00e1gua de esgoto convivem bem pr\u00f3ximos. A aus\u00eancia de gestores municipais foi muito comprometedor, o que ratifica o abandono denunciado pelos respons\u00e1veis por feiras e mercados, destacou o vereador C\u00e9zar Bombeiro, que ressalvou a presen\u00e7a do secret\u00e1rio Ivaldo Rodrigues, da Semapa.<\/p>\n<p><strong>Vereador Estev\u00e3o Arag\u00e3o foi bastante contundente<\/strong><\/p>\n<p>O vereador Est\u00eav\u00e3o Arag\u00e3o, presente \u00e0 audi\u00eancia p\u00fablica, fez um amplo relato da situa\u00e7\u00e3o das feiras e mercados de S\u00e3o Lu\u00eds e disse que se houvesse uma fiscaliza\u00e7\u00e3o s\u00e9ria e transparente, quase todas estariam interditadas por falta de condi\u00e7\u00f5es m\u00ednimas de funcionamento e n\u00e3o estariam colocando em risco \u00e0 sa\u00fade da popula\u00e7\u00e3o.<\/p>\n<p>&#8220;N\u00e3o h\u00e1 mais motiva\u00e7\u00e3o para justificativas de que o problema \u00e9 antigo, levando-se em conta que o prefeito Edivaldo Holanda J\u00fanior se encontra no seu sexto ano de mandato. H\u00e1 casos em que algumas feiras, na atual gest\u00e3o, ficaram pior, e h\u00e1 a falta de respeito aos direitos dos consumidores e dos feirantes, que pagam as suas taxas e n\u00e3o conseguem melhorias&#8221;, comentou Est\u00eav\u00e3o Arag\u00e3o. O vereador chegou a detalhar casos, como o mercado do Bairro de F\u00e1tima, que se houvesse um m\u00ednimo de respeito a popula\u00e7\u00e3o do bairro algum investimento j\u00e1 teria ocorrido.<\/p>\n<p>O l\u00edder comunit\u00e1rio Joab Jeremias endossou as den\u00fancias do vereador Est\u00eav\u00e3o Arag\u00e3o e acrescentou que o mercado do Bairro de F\u00e1tima tornou-se criadouro de ratos, o que p\u00f5e em risco a vida de consumidores e feirantes.<\/p>\n<p><strong>Servidores da Semapa vendem boxes do Mercado da Liberdade<\/strong><\/p>\n<p>A den\u00fancia mais grave da audi\u00eancia p\u00fablica ficou por conta do feirante Orlando Eg\u00eddio Silva. Depois de ter apontado in\u00fameras defici\u00eancias no Mercado do Bairro da Liberdade e ter apresentado sugest\u00f5es para economias, inclusive de energia el\u00e9trica, afirmou que existem v\u00e1rios boxes fechados no mercado e v\u00e1rios deles est\u00e3o sendo comercializados por servidores da Semapa, garantindo que tem provas do que estava afirmando em plen\u00e1rio.<\/p>\n<p>O neg\u00f3cio n\u00e3o \u00e9 feito de maneira sigilosa, mas abertamente, como uma pr\u00e1tica normal, se colocando \u00e0 disposi\u00e7\u00e3o para fazer maiores esclarecimentos.<\/p>\n<p>Ivanilde Sampaio, presidente do Sindicato dos Feirante de S\u00e3o Lu\u00eds h\u00e1 v\u00e1rios anos, tentou, sem argumentos suficientes, questionar as denuncias feitas, mas, pela fragilidade e pelo tempo que est\u00e1 \u00e0 frente da entidade, n\u00e3o conseguiu sustentar pelo menos qualquer iniciativa de luta para mudar a atual realidade.<\/p>\n<p><strong>Secret\u00e1rio da Semapa alegou dificuldades e falta de recursos para efetuar melhorias<\/strong><\/p>\n<p>O secret\u00e1rio municipal de Agricultura, Pesca e Abastecimento, Ivaldo Rodrigues, que poder\u00e1, dentro de poucos dias, deixar a pasta e assumir a rec\u00e9m-criada Secretaria Municipal da Cultura, com bastante clareza, n\u00e3o negou os problemas, mas registrou que em algumas feiras e mercados, dentro do poss\u00edvel, vem fazendo paliativos, atacando os problemas mais s\u00e9rios. &#8220;Todos os problemas levantados e denunciados ser\u00e3o avaliados&#8221;, garantiu Ivaldo. &#8220;Vamos instaurar um procedimento dentro da Semapa para apurar a comercializa\u00e7\u00e3o de boxes do mercado da Liberdade, com a poss\u00edvel participa\u00e7\u00e3o de servidores do \u00f3rg\u00e3o&#8221;, anunciou.<\/p>\n<p>C\u00e9zar Bombeiro e Estev\u00e3o Arag\u00e3o estiveram conversando ao final da audi\u00eancia p\u00fablica e chegaram a conclus\u00e3o que os problemas levantados e denunciados na audi\u00eancia p\u00fablica devem ser socializados no plen\u00e1rio, dada a gravidade de todos eles.<\/p>\n","protected":false},"excerpt":{"rendered":"<p>A Audi\u00eancia P\u00fablica sobre Feiras e Mercados, de iniciativa do vereador C\u00e9zar Bombeiro (PSD), realizada na \u00faltima sexta-feira (04), no [&hellip;]<\/p>\n","protected":false},"author":0,"featured_media":0,"comment_status":"open","ping_status":"open","sticky":false,"template":"","format":"standard","meta":{"site-sidebar-layout":"default","site-content-layout":"","ast-site-content-layout":"default","site-content-style":"default","site-sidebar-style":"default","ast-global-header-display":"","ast-banner-title-visibility":"","ast-main-header-display":"","ast-hfb-above-header-display":"","ast-hfb-below-header-display":"","ast-hfb-mobile-header-display":"","site-post-title":"","ast-breadcrumbs-content":"","ast-featured-img":"","footer-sml-layout":"","ast-disable-related-posts":"","theme-transparent-header-meta":"","adv-header-id-meta":"","stick-header-meta":"","header-above-stick-meta":"","header-main-stick-meta":"","header-below-stick-meta":"","astra-migrate-meta-layouts":"default","ast-page-background-enabled":"default","ast-page-background-meta":{"desktop":{"background-color":"var(--ast-global-color-5)","background-image":"","background-repeat":"repeat","background-position":"center center","background-size":"auto","background-attachment":"scroll","background-type":"","background-media":"","overlay-type":"","overlay-color":"","overlay-opacity":"","overlay-gradient":""},"tablet":{"background-color":"","background-image":"","background-repeat":"repeat","background-position":"center center","background-size":"auto","background-attachment":"scroll","background-type":"","background-media":"","overlay-type":"","overlay-color":"","overlay-opacity":"","overlay-gradient":""},"mobile":{"background-color":"","background-image":"","background-repeat":"repeat","background-position":"center center","background-size":"auto","background-attachment":"scroll","background-type":"","background-media":"","overlay-type":"","overlay-color":"","overlay-opacity":"","overlay-gradient":""}},"ast-content-background-meta":{"desktop":{"background-color":"var(--ast-global-color-4)","background-image":"","background-repeat":"repeat","background-position":"center center","background-size":"auto","background-attachment":"scroll","background-type":"","background-media":"","overlay-type":"","overlay-color":"","overlay-opacity":"","overlay-gradient":""},"tablet":{"background-color":"var(--ast-global-color-4)","background-image":"","background-repeat":"repeat","background-position":"center center","background-size":"auto","background-attachment":"scroll","background-type":"","background-media":"","overlay-type":"","overlay-color":"","overlay-opacity":"","overlay-gradient":""},"mobile":{"background-color":"var(--ast-global-color-4)","background-image":"","background-repeat":"repeat","background-position":"center center","background-size":"auto","background-attachment":"scroll","background-type":"","background-media":"","overlay-type":"","overlay-color":"","overlay-opacity":"","overlay-gradient":""}},"footnotes":""},"categories":[1],"tags":[],"class_list":["post-51064","post","type-post","status-publish","format-standard","hentry","category-sem-categoria"],"yoast_head":"<!-- This site is optimized with the Yoast SEO plugin v26.6 - https:\/\/yoast.com\/wordpress\/plugins\/seo\/ -->\n<title>Feirantes denunciam abandono e venda de boxes em audi\u00eancia p\u00fablica promovida por C\u00e9zar Bombeiro - Daniel Matos<\/title>\n<meta name=\"robots\" content=\"index, follow, max-snippet:-1, max-image-preview:large, max-video-preview:-1\" \/>\n<link rel=\"canonical\" href=\"https:\/\/www.blogsoestado.com\/danielmatos\/feirantes-denunciam-abandono-e-venda-de-boxes-em-audiencia-publica-promovida-por-cezar-bombeiro\/\" \/>\n<meta property=\"og:locale\" content=\"pt_BR\" \/>\n<meta property=\"og:type\" content=\"article\" \/>\n<meta property=\"og:title\" content=\"Feirantes denunciam abandono e venda de boxes em audi\u00eancia p\u00fablica promovida por C\u00e9zar Bombeiro - Daniel Matos\" \/>\n<meta property=\"og:description\" content=\"A Audi\u00eancia P\u00fablica sobre Feiras e Mercados, de iniciativa do vereador C\u00e9zar Bombeiro (PSD), realizada na \u00faltima sexta-feira (04), no [&hellip;]\" \/>\n<meta property=\"og:url\" content=\"https:\/\/www.blogsoestado.com\/danielmatos\/feirantes-denunciam-abandono-e-venda-de-boxes-em-audiencia-publica-promovida-por-cezar-bombeiro\/\" \/>\n<meta property=\"og:site_name\" content=\"Daniel Matos\" \/>\n<meta property=\"article:published_time\" content=\"2018-05-07T17:57:13+00:00\" \/>\n<meta property=\"og:image\" content=\"https:\/\/www.blogsoestado.com\/danielmatos\/files\/2018\/05\/bombeiro-feiras.jpg\" \/>\n<meta name=\"twitter:card\" content=\"summary_large_image\" \/>\n<meta name=\"twitter:label1\" content=\"Est. tempo de leitura\" \/>\n\t<meta name=\"twitter:data1\" content=\"4 minutos\" \/>\n<script type=\"application\/ld+json\" class=\"yoast-schema-graph\">{\"@context\":\"https:\/\/schema.org\",\"@graph\":[{\"@type\":\"WebPage\",\"@id\":\"https:\/\/www.blogsoestado.com\/danielmatos\/feirantes-denunciam-abandono-e-venda-de-boxes-em-audiencia-publica-promovida-por-cezar-bombeiro\/\",\"url\":\"https:\/\/www.blogsoestado.com\/danielmatos\/feirantes-denunciam-abandono-e-venda-de-boxes-em-audiencia-publica-promovida-por-cezar-bombeiro\/\",\"name\":\"Feirantes denunciam abandono e venda de boxes em audi\u00eancia p\u00fablica promovida por C\u00e9zar Bombeiro - Daniel Matos\",\"isPartOf\":{\"@id\":\"https:\/\/www.blogsoestado.com\/danielmatos\/#website\"},\"primaryImageOfPage\":{\"@id\":\"https:\/\/www.blogsoestado.com\/danielmatos\/feirantes-denunciam-abandono-e-venda-de-boxes-em-audiencia-publica-promovida-por-cezar-bombeiro\/#primaryimage\"},\"image\":{\"@id\":\"https:\/\/www.blogsoestado.com\/danielmatos\/feirantes-denunciam-abandono-e-venda-de-boxes-em-audiencia-publica-promovida-por-cezar-bombeiro\/#primaryimage\"},\"thumbnailUrl\":\"https:\/\/www.blogsoestado.com\/danielmatos\/files\/2018\/05\/bombeiro-feiras.jpg\",\"datePublished\":\"2018-05-07T17:57:13+00:00\",\"author\":{\"@id\":\"\"},\"breadcrumb\":{\"@id\":\"https:\/\/www.blogsoestado.com\/danielmatos\/feirantes-denunciam-abandono-e-venda-de-boxes-em-audiencia-publica-promovida-por-cezar-bombeiro\/#breadcrumb\"},\"inLanguage\":\"pt-BR\",\"potentialAction\":[{\"@type\":\"ReadAction\",\"target\":[\"https:\/\/www.blogsoestado.com\/danielmatos\/feirantes-denunciam-abandono-e-venda-de-boxes-em-audiencia-publica-promovida-por-cezar-bombeiro\/\"]}]},{\"@type\":\"ImageObject\",\"inLanguage\":\"pt-BR\",\"@id\":\"https:\/\/www.blogsoestado.com\/danielmatos\/feirantes-denunciam-abandono-e-venda-de-boxes-em-audiencia-publica-promovida-por-cezar-bombeiro\/#primaryimage\",\"url\":\"https:\/\/www.blogsoestado.com\/danielmatos\/files\/2018\/05\/bombeiro-feiras.jpg\",\"contentUrl\":\"https:\/\/www.blogsoestado.com\/danielmatos\/files\/2018\/05\/bombeiro-feiras.jpg\"},{\"@type\":\"BreadcrumbList\",\"@id\":\"https:\/\/www.blogsoestado.com\/danielmatos\/feirantes-denunciam-abandono-e-venda-de-boxes-em-audiencia-publica-promovida-por-cezar-bombeiro\/#breadcrumb\",\"itemListElement\":[{\"@type\":\"ListItem\",\"position\":1,\"name\":\"In\u00edcio\",\"item\":\"https:\/\/www.blogsoestado.com\/danielmatos\/\"},{\"@type\":\"ListItem\",\"position\":2,\"name\":\"Feirantes denunciam abandono e venda de boxes em audi\u00eancia p\u00fablica promovida por C\u00e9zar Bombeiro\"}]},{\"@type\":\"WebSite\",\"@id\":\"https:\/\/www.blogsoestado.com\/danielmatos\/#website\",\"url\":\"https:\/\/www.blogsoestado.com\/danielmatos\/\",\"name\":\"Daniel Matos\",\"description\":\"\",\"potentialAction\":[{\"@type\":\"SearchAction\",\"target\":{\"@type\":\"EntryPoint\",\"urlTemplate\":\"https:\/\/www.blogsoestado.com\/danielmatos\/?s={search_term_string}\"},\"query-input\":{\"@type\":\"PropertyValueSpecification\",\"valueRequired\":true,\"valueName\":\"search_term_string\"}}],\"inLanguage\":\"pt-BR\"}]}<\/script>\n<!-- \/ Yoast SEO plugin. -->","yoast_head_json":{"title":"Feirantes denunciam abandono e venda de boxes em audi\u00eancia p\u00fablica promovida por C\u00e9zar Bombeiro - Daniel Matos","robots":{"index":"index","follow":"follow","max-snippet":"max-snippet:-1","max-image-preview":"max-image-preview:large","max-video-preview":"max-video-preview:-1"},"canonical":"https:\/\/www.blogsoestado.com\/danielmatos\/feirantes-denunciam-abandono-e-venda-de-boxes-em-audiencia-publica-promovida-por-cezar-bombeiro\/","og_locale":"pt_BR","og_type":"article","og_title":"Feirantes denunciam abandono e venda de boxes em audi\u00eancia p\u00fablica promovida por C\u00e9zar Bombeiro - Daniel Matos","og_description":"A Audi\u00eancia P\u00fablica sobre Feiras e Mercados, de iniciativa do vereador C\u00e9zar Bombeiro (PSD), realizada na \u00faltima sexta-feira (04), no [&hellip;]","og_url":"https:\/\/www.blogsoestado.com\/danielmatos\/feirantes-denunciam-abandono-e-venda-de-boxes-em-audiencia-publica-promovida-por-cezar-bombeiro\/","og_site_name":"Daniel Matos","article_published_time":"2018-05-07T17:57:13+00:00","og_image":[{"url":"https:\/\/www.blogsoestado.com\/danielmatos\/files\/2018\/05\/bombeiro-feiras.jpg","type":"","width":"","height":""}],"twitter_card":"summary_large_image","twitter_misc":{"Est. tempo de leitura":"4 minutos"},"schema":{"@context":"https:\/\/schema.org","@graph":[{"@type":"WebPage","@id":"https:\/\/www.blogsoestado.com\/danielmatos\/feirantes-denunciam-abandono-e-venda-de-boxes-em-audiencia-publica-promovida-por-cezar-bombeiro\/","url":"https:\/\/www.blogsoestado.com\/danielmatos\/feirantes-denunciam-abandono-e-venda-de-boxes-em-audiencia-publica-promovida-por-cezar-bombeiro\/","name":"Feirantes denunciam abandono e venda de boxes em audi\u00eancia p\u00fablica promovida por C\u00e9zar Bombeiro - Daniel Matos","isPartOf":{"@id":"https:\/\/www.blogsoestado.com\/danielmatos\/#website"},"primaryImageOfPage":{"@id":"https:\/\/www.blogsoestado.com\/danielmatos\/feirantes-denunciam-abandono-e-venda-de-boxes-em-audiencia-publica-promovida-por-cezar-bombeiro\/#primaryimage"},"image":{"@id":"https:\/\/www.blogsoestado.com\/danielmatos\/feirantes-denunciam-abandono-e-venda-de-boxes-em-audiencia-publica-promovida-por-cezar-bombeiro\/#primaryimage"},"thumbnailUrl":"https:\/\/www.blogsoestado.com\/danielmatos\/files\/2018\/05\/bombeiro-feiras.jpg","datePublished":"2018-05-07T17:57:13+00:00","author":{"@id":""},"breadcrumb":{"@id":"https:\/\/www.blogsoestado.com\/danielmatos\/feirantes-denunciam-abandono-e-venda-de-boxes-em-audiencia-publica-promovida-por-cezar-bombeiro\/#breadcrumb"},"inLanguage":"pt-BR","potentialAction":[{"@type":"ReadAction","target":["https:\/\/www.blogsoestado.com\/danielmatos\/feirantes-denunciam-abandono-e-venda-de-boxes-em-audiencia-publica-promovida-por-cezar-bombeiro\/"]}]},{"@type":"ImageObject","inLanguage":"pt-BR","@id":"https:\/\/www.blogsoestado.com\/danielmatos\/feirantes-denunciam-abandono-e-venda-de-boxes-em-audiencia-publica-promovida-por-cezar-bombeiro\/#primaryimage","url":"https:\/\/www.blogsoestado.com\/danielmatos\/files\/2018\/05\/bombeiro-feiras.jpg","contentUrl":"https:\/\/www.blogsoestado.com\/danielmatos\/files\/2018\/05\/bombeiro-feiras.jpg"},{"@type":"BreadcrumbList","@id":"https:\/\/www.blogsoestado.com\/danielmatos\/feirantes-denunciam-abandono-e-venda-de-boxes-em-audiencia-publica-promovida-por-cezar-bombeiro\/#breadcrumb","itemListElement":[{"@type":"ListItem","position":1,"name":"In\u00edcio","item":"https:\/\/www.blogsoestado.com\/danielmatos\/"},{"@type":"ListItem","position":2,"name":"Feirantes denunciam abandono e venda de boxes em audi\u00eancia p\u00fablica promovida por C\u00e9zar Bombeiro"}]},{"@type":"WebSite","@id":"https:\/\/www.blogsoestado.com\/danielmatos\/#website","url":"https:\/\/www.blogsoestado.com\/danielmatos\/","name":"Daniel Matos","description":"","potentialAction":[{"@type":"SearchAction","target":{"@type":"EntryPoint","urlTemplate":"https:\/\/www.blogsoestado.com\/danielmatos\/?s={search_term_string}"},"query-input":{"@type":"PropertyValueSpecification","valueRequired":true,"valueName":"search_term_string"}}],"inLanguage":"pt-BR"}]}},"jetpack_featured_media_url":"","_links":{"self":[{"href":"https:\/\/www.blogsoestado.com\/danielmatos\/wp-json\/wp\/v2\/posts\/51064","targetHints":{"allow":["GET"]}}],"collection":[{"href":"https:\/\/www.blogsoestado.com\/danielmatos\/wp-json\/wp\/v2\/posts"}],"about":[{"href":"https:\/\/www.blogsoestado.com\/danielmatos\/wp-json\/wp\/v2\/types\/post"}],"replies":[{"embeddable":true,"href":"https:\/\/www.blogsoestado.com\/danielmatos\/wp-json\/wp\/v2\/comments?post=51064"}],"version-history":[{"count":0,"href":"https:\/\/www.blogsoestado.com\/danielmatos\/wp-json\/wp\/v2\/posts\/51064\/revisions"}],"wp:attachment":[{"href":"https:\/\/www.blogsoestado.com\/danielmatos\/wp-json\/wp\/v2\/media?parent=51064"}],"wp:term":[{"taxonomy":"category","embeddable":true,"href":"https:\/\/www.blogsoestado.com\/danielmatos\/wp-json\/wp\/v2\/categories?post=51064"},{"taxonomy":"post_tag","embeddable":true,"href":"https:\/\/www.blogsoestado.com\/danielmatos\/wp-json\/wp\/v2\/tags?post=51064"}],"curies":[{"name":"wp","href":"https:\/\/api.w.org\/{rel}","templated":true}]}}