{"id":51072,"date":"2018-05-07T16:04:46","date_gmt":"2018-05-07T19:04:46","guid":{"rendered":"https:\/\/www.blogsoestado.com\/danielmatos\/?p=51072"},"modified":"2018-05-07T16:04:46","modified_gmt":"2018-05-07T19:04:46","slug":"imagem-do-dia-edivaldo-em-mais-um-importante-passo-na-modernizacao-da-educacao","status":"publish","type":"post","link":"https:\/\/www.blogsoestado.com\/danielmatos\/imagem-do-dia-edivaldo-em-mais-um-importante-passo-na-modernizacao-da-educacao\/","title":{"rendered":"Imagem do dia: Edivaldo em mais um importante passo na moderniza\u00e7\u00e3o da educa\u00e7\u00e3o"},"content":{"rendered":"<figure id=\"attachment_51073\" aria-describedby=\"caption-attachment-51073\" style=\"width: 640px\" class=\"wp-caption aligncenter\"><img fetchpriority=\"high\" decoding=\"async\" class=\"size-full wp-image-51073\" src=\"https:\/\/www.blogsoestado.com\/danielmatos\/files\/2018\/05\/edivaldo-informatica.jpeg\" alt=\"\" width=\"640\" height=\"427\" \/><figcaption id=\"caption-attachment-51073\" class=\"wp-caption-text\">Prefeito Edivaldo Holanda Jr. e secret\u00e1rio de Educa\u00e7\u00e3o, Moacir Feitosa, entregam notebook a gestor escolar<\/figcaption><\/figure>\n<p>O prefeito Edivaldo Holanda J\u00fanior (PDT) entregou nesta segunda-feira (7) 300 notebooks e 200 impressoras para 100 escolas municipais. A chegada dos equipamentos &#8211; entregues parte no gabinete do gestor e parte encaminhados diretamente para as escolas &#8211; ocorre como etapa da implanta\u00e7\u00e3o do inovador Sistema Municipal de Administra\u00e7\u00e3o e Controle Escolar, uma plataforma de acompanhamento e gerenciamento das escolas p\u00fablicas.<\/p>\n<p>Completando esse importante passo na moderniza\u00e7\u00e3o da educa\u00e7\u00e3o de S\u00e3o Lu\u00eds, as unidades escolares tamb\u00e9m est\u00e3o recebendo cabeamento de fibra \u00f3ptica necess\u00e1rio para o acesso \u00e0 internet.<\/p>\n<figure id=\"attachment_51074\" aria-describedby=\"caption-attachment-51074\" style=\"width: 640px\" class=\"wp-caption aligncenter\"><img decoding=\"async\" class=\"size-full wp-image-51074\" src=\"https:\/\/www.blogsoestado.com\/danielmatos\/files\/2018\/05\/edivaldo-equipamentos.jpeg\" alt=\"\" width=\"640\" height=\"427\" \/><figcaption id=\"caption-attachment-51074\" class=\"wp-caption-text\">Entrega dos equipamentos de inform\u00e1tica faz parte do plano de Edivaldo reestruturar o sistema de ensino<\/figcaption><\/figure>\n<p>Com a total reestrutura\u00e7\u00e3o da rede de ensino, o pedetista vem consolidando em sua gest\u00e3o um grande legado na \u00e1rea, com escolas reformadas, salas climatizadas, constru\u00e7\u00e3o de novos espa\u00e7os educacionais, realiza\u00e7\u00e3o de concurso p\u00fablico, pagamento de piso salarial acima do nacional aos professores, concess\u00e3o de mais de 13 mil direitos estatut\u00e1rios e amplia\u00e7\u00e3o da oferta de forma\u00e7\u00e3o continuada aos educadores.<\/p>\n","protected":false},"excerpt":{"rendered":"<p>O prefeito Edivaldo Holanda J\u00fanior (PDT) entregou nesta segunda-feira (7) 300 notebooks e 200 impressoras para 100 escolas municipais. A [&hellip;]<\/p>\n","protected":false},"author":0,"featured_media":0,"comment_status":"open","ping_status":"open","sticky":false,"template":"","format":"standard","meta":{"site-sidebar-layout":"default","site-content-layout":"","ast-site-content-layout":"default","site-content-style":"default","site-sidebar-style":"default","ast-global-header-display":"","ast-banner-title-visibility":"","ast-main-header-display":"","ast-hfb-above-header-display":"","ast-hfb-below-header-display":"","ast-hfb-mobile-header-display":"","site-post-title":"","ast-breadcrumbs-content":"","ast-featured-img":"","footer-sml-layout":"","ast-disable-related-posts":"","theme-transparent-header-meta":"","adv-header-id-meta":"","stick-header-meta":"","header-above-stick-meta":"","header-main-stick-meta":"","header-below-stick-meta":"","astra-migrate-meta-layouts":"default","ast-page-background-enabled":"default","ast-page-background-meta":{"desktop":{"background-color":"var(--ast-global-color-5)","background-image":"","background-repeat":"repeat","background-position":"center center","background-size":"auto","background-attachment":"scroll","background-type":"","background-media":"","overlay-type":"","overlay-color":"","overlay-opacity":"","overlay-gradient":""},"tablet":{"background-color":"","background-image":"","background-repeat":"repeat","background-position":"center center","background-size":"auto","background-attachment":"scroll","background-type":"","background-media":"","overlay-type":"","overlay-color":"","overlay-opacity":"","overlay-gradient":""},"mobile":{"background-color":"","background-image":"","background-repeat":"repeat","background-position":"center center","background-size":"auto","background-attachment":"scroll","background-type":"","background-media":"","overlay-type":"","overlay-color":"","overlay-opacity":"","overlay-gradient":""}},"ast-content-background-meta":{"desktop":{"background-color":"var(--ast-global-color-4)","background-image":"","background-repeat":"repeat","background-position":"center center","background-size":"auto","background-attachment":"scroll","background-type":"","background-media":"","overlay-type":"","overlay-color":"","overlay-opacity":"","overlay-gradient":""},"tablet":{"background-color":"var(--ast-global-color-4)","background-image":"","background-repeat":"repeat","background-position":"center center","background-size":"auto","background-attachment":"scroll","background-type":"","background-media":"","overlay-type":"","overlay-color":"","overlay-opacity":"","overlay-gradient":""},"mobile":{"background-color":"var(--ast-global-color-4)","background-image":"","background-repeat":"repeat","background-position":"center center","background-size":"auto","background-attachment":"scroll","background-type":"","background-media":"","overlay-type":"","overlay-color":"","overlay-opacity":"","overlay-gradient":""}},"footnotes":""},"categories":[1],"tags":[],"class_list":["post-51072","post","type-post","status-publish","format-standard","hentry","category-sem-categoria"],"yoast_head":"<!-- This site is optimized with the Yoast SEO plugin v26.6 - https:\/\/yoast.com\/wordpress\/plugins\/seo\/ -->\n<title>Imagem do dia: Edivaldo em mais um importante passo na moderniza\u00e7\u00e3o da educa\u00e7\u00e3o - Daniel Matos<\/title>\n<meta name=\"robots\" content=\"index, follow, max-snippet:-1, max-image-preview:large, max-video-preview:-1\" \/>\n<link rel=\"canonical\" href=\"https:\/\/www.blogsoestado.com\/danielmatos\/imagem-do-dia-edivaldo-em-mais-um-importante-passo-na-modernizacao-da-educacao\/\" \/>\n<meta property=\"og:locale\" content=\"pt_BR\" \/>\n<meta property=\"og:type\" content=\"article\" \/>\n<meta property=\"og:title\" content=\"Imagem do dia: Edivaldo em mais um importante passo na moderniza\u00e7\u00e3o da educa\u00e7\u00e3o - Daniel Matos\" \/>\n<meta property=\"og:description\" content=\"O prefeito Edivaldo Holanda J\u00fanior (PDT) entregou nesta segunda-feira (7) 300 notebooks e 200 impressoras para 100 escolas municipais. A [&hellip;]\" \/>\n<meta property=\"og:url\" content=\"https:\/\/www.blogsoestado.com\/danielmatos\/imagem-do-dia-edivaldo-em-mais-um-importante-passo-na-modernizacao-da-educacao\/\" \/>\n<meta property=\"og:site_name\" content=\"Daniel Matos\" \/>\n<meta property=\"article:published_time\" content=\"2018-05-07T19:04:46+00:00\" \/>\n<meta property=\"og:image\" content=\"https:\/\/www.blogsoestado.com\/danielmatos\/files\/2018\/05\/edivaldo-informatica.jpeg\" \/>\n<meta name=\"twitter:card\" content=\"summary_large_image\" \/>\n<meta name=\"twitter:label1\" content=\"Est. tempo de leitura\" \/>\n\t<meta name=\"twitter:data1\" content=\"1 minuto\" \/>\n<script type=\"application\/ld+json\" class=\"yoast-schema-graph\">{\"@context\":\"https:\/\/schema.org\",\"@graph\":[{\"@type\":\"WebPage\",\"@id\":\"https:\/\/www.blogsoestado.com\/danielmatos\/imagem-do-dia-edivaldo-em-mais-um-importante-passo-na-modernizacao-da-educacao\/\",\"url\":\"https:\/\/www.blogsoestado.com\/danielmatos\/imagem-do-dia-edivaldo-em-mais-um-importante-passo-na-modernizacao-da-educacao\/\",\"name\":\"Imagem do dia: Edivaldo em mais um importante passo na moderniza\u00e7\u00e3o da educa\u00e7\u00e3o - Daniel Matos\",\"isPartOf\":{\"@id\":\"https:\/\/www.blogsoestado.com\/danielmatos\/#website\"},\"primaryImageOfPage\":{\"@id\":\"https:\/\/www.blogsoestado.com\/danielmatos\/imagem-do-dia-edivaldo-em-mais-um-importante-passo-na-modernizacao-da-educacao\/#primaryimage\"},\"image\":{\"@id\":\"https:\/\/www.blogsoestado.com\/danielmatos\/imagem-do-dia-edivaldo-em-mais-um-importante-passo-na-modernizacao-da-educacao\/#primaryimage\"},\"thumbnailUrl\":\"https:\/\/www.blogsoestado.com\/danielmatos\/files\/2018\/05\/edivaldo-informatica.jpeg\",\"datePublished\":\"2018-05-07T19:04:46+00:00\",\"author\":{\"@id\":\"\"},\"breadcrumb\":{\"@id\":\"https:\/\/www.blogsoestado.com\/danielmatos\/imagem-do-dia-edivaldo-em-mais-um-importante-passo-na-modernizacao-da-educacao\/#breadcrumb\"},\"inLanguage\":\"pt-BR\",\"potentialAction\":[{\"@type\":\"ReadAction\",\"target\":[\"https:\/\/www.blogsoestado.com\/danielmatos\/imagem-do-dia-edivaldo-em-mais-um-importante-passo-na-modernizacao-da-educacao\/\"]}]},{\"@type\":\"ImageObject\",\"inLanguage\":\"pt-BR\",\"@id\":\"https:\/\/www.blogsoestado.com\/danielmatos\/imagem-do-dia-edivaldo-em-mais-um-importante-passo-na-modernizacao-da-educacao\/#primaryimage\",\"url\":\"https:\/\/www.blogsoestado.com\/danielmatos\/files\/2018\/05\/edivaldo-informatica.jpeg\",\"contentUrl\":\"https:\/\/www.blogsoestado.com\/danielmatos\/files\/2018\/05\/edivaldo-informatica.jpeg\"},{\"@type\":\"BreadcrumbList\",\"@id\":\"https:\/\/www.blogsoestado.com\/danielmatos\/imagem-do-dia-edivaldo-em-mais-um-importante-passo-na-modernizacao-da-educacao\/#breadcrumb\",\"itemListElement\":[{\"@type\":\"ListItem\",\"position\":1,\"name\":\"In\u00edcio\",\"item\":\"https:\/\/www.blogsoestado.com\/danielmatos\/\"},{\"@type\":\"ListItem\",\"position\":2,\"name\":\"Imagem do dia: Edivaldo em mais um importante passo na moderniza\u00e7\u00e3o da educa\u00e7\u00e3o\"}]},{\"@type\":\"WebSite\",\"@id\":\"https:\/\/www.blogsoestado.com\/danielmatos\/#website\",\"url\":\"https:\/\/www.blogsoestado.com\/danielmatos\/\",\"name\":\"Daniel Matos\",\"description\":\"\",\"potentialAction\":[{\"@type\":\"SearchAction\",\"target\":{\"@type\":\"EntryPoint\",\"urlTemplate\":\"https:\/\/www.blogsoestado.com\/danielmatos\/?s={search_term_string}\"},\"query-input\":{\"@type\":\"PropertyValueSpecification\",\"valueRequired\":true,\"valueName\":\"search_term_string\"}}],\"inLanguage\":\"pt-BR\"}]}<\/script>\n<!-- \/ Yoast SEO plugin. -->","yoast_head_json":{"title":"Imagem do dia: Edivaldo em mais um importante passo na moderniza\u00e7\u00e3o da educa\u00e7\u00e3o - Daniel Matos","robots":{"index":"index","follow":"follow","max-snippet":"max-snippet:-1","max-image-preview":"max-image-preview:large","max-video-preview":"max-video-preview:-1"},"canonical":"https:\/\/www.blogsoestado.com\/danielmatos\/imagem-do-dia-edivaldo-em-mais-um-importante-passo-na-modernizacao-da-educacao\/","og_locale":"pt_BR","og_type":"article","og_title":"Imagem do dia: Edivaldo em mais um importante passo na moderniza\u00e7\u00e3o da educa\u00e7\u00e3o - Daniel Matos","og_description":"O prefeito Edivaldo Holanda J\u00fanior (PDT) entregou nesta segunda-feira (7) 300 notebooks e 200 impressoras para 100 escolas municipais. A [&hellip;]","og_url":"https:\/\/www.blogsoestado.com\/danielmatos\/imagem-do-dia-edivaldo-em-mais-um-importante-passo-na-modernizacao-da-educacao\/","og_site_name":"Daniel Matos","article_published_time":"2018-05-07T19:04:46+00:00","og_image":[{"url":"https:\/\/www.blogsoestado.com\/danielmatos\/files\/2018\/05\/edivaldo-informatica.jpeg","type":"","width":"","height":""}],"twitter_card":"summary_large_image","twitter_misc":{"Est. tempo de leitura":"1 minuto"},"schema":{"@context":"https:\/\/schema.org","@graph":[{"@type":"WebPage","@id":"https:\/\/www.blogsoestado.com\/danielmatos\/imagem-do-dia-edivaldo-em-mais-um-importante-passo-na-modernizacao-da-educacao\/","url":"https:\/\/www.blogsoestado.com\/danielmatos\/imagem-do-dia-edivaldo-em-mais-um-importante-passo-na-modernizacao-da-educacao\/","name":"Imagem do dia: Edivaldo em mais um importante passo na moderniza\u00e7\u00e3o da educa\u00e7\u00e3o - Daniel Matos","isPartOf":{"@id":"https:\/\/www.blogsoestado.com\/danielmatos\/#website"},"primaryImageOfPage":{"@id":"https:\/\/www.blogsoestado.com\/danielmatos\/imagem-do-dia-edivaldo-em-mais-um-importante-passo-na-modernizacao-da-educacao\/#primaryimage"},"image":{"@id":"https:\/\/www.blogsoestado.com\/danielmatos\/imagem-do-dia-edivaldo-em-mais-um-importante-passo-na-modernizacao-da-educacao\/#primaryimage"},"thumbnailUrl":"https:\/\/www.blogsoestado.com\/danielmatos\/files\/2018\/05\/edivaldo-informatica.jpeg","datePublished":"2018-05-07T19:04:46+00:00","author":{"@id":""},"breadcrumb":{"@id":"https:\/\/www.blogsoestado.com\/danielmatos\/imagem-do-dia-edivaldo-em-mais-um-importante-passo-na-modernizacao-da-educacao\/#breadcrumb"},"inLanguage":"pt-BR","potentialAction":[{"@type":"ReadAction","target":["https:\/\/www.blogsoestado.com\/danielmatos\/imagem-do-dia-edivaldo-em-mais-um-importante-passo-na-modernizacao-da-educacao\/"]}]},{"@type":"ImageObject","inLanguage":"pt-BR","@id":"https:\/\/www.blogsoestado.com\/danielmatos\/imagem-do-dia-edivaldo-em-mais-um-importante-passo-na-modernizacao-da-educacao\/#primaryimage","url":"https:\/\/www.blogsoestado.com\/danielmatos\/files\/2018\/05\/edivaldo-informatica.jpeg","contentUrl":"https:\/\/www.blogsoestado.com\/danielmatos\/files\/2018\/05\/edivaldo-informatica.jpeg"},{"@type":"BreadcrumbList","@id":"https:\/\/www.blogsoestado.com\/danielmatos\/imagem-do-dia-edivaldo-em-mais-um-importante-passo-na-modernizacao-da-educacao\/#breadcrumb","itemListElement":[{"@type":"ListItem","position":1,"name":"In\u00edcio","item":"https:\/\/www.blogsoestado.com\/danielmatos\/"},{"@type":"ListItem","position":2,"name":"Imagem do dia: Edivaldo em mais um importante passo na moderniza\u00e7\u00e3o da educa\u00e7\u00e3o"}]},{"@type":"WebSite","@id":"https:\/\/www.blogsoestado.com\/danielmatos\/#website","url":"https:\/\/www.blogsoestado.com\/danielmatos\/","name":"Daniel Matos","description":"","potentialAction":[{"@type":"SearchAction","target":{"@type":"EntryPoint","urlTemplate":"https:\/\/www.blogsoestado.com\/danielmatos\/?s={search_term_string}"},"query-input":{"@type":"PropertyValueSpecification","valueRequired":true,"valueName":"search_term_string"}}],"inLanguage":"pt-BR"}]}},"jetpack_featured_media_url":"","_links":{"self":[{"href":"https:\/\/www.blogsoestado.com\/danielmatos\/wp-json\/wp\/v2\/posts\/51072","targetHints":{"allow":["GET"]}}],"collection":[{"href":"https:\/\/www.blogsoestado.com\/danielmatos\/wp-json\/wp\/v2\/posts"}],"about":[{"href":"https:\/\/www.blogsoestado.com\/danielmatos\/wp-json\/wp\/v2\/types\/post"}],"replies":[{"embeddable":true,"href":"https:\/\/www.blogsoestado.com\/danielmatos\/wp-json\/wp\/v2\/comments?post=51072"}],"version-history":[{"count":0,"href":"https:\/\/www.blogsoestado.com\/danielmatos\/wp-json\/wp\/v2\/posts\/51072\/revisions"}],"wp:attachment":[{"href":"https:\/\/www.blogsoestado.com\/danielmatos\/wp-json\/wp\/v2\/media?parent=51072"}],"wp:term":[{"taxonomy":"category","embeddable":true,"href":"https:\/\/www.blogsoestado.com\/danielmatos\/wp-json\/wp\/v2\/categories?post=51072"},{"taxonomy":"post_tag","embeddable":true,"href":"https:\/\/www.blogsoestado.com\/danielmatos\/wp-json\/wp\/v2\/tags?post=51072"}],"curies":[{"name":"wp","href":"https:\/\/api.w.org\/{rel}","templated":true}]}}