{"id":51079,"date":"2018-05-07T19:00:03","date_gmt":"2018-05-07T22:00:03","guid":{"rendered":"https:\/\/www.blogsoestado.com\/danielmatos\/?p=51079"},"modified":"2018-05-07T19:00:03","modified_gmt":"2018-05-07T22:00:03","slug":"assembleia-aprova-mais-um-projeto-de-wellington-em-defesa-de-portadores-de-deficiencia","status":"publish","type":"post","link":"https:\/\/www.blogsoestado.com\/danielmatos\/assembleia-aprova-mais-um-projeto-de-wellington-em-defesa-de-portadores-de-deficiencia\/","title":{"rendered":"Assembleia aprova mais um projeto de Wellington em defesa de portadores de defici\u00eancia"},"content":{"rendered":"<figure id=\"attachment_51080\" aria-describedby=\"caption-attachment-51080\" style=\"width: 448px\" class=\"wp-caption alignleft\"><img fetchpriority=\"high\" decoding=\"async\" class=\"size-full wp-image-51080\" src=\"https:\/\/www.blogsoestado.com\/danielmatos\/files\/2018\/05\/w-cadeirante.jpg\" alt=\"\" width=\"448\" height=\"299\" \/><figcaption id=\"caption-attachment-51080\" class=\"wp-caption-text\">Wellington acolheu proposta de deficientes ao propor a cria\u00e7\u00e3o do Cart\u00e3o acessibilidade<\/figcaption><\/figure>\n<p>O Projeto de Lei 80\/2017, de autoria do deputado Wellington do Curso (PSDB) foi aprovado pela Assembleia Legislativa do Maranh\u00e3o e vai \u00e0 san\u00e7\u00e3o do Governador do estado. O Projeto cria o Cart\u00e3o Acessibilidade, que tem como objetivo simplificar o acesso da pessoa com defici\u00eancia aos servi\u00e7os p\u00fablicos estaduais existentes.<\/p>\n<p>\u201cA proposta de criar o Cart\u00e3o Acessibilidade partiu das pessoas com defici\u00eancia que confiram em nosso trabalho. Com o Cart\u00e3o Acessibilidade, a pessoa com defici\u00eancia e mobilidade reduzida, titular do cart\u00e3o, poder\u00e1 se identificar facilmente em todos os servi\u00e7os p\u00fablicos, estando a presente Lei em total sintonia com Estatuto da Pessoa com Defici\u00eancia. Assim, de forma simples, contribuiremos para a melhoria das condi\u00e7\u00f5es de vida das pessoas com defici\u00eancia\u201d, pontuou Wellington.<\/p>\n<p><strong>ENTENDA O PROJETO:<\/strong><\/p>\n<p><img decoding=\"async\" class=\"aligncenter size-full wp-image-51081\" src=\"https:\/\/www.blogsoestado.com\/danielmatos\/files\/2018\/05\/cartao-acessibilidade.jpg\" alt=\"\" width=\"480\" height=\"480\" \/><\/p>\n<p>O Cart\u00e3o Acessibilidade tem por objetivo simplificar o acesso da pessoa com defici\u00eancia aos servi\u00e7os p\u00fablicos estaduais existentes, incluindo informa\u00e7\u00f5es e permitindo a unifica\u00e7\u00e3o dos demais servi\u00e7os, a exemplo do cart\u00e3o de passe livre e acesso intermunicipal em um s\u00f3. Sendo assim, o Cart\u00e3o ser\u00e1 instrumento comprobat\u00f3rio da condi\u00e7\u00e3o de defici\u00eancia do seu titular.<\/p>\n<p>Para ser emitido, a pessoa com defici\u00eancia dever\u00e1 comparecer \u00e0 Secretaria Estadual de Sa\u00fade, ou, ainda, aos Conselhos Municipais das Pessoas com Defici\u00eancias e Prefeituras Municipais e dever\u00e1 estar munida dos seguintes documentos, em via original e c\u00f3pia:<\/p>\n<p>I \u2013 Registro Geral (RG);<br \/>\nII \u2013 Cadastro da Pessoa F\u00edsica (CPF);<br \/>\nIII \u2013 comprovante de endere\u00e7o;<br \/>\nIV \u2013 laudo m\u00e9dico emitido por \u00f3rg\u00e3o p\u00fablico, com CID, atestando a defici\u00eancia, n\u00e3o devendo exceder 60 (sessenta) dias entre a data de emiss\u00e3o do laudo e sua apresenta\u00e7\u00e3o para solicita\u00e7\u00e3o do Cart\u00e3o Acessibilidade.<\/p>\n","protected":false},"excerpt":{"rendered":"<p>O Projeto de Lei 80\/2017, de autoria do deputado Wellington do Curso (PSDB) foi aprovado pela Assembleia Legislativa do Maranh\u00e3o [&hellip;]<\/p>\n","protected":false},"author":0,"featured_media":0,"comment_status":"open","ping_status":"open","sticky":false,"template":"","format":"standard","meta":{"site-sidebar-layout":"default","site-content-layout":"","ast-site-content-layout":"default","site-content-style":"default","site-sidebar-style":"default","ast-global-header-display":"","ast-banner-title-visibility":"","ast-main-header-display":"","ast-hfb-above-header-display":"","ast-hfb-below-header-display":"","ast-hfb-mobile-header-display":"","site-post-title":"","ast-breadcrumbs-content":"","ast-featured-img":"","footer-sml-layout":"","ast-disable-related-posts":"","theme-transparent-header-meta":"","adv-header-id-meta":"","stick-header-meta":"","header-above-stick-meta":"","header-main-stick-meta":"","header-below-stick-meta":"","astra-migrate-meta-layouts":"default","ast-page-background-enabled":"default","ast-page-background-meta":{"desktop":{"background-color":"var(--ast-global-color-5)","background-image":"","background-repeat":"repeat","background-position":"center center","background-size":"auto","background-attachment":"scroll","background-type":"","background-media":"","overlay-type":"","overlay-color":"","overlay-opacity":"","overlay-gradient":""},"tablet":{"background-color":"","background-image":"","background-repeat":"repeat","background-position":"center center","background-size":"auto","background-attachment":"scroll","background-type":"","background-media":"","overlay-type":"","overlay-color":"","overlay-opacity":"","overlay-gradient":""},"mobile":{"background-color":"","background-image":"","background-repeat":"repeat","background-position":"center center","background-size":"auto","background-attachment":"scroll","background-type":"","background-media":"","overlay-type":"","overlay-color":"","overlay-opacity":"","overlay-gradient":""}},"ast-content-background-meta":{"desktop":{"background-color":"var(--ast-global-color-4)","background-image":"","background-repeat":"repeat","background-position":"center center","background-size":"auto","background-attachment":"scroll","background-type":"","background-media":"","overlay-type":"","overlay-color":"","overlay-opacity":"","overlay-gradient":""},"tablet":{"background-color":"var(--ast-global-color-4)","background-image":"","background-repeat":"repeat","background-position":"center center","background-size":"auto","background-attachment":"scroll","background-type":"","background-media":"","overlay-type":"","overlay-color":"","overlay-opacity":"","overlay-gradient":""},"mobile":{"background-color":"var(--ast-global-color-4)","background-image":"","background-repeat":"repeat","background-position":"center center","background-size":"auto","background-attachment":"scroll","background-type":"","background-media":"","overlay-type":"","overlay-color":"","overlay-opacity":"","overlay-gradient":""}},"footnotes":""},"categories":[1],"tags":[],"class_list":["post-51079","post","type-post","status-publish","format-standard","hentry","category-sem-categoria"],"yoast_head":"<!-- This site is optimized with the Yoast SEO plugin v26.6 - https:\/\/yoast.com\/wordpress\/plugins\/seo\/ -->\n<title>Assembleia aprova mais um projeto de Wellington em defesa de portadores de defici\u00eancia - Daniel Matos<\/title>\n<meta name=\"robots\" content=\"index, follow, max-snippet:-1, max-image-preview:large, max-video-preview:-1\" \/>\n<link rel=\"canonical\" href=\"https:\/\/www.blogsoestado.com\/danielmatos\/assembleia-aprova-mais-um-projeto-de-wellington-em-defesa-de-portadores-de-deficiencia\/\" \/>\n<meta property=\"og:locale\" content=\"pt_BR\" \/>\n<meta property=\"og:type\" content=\"article\" \/>\n<meta property=\"og:title\" content=\"Assembleia aprova mais um projeto de Wellington em defesa de portadores de defici\u00eancia - Daniel Matos\" \/>\n<meta property=\"og:description\" content=\"O Projeto de Lei 80\/2017, de autoria do deputado Wellington do Curso (PSDB) foi aprovado pela Assembleia Legislativa do Maranh\u00e3o [&hellip;]\" \/>\n<meta property=\"og:url\" content=\"https:\/\/www.blogsoestado.com\/danielmatos\/assembleia-aprova-mais-um-projeto-de-wellington-em-defesa-de-portadores-de-deficiencia\/\" \/>\n<meta property=\"og:site_name\" content=\"Daniel Matos\" \/>\n<meta property=\"article:published_time\" content=\"2018-05-07T22:00:03+00:00\" \/>\n<meta property=\"og:image\" content=\"https:\/\/www.blogsoestado.com\/danielmatos\/files\/2018\/05\/w-cadeirante.jpg\" \/>\n<meta name=\"twitter:card\" content=\"summary_large_image\" \/>\n<meta name=\"twitter:label1\" content=\"Est. tempo de leitura\" \/>\n\t<meta name=\"twitter:data1\" content=\"2 minutos\" \/>\n<script type=\"application\/ld+json\" class=\"yoast-schema-graph\">{\"@context\":\"https:\/\/schema.org\",\"@graph\":[{\"@type\":\"WebPage\",\"@id\":\"https:\/\/www.blogsoestado.com\/danielmatos\/assembleia-aprova-mais-um-projeto-de-wellington-em-defesa-de-portadores-de-deficiencia\/\",\"url\":\"https:\/\/www.blogsoestado.com\/danielmatos\/assembleia-aprova-mais-um-projeto-de-wellington-em-defesa-de-portadores-de-deficiencia\/\",\"name\":\"Assembleia aprova mais um projeto de Wellington em defesa de portadores de defici\u00eancia - Daniel Matos\",\"isPartOf\":{\"@id\":\"https:\/\/www.blogsoestado.com\/danielmatos\/#website\"},\"primaryImageOfPage\":{\"@id\":\"https:\/\/www.blogsoestado.com\/danielmatos\/assembleia-aprova-mais-um-projeto-de-wellington-em-defesa-de-portadores-de-deficiencia\/#primaryimage\"},\"image\":{\"@id\":\"https:\/\/www.blogsoestado.com\/danielmatos\/assembleia-aprova-mais-um-projeto-de-wellington-em-defesa-de-portadores-de-deficiencia\/#primaryimage\"},\"thumbnailUrl\":\"https:\/\/www.blogsoestado.com\/danielmatos\/files\/2018\/05\/w-cadeirante.jpg\",\"datePublished\":\"2018-05-07T22:00:03+00:00\",\"author\":{\"@id\":\"\"},\"breadcrumb\":{\"@id\":\"https:\/\/www.blogsoestado.com\/danielmatos\/assembleia-aprova-mais-um-projeto-de-wellington-em-defesa-de-portadores-de-deficiencia\/#breadcrumb\"},\"inLanguage\":\"pt-BR\",\"potentialAction\":[{\"@type\":\"ReadAction\",\"target\":[\"https:\/\/www.blogsoestado.com\/danielmatos\/assembleia-aprova-mais-um-projeto-de-wellington-em-defesa-de-portadores-de-deficiencia\/\"]}]},{\"@type\":\"ImageObject\",\"inLanguage\":\"pt-BR\",\"@id\":\"https:\/\/www.blogsoestado.com\/danielmatos\/assembleia-aprova-mais-um-projeto-de-wellington-em-defesa-de-portadores-de-deficiencia\/#primaryimage\",\"url\":\"https:\/\/www.blogsoestado.com\/danielmatos\/files\/2018\/05\/w-cadeirante.jpg\",\"contentUrl\":\"https:\/\/www.blogsoestado.com\/danielmatos\/files\/2018\/05\/w-cadeirante.jpg\"},{\"@type\":\"BreadcrumbList\",\"@id\":\"https:\/\/www.blogsoestado.com\/danielmatos\/assembleia-aprova-mais-um-projeto-de-wellington-em-defesa-de-portadores-de-deficiencia\/#breadcrumb\",\"itemListElement\":[{\"@type\":\"ListItem\",\"position\":1,\"name\":\"In\u00edcio\",\"item\":\"https:\/\/www.blogsoestado.com\/danielmatos\/\"},{\"@type\":\"ListItem\",\"position\":2,\"name\":\"Assembleia aprova mais um projeto de Wellington em defesa de portadores de defici\u00eancia\"}]},{\"@type\":\"WebSite\",\"@id\":\"https:\/\/www.blogsoestado.com\/danielmatos\/#website\",\"url\":\"https:\/\/www.blogsoestado.com\/danielmatos\/\",\"name\":\"Daniel Matos\",\"description\":\"\",\"potentialAction\":[{\"@type\":\"SearchAction\",\"target\":{\"@type\":\"EntryPoint\",\"urlTemplate\":\"https:\/\/www.blogsoestado.com\/danielmatos\/?s={search_term_string}\"},\"query-input\":{\"@type\":\"PropertyValueSpecification\",\"valueRequired\":true,\"valueName\":\"search_term_string\"}}],\"inLanguage\":\"pt-BR\"}]}<\/script>\n<!-- \/ Yoast SEO plugin. -->","yoast_head_json":{"title":"Assembleia aprova mais um projeto de Wellington em defesa de portadores de defici\u00eancia - Daniel Matos","robots":{"index":"index","follow":"follow","max-snippet":"max-snippet:-1","max-image-preview":"max-image-preview:large","max-video-preview":"max-video-preview:-1"},"canonical":"https:\/\/www.blogsoestado.com\/danielmatos\/assembleia-aprova-mais-um-projeto-de-wellington-em-defesa-de-portadores-de-deficiencia\/","og_locale":"pt_BR","og_type":"article","og_title":"Assembleia aprova mais um projeto de Wellington em defesa de portadores de defici\u00eancia - Daniel Matos","og_description":"O Projeto de Lei 80\/2017, de autoria do deputado Wellington do Curso (PSDB) foi aprovado pela Assembleia Legislativa do Maranh\u00e3o [&hellip;]","og_url":"https:\/\/www.blogsoestado.com\/danielmatos\/assembleia-aprova-mais-um-projeto-de-wellington-em-defesa-de-portadores-de-deficiencia\/","og_site_name":"Daniel Matos","article_published_time":"2018-05-07T22:00:03+00:00","og_image":[{"url":"https:\/\/www.blogsoestado.com\/danielmatos\/files\/2018\/05\/w-cadeirante.jpg","type":"","width":"","height":""}],"twitter_card":"summary_large_image","twitter_misc":{"Est. tempo de leitura":"2 minutos"},"schema":{"@context":"https:\/\/schema.org","@graph":[{"@type":"WebPage","@id":"https:\/\/www.blogsoestado.com\/danielmatos\/assembleia-aprova-mais-um-projeto-de-wellington-em-defesa-de-portadores-de-deficiencia\/","url":"https:\/\/www.blogsoestado.com\/danielmatos\/assembleia-aprova-mais-um-projeto-de-wellington-em-defesa-de-portadores-de-deficiencia\/","name":"Assembleia aprova mais um projeto de Wellington em defesa de portadores de defici\u00eancia - Daniel Matos","isPartOf":{"@id":"https:\/\/www.blogsoestado.com\/danielmatos\/#website"},"primaryImageOfPage":{"@id":"https:\/\/www.blogsoestado.com\/danielmatos\/assembleia-aprova-mais-um-projeto-de-wellington-em-defesa-de-portadores-de-deficiencia\/#primaryimage"},"image":{"@id":"https:\/\/www.blogsoestado.com\/danielmatos\/assembleia-aprova-mais-um-projeto-de-wellington-em-defesa-de-portadores-de-deficiencia\/#primaryimage"},"thumbnailUrl":"https:\/\/www.blogsoestado.com\/danielmatos\/files\/2018\/05\/w-cadeirante.jpg","datePublished":"2018-05-07T22:00:03+00:00","author":{"@id":""},"breadcrumb":{"@id":"https:\/\/www.blogsoestado.com\/danielmatos\/assembleia-aprova-mais-um-projeto-de-wellington-em-defesa-de-portadores-de-deficiencia\/#breadcrumb"},"inLanguage":"pt-BR","potentialAction":[{"@type":"ReadAction","target":["https:\/\/www.blogsoestado.com\/danielmatos\/assembleia-aprova-mais-um-projeto-de-wellington-em-defesa-de-portadores-de-deficiencia\/"]}]},{"@type":"ImageObject","inLanguage":"pt-BR","@id":"https:\/\/www.blogsoestado.com\/danielmatos\/assembleia-aprova-mais-um-projeto-de-wellington-em-defesa-de-portadores-de-deficiencia\/#primaryimage","url":"https:\/\/www.blogsoestado.com\/danielmatos\/files\/2018\/05\/w-cadeirante.jpg","contentUrl":"https:\/\/www.blogsoestado.com\/danielmatos\/files\/2018\/05\/w-cadeirante.jpg"},{"@type":"BreadcrumbList","@id":"https:\/\/www.blogsoestado.com\/danielmatos\/assembleia-aprova-mais-um-projeto-de-wellington-em-defesa-de-portadores-de-deficiencia\/#breadcrumb","itemListElement":[{"@type":"ListItem","position":1,"name":"In\u00edcio","item":"https:\/\/www.blogsoestado.com\/danielmatos\/"},{"@type":"ListItem","position":2,"name":"Assembleia aprova mais um projeto de Wellington em defesa de portadores de defici\u00eancia"}]},{"@type":"WebSite","@id":"https:\/\/www.blogsoestado.com\/danielmatos\/#website","url":"https:\/\/www.blogsoestado.com\/danielmatos\/","name":"Daniel Matos","description":"","potentialAction":[{"@type":"SearchAction","target":{"@type":"EntryPoint","urlTemplate":"https:\/\/www.blogsoestado.com\/danielmatos\/?s={search_term_string}"},"query-input":{"@type":"PropertyValueSpecification","valueRequired":true,"valueName":"search_term_string"}}],"inLanguage":"pt-BR"}]}},"jetpack_featured_media_url":"","_links":{"self":[{"href":"https:\/\/www.blogsoestado.com\/danielmatos\/wp-json\/wp\/v2\/posts\/51079","targetHints":{"allow":["GET"]}}],"collection":[{"href":"https:\/\/www.blogsoestado.com\/danielmatos\/wp-json\/wp\/v2\/posts"}],"about":[{"href":"https:\/\/www.blogsoestado.com\/danielmatos\/wp-json\/wp\/v2\/types\/post"}],"replies":[{"embeddable":true,"href":"https:\/\/www.blogsoestado.com\/danielmatos\/wp-json\/wp\/v2\/comments?post=51079"}],"version-history":[{"count":0,"href":"https:\/\/www.blogsoestado.com\/danielmatos\/wp-json\/wp\/v2\/posts\/51079\/revisions"}],"wp:attachment":[{"href":"https:\/\/www.blogsoestado.com\/danielmatos\/wp-json\/wp\/v2\/media?parent=51079"}],"wp:term":[{"taxonomy":"category","embeddable":true,"href":"https:\/\/www.blogsoestado.com\/danielmatos\/wp-json\/wp\/v2\/categories?post=51079"},{"taxonomy":"post_tag","embeddable":true,"href":"https:\/\/www.blogsoestado.com\/danielmatos\/wp-json\/wp\/v2\/tags?post=51079"}],"curies":[{"name":"wp","href":"https:\/\/api.w.org\/{rel}","templated":true}]}}