{"id":51088,"date":"2018-05-08T08:56:51","date_gmt":"2018-05-08T11:56:51","guid":{"rendered":"https:\/\/www.blogsoestado.com\/danielmatos\/?p=51088"},"modified":"2018-05-08T08:56:51","modified_gmt":"2018-05-08T11:56:51","slug":"iohannes-o-imperador-faz-show-em-sao-luis","status":"publish","type":"post","link":"https:\/\/www.blogsoestado.com\/danielmatos\/iohannes-o-imperador-faz-show-em-sao-luis\/","title":{"rendered":"Iohannes, o Imperador, faz show em S\u00e3o Lu\u00eds"},"content":{"rendered":"<p><img fetchpriority=\"high\" decoding=\"async\" class=\"aligncenter size-full wp-image-51089\" src=\"https:\/\/www.blogsoestado.com\/danielmatos\/files\/2018\/05\/iohanes.jpg\" alt=\"\" width=\"480\" height=\"600\" \/><\/p>\n<p>Dia 11 de maio, sexta-feira, tem mais um mega show na Allure. Vem a\u00ed Iohannes, O Imperador. E a festa n\u00e3o para por a\u00ed, Bruno Shinoda e Dj Rog\u00e9rio Mix v\u00e3o agitam com tudo na mais nova casa de show de S\u00e3o Lu\u00eds, ALLURE. Localizada em um local privilegiado (Rua dos Ma\u00e7aricos, N\u00ba 215 \u2013 Lagoa da Jansen, pr\u00f3ximo antigo Salom\u00e9 Bar). O empreendimento dos s\u00f3cios J\u00fanior Sales e Leandro Costa.<\/p>\n<p>Allure \u00e9 uma casa de show diferenciada, com capacidade para 1.000 pessoas, toda climatizada. A casa possui sistema ac\u00fastico, excelente estrutura de palco, som, ilumina\u00e7\u00e3o, equipe treinada para melhor atender ao p\u00fablico exclusivo da Ilha, proposta de inova\u00e7\u00e3o, requinte, eleg\u00e2ncia e sofistica\u00e7\u00e3o reunidos em um s\u00f3 lugar. Allure, um novo conceito de casa de show Vip chega na Ilha do amor e voc\u00ea escolhe o melhor local onde se divertir: Pista, camarote e lounge.<\/p>\n<p><strong>Iohannes<\/strong><\/p>\n<p>O cantor Iohannes Cavalcanti nasceu na cidade de Campina Grande\/PB e tem as suas ra\u00edzes no aut\u00eantico forr\u00f3. Sua carreira come\u00e7ou na Banda Forr\u00f3 3&#215;4, em sua cidade natal, e logo em seguida assumiu a frente do Forr\u00f3 da Curti\u00e7\u00e3o, lan\u00e7ando sucessos como \u201cSegunda-feira n\u00e3o \u00e9 dia de beber\u201d, \u201cVai no cavalinho\u201d e outros. H\u00e1 dois anos, Iohannes investe em sua carreira solo.<\/p>\n<p>O Imperador, como \u00e9 conhecido, se destaca com uma \u201cpegada\u201d diferente e conquista o p\u00fablico por onde passa. Com mais de 300 f\u00e3-clubes espalhados pelo Brasil, Iohannes concentra uma legi\u00e3o de f\u00e3s.<\/p>\n<p>Conquistando a admira\u00e7\u00e3o do p\u00fablico do Nordeste e o respeito de artistas consagrados, Iohannes j\u00e1 teve astros como Wesley Safad\u00e3o, Israel Novaes, Cl\u00e1udia Leite, L\u00e9o Rodrigues, Avi\u00f5es do Forr\u00f3, L\u00e9o Santana e Gasparzinho interpretando suas m\u00fasicas. Entre seus sucessos mais conhecidos est\u00e3o \u00e0s can\u00e7\u00f5es \u201cAmarelinho Azul\u201d, gravado em Goi\u00e2nia com participa\u00e7\u00e3o de Israel Novaes, \u201cLouco por Ela\u201d, \u201cF\u00e9rias em Las Vegas\u201d, \u201cO Lobo\u201d, \u201cA Not\u00edcia do Momento\u201d, \u201cO Imperador\u201d e \u201cAcidente de Amor\u201d.<\/p>\n<p>J\u00e1 a m\u00fasica \u201cChupando o Dedo\u201d, sucesso de cr\u00edtica e p\u00fablico, entra para a lista das mais tocadas nas r\u00e1dios de Fortaleza em 2015, com a marca de mais de 200 mil downloads e \u00e9 considerada repert\u00f3rio de grandes bandas de forr\u00f3 do Nordeste. Atualmente, sua aposta \u00e9 o novo single \u201cMetade do Papai\u201d que est\u00e1 dispon\u00edvel para download no site suamusica.com.<\/p>\n<p>Hoje, o cantor est\u00e1 na estrada trabalhando as m\u00fasicas \u201cMetade do papai\u201d, \u201cEle n\u00e3o merece voc\u00ea\u201d e o novo CD, com 3 m\u00fasicas in\u00e9ditas. O \u00e1lbum, lan\u00e7ado em 14 de mar\u00e7o de 2016, j\u00e1 se aproxima da marca de 130 mil downloads.<\/p>\n<p>No mundo dos grandes eventos, o m\u00fasico j\u00e1 comandou show no S\u00e3o do Jo\u00e3o de Campina Grande 2015, um dos maiores festejos juninos do Brasil. Na virada de 2016, Iohannes dividiu o palco com Luan Santana, Wesley Safad\u00e3o, Ra\u00e7a Negra e Biquini Cavad\u00e3o no R\u00e9veillon de Fortaleza, o segundo maior do Brasil, que recebeu mais de 1 milh\u00e3o de pessoas. O artista tamb\u00e9m j\u00e1 participou da abertura do show da cantora baiana Ivete Sangalo, onde teve recorde de p\u00fablico, na Arena Castel\u00e3o.<\/p>\n<p>No Palco MP3, Iohannes j\u00e1 atingiu a marca de 1 milh\u00e3o e 600 mil players. <strong>Assista a clipe:<\/strong><\/p>\n<div class=\"ast-oembed-container \" style=\"height: 100%;\"><iframe title=\"Iohannes Imperador - DVD Ao Vivo em Fortaleza-CE\" width=\"500\" height=\"281\" src=\"https:\/\/www.youtube.com\/embed\/aJsuoibBW2w?feature=oembed\" frameborder=\"0\" allow=\"accelerometer; autoplay; clipboard-write; encrypted-media; gyroscope; picture-in-picture; web-share\" referrerpolicy=\"strict-origin-when-cross-origin\" allowfullscreen><\/iframe><\/div>\n<p>Jovem e carism\u00e1tico, com 27 anos, Iohannes chama aten\u00e7\u00e3o pelo visual &#8211; caracterizado pelos cabelos longos e pela voz imponente, e une talento e simpatia em apresenta\u00e7\u00f5es que conquistam cada vez mais f\u00e3s pelo Brasil.<\/p>\n<p>Acesse nossas redes sociais e fique por dentro da programa\u00e7\u00e3o e informa\u00e7\u00f5es da \u201cALLLURE\u201d.<\/p>\n<p>Instagram: @allure_slz<\/p>\n<p>#somostodosallure<\/p>\n<p>Allure, sua nova casa de show com o luxo e o conforto que voc\u00ea merece.<\/p>\n<p><strong>Servi\u00e7o:<\/strong><\/p>\n<p><strong>O que?<\/strong> Show Iohannes<\/p>\n<p><strong>Quando?<\/strong> Sexta-feira 11 de maio<\/p>\n<p><strong>Hor\u00e1rio?<\/strong> 22h<\/p>\n<p><strong>Onde?<\/strong> ALLURE (Lagoa da Jansen, pr\u00f3ximo antigo Salom\u00e9 Bar)<\/p>\n<p><strong>Quanto?<\/strong><\/p>\n<p>Primeiro Lote<\/p>\n<p>R$ 40,00 Pista<\/p>\n<p>Meia 20,00<\/p>\n<p>R$ 60,00 Lounge<\/p>\n<p>Meia 30,00 Pista<\/p>\n<p><strong>Reservas Camarote para at\u00e9 15 pessoas, informa\u00e7\u00f5es:<\/strong><\/p>\n<p>(98) 98263-49 82<\/p>\n<p>(98) 99101-73 01<\/p>\n<p><strong>Atra\u00e7\u00f5es: Show Iohannes, Bruno Shinoda e Dj Rog\u00e9rio Mix<\/strong><\/p>\n<p>Hor\u00e1rio: 22h<\/p>\n<p>Pontos de venda antecipados:<\/p>\n<p>Bilheteria Digital do: Shopping da Ilha, Rio Anil Shopping e Rio Poty Hotel<\/p>\n<p>A\u00e7a\u00ed Sunset: Shopping da Ilha, Ponta D\u2019 Areia, Parque Shalon, Rio Anil Shopping e Tropical Shopping.<\/p>\n<p><strong>Reservas e Informa\u00e7\u00f5es:<\/strong><\/p>\n<p>(98) 98263-49 82<\/p>\n<p>(98) 99101-73 01<\/p>\n<p>Realiza\u00e7\u00e3o: Allure (J\u00fanior Sales e Leandro Costa) e Jr Sales Produ\u00e7\u00f5es.<\/p>\n<p>Assessoria: Rita Matos Assessoria de Imprensa e Comunica\u00e7\u00e3o<\/p>\n","protected":false},"excerpt":{"rendered":"<p>Dia 11 de maio, sexta-feira, tem mais um mega show na Allure. Vem a\u00ed Iohannes, O Imperador. E a festa [&hellip;]<\/p>\n","protected":false},"author":0,"featured_media":0,"comment_status":"open","ping_status":"open","sticky":false,"template":"","format":"standard","meta":{"site-sidebar-layout":"default","site-content-layout":"","ast-site-content-layout":"default","site-content-style":"default","site-sidebar-style":"default","ast-global-header-display":"","ast-banner-title-visibility":"","ast-main-header-display":"","ast-hfb-above-header-display":"","ast-hfb-below-header-display":"","ast-hfb-mobile-header-display":"","site-post-title":"","ast-breadcrumbs-content":"","ast-featured-img":"","footer-sml-layout":"","ast-disable-related-posts":"","theme-transparent-header-meta":"","adv-header-id-meta":"","stick-header-meta":"","header-above-stick-meta":"","header-main-stick-meta":"","header-below-stick-meta":"","astra-migrate-meta-layouts":"default","ast-page-background-enabled":"default","ast-page-background-meta":{"desktop":{"background-color":"var(--ast-global-color-5)","background-image":"","background-repeat":"repeat","background-position":"center center","background-size":"auto","background-attachment":"scroll","background-type":"","background-media":"","overlay-type":"","overlay-color":"","overlay-opacity":"","overlay-gradient":""},"tablet":{"background-color":"","background-image":"","background-repeat":"repeat","background-position":"center center","background-size":"auto","background-attachment":"scroll","background-type":"","background-media":"","overlay-type":"","overlay-color":"","overlay-opacity":"","overlay-gradient":""},"mobile":{"background-color":"","background-image":"","background-repeat":"repeat","background-position":"center center","background-size":"auto","background-attachment":"scroll","background-type":"","background-media":"","overlay-type":"","overlay-color":"","overlay-opacity":"","overlay-gradient":""}},"ast-content-background-meta":{"desktop":{"background-color":"var(--ast-global-color-4)","background-image":"","background-repeat":"repeat","background-position":"center center","background-size":"auto","background-attachment":"scroll","background-type":"","background-media":"","overlay-type":"","overlay-color":"","overlay-opacity":"","overlay-gradient":""},"tablet":{"background-color":"var(--ast-global-color-4)","background-image":"","background-repeat":"repeat","background-position":"center center","background-size":"auto","background-attachment":"scroll","background-type":"","background-media":"","overlay-type":"","overlay-color":"","overlay-opacity":"","overlay-gradient":""},"mobile":{"background-color":"var(--ast-global-color-4)","background-image":"","background-repeat":"repeat","background-position":"center center","background-size":"auto","background-attachment":"scroll","background-type":"","background-media":"","overlay-type":"","overlay-color":"","overlay-opacity":"","overlay-gradient":""}},"footnotes":""},"categories":[1],"tags":[],"class_list":["post-51088","post","type-post","status-publish","format-standard","hentry","category-sem-categoria"],"yoast_head":"<!-- This site is optimized with the Yoast SEO plugin v26.6 - https:\/\/yoast.com\/wordpress\/plugins\/seo\/ -->\n<title>Iohannes, o Imperador, faz show em S\u00e3o Lu\u00eds - Daniel Matos<\/title>\n<meta name=\"robots\" content=\"index, follow, max-snippet:-1, max-image-preview:large, max-video-preview:-1\" \/>\n<link rel=\"canonical\" href=\"https:\/\/www.blogsoestado.com\/danielmatos\/iohannes-o-imperador-faz-show-em-sao-luis\/\" \/>\n<meta property=\"og:locale\" content=\"pt_BR\" \/>\n<meta property=\"og:type\" content=\"article\" \/>\n<meta property=\"og:title\" content=\"Iohannes, o Imperador, faz show em S\u00e3o Lu\u00eds - Daniel Matos\" \/>\n<meta property=\"og:description\" content=\"Dia 11 de maio, sexta-feira, tem mais um mega show na Allure. Vem a\u00ed Iohannes, O Imperador. E a festa [&hellip;]\" \/>\n<meta property=\"og:url\" content=\"https:\/\/www.blogsoestado.com\/danielmatos\/iohannes-o-imperador-faz-show-em-sao-luis\/\" \/>\n<meta property=\"og:site_name\" content=\"Daniel Matos\" \/>\n<meta property=\"article:published_time\" content=\"2018-05-08T11:56:51+00:00\" \/>\n<meta property=\"og:image\" content=\"https:\/\/www.blogsoestado.com\/danielmatos\/files\/2018\/05\/iohanes.jpg\" \/>\n<meta name=\"twitter:card\" content=\"summary_large_image\" \/>\n<meta name=\"twitter:label1\" content=\"Est. tempo de leitura\" \/>\n\t<meta name=\"twitter:data1\" content=\"4 minutos\" \/>\n<script type=\"application\/ld+json\" class=\"yoast-schema-graph\">{\"@context\":\"https:\/\/schema.org\",\"@graph\":[{\"@type\":\"WebPage\",\"@id\":\"https:\/\/www.blogsoestado.com\/danielmatos\/iohannes-o-imperador-faz-show-em-sao-luis\/\",\"url\":\"https:\/\/www.blogsoestado.com\/danielmatos\/iohannes-o-imperador-faz-show-em-sao-luis\/\",\"name\":\"Iohannes, o Imperador, faz show em S\u00e3o Lu\u00eds - Daniel Matos\",\"isPartOf\":{\"@id\":\"https:\/\/www.blogsoestado.com\/danielmatos\/#website\"},\"primaryImageOfPage\":{\"@id\":\"https:\/\/www.blogsoestado.com\/danielmatos\/iohannes-o-imperador-faz-show-em-sao-luis\/#primaryimage\"},\"image\":{\"@id\":\"https:\/\/www.blogsoestado.com\/danielmatos\/iohannes-o-imperador-faz-show-em-sao-luis\/#primaryimage\"},\"thumbnailUrl\":\"https:\/\/www.blogsoestado.com\/danielmatos\/files\/2018\/05\/iohanes.jpg\",\"datePublished\":\"2018-05-08T11:56:51+00:00\",\"author\":{\"@id\":\"\"},\"breadcrumb\":{\"@id\":\"https:\/\/www.blogsoestado.com\/danielmatos\/iohannes-o-imperador-faz-show-em-sao-luis\/#breadcrumb\"},\"inLanguage\":\"pt-BR\",\"potentialAction\":[{\"@type\":\"ReadAction\",\"target\":[\"https:\/\/www.blogsoestado.com\/danielmatos\/iohannes-o-imperador-faz-show-em-sao-luis\/\"]}]},{\"@type\":\"ImageObject\",\"inLanguage\":\"pt-BR\",\"@id\":\"https:\/\/www.blogsoestado.com\/danielmatos\/iohannes-o-imperador-faz-show-em-sao-luis\/#primaryimage\",\"url\":\"https:\/\/www.blogsoestado.com\/danielmatos\/files\/2018\/05\/iohanes.jpg\",\"contentUrl\":\"https:\/\/www.blogsoestado.com\/danielmatos\/files\/2018\/05\/iohanes.jpg\"},{\"@type\":\"BreadcrumbList\",\"@id\":\"https:\/\/www.blogsoestado.com\/danielmatos\/iohannes-o-imperador-faz-show-em-sao-luis\/#breadcrumb\",\"itemListElement\":[{\"@type\":\"ListItem\",\"position\":1,\"name\":\"In\u00edcio\",\"item\":\"https:\/\/www.blogsoestado.com\/danielmatos\/\"},{\"@type\":\"ListItem\",\"position\":2,\"name\":\"Iohannes, o Imperador, faz show em S\u00e3o Lu\u00eds\"}]},{\"@type\":\"WebSite\",\"@id\":\"https:\/\/www.blogsoestado.com\/danielmatos\/#website\",\"url\":\"https:\/\/www.blogsoestado.com\/danielmatos\/\",\"name\":\"Daniel Matos\",\"description\":\"\",\"potentialAction\":[{\"@type\":\"SearchAction\",\"target\":{\"@type\":\"EntryPoint\",\"urlTemplate\":\"https:\/\/www.blogsoestado.com\/danielmatos\/?s={search_term_string}\"},\"query-input\":{\"@type\":\"PropertyValueSpecification\",\"valueRequired\":true,\"valueName\":\"search_term_string\"}}],\"inLanguage\":\"pt-BR\"}]}<\/script>\n<!-- \/ Yoast SEO plugin. -->","yoast_head_json":{"title":"Iohannes, o Imperador, faz show em S\u00e3o Lu\u00eds - Daniel Matos","robots":{"index":"index","follow":"follow","max-snippet":"max-snippet:-1","max-image-preview":"max-image-preview:large","max-video-preview":"max-video-preview:-1"},"canonical":"https:\/\/www.blogsoestado.com\/danielmatos\/iohannes-o-imperador-faz-show-em-sao-luis\/","og_locale":"pt_BR","og_type":"article","og_title":"Iohannes, o Imperador, faz show em S\u00e3o Lu\u00eds - Daniel Matos","og_description":"Dia 11 de maio, sexta-feira, tem mais um mega show na Allure. Vem a\u00ed Iohannes, O Imperador. E a festa [&hellip;]","og_url":"https:\/\/www.blogsoestado.com\/danielmatos\/iohannes-o-imperador-faz-show-em-sao-luis\/","og_site_name":"Daniel Matos","article_published_time":"2018-05-08T11:56:51+00:00","og_image":[{"url":"https:\/\/www.blogsoestado.com\/danielmatos\/files\/2018\/05\/iohanes.jpg","type":"","width":"","height":""}],"twitter_card":"summary_large_image","twitter_misc":{"Est. tempo de leitura":"4 minutos"},"schema":{"@context":"https:\/\/schema.org","@graph":[{"@type":"WebPage","@id":"https:\/\/www.blogsoestado.com\/danielmatos\/iohannes-o-imperador-faz-show-em-sao-luis\/","url":"https:\/\/www.blogsoestado.com\/danielmatos\/iohannes-o-imperador-faz-show-em-sao-luis\/","name":"Iohannes, o Imperador, faz show em S\u00e3o Lu\u00eds - Daniel Matos","isPartOf":{"@id":"https:\/\/www.blogsoestado.com\/danielmatos\/#website"},"primaryImageOfPage":{"@id":"https:\/\/www.blogsoestado.com\/danielmatos\/iohannes-o-imperador-faz-show-em-sao-luis\/#primaryimage"},"image":{"@id":"https:\/\/www.blogsoestado.com\/danielmatos\/iohannes-o-imperador-faz-show-em-sao-luis\/#primaryimage"},"thumbnailUrl":"https:\/\/www.blogsoestado.com\/danielmatos\/files\/2018\/05\/iohanes.jpg","datePublished":"2018-05-08T11:56:51+00:00","author":{"@id":""},"breadcrumb":{"@id":"https:\/\/www.blogsoestado.com\/danielmatos\/iohannes-o-imperador-faz-show-em-sao-luis\/#breadcrumb"},"inLanguage":"pt-BR","potentialAction":[{"@type":"ReadAction","target":["https:\/\/www.blogsoestado.com\/danielmatos\/iohannes-o-imperador-faz-show-em-sao-luis\/"]}]},{"@type":"ImageObject","inLanguage":"pt-BR","@id":"https:\/\/www.blogsoestado.com\/danielmatos\/iohannes-o-imperador-faz-show-em-sao-luis\/#primaryimage","url":"https:\/\/www.blogsoestado.com\/danielmatos\/files\/2018\/05\/iohanes.jpg","contentUrl":"https:\/\/www.blogsoestado.com\/danielmatos\/files\/2018\/05\/iohanes.jpg"},{"@type":"BreadcrumbList","@id":"https:\/\/www.blogsoestado.com\/danielmatos\/iohannes-o-imperador-faz-show-em-sao-luis\/#breadcrumb","itemListElement":[{"@type":"ListItem","position":1,"name":"In\u00edcio","item":"https:\/\/www.blogsoestado.com\/danielmatos\/"},{"@type":"ListItem","position":2,"name":"Iohannes, o Imperador, faz show em S\u00e3o Lu\u00eds"}]},{"@type":"WebSite","@id":"https:\/\/www.blogsoestado.com\/danielmatos\/#website","url":"https:\/\/www.blogsoestado.com\/danielmatos\/","name":"Daniel Matos","description":"","potentialAction":[{"@type":"SearchAction","target":{"@type":"EntryPoint","urlTemplate":"https:\/\/www.blogsoestado.com\/danielmatos\/?s={search_term_string}"},"query-input":{"@type":"PropertyValueSpecification","valueRequired":true,"valueName":"search_term_string"}}],"inLanguage":"pt-BR"}]}},"jetpack_featured_media_url":"","_links":{"self":[{"href":"https:\/\/www.blogsoestado.com\/danielmatos\/wp-json\/wp\/v2\/posts\/51088","targetHints":{"allow":["GET"]}}],"collection":[{"href":"https:\/\/www.blogsoestado.com\/danielmatos\/wp-json\/wp\/v2\/posts"}],"about":[{"href":"https:\/\/www.blogsoestado.com\/danielmatos\/wp-json\/wp\/v2\/types\/post"}],"replies":[{"embeddable":true,"href":"https:\/\/www.blogsoestado.com\/danielmatos\/wp-json\/wp\/v2\/comments?post=51088"}],"version-history":[{"count":0,"href":"https:\/\/www.blogsoestado.com\/danielmatos\/wp-json\/wp\/v2\/posts\/51088\/revisions"}],"wp:attachment":[{"href":"https:\/\/www.blogsoestado.com\/danielmatos\/wp-json\/wp\/v2\/media?parent=51088"}],"wp:term":[{"taxonomy":"category","embeddable":true,"href":"https:\/\/www.blogsoestado.com\/danielmatos\/wp-json\/wp\/v2\/categories?post=51088"},{"taxonomy":"post_tag","embeddable":true,"href":"https:\/\/www.blogsoestado.com\/danielmatos\/wp-json\/wp\/v2\/tags?post=51088"}],"curies":[{"name":"wp","href":"https:\/\/api.w.org\/{rel}","templated":true}]}}