{"id":51092,"date":"2018-05-08T10:17:33","date_gmt":"2018-05-08T13:17:33","guid":{"rendered":"https:\/\/www.blogsoestado.com\/danielmatos\/?p=51092"},"modified":"2018-05-08T10:17:33","modified_gmt":"2018-05-08T13:17:33","slug":"urbanitarios-posicionam-caixoes-no-portao-da-caema-em-protesto-contra-excesso-de-cargos-comissionados","status":"publish","type":"post","link":"https:\/\/www.blogsoestado.com\/danielmatos\/urbanitarios-posicionam-caixoes-no-portao-da-caema-em-protesto-contra-excesso-de-cargos-comissionados\/","title":{"rendered":"Urbanit\u00e1rios posicionam caix\u00f5es no port\u00e3o da Caema em protesto contra excesso de cargos comissionados"},"content":{"rendered":"<figure id=\"attachment_51093\" aria-describedby=\"caption-attachment-51093\" style=\"width: 640px\" class=\"wp-caption aligncenter\"><img fetchpriority=\"high\" decoding=\"async\" class=\"size-full wp-image-51093\" src=\"https:\/\/www.blogsoestado.com\/danielmatos\/files\/2018\/05\/caixao-caema.jpg\" alt=\"\" width=\"640\" height=\"359\" \/><figcaption id=\"caption-attachment-51093\" class=\"wp-caption-text\">Caix\u00f5es foram posicionados em frente ao port\u00e3o da Caema em sinal de protesto contra nega\u00e7\u00e3o\u00a0<\/figcaption><\/figure>\n<p>O Sindicato dos Urbanit\u00e1rios realiza, desde o in\u00edcio da manh\u00e3, um protesto em frente \u00e0 sede da Companhia de Saneamento Ambiental (Caema), na Rua Silva Jardim, no Centro, para reivindicar direitos trabalhistas e protestar contra abusos e arbitrariedades que estariam sendo cometidos pelo governo Fl\u00e1vio Dino (PCdoB).\u00a0Os manifestantes posicionaram dois caix\u00f5es na entrada da empresa em sinal de protesto contra o que chamam de descaso para com a categoria.<\/p>\n<p>Um grupo de sindicalistas, com apoio de servidores da estatal, concentrou-se em frente ao port\u00e3o principal da companhia para reivindicar o pagamentos dos t\u00edquetes-alimenta\u00e7\u00e3o, que est\u00e1 atrasado, e a reativa\u00e7\u00e3o do plano de sa\u00fade, cortado, sem perspectiva de retorno.<\/p>\n<p><strong>Comissionados<\/strong><\/p>\n<p>O sindicato denuncia o n\u00famero excessivo de servidores ocupantes de cargos comissionados na Caema nomeados pelo atual governo. Segundo levantamento feito pela entidade, 108 pessoas sem qualquer v\u00ednculo com a companhia, a maioria apadrinhados pelos comunistas, foram lotados na empresa, transformada, segundo os denunciantes, em verdadeiro cabide de empregos.<\/p>\n<p>Os manifestantes programaram para a manh\u00e3 de hoje uma assembleia geral, em frente ao port\u00e3o da Caema, para deliberar sobre as novas estrat\u00e9gias de mobiliza\u00e7\u00e3o. Os sindicalistas amea\u00e7am fazer uma passeata at\u00e9 o Pal\u00e1cio dos Le\u00f5es, caso n\u00e3o tenham suas reivindica\u00e7\u00f5es atendidas.<\/p>\n<p>Seria uma esp\u00e9cie de cortejo p\u00fablico simb\u00f3lico para posicionar os caix\u00f5es em frente \u00e0 sede administrativa do governo e resid\u00eancia oficial do governador.<\/p>\n","protected":false},"excerpt":{"rendered":"<p>O Sindicato dos Urbanit\u00e1rios realiza, desde o in\u00edcio da manh\u00e3, um protesto em frente \u00e0 sede da Companhia de Saneamento [&hellip;]<\/p>\n","protected":false},"author":0,"featured_media":0,"comment_status":"open","ping_status":"open","sticky":false,"template":"","format":"standard","meta":{"site-sidebar-layout":"default","site-content-layout":"","ast-site-content-layout":"default","site-content-style":"default","site-sidebar-style":"default","ast-global-header-display":"","ast-banner-title-visibility":"","ast-main-header-display":"","ast-hfb-above-header-display":"","ast-hfb-below-header-display":"","ast-hfb-mobile-header-display":"","site-post-title":"","ast-breadcrumbs-content":"","ast-featured-img":"","footer-sml-layout":"","ast-disable-related-posts":"","theme-transparent-header-meta":"","adv-header-id-meta":"","stick-header-meta":"","header-above-stick-meta":"","header-main-stick-meta":"","header-below-stick-meta":"","astra-migrate-meta-layouts":"default","ast-page-background-enabled":"default","ast-page-background-meta":{"desktop":{"background-color":"var(--ast-global-color-5)","background-image":"","background-repeat":"repeat","background-position":"center center","background-size":"auto","background-attachment":"scroll","background-type":"","background-media":"","overlay-type":"","overlay-color":"","overlay-opacity":"","overlay-gradient":""},"tablet":{"background-color":"","background-image":"","background-repeat":"repeat","background-position":"center center","background-size":"auto","background-attachment":"scroll","background-type":"","background-media":"","overlay-type":"","overlay-color":"","overlay-opacity":"","overlay-gradient":""},"mobile":{"background-color":"","background-image":"","background-repeat":"repeat","background-position":"center center","background-size":"auto","background-attachment":"scroll","background-type":"","background-media":"","overlay-type":"","overlay-color":"","overlay-opacity":"","overlay-gradient":""}},"ast-content-background-meta":{"desktop":{"background-color":"var(--ast-global-color-4)","background-image":"","background-repeat":"repeat","background-position":"center center","background-size":"auto","background-attachment":"scroll","background-type":"","background-media":"","overlay-type":"","overlay-color":"","overlay-opacity":"","overlay-gradient":""},"tablet":{"background-color":"var(--ast-global-color-4)","background-image":"","background-repeat":"repeat","background-position":"center center","background-size":"auto","background-attachment":"scroll","background-type":"","background-media":"","overlay-type":"","overlay-color":"","overlay-opacity":"","overlay-gradient":""},"mobile":{"background-color":"var(--ast-global-color-4)","background-image":"","background-repeat":"repeat","background-position":"center center","background-size":"auto","background-attachment":"scroll","background-type":"","background-media":"","overlay-type":"","overlay-color":"","overlay-opacity":"","overlay-gradient":""}},"footnotes":""},"categories":[1],"tags":[],"class_list":["post-51092","post","type-post","status-publish","format-standard","hentry","category-sem-categoria"],"yoast_head":"<!-- This site is optimized with the Yoast SEO plugin v26.6 - https:\/\/yoast.com\/wordpress\/plugins\/seo\/ -->\n<title>Urbanit\u00e1rios posicionam caix\u00f5es no port\u00e3o da Caema em protesto contra excesso de cargos comissionados - Daniel Matos<\/title>\n<meta name=\"robots\" content=\"index, follow, max-snippet:-1, max-image-preview:large, max-video-preview:-1\" \/>\n<link rel=\"canonical\" href=\"https:\/\/www.blogsoestado.com\/danielmatos\/urbanitarios-posicionam-caixoes-no-portao-da-caema-em-protesto-contra-excesso-de-cargos-comissionados\/\" \/>\n<meta property=\"og:locale\" content=\"pt_BR\" \/>\n<meta property=\"og:type\" content=\"article\" \/>\n<meta property=\"og:title\" content=\"Urbanit\u00e1rios posicionam caix\u00f5es no port\u00e3o da Caema em protesto contra excesso de cargos comissionados - Daniel Matos\" \/>\n<meta property=\"og:description\" content=\"O Sindicato dos Urbanit\u00e1rios realiza, desde o in\u00edcio da manh\u00e3, um protesto em frente \u00e0 sede da Companhia de Saneamento [&hellip;]\" \/>\n<meta property=\"og:url\" content=\"https:\/\/www.blogsoestado.com\/danielmatos\/urbanitarios-posicionam-caixoes-no-portao-da-caema-em-protesto-contra-excesso-de-cargos-comissionados\/\" \/>\n<meta property=\"og:site_name\" content=\"Daniel Matos\" \/>\n<meta property=\"article:published_time\" content=\"2018-05-08T13:17:33+00:00\" \/>\n<meta property=\"og:image\" content=\"https:\/\/www.blogsoestado.com\/danielmatos\/files\/2018\/05\/caixao-caema.jpg\" \/>\n<meta name=\"twitter:card\" content=\"summary_large_image\" \/>\n<meta name=\"twitter:label1\" content=\"Est. tempo de leitura\" \/>\n\t<meta name=\"twitter:data1\" content=\"1 minuto\" \/>\n<script type=\"application\/ld+json\" class=\"yoast-schema-graph\">{\"@context\":\"https:\/\/schema.org\",\"@graph\":[{\"@type\":\"WebPage\",\"@id\":\"https:\/\/www.blogsoestado.com\/danielmatos\/urbanitarios-posicionam-caixoes-no-portao-da-caema-em-protesto-contra-excesso-de-cargos-comissionados\/\",\"url\":\"https:\/\/www.blogsoestado.com\/danielmatos\/urbanitarios-posicionam-caixoes-no-portao-da-caema-em-protesto-contra-excesso-de-cargos-comissionados\/\",\"name\":\"Urbanit\u00e1rios posicionam caix\u00f5es no port\u00e3o da Caema em protesto contra excesso de cargos comissionados - Daniel Matos\",\"isPartOf\":{\"@id\":\"https:\/\/www.blogsoestado.com\/danielmatos\/#website\"},\"primaryImageOfPage\":{\"@id\":\"https:\/\/www.blogsoestado.com\/danielmatos\/urbanitarios-posicionam-caixoes-no-portao-da-caema-em-protesto-contra-excesso-de-cargos-comissionados\/#primaryimage\"},\"image\":{\"@id\":\"https:\/\/www.blogsoestado.com\/danielmatos\/urbanitarios-posicionam-caixoes-no-portao-da-caema-em-protesto-contra-excesso-de-cargos-comissionados\/#primaryimage\"},\"thumbnailUrl\":\"https:\/\/www.blogsoestado.com\/danielmatos\/files\/2018\/05\/caixao-caema.jpg\",\"datePublished\":\"2018-05-08T13:17:33+00:00\",\"author\":{\"@id\":\"\"},\"breadcrumb\":{\"@id\":\"https:\/\/www.blogsoestado.com\/danielmatos\/urbanitarios-posicionam-caixoes-no-portao-da-caema-em-protesto-contra-excesso-de-cargos-comissionados\/#breadcrumb\"},\"inLanguage\":\"pt-BR\",\"potentialAction\":[{\"@type\":\"ReadAction\",\"target\":[\"https:\/\/www.blogsoestado.com\/danielmatos\/urbanitarios-posicionam-caixoes-no-portao-da-caema-em-protesto-contra-excesso-de-cargos-comissionados\/\"]}]},{\"@type\":\"ImageObject\",\"inLanguage\":\"pt-BR\",\"@id\":\"https:\/\/www.blogsoestado.com\/danielmatos\/urbanitarios-posicionam-caixoes-no-portao-da-caema-em-protesto-contra-excesso-de-cargos-comissionados\/#primaryimage\",\"url\":\"https:\/\/www.blogsoestado.com\/danielmatos\/files\/2018\/05\/caixao-caema.jpg\",\"contentUrl\":\"https:\/\/www.blogsoestado.com\/danielmatos\/files\/2018\/05\/caixao-caema.jpg\"},{\"@type\":\"BreadcrumbList\",\"@id\":\"https:\/\/www.blogsoestado.com\/danielmatos\/urbanitarios-posicionam-caixoes-no-portao-da-caema-em-protesto-contra-excesso-de-cargos-comissionados\/#breadcrumb\",\"itemListElement\":[{\"@type\":\"ListItem\",\"position\":1,\"name\":\"In\u00edcio\",\"item\":\"https:\/\/www.blogsoestado.com\/danielmatos\/\"},{\"@type\":\"ListItem\",\"position\":2,\"name\":\"Urbanit\u00e1rios posicionam caix\u00f5es no port\u00e3o da Caema em protesto contra excesso de cargos comissionados\"}]},{\"@type\":\"WebSite\",\"@id\":\"https:\/\/www.blogsoestado.com\/danielmatos\/#website\",\"url\":\"https:\/\/www.blogsoestado.com\/danielmatos\/\",\"name\":\"Daniel Matos\",\"description\":\"\",\"potentialAction\":[{\"@type\":\"SearchAction\",\"target\":{\"@type\":\"EntryPoint\",\"urlTemplate\":\"https:\/\/www.blogsoestado.com\/danielmatos\/?s={search_term_string}\"},\"query-input\":{\"@type\":\"PropertyValueSpecification\",\"valueRequired\":true,\"valueName\":\"search_term_string\"}}],\"inLanguage\":\"pt-BR\"}]}<\/script>\n<!-- \/ Yoast SEO plugin. -->","yoast_head_json":{"title":"Urbanit\u00e1rios posicionam caix\u00f5es no port\u00e3o da Caema em protesto contra excesso de cargos comissionados - Daniel Matos","robots":{"index":"index","follow":"follow","max-snippet":"max-snippet:-1","max-image-preview":"max-image-preview:large","max-video-preview":"max-video-preview:-1"},"canonical":"https:\/\/www.blogsoestado.com\/danielmatos\/urbanitarios-posicionam-caixoes-no-portao-da-caema-em-protesto-contra-excesso-de-cargos-comissionados\/","og_locale":"pt_BR","og_type":"article","og_title":"Urbanit\u00e1rios posicionam caix\u00f5es no port\u00e3o da Caema em protesto contra excesso de cargos comissionados - Daniel Matos","og_description":"O Sindicato dos Urbanit\u00e1rios realiza, desde o in\u00edcio da manh\u00e3, um protesto em frente \u00e0 sede da Companhia de Saneamento [&hellip;]","og_url":"https:\/\/www.blogsoestado.com\/danielmatos\/urbanitarios-posicionam-caixoes-no-portao-da-caema-em-protesto-contra-excesso-de-cargos-comissionados\/","og_site_name":"Daniel Matos","article_published_time":"2018-05-08T13:17:33+00:00","og_image":[{"url":"https:\/\/www.blogsoestado.com\/danielmatos\/files\/2018\/05\/caixao-caema.jpg","type":"","width":"","height":""}],"twitter_card":"summary_large_image","twitter_misc":{"Est. tempo de leitura":"1 minuto"},"schema":{"@context":"https:\/\/schema.org","@graph":[{"@type":"WebPage","@id":"https:\/\/www.blogsoestado.com\/danielmatos\/urbanitarios-posicionam-caixoes-no-portao-da-caema-em-protesto-contra-excesso-de-cargos-comissionados\/","url":"https:\/\/www.blogsoestado.com\/danielmatos\/urbanitarios-posicionam-caixoes-no-portao-da-caema-em-protesto-contra-excesso-de-cargos-comissionados\/","name":"Urbanit\u00e1rios posicionam caix\u00f5es no port\u00e3o da Caema em protesto contra excesso de cargos comissionados - Daniel Matos","isPartOf":{"@id":"https:\/\/www.blogsoestado.com\/danielmatos\/#website"},"primaryImageOfPage":{"@id":"https:\/\/www.blogsoestado.com\/danielmatos\/urbanitarios-posicionam-caixoes-no-portao-da-caema-em-protesto-contra-excesso-de-cargos-comissionados\/#primaryimage"},"image":{"@id":"https:\/\/www.blogsoestado.com\/danielmatos\/urbanitarios-posicionam-caixoes-no-portao-da-caema-em-protesto-contra-excesso-de-cargos-comissionados\/#primaryimage"},"thumbnailUrl":"https:\/\/www.blogsoestado.com\/danielmatos\/files\/2018\/05\/caixao-caema.jpg","datePublished":"2018-05-08T13:17:33+00:00","author":{"@id":""},"breadcrumb":{"@id":"https:\/\/www.blogsoestado.com\/danielmatos\/urbanitarios-posicionam-caixoes-no-portao-da-caema-em-protesto-contra-excesso-de-cargos-comissionados\/#breadcrumb"},"inLanguage":"pt-BR","potentialAction":[{"@type":"ReadAction","target":["https:\/\/www.blogsoestado.com\/danielmatos\/urbanitarios-posicionam-caixoes-no-portao-da-caema-em-protesto-contra-excesso-de-cargos-comissionados\/"]}]},{"@type":"ImageObject","inLanguage":"pt-BR","@id":"https:\/\/www.blogsoestado.com\/danielmatos\/urbanitarios-posicionam-caixoes-no-portao-da-caema-em-protesto-contra-excesso-de-cargos-comissionados\/#primaryimage","url":"https:\/\/www.blogsoestado.com\/danielmatos\/files\/2018\/05\/caixao-caema.jpg","contentUrl":"https:\/\/www.blogsoestado.com\/danielmatos\/files\/2018\/05\/caixao-caema.jpg"},{"@type":"BreadcrumbList","@id":"https:\/\/www.blogsoestado.com\/danielmatos\/urbanitarios-posicionam-caixoes-no-portao-da-caema-em-protesto-contra-excesso-de-cargos-comissionados\/#breadcrumb","itemListElement":[{"@type":"ListItem","position":1,"name":"In\u00edcio","item":"https:\/\/www.blogsoestado.com\/danielmatos\/"},{"@type":"ListItem","position":2,"name":"Urbanit\u00e1rios posicionam caix\u00f5es no port\u00e3o da Caema em protesto contra excesso de cargos comissionados"}]},{"@type":"WebSite","@id":"https:\/\/www.blogsoestado.com\/danielmatos\/#website","url":"https:\/\/www.blogsoestado.com\/danielmatos\/","name":"Daniel Matos","description":"","potentialAction":[{"@type":"SearchAction","target":{"@type":"EntryPoint","urlTemplate":"https:\/\/www.blogsoestado.com\/danielmatos\/?s={search_term_string}"},"query-input":{"@type":"PropertyValueSpecification","valueRequired":true,"valueName":"search_term_string"}}],"inLanguage":"pt-BR"}]}},"jetpack_featured_media_url":"","_links":{"self":[{"href":"https:\/\/www.blogsoestado.com\/danielmatos\/wp-json\/wp\/v2\/posts\/51092","targetHints":{"allow":["GET"]}}],"collection":[{"href":"https:\/\/www.blogsoestado.com\/danielmatos\/wp-json\/wp\/v2\/posts"}],"about":[{"href":"https:\/\/www.blogsoestado.com\/danielmatos\/wp-json\/wp\/v2\/types\/post"}],"replies":[{"embeddable":true,"href":"https:\/\/www.blogsoestado.com\/danielmatos\/wp-json\/wp\/v2\/comments?post=51092"}],"version-history":[{"count":0,"href":"https:\/\/www.blogsoestado.com\/danielmatos\/wp-json\/wp\/v2\/posts\/51092\/revisions"}],"wp:attachment":[{"href":"https:\/\/www.blogsoestado.com\/danielmatos\/wp-json\/wp\/v2\/media?parent=51092"}],"wp:term":[{"taxonomy":"category","embeddable":true,"href":"https:\/\/www.blogsoestado.com\/danielmatos\/wp-json\/wp\/v2\/categories?post=51092"},{"taxonomy":"post_tag","embeddable":true,"href":"https:\/\/www.blogsoestado.com\/danielmatos\/wp-json\/wp\/v2\/tags?post=51092"}],"curies":[{"name":"wp","href":"https:\/\/api.w.org\/{rel}","templated":true}]}}