{"id":51095,"date":"2018-05-08T10:50:33","date_gmt":"2018-05-08T13:50:33","guid":{"rendered":"https:\/\/www.blogsoestado.com\/danielmatos\/?p=51095"},"modified":"2018-05-08T10:50:33","modified_gmt":"2018-05-08T13:50:33","slug":"osmar-filho-diz-que-fara-gestao-compartilhada-na-camara-municipal","status":"publish","type":"post","link":"https:\/\/www.blogsoestado.com\/danielmatos\/osmar-filho-diz-que-fara-gestao-compartilhada-na-camara-municipal\/","title":{"rendered":"Osmar Filho diz que far\u00e1 gest\u00e3o compartilhada na C\u00e2mara Municipal"},"content":{"rendered":"<p><strong>Do <a href=\"http:\/\/www.djalmarodrigues.com.br\/2018\/05\/07\/osmar-filho-diz-que-fara-gestao-compartilhada-na-camara-municipal\/\">Blog do Djalma Rodrigues<\/a><\/strong><\/p>\n<figure id=\"attachment_51096\" aria-describedby=\"caption-attachment-51096\" style=\"width: 415px\" class=\"wp-caption alignright\"><img fetchpriority=\"high\" decoding=\"async\" class=\"size-full wp-image-51096\" src=\"https:\/\/www.blogsoestado.com\/danielmatos\/files\/2018\/05\/osmar-compartilhado.jpg\" alt=\"\" width=\"415\" height=\"336\" \/><figcaption id=\"caption-attachment-51096\" class=\"wp-caption-text\">Osmar diz que administra\u00e7\u00e3o ser\u00e1 plural, compartilhada, democr\u00e1tica, como deve ser no parlamento<\/figcaption><\/figure>\n<p>Em conversa com jornalistas na manh\u00e3 desta segunda-feira (7), o vereador Osmar Filho (PDT), que ser\u00e1 aclamado presidenta da C\u00e2mara Municipal de S\u00e3o Lu\u00eds na quarta-feira (9), para o bi\u00eanio 2019\/2020, por conta de um amplo acordo, afirmou que sua gest\u00e3o ser\u00e1 compartilhada e disse reconhecer v\u00e1rios avan\u00e7os na administra\u00e7\u00e3o do presidente Astro, principalmente no que concerne \u00e0 transpar\u00eancia e na \u00e1rea da comunica\u00e7\u00e3o, sobretudo quanto \u00e0 transmiss\u00e3o di\u00e1rias das sess\u00f5es plen\u00e1rias atrav\u00e9s da R\u00e1dio Difusora AM.<\/p>\n<p>\u201cTeremos uma administra\u00e7\u00e3o plural, compartilhada, democr\u00e1tica, como deve ser no parlamento. Tudo aponta para nossa elei\u00e7\u00e3o nesta quarta-feira, por conta de um acordo que envolveu o presidente Astro. Todos conhecem nosso comportamento nesta Casa e espero n\u00e3o decepcionar nenhum companheiro, porque todos ter\u00e3o espa\u00e7o\u201d, salientou o futuro presidente da C\u00e2mara.<\/p>\n<p>Indagado sobre a forma\u00e7\u00e3o de sua chapa, que ser\u00e1 \u00fanica, ele disse que est\u00e1 se reunindo com seu grupo de apoio para definir os cargos. \u201cEstamos discutindo com todos os envolvidos nesse acordo que selou a chapa \u00fanica e ainda n\u00e3o posso delinear nomes\u201d, assegurou.<\/p>\n","protected":false},"excerpt":{"rendered":"<p>Do Blog do Djalma Rodrigues Em conversa com jornalistas na manh\u00e3 desta segunda-feira (7), o vereador Osmar Filho (PDT), que [&hellip;]<\/p>\n","protected":false},"author":0,"featured_media":0,"comment_status":"open","ping_status":"open","sticky":false,"template":"","format":"standard","meta":{"site-sidebar-layout":"default","site-content-layout":"","ast-site-content-layout":"default","site-content-style":"default","site-sidebar-style":"default","ast-global-header-display":"","ast-banner-title-visibility":"","ast-main-header-display":"","ast-hfb-above-header-display":"","ast-hfb-below-header-display":"","ast-hfb-mobile-header-display":"","site-post-title":"","ast-breadcrumbs-content":"","ast-featured-img":"","footer-sml-layout":"","ast-disable-related-posts":"","theme-transparent-header-meta":"","adv-header-id-meta":"","stick-header-meta":"","header-above-stick-meta":"","header-main-stick-meta":"","header-below-stick-meta":"","astra-migrate-meta-layouts":"default","ast-page-background-enabled":"default","ast-page-background-meta":{"desktop":{"background-color":"var(--ast-global-color-5)","background-image":"","background-repeat":"repeat","background-position":"center center","background-size":"auto","background-attachment":"scroll","background-type":"","background-media":"","overlay-type":"","overlay-color":"","overlay-opacity":"","overlay-gradient":""},"tablet":{"background-color":"","background-image":"","background-repeat":"repeat","background-position":"center center","background-size":"auto","background-attachment":"scroll","background-type":"","background-media":"","overlay-type":"","overlay-color":"","overlay-opacity":"","overlay-gradient":""},"mobile":{"background-color":"","background-image":"","background-repeat":"repeat","background-position":"center center","background-size":"auto","background-attachment":"scroll","background-type":"","background-media":"","overlay-type":"","overlay-color":"","overlay-opacity":"","overlay-gradient":""}},"ast-content-background-meta":{"desktop":{"background-color":"var(--ast-global-color-4)","background-image":"","background-repeat":"repeat","background-position":"center center","background-size":"auto","background-attachment":"scroll","background-type":"","background-media":"","overlay-type":"","overlay-color":"","overlay-opacity":"","overlay-gradient":""},"tablet":{"background-color":"var(--ast-global-color-4)","background-image":"","background-repeat":"repeat","background-position":"center center","background-size":"auto","background-attachment":"scroll","background-type":"","background-media":"","overlay-type":"","overlay-color":"","overlay-opacity":"","overlay-gradient":""},"mobile":{"background-color":"var(--ast-global-color-4)","background-image":"","background-repeat":"repeat","background-position":"center center","background-size":"auto","background-attachment":"scroll","background-type":"","background-media":"","overlay-type":"","overlay-color":"","overlay-opacity":"","overlay-gradient":""}},"footnotes":""},"categories":[1],"tags":[],"class_list":["post-51095","post","type-post","status-publish","format-standard","hentry","category-sem-categoria"],"yoast_head":"<!-- This site is optimized with the Yoast SEO plugin v26.6 - https:\/\/yoast.com\/wordpress\/plugins\/seo\/ -->\n<title>Osmar Filho diz que far\u00e1 gest\u00e3o compartilhada na C\u00e2mara Municipal - Daniel Matos<\/title>\n<meta name=\"robots\" content=\"index, follow, max-snippet:-1, max-image-preview:large, max-video-preview:-1\" \/>\n<link rel=\"canonical\" href=\"https:\/\/www.blogsoestado.com\/danielmatos\/osmar-filho-diz-que-fara-gestao-compartilhada-na-camara-municipal\/\" \/>\n<meta property=\"og:locale\" content=\"pt_BR\" \/>\n<meta property=\"og:type\" content=\"article\" \/>\n<meta property=\"og:title\" content=\"Osmar Filho diz que far\u00e1 gest\u00e3o compartilhada na C\u00e2mara Municipal - Daniel Matos\" \/>\n<meta property=\"og:description\" content=\"Do Blog do Djalma Rodrigues Em conversa com jornalistas na manh\u00e3 desta segunda-feira (7), o vereador Osmar Filho (PDT), que [&hellip;]\" \/>\n<meta property=\"og:url\" content=\"https:\/\/www.blogsoestado.com\/danielmatos\/osmar-filho-diz-que-fara-gestao-compartilhada-na-camara-municipal\/\" \/>\n<meta property=\"og:site_name\" content=\"Daniel Matos\" \/>\n<meta property=\"article:published_time\" content=\"2018-05-08T13:50:33+00:00\" \/>\n<meta property=\"og:image\" content=\"https:\/\/www.blogsoestado.com\/danielmatos\/files\/2018\/05\/osmar-compartilhado.jpg\" \/>\n<meta name=\"twitter:card\" content=\"summary_large_image\" \/>\n<meta name=\"twitter:label1\" content=\"Est. tempo de leitura\" \/>\n\t<meta name=\"twitter:data1\" content=\"1 minuto\" \/>\n<script type=\"application\/ld+json\" class=\"yoast-schema-graph\">{\"@context\":\"https:\/\/schema.org\",\"@graph\":[{\"@type\":\"WebPage\",\"@id\":\"https:\/\/www.blogsoestado.com\/danielmatos\/osmar-filho-diz-que-fara-gestao-compartilhada-na-camara-municipal\/\",\"url\":\"https:\/\/www.blogsoestado.com\/danielmatos\/osmar-filho-diz-que-fara-gestao-compartilhada-na-camara-municipal\/\",\"name\":\"Osmar Filho diz que far\u00e1 gest\u00e3o compartilhada na C\u00e2mara Municipal - Daniel Matos\",\"isPartOf\":{\"@id\":\"https:\/\/www.blogsoestado.com\/danielmatos\/#website\"},\"primaryImageOfPage\":{\"@id\":\"https:\/\/www.blogsoestado.com\/danielmatos\/osmar-filho-diz-que-fara-gestao-compartilhada-na-camara-municipal\/#primaryimage\"},\"image\":{\"@id\":\"https:\/\/www.blogsoestado.com\/danielmatos\/osmar-filho-diz-que-fara-gestao-compartilhada-na-camara-municipal\/#primaryimage\"},\"thumbnailUrl\":\"https:\/\/www.blogsoestado.com\/danielmatos\/files\/2018\/05\/osmar-compartilhado.jpg\",\"datePublished\":\"2018-05-08T13:50:33+00:00\",\"author\":{\"@id\":\"\"},\"breadcrumb\":{\"@id\":\"https:\/\/www.blogsoestado.com\/danielmatos\/osmar-filho-diz-que-fara-gestao-compartilhada-na-camara-municipal\/#breadcrumb\"},\"inLanguage\":\"pt-BR\",\"potentialAction\":[{\"@type\":\"ReadAction\",\"target\":[\"https:\/\/www.blogsoestado.com\/danielmatos\/osmar-filho-diz-que-fara-gestao-compartilhada-na-camara-municipal\/\"]}]},{\"@type\":\"ImageObject\",\"inLanguage\":\"pt-BR\",\"@id\":\"https:\/\/www.blogsoestado.com\/danielmatos\/osmar-filho-diz-que-fara-gestao-compartilhada-na-camara-municipal\/#primaryimage\",\"url\":\"https:\/\/www.blogsoestado.com\/danielmatos\/files\/2018\/05\/osmar-compartilhado.jpg\",\"contentUrl\":\"https:\/\/www.blogsoestado.com\/danielmatos\/files\/2018\/05\/osmar-compartilhado.jpg\"},{\"@type\":\"BreadcrumbList\",\"@id\":\"https:\/\/www.blogsoestado.com\/danielmatos\/osmar-filho-diz-que-fara-gestao-compartilhada-na-camara-municipal\/#breadcrumb\",\"itemListElement\":[{\"@type\":\"ListItem\",\"position\":1,\"name\":\"In\u00edcio\",\"item\":\"https:\/\/www.blogsoestado.com\/danielmatos\/\"},{\"@type\":\"ListItem\",\"position\":2,\"name\":\"Osmar Filho diz que far\u00e1 gest\u00e3o compartilhada na C\u00e2mara Municipal\"}]},{\"@type\":\"WebSite\",\"@id\":\"https:\/\/www.blogsoestado.com\/danielmatos\/#website\",\"url\":\"https:\/\/www.blogsoestado.com\/danielmatos\/\",\"name\":\"Daniel Matos\",\"description\":\"\",\"potentialAction\":[{\"@type\":\"SearchAction\",\"target\":{\"@type\":\"EntryPoint\",\"urlTemplate\":\"https:\/\/www.blogsoestado.com\/danielmatos\/?s={search_term_string}\"},\"query-input\":{\"@type\":\"PropertyValueSpecification\",\"valueRequired\":true,\"valueName\":\"search_term_string\"}}],\"inLanguage\":\"pt-BR\"}]}<\/script>\n<!-- \/ Yoast SEO plugin. -->","yoast_head_json":{"title":"Osmar Filho diz que far\u00e1 gest\u00e3o compartilhada na C\u00e2mara Municipal - Daniel Matos","robots":{"index":"index","follow":"follow","max-snippet":"max-snippet:-1","max-image-preview":"max-image-preview:large","max-video-preview":"max-video-preview:-1"},"canonical":"https:\/\/www.blogsoestado.com\/danielmatos\/osmar-filho-diz-que-fara-gestao-compartilhada-na-camara-municipal\/","og_locale":"pt_BR","og_type":"article","og_title":"Osmar Filho diz que far\u00e1 gest\u00e3o compartilhada na C\u00e2mara Municipal - Daniel Matos","og_description":"Do Blog do Djalma Rodrigues Em conversa com jornalistas na manh\u00e3 desta segunda-feira (7), o vereador Osmar Filho (PDT), que [&hellip;]","og_url":"https:\/\/www.blogsoestado.com\/danielmatos\/osmar-filho-diz-que-fara-gestao-compartilhada-na-camara-municipal\/","og_site_name":"Daniel Matos","article_published_time":"2018-05-08T13:50:33+00:00","og_image":[{"url":"https:\/\/www.blogsoestado.com\/danielmatos\/files\/2018\/05\/osmar-compartilhado.jpg","type":"","width":"","height":""}],"twitter_card":"summary_large_image","twitter_misc":{"Est. tempo de leitura":"1 minuto"},"schema":{"@context":"https:\/\/schema.org","@graph":[{"@type":"WebPage","@id":"https:\/\/www.blogsoestado.com\/danielmatos\/osmar-filho-diz-que-fara-gestao-compartilhada-na-camara-municipal\/","url":"https:\/\/www.blogsoestado.com\/danielmatos\/osmar-filho-diz-que-fara-gestao-compartilhada-na-camara-municipal\/","name":"Osmar Filho diz que far\u00e1 gest\u00e3o compartilhada na C\u00e2mara Municipal - Daniel Matos","isPartOf":{"@id":"https:\/\/www.blogsoestado.com\/danielmatos\/#website"},"primaryImageOfPage":{"@id":"https:\/\/www.blogsoestado.com\/danielmatos\/osmar-filho-diz-que-fara-gestao-compartilhada-na-camara-municipal\/#primaryimage"},"image":{"@id":"https:\/\/www.blogsoestado.com\/danielmatos\/osmar-filho-diz-que-fara-gestao-compartilhada-na-camara-municipal\/#primaryimage"},"thumbnailUrl":"https:\/\/www.blogsoestado.com\/danielmatos\/files\/2018\/05\/osmar-compartilhado.jpg","datePublished":"2018-05-08T13:50:33+00:00","author":{"@id":""},"breadcrumb":{"@id":"https:\/\/www.blogsoestado.com\/danielmatos\/osmar-filho-diz-que-fara-gestao-compartilhada-na-camara-municipal\/#breadcrumb"},"inLanguage":"pt-BR","potentialAction":[{"@type":"ReadAction","target":["https:\/\/www.blogsoestado.com\/danielmatos\/osmar-filho-diz-que-fara-gestao-compartilhada-na-camara-municipal\/"]}]},{"@type":"ImageObject","inLanguage":"pt-BR","@id":"https:\/\/www.blogsoestado.com\/danielmatos\/osmar-filho-diz-que-fara-gestao-compartilhada-na-camara-municipal\/#primaryimage","url":"https:\/\/www.blogsoestado.com\/danielmatos\/files\/2018\/05\/osmar-compartilhado.jpg","contentUrl":"https:\/\/www.blogsoestado.com\/danielmatos\/files\/2018\/05\/osmar-compartilhado.jpg"},{"@type":"BreadcrumbList","@id":"https:\/\/www.blogsoestado.com\/danielmatos\/osmar-filho-diz-que-fara-gestao-compartilhada-na-camara-municipal\/#breadcrumb","itemListElement":[{"@type":"ListItem","position":1,"name":"In\u00edcio","item":"https:\/\/www.blogsoestado.com\/danielmatos\/"},{"@type":"ListItem","position":2,"name":"Osmar Filho diz que far\u00e1 gest\u00e3o compartilhada na C\u00e2mara Municipal"}]},{"@type":"WebSite","@id":"https:\/\/www.blogsoestado.com\/danielmatos\/#website","url":"https:\/\/www.blogsoestado.com\/danielmatos\/","name":"Daniel Matos","description":"","potentialAction":[{"@type":"SearchAction","target":{"@type":"EntryPoint","urlTemplate":"https:\/\/www.blogsoestado.com\/danielmatos\/?s={search_term_string}"},"query-input":{"@type":"PropertyValueSpecification","valueRequired":true,"valueName":"search_term_string"}}],"inLanguage":"pt-BR"}]}},"jetpack_featured_media_url":"","_links":{"self":[{"href":"https:\/\/www.blogsoestado.com\/danielmatos\/wp-json\/wp\/v2\/posts\/51095","targetHints":{"allow":["GET"]}}],"collection":[{"href":"https:\/\/www.blogsoestado.com\/danielmatos\/wp-json\/wp\/v2\/posts"}],"about":[{"href":"https:\/\/www.blogsoestado.com\/danielmatos\/wp-json\/wp\/v2\/types\/post"}],"replies":[{"embeddable":true,"href":"https:\/\/www.blogsoestado.com\/danielmatos\/wp-json\/wp\/v2\/comments?post=51095"}],"version-history":[{"count":0,"href":"https:\/\/www.blogsoestado.com\/danielmatos\/wp-json\/wp\/v2\/posts\/51095\/revisions"}],"wp:attachment":[{"href":"https:\/\/www.blogsoestado.com\/danielmatos\/wp-json\/wp\/v2\/media?parent=51095"}],"wp:term":[{"taxonomy":"category","embeddable":true,"href":"https:\/\/www.blogsoestado.com\/danielmatos\/wp-json\/wp\/v2\/categories?post=51095"},{"taxonomy":"post_tag","embeddable":true,"href":"https:\/\/www.blogsoestado.com\/danielmatos\/wp-json\/wp\/v2\/tags?post=51095"}],"curies":[{"name":"wp","href":"https:\/\/api.w.org\/{rel}","templated":true}]}}