{"id":51098,"date":"2018-05-08T13:15:21","date_gmt":"2018-05-08T16:15:21","guid":{"rendered":"https:\/\/www.blogsoestado.com\/danielmatos\/?p=51098"},"modified":"2018-05-08T13:15:21","modified_gmt":"2018-05-08T16:15:21","slug":"midias-sociais-usar-ou-nao-usar","status":"publish","type":"post","link":"https:\/\/www.blogsoestado.com\/danielmatos\/midias-sociais-usar-ou-nao-usar\/","title":{"rendered":"M\u00eddias sociais: usar ou n\u00e3o usar?"},"content":{"rendered":"<p><strong>Natalino Salgado Filho*<\/strong><\/p>\n<figure id=\"attachment_46533\" aria-describedby=\"caption-attachment-46533\" style=\"width: 448px\" class=\"wp-caption alignleft\"><img fetchpriority=\"high\" decoding=\"async\" class=\"size-full wp-image-46533\" src=\"https:\/\/www.blogsoestado.com\/danielmatos\/files\/2017\/11\/natalino-baixada.jpg\" alt=\"\" width=\"448\" height=\"298\" \/><figcaption id=\"caption-attachment-46533\" class=\"wp-caption-text\">Natalino Salgado menciona depress\u00e3o que acomete pessoas ap\u00f3s visitas a perfis de amigos em redes de relacionamento<\/figcaption><\/figure>\n<p>Reportagem publicada nesta semana pelo jornal El Pa\u00eds, de Espanha, traz an\u00e1lise interessante do Doutor em Psicologia, Adam Alter, acerca do fen\u00f4meno onipresente no dia a dia de todos n\u00f3s: a adi\u00e7\u00e3o \u00e0s m\u00eddias sociais. Ele citou o fato de que \u201cem 2015, uma pessoa em m\u00e9dia ficava tr\u00eas horas na frente de uma tela. Em 2017, esse tempo subiu para quatro horas\u201d.<\/p>\n<p>Mas a preocupa\u00e7\u00e3o desse estudioso n\u00e3o se resume ao tempo gasto em aten\u00e7\u00e3o ao que est\u00e1 sendo postado, comentado, compartilhado nas m\u00eddias sociais. Para Alter, as m\u00eddias sociais retiram o tempo precioso do t\u00e9dio \u2013 respons\u00e1vel por ocasionar boas ideias \u2013 e servem para formatar pensamentos e posturas, vez que as pessoas tendem a se agrupar com aqueles que pensam e agem da mesma forma que elas.<\/p>\n<p>O psic\u00f3logo adverte: est\u00e1 em risco a pr\u00f3pria criatividade e inova\u00e7\u00e3o que poderiam advir do exerc\u00edcio democr\u00e1tico e saud\u00e1vel do debate plural. O pesquisador chega a comparar essa depend\u00eancia com o mundo virtual a outros v\u00edcios, esses velhos conhecidos da sociedade; e defende estrat\u00e9gias para que as pessoas possam se defender do que considera \u201cmal inevit\u00e1vel\u201d.<\/p>\n<p>O t\u00e9dio a que se refere Alter tem, suponho, inspira\u00e7\u00e3o numa proposta interessante do soci\u00f3logo italiano Domenico de Masi que, em meados dos anos 1990, lan\u00e7ou a ideia no livro \u201cO \u00f3cio criativo\u201d. Ali ele defende que esse tipo de \u00f3cio \u00e9 a uni\u00e3o do trabalho, estudo e lazer. N\u00e3o \u00e9 n\u00e3o fazer nada. Mas dispor de tempo equilibrado entre essas atividades que, afinal, definem de muitos modos nossa pr\u00f3pria identidade e a\u00ed est\u00e1 o espa\u00e7o para desabrochar a criatividade.<\/p>\n<p>O outro \u00f3cio, aquele associado \u00e0 pregui\u00e7a cantada por Caymmi, \u00e9 in\u00fatil, vazio e alienante. De fato, ele nos reduz ao atraso, ao desprazer e at\u00e9 mesmo a uma sensa\u00e7\u00e3o melanc\u00f3lica em rela\u00e7\u00e3o \u00e0 vida.<\/p>\n<p>Tempo dedicado a ver, por exemplo, atualiza\u00e7\u00f5es no Facebook de amigos pode causar depress\u00e3o, afirma uma universidade alem\u00e3 (Universidade Humboldt de Berlim). Uma em cada tr\u00eas pessoas relataram se sentirem piores e mais insatisfeitas com a pr\u00f3pria vida depois de visitar a rede de relacionamentos. Sentimentos de ressentimento e inveja tamb\u00e9m foram relatados pelos participantes da pesquisa.<\/p>\n<p>Pesquisa dispon\u00edvel, a partir do relat\u00f3rio 2018 Global Digital (pode ser acessada no site https:\/\/wearesocial.com) revela uma dado impressionante acerca do Brasil. Aqui, o brasileiro gasta, em m\u00e9dia, quase dez horas conectado \u00e0 internet, sendo que mais de 3 horas e meia s\u00e3o dedicadas \u00e0s redes sociais. Outra pesquisa desenvolvida pela empresa Amdocs, com mais de 4 mil jovens em diversos pa\u00edses, revelou que os brasileiros tamb\u00e9m s\u00e3o os maiores usu\u00e1rios de m\u00eddias sociais como Facebook (94%), Youtube (85%) e WhatsApp (84%).<\/p>\n<p>Para tentar evitar tanto tempo dedicado a essa atividade, foi desenvolvido at\u00e9 um aplicativo, o QualityTime, que oportuniza aos interessados saber quanto aquele que o tem gasta de seu tempo navegando nas m\u00eddias sociais. O aplicativo foi desenvolvido pela ZeroDesktop Inc., e \u00e9 um dos recordistas na Play Store.<\/p>\n<p>Mas, afinal, o que a constata\u00e7\u00e3o do Dr. Alter tem a nos dizer? Naturalmente n\u00e3o \u00e9 que se deva abandonar as redes ou retornar a um estado pr\u00e9 internet, mas como tudo na vida, usar como parcim\u00f4nia, equilibrar vida virtual e real. Manter e cultivar rela\u00e7\u00f5es reais, sair ao ar livre, ser produtivo de algum modo e, quem sabe, seguir os conselhos de De Masi.<\/p>\n<p><strong>*Professor Titular da UFMA e membro das Academias: Nacional de Medicina e de Letras do Maranh\u00e3o<\/strong><\/p>\n","protected":false},"excerpt":{"rendered":"<p>Natalino Salgado Filho* Reportagem publicada nesta semana pelo jornal El Pa\u00eds, de Espanha, traz an\u00e1lise interessante do Doutor em Psicologia, [&hellip;]<\/p>\n","protected":false},"author":0,"featured_media":0,"comment_status":"open","ping_status":"open","sticky":false,"template":"","format":"standard","meta":{"site-sidebar-layout":"default","site-content-layout":"","ast-site-content-layout":"default","site-content-style":"default","site-sidebar-style":"default","ast-global-header-display":"","ast-banner-title-visibility":"","ast-main-header-display":"","ast-hfb-above-header-display":"","ast-hfb-below-header-display":"","ast-hfb-mobile-header-display":"","site-post-title":"","ast-breadcrumbs-content":"","ast-featured-img":"","footer-sml-layout":"","ast-disable-related-posts":"","theme-transparent-header-meta":"","adv-header-id-meta":"","stick-header-meta":"","header-above-stick-meta":"","header-main-stick-meta":"","header-below-stick-meta":"","astra-migrate-meta-layouts":"default","ast-page-background-enabled":"default","ast-page-background-meta":{"desktop":{"background-color":"var(--ast-global-color-5)","background-image":"","background-repeat":"repeat","background-position":"center center","background-size":"auto","background-attachment":"scroll","background-type":"","background-media":"","overlay-type":"","overlay-color":"","overlay-opacity":"","overlay-gradient":""},"tablet":{"background-color":"","background-image":"","background-repeat":"repeat","background-position":"center center","background-size":"auto","background-attachment":"scroll","background-type":"","background-media":"","overlay-type":"","overlay-color":"","overlay-opacity":"","overlay-gradient":""},"mobile":{"background-color":"","background-image":"","background-repeat":"repeat","background-position":"center center","background-size":"auto","background-attachment":"scroll","background-type":"","background-media":"","overlay-type":"","overlay-color":"","overlay-opacity":"","overlay-gradient":""}},"ast-content-background-meta":{"desktop":{"background-color":"var(--ast-global-color-4)","background-image":"","background-repeat":"repeat","background-position":"center center","background-size":"auto","background-attachment":"scroll","background-type":"","background-media":"","overlay-type":"","overlay-color":"","overlay-opacity":"","overlay-gradient":""},"tablet":{"background-color":"var(--ast-global-color-4)","background-image":"","background-repeat":"repeat","background-position":"center center","background-size":"auto","background-attachment":"scroll","background-type":"","background-media":"","overlay-type":"","overlay-color":"","overlay-opacity":"","overlay-gradient":""},"mobile":{"background-color":"var(--ast-global-color-4)","background-image":"","background-repeat":"repeat","background-position":"center center","background-size":"auto","background-attachment":"scroll","background-type":"","background-media":"","overlay-type":"","overlay-color":"","overlay-opacity":"","overlay-gradient":""}},"footnotes":""},"categories":[1],"tags":[],"class_list":["post-51098","post","type-post","status-publish","format-standard","hentry","category-sem-categoria"],"yoast_head":"<!-- This site is optimized with the Yoast SEO plugin v26.6 - https:\/\/yoast.com\/wordpress\/plugins\/seo\/ -->\n<title>M\u00eddias sociais: usar ou n\u00e3o usar? - Daniel Matos<\/title>\n<meta name=\"robots\" content=\"index, follow, max-snippet:-1, max-image-preview:large, max-video-preview:-1\" \/>\n<link rel=\"canonical\" href=\"https:\/\/www.blogsoestado.com\/danielmatos\/midias-sociais-usar-ou-nao-usar\/\" \/>\n<meta property=\"og:locale\" content=\"pt_BR\" \/>\n<meta property=\"og:type\" content=\"article\" \/>\n<meta property=\"og:title\" content=\"M\u00eddias sociais: usar ou n\u00e3o usar? - Daniel Matos\" \/>\n<meta property=\"og:description\" content=\"Natalino Salgado Filho* Reportagem publicada nesta semana pelo jornal El Pa\u00eds, de Espanha, traz an\u00e1lise interessante do Doutor em Psicologia, [&hellip;]\" \/>\n<meta property=\"og:url\" content=\"https:\/\/www.blogsoestado.com\/danielmatos\/midias-sociais-usar-ou-nao-usar\/\" \/>\n<meta property=\"og:site_name\" content=\"Daniel Matos\" \/>\n<meta property=\"article:published_time\" content=\"2018-05-08T16:15:21+00:00\" \/>\n<meta property=\"og:image\" content=\"https:\/\/www.blogsoestado.com\/danielmatos\/files\/2017\/11\/natalino-baixada.jpg\" \/>\n<meta name=\"twitter:card\" content=\"summary_large_image\" \/>\n<meta name=\"twitter:label1\" content=\"Est. tempo de leitura\" \/>\n\t<meta name=\"twitter:data1\" content=\"3 minutos\" \/>\n<script type=\"application\/ld+json\" class=\"yoast-schema-graph\">{\"@context\":\"https:\/\/schema.org\",\"@graph\":[{\"@type\":\"WebPage\",\"@id\":\"https:\/\/www.blogsoestado.com\/danielmatos\/midias-sociais-usar-ou-nao-usar\/\",\"url\":\"https:\/\/www.blogsoestado.com\/danielmatos\/midias-sociais-usar-ou-nao-usar\/\",\"name\":\"M\u00eddias sociais: usar ou n\u00e3o usar? - Daniel Matos\",\"isPartOf\":{\"@id\":\"https:\/\/www.blogsoestado.com\/danielmatos\/#website\"},\"primaryImageOfPage\":{\"@id\":\"https:\/\/www.blogsoestado.com\/danielmatos\/midias-sociais-usar-ou-nao-usar\/#primaryimage\"},\"image\":{\"@id\":\"https:\/\/www.blogsoestado.com\/danielmatos\/midias-sociais-usar-ou-nao-usar\/#primaryimage\"},\"thumbnailUrl\":\"https:\/\/www.blogsoestado.com\/danielmatos\/files\/2017\/11\/natalino-baixada.jpg\",\"datePublished\":\"2018-05-08T16:15:21+00:00\",\"author\":{\"@id\":\"\"},\"breadcrumb\":{\"@id\":\"https:\/\/www.blogsoestado.com\/danielmatos\/midias-sociais-usar-ou-nao-usar\/#breadcrumb\"},\"inLanguage\":\"pt-BR\",\"potentialAction\":[{\"@type\":\"ReadAction\",\"target\":[\"https:\/\/www.blogsoestado.com\/danielmatos\/midias-sociais-usar-ou-nao-usar\/\"]}]},{\"@type\":\"ImageObject\",\"inLanguage\":\"pt-BR\",\"@id\":\"https:\/\/www.blogsoestado.com\/danielmatos\/midias-sociais-usar-ou-nao-usar\/#primaryimage\",\"url\":\"https:\/\/www.blogsoestado.com\/danielmatos\/files\/2017\/11\/natalino-baixada.jpg\",\"contentUrl\":\"https:\/\/www.blogsoestado.com\/danielmatos\/files\/2017\/11\/natalino-baixada.jpg\"},{\"@type\":\"BreadcrumbList\",\"@id\":\"https:\/\/www.blogsoestado.com\/danielmatos\/midias-sociais-usar-ou-nao-usar\/#breadcrumb\",\"itemListElement\":[{\"@type\":\"ListItem\",\"position\":1,\"name\":\"In\u00edcio\",\"item\":\"https:\/\/www.blogsoestado.com\/danielmatos\/\"},{\"@type\":\"ListItem\",\"position\":2,\"name\":\"M\u00eddias sociais: usar ou n\u00e3o usar?\"}]},{\"@type\":\"WebSite\",\"@id\":\"https:\/\/www.blogsoestado.com\/danielmatos\/#website\",\"url\":\"https:\/\/www.blogsoestado.com\/danielmatos\/\",\"name\":\"Daniel Matos\",\"description\":\"\",\"potentialAction\":[{\"@type\":\"SearchAction\",\"target\":{\"@type\":\"EntryPoint\",\"urlTemplate\":\"https:\/\/www.blogsoestado.com\/danielmatos\/?s={search_term_string}\"},\"query-input\":{\"@type\":\"PropertyValueSpecification\",\"valueRequired\":true,\"valueName\":\"search_term_string\"}}],\"inLanguage\":\"pt-BR\"}]}<\/script>\n<!-- \/ Yoast SEO plugin. -->","yoast_head_json":{"title":"M\u00eddias sociais: usar ou n\u00e3o usar? - Daniel Matos","robots":{"index":"index","follow":"follow","max-snippet":"max-snippet:-1","max-image-preview":"max-image-preview:large","max-video-preview":"max-video-preview:-1"},"canonical":"https:\/\/www.blogsoestado.com\/danielmatos\/midias-sociais-usar-ou-nao-usar\/","og_locale":"pt_BR","og_type":"article","og_title":"M\u00eddias sociais: usar ou n\u00e3o usar? - Daniel Matos","og_description":"Natalino Salgado Filho* Reportagem publicada nesta semana pelo jornal El Pa\u00eds, de Espanha, traz an\u00e1lise interessante do Doutor em Psicologia, [&hellip;]","og_url":"https:\/\/www.blogsoestado.com\/danielmatos\/midias-sociais-usar-ou-nao-usar\/","og_site_name":"Daniel Matos","article_published_time":"2018-05-08T16:15:21+00:00","og_image":[{"url":"https:\/\/www.blogsoestado.com\/danielmatos\/files\/2017\/11\/natalino-baixada.jpg","type":"","width":"","height":""}],"twitter_card":"summary_large_image","twitter_misc":{"Est. tempo de leitura":"3 minutos"},"schema":{"@context":"https:\/\/schema.org","@graph":[{"@type":"WebPage","@id":"https:\/\/www.blogsoestado.com\/danielmatos\/midias-sociais-usar-ou-nao-usar\/","url":"https:\/\/www.blogsoestado.com\/danielmatos\/midias-sociais-usar-ou-nao-usar\/","name":"M\u00eddias sociais: usar ou n\u00e3o usar? - Daniel Matos","isPartOf":{"@id":"https:\/\/www.blogsoestado.com\/danielmatos\/#website"},"primaryImageOfPage":{"@id":"https:\/\/www.blogsoestado.com\/danielmatos\/midias-sociais-usar-ou-nao-usar\/#primaryimage"},"image":{"@id":"https:\/\/www.blogsoestado.com\/danielmatos\/midias-sociais-usar-ou-nao-usar\/#primaryimage"},"thumbnailUrl":"https:\/\/www.blogsoestado.com\/danielmatos\/files\/2017\/11\/natalino-baixada.jpg","datePublished":"2018-05-08T16:15:21+00:00","author":{"@id":""},"breadcrumb":{"@id":"https:\/\/www.blogsoestado.com\/danielmatos\/midias-sociais-usar-ou-nao-usar\/#breadcrumb"},"inLanguage":"pt-BR","potentialAction":[{"@type":"ReadAction","target":["https:\/\/www.blogsoestado.com\/danielmatos\/midias-sociais-usar-ou-nao-usar\/"]}]},{"@type":"ImageObject","inLanguage":"pt-BR","@id":"https:\/\/www.blogsoestado.com\/danielmatos\/midias-sociais-usar-ou-nao-usar\/#primaryimage","url":"https:\/\/www.blogsoestado.com\/danielmatos\/files\/2017\/11\/natalino-baixada.jpg","contentUrl":"https:\/\/www.blogsoestado.com\/danielmatos\/files\/2017\/11\/natalino-baixada.jpg"},{"@type":"BreadcrumbList","@id":"https:\/\/www.blogsoestado.com\/danielmatos\/midias-sociais-usar-ou-nao-usar\/#breadcrumb","itemListElement":[{"@type":"ListItem","position":1,"name":"In\u00edcio","item":"https:\/\/www.blogsoestado.com\/danielmatos\/"},{"@type":"ListItem","position":2,"name":"M\u00eddias sociais: usar ou n\u00e3o usar?"}]},{"@type":"WebSite","@id":"https:\/\/www.blogsoestado.com\/danielmatos\/#website","url":"https:\/\/www.blogsoestado.com\/danielmatos\/","name":"Daniel Matos","description":"","potentialAction":[{"@type":"SearchAction","target":{"@type":"EntryPoint","urlTemplate":"https:\/\/www.blogsoestado.com\/danielmatos\/?s={search_term_string}"},"query-input":{"@type":"PropertyValueSpecification","valueRequired":true,"valueName":"search_term_string"}}],"inLanguage":"pt-BR"}]}},"jetpack_featured_media_url":"","_links":{"self":[{"href":"https:\/\/www.blogsoestado.com\/danielmatos\/wp-json\/wp\/v2\/posts\/51098","targetHints":{"allow":["GET"]}}],"collection":[{"href":"https:\/\/www.blogsoestado.com\/danielmatos\/wp-json\/wp\/v2\/posts"}],"about":[{"href":"https:\/\/www.blogsoestado.com\/danielmatos\/wp-json\/wp\/v2\/types\/post"}],"replies":[{"embeddable":true,"href":"https:\/\/www.blogsoestado.com\/danielmatos\/wp-json\/wp\/v2\/comments?post=51098"}],"version-history":[{"count":0,"href":"https:\/\/www.blogsoestado.com\/danielmatos\/wp-json\/wp\/v2\/posts\/51098\/revisions"}],"wp:attachment":[{"href":"https:\/\/www.blogsoestado.com\/danielmatos\/wp-json\/wp\/v2\/media?parent=51098"}],"wp:term":[{"taxonomy":"category","embeddable":true,"href":"https:\/\/www.blogsoestado.com\/danielmatos\/wp-json\/wp\/v2\/categories?post=51098"},{"taxonomy":"post_tag","embeddable":true,"href":"https:\/\/www.blogsoestado.com\/danielmatos\/wp-json\/wp\/v2\/tags?post=51098"}],"curies":[{"name":"wp","href":"https:\/\/api.w.org\/{rel}","templated":true}]}}