{"id":51100,"date":"2018-05-08T14:45:49","date_gmt":"2018-05-08T17:45:49","guid":{"rendered":"https:\/\/www.blogsoestado.com\/danielmatos\/?p=51100"},"modified":"2018-05-08T14:45:49","modified_gmt":"2018-05-08T17:45:49","slug":"osmar-filho-diz-que-se-eleito-vai-dar-continuidade-as-acoes-de-astro-de-ogum-no-comando-da-camara","status":"publish","type":"post","link":"https:\/\/www.blogsoestado.com\/danielmatos\/osmar-filho-diz-que-se-eleito-vai-dar-continuidade-as-acoes-de-astro-de-ogum-no-comando-da-camara\/","title":{"rendered":"Osmar Filho diz que, se eleito, vai dar continuidade \u00e0s a\u00e7\u00f5es de Astro de Ogum no comando da C\u00e2mara"},"content":{"rendered":"<figure id=\"attachment_51101\" aria-describedby=\"caption-attachment-51101\" style=\"width: 448px\" class=\"wp-caption alignleft\"><img fetchpriority=\"high\" decoding=\"async\" class=\"size-full wp-image-51101\" src=\"https:\/\/www.blogsoestado.com\/danielmatos\/files\/2018\/05\/osmarastro.jpg\" alt=\"\" width=\"448\" height=\"298\" \/><figcaption id=\"caption-attachment-51101\" class=\"wp-caption-text\">Osmar informou que est\u00e1 construindo um programa coletando sugest\u00f5es dos colegas<\/figcaption><\/figure>\n<p>O vereador Osmar Filho (PDT), favorito a ocupar a presid\u00eancia da C\u00e2mara Municipal de S\u00e3o Lu\u00eds a partir do ano que vem ressaltou, em entrevista ao Informativo C\u00e2mara News, a necessidade de dar continuidade \u00e0s a\u00e7\u00f5es da gest\u00e3o do presidente Astro de Ogum (PR). De acordo com Osmar, n\u00e3o se podem ignorar as conquistas realizadas ao longo dos \u00faltimos anos, principalmente no quesito transpar\u00eancia e comunica\u00e7\u00e3o.<\/p>\n<p>&#8220;Estamos construindo um programa coletando sugest\u00f5es dos colegas. Estou acompanhando a gest\u00e3o do presidente Astro de Ogum e n\u00e3o se podem ignorar as conquistas realizadas principalmente nas \u00e1reas de transpar\u00eancia e comunica\u00e7\u00e3o&#8221;, disse ele, dirigindo-se ao atual comandante da Casa.<\/p>\n<p>O vice-presidente da C\u00e2mara declarou ainda que todas as a\u00e7\u00f5es implantadas que veio para inovar ser\u00e3o mantidas e aperfei\u00e7oadas. Ele citou como exemplo a cobertura das sess\u00f5es que s\u00e3o transmitidas pelo r\u00e1dio AM e possibilita que qualquer pessoa possa acompanhar a atua\u00e7\u00e3o dos parlamentares.<\/p>\n<p>&#8220;Aquilo que deu certo e foi inovador vamos apenas aperfei\u00e7oar. Hoje as sess\u00f5es s\u00e3o transmitidas pelo r\u00e1dio AM possibilitando que as pessoas possam acompanhar nossa atua\u00e7\u00e3o de qualquer lugar do mundo j\u00e1 que atrav\u00e9s da internet se tem acesso ao r\u00e1dio&#8221;, declarou.<\/p>\n<p>Questionado sobre a forma\u00e7\u00e3o de sua chapa para o bi\u00eanio 2019\/2020, Osmar Filho garantiu que at\u00e9 amanh\u00e3 ser\u00e1 definida essa composi\u00e7\u00e3o. A elei\u00e7\u00e3o da Mesa Diretora da Casa para bi\u00eanio 2019\/20 deve ocorrer nesta quarta-feira, dia 09 de maio. O pleito ocorrer\u00e1 a partir das 9h, sendo que o registro das chapas poder\u00e1 ser feito at\u00e9 trinta minutos antes da vota\u00e7\u00e3o.<\/p>\n","protected":false},"excerpt":{"rendered":"<p>O vereador Osmar Filho (PDT), favorito a ocupar a presid\u00eancia da C\u00e2mara Municipal de S\u00e3o Lu\u00eds a partir do ano [&hellip;]<\/p>\n","protected":false},"author":0,"featured_media":0,"comment_status":"open","ping_status":"open","sticky":false,"template":"","format":"standard","meta":{"site-sidebar-layout":"default","site-content-layout":"","ast-site-content-layout":"default","site-content-style":"default","site-sidebar-style":"default","ast-global-header-display":"","ast-banner-title-visibility":"","ast-main-header-display":"","ast-hfb-above-header-display":"","ast-hfb-below-header-display":"","ast-hfb-mobile-header-display":"","site-post-title":"","ast-breadcrumbs-content":"","ast-featured-img":"","footer-sml-layout":"","ast-disable-related-posts":"","theme-transparent-header-meta":"","adv-header-id-meta":"","stick-header-meta":"","header-above-stick-meta":"","header-main-stick-meta":"","header-below-stick-meta":"","astra-migrate-meta-layouts":"default","ast-page-background-enabled":"default","ast-page-background-meta":{"desktop":{"background-color":"var(--ast-global-color-5)","background-image":"","background-repeat":"repeat","background-position":"center center","background-size":"auto","background-attachment":"scroll","background-type":"","background-media":"","overlay-type":"","overlay-color":"","overlay-opacity":"","overlay-gradient":""},"tablet":{"background-color":"","background-image":"","background-repeat":"repeat","background-position":"center center","background-size":"auto","background-attachment":"scroll","background-type":"","background-media":"","overlay-type":"","overlay-color":"","overlay-opacity":"","overlay-gradient":""},"mobile":{"background-color":"","background-image":"","background-repeat":"repeat","background-position":"center center","background-size":"auto","background-attachment":"scroll","background-type":"","background-media":"","overlay-type":"","overlay-color":"","overlay-opacity":"","overlay-gradient":""}},"ast-content-background-meta":{"desktop":{"background-color":"var(--ast-global-color-4)","background-image":"","background-repeat":"repeat","background-position":"center center","background-size":"auto","background-attachment":"scroll","background-type":"","background-media":"","overlay-type":"","overlay-color":"","overlay-opacity":"","overlay-gradient":""},"tablet":{"background-color":"var(--ast-global-color-4)","background-image":"","background-repeat":"repeat","background-position":"center center","background-size":"auto","background-attachment":"scroll","background-type":"","background-media":"","overlay-type":"","overlay-color":"","overlay-opacity":"","overlay-gradient":""},"mobile":{"background-color":"var(--ast-global-color-4)","background-image":"","background-repeat":"repeat","background-position":"center center","background-size":"auto","background-attachment":"scroll","background-type":"","background-media":"","overlay-type":"","overlay-color":"","overlay-opacity":"","overlay-gradient":""}},"footnotes":""},"categories":[1],"tags":[],"class_list":["post-51100","post","type-post","status-publish","format-standard","hentry","category-sem-categoria"],"yoast_head":"<!-- This site is optimized with the Yoast SEO plugin v26.6 - https:\/\/yoast.com\/wordpress\/plugins\/seo\/ -->\n<title>Osmar Filho diz que, se eleito, vai dar continuidade \u00e0s a\u00e7\u00f5es de Astro de Ogum no comando da C\u00e2mara - Daniel Matos<\/title>\n<meta name=\"robots\" content=\"index, follow, max-snippet:-1, max-image-preview:large, max-video-preview:-1\" \/>\n<link rel=\"canonical\" href=\"https:\/\/www.blogsoestado.com\/danielmatos\/osmar-filho-diz-que-se-eleito-vai-dar-continuidade-as-acoes-de-astro-de-ogum-no-comando-da-camara\/\" \/>\n<meta property=\"og:locale\" content=\"pt_BR\" \/>\n<meta property=\"og:type\" content=\"article\" \/>\n<meta property=\"og:title\" content=\"Osmar Filho diz que, se eleito, vai dar continuidade \u00e0s a\u00e7\u00f5es de Astro de Ogum no comando da C\u00e2mara - Daniel Matos\" \/>\n<meta property=\"og:description\" content=\"O vereador Osmar Filho (PDT), favorito a ocupar a presid\u00eancia da C\u00e2mara Municipal de S\u00e3o Lu\u00eds a partir do ano [&hellip;]\" \/>\n<meta property=\"og:url\" content=\"https:\/\/www.blogsoestado.com\/danielmatos\/osmar-filho-diz-que-se-eleito-vai-dar-continuidade-as-acoes-de-astro-de-ogum-no-comando-da-camara\/\" \/>\n<meta property=\"og:site_name\" content=\"Daniel Matos\" \/>\n<meta property=\"article:published_time\" content=\"2018-05-08T17:45:49+00:00\" \/>\n<meta property=\"og:image\" content=\"https:\/\/www.blogsoestado.com\/danielmatos\/files\/2018\/05\/osmarastro.jpg\" \/>\n<meta name=\"twitter:card\" content=\"summary_large_image\" \/>\n<meta name=\"twitter:label1\" content=\"Est. tempo de leitura\" \/>\n\t<meta name=\"twitter:data1\" content=\"2 minutos\" \/>\n<script type=\"application\/ld+json\" class=\"yoast-schema-graph\">{\"@context\":\"https:\/\/schema.org\",\"@graph\":[{\"@type\":\"WebPage\",\"@id\":\"https:\/\/www.blogsoestado.com\/danielmatos\/osmar-filho-diz-que-se-eleito-vai-dar-continuidade-as-acoes-de-astro-de-ogum-no-comando-da-camara\/\",\"url\":\"https:\/\/www.blogsoestado.com\/danielmatos\/osmar-filho-diz-que-se-eleito-vai-dar-continuidade-as-acoes-de-astro-de-ogum-no-comando-da-camara\/\",\"name\":\"Osmar Filho diz que, se eleito, vai dar continuidade \u00e0s a\u00e7\u00f5es de Astro de Ogum no comando da C\u00e2mara - Daniel Matos\",\"isPartOf\":{\"@id\":\"https:\/\/www.blogsoestado.com\/danielmatos\/#website\"},\"primaryImageOfPage\":{\"@id\":\"https:\/\/www.blogsoestado.com\/danielmatos\/osmar-filho-diz-que-se-eleito-vai-dar-continuidade-as-acoes-de-astro-de-ogum-no-comando-da-camara\/#primaryimage\"},\"image\":{\"@id\":\"https:\/\/www.blogsoestado.com\/danielmatos\/osmar-filho-diz-que-se-eleito-vai-dar-continuidade-as-acoes-de-astro-de-ogum-no-comando-da-camara\/#primaryimage\"},\"thumbnailUrl\":\"https:\/\/www.blogsoestado.com\/danielmatos\/files\/2018\/05\/osmarastro.jpg\",\"datePublished\":\"2018-05-08T17:45:49+00:00\",\"author\":{\"@id\":\"\"},\"breadcrumb\":{\"@id\":\"https:\/\/www.blogsoestado.com\/danielmatos\/osmar-filho-diz-que-se-eleito-vai-dar-continuidade-as-acoes-de-astro-de-ogum-no-comando-da-camara\/#breadcrumb\"},\"inLanguage\":\"pt-BR\",\"potentialAction\":[{\"@type\":\"ReadAction\",\"target\":[\"https:\/\/www.blogsoestado.com\/danielmatos\/osmar-filho-diz-que-se-eleito-vai-dar-continuidade-as-acoes-de-astro-de-ogum-no-comando-da-camara\/\"]}]},{\"@type\":\"ImageObject\",\"inLanguage\":\"pt-BR\",\"@id\":\"https:\/\/www.blogsoestado.com\/danielmatos\/osmar-filho-diz-que-se-eleito-vai-dar-continuidade-as-acoes-de-astro-de-ogum-no-comando-da-camara\/#primaryimage\",\"url\":\"https:\/\/www.blogsoestado.com\/danielmatos\/files\/2018\/05\/osmarastro.jpg\",\"contentUrl\":\"https:\/\/www.blogsoestado.com\/danielmatos\/files\/2018\/05\/osmarastro.jpg\"},{\"@type\":\"BreadcrumbList\",\"@id\":\"https:\/\/www.blogsoestado.com\/danielmatos\/osmar-filho-diz-que-se-eleito-vai-dar-continuidade-as-acoes-de-astro-de-ogum-no-comando-da-camara\/#breadcrumb\",\"itemListElement\":[{\"@type\":\"ListItem\",\"position\":1,\"name\":\"In\u00edcio\",\"item\":\"https:\/\/www.blogsoestado.com\/danielmatos\/\"},{\"@type\":\"ListItem\",\"position\":2,\"name\":\"Osmar Filho diz que, se eleito, vai dar continuidade \u00e0s a\u00e7\u00f5es de Astro de Ogum no comando da C\u00e2mara\"}]},{\"@type\":\"WebSite\",\"@id\":\"https:\/\/www.blogsoestado.com\/danielmatos\/#website\",\"url\":\"https:\/\/www.blogsoestado.com\/danielmatos\/\",\"name\":\"Daniel Matos\",\"description\":\"\",\"potentialAction\":[{\"@type\":\"SearchAction\",\"target\":{\"@type\":\"EntryPoint\",\"urlTemplate\":\"https:\/\/www.blogsoestado.com\/danielmatos\/?s={search_term_string}\"},\"query-input\":{\"@type\":\"PropertyValueSpecification\",\"valueRequired\":true,\"valueName\":\"search_term_string\"}}],\"inLanguage\":\"pt-BR\"}]}<\/script>\n<!-- \/ Yoast SEO plugin. -->","yoast_head_json":{"title":"Osmar Filho diz que, se eleito, vai dar continuidade \u00e0s a\u00e7\u00f5es de Astro de Ogum no comando da C\u00e2mara - Daniel Matos","robots":{"index":"index","follow":"follow","max-snippet":"max-snippet:-1","max-image-preview":"max-image-preview:large","max-video-preview":"max-video-preview:-1"},"canonical":"https:\/\/www.blogsoestado.com\/danielmatos\/osmar-filho-diz-que-se-eleito-vai-dar-continuidade-as-acoes-de-astro-de-ogum-no-comando-da-camara\/","og_locale":"pt_BR","og_type":"article","og_title":"Osmar Filho diz que, se eleito, vai dar continuidade \u00e0s a\u00e7\u00f5es de Astro de Ogum no comando da C\u00e2mara - Daniel Matos","og_description":"O vereador Osmar Filho (PDT), favorito a ocupar a presid\u00eancia da C\u00e2mara Municipal de S\u00e3o Lu\u00eds a partir do ano [&hellip;]","og_url":"https:\/\/www.blogsoestado.com\/danielmatos\/osmar-filho-diz-que-se-eleito-vai-dar-continuidade-as-acoes-de-astro-de-ogum-no-comando-da-camara\/","og_site_name":"Daniel Matos","article_published_time":"2018-05-08T17:45:49+00:00","og_image":[{"url":"https:\/\/www.blogsoestado.com\/danielmatos\/files\/2018\/05\/osmarastro.jpg","type":"","width":"","height":""}],"twitter_card":"summary_large_image","twitter_misc":{"Est. tempo de leitura":"2 minutos"},"schema":{"@context":"https:\/\/schema.org","@graph":[{"@type":"WebPage","@id":"https:\/\/www.blogsoestado.com\/danielmatos\/osmar-filho-diz-que-se-eleito-vai-dar-continuidade-as-acoes-de-astro-de-ogum-no-comando-da-camara\/","url":"https:\/\/www.blogsoestado.com\/danielmatos\/osmar-filho-diz-que-se-eleito-vai-dar-continuidade-as-acoes-de-astro-de-ogum-no-comando-da-camara\/","name":"Osmar Filho diz que, se eleito, vai dar continuidade \u00e0s a\u00e7\u00f5es de Astro de Ogum no comando da C\u00e2mara - Daniel Matos","isPartOf":{"@id":"https:\/\/www.blogsoestado.com\/danielmatos\/#website"},"primaryImageOfPage":{"@id":"https:\/\/www.blogsoestado.com\/danielmatos\/osmar-filho-diz-que-se-eleito-vai-dar-continuidade-as-acoes-de-astro-de-ogum-no-comando-da-camara\/#primaryimage"},"image":{"@id":"https:\/\/www.blogsoestado.com\/danielmatos\/osmar-filho-diz-que-se-eleito-vai-dar-continuidade-as-acoes-de-astro-de-ogum-no-comando-da-camara\/#primaryimage"},"thumbnailUrl":"https:\/\/www.blogsoestado.com\/danielmatos\/files\/2018\/05\/osmarastro.jpg","datePublished":"2018-05-08T17:45:49+00:00","author":{"@id":""},"breadcrumb":{"@id":"https:\/\/www.blogsoestado.com\/danielmatos\/osmar-filho-diz-que-se-eleito-vai-dar-continuidade-as-acoes-de-astro-de-ogum-no-comando-da-camara\/#breadcrumb"},"inLanguage":"pt-BR","potentialAction":[{"@type":"ReadAction","target":["https:\/\/www.blogsoestado.com\/danielmatos\/osmar-filho-diz-que-se-eleito-vai-dar-continuidade-as-acoes-de-astro-de-ogum-no-comando-da-camara\/"]}]},{"@type":"ImageObject","inLanguage":"pt-BR","@id":"https:\/\/www.blogsoestado.com\/danielmatos\/osmar-filho-diz-que-se-eleito-vai-dar-continuidade-as-acoes-de-astro-de-ogum-no-comando-da-camara\/#primaryimage","url":"https:\/\/www.blogsoestado.com\/danielmatos\/files\/2018\/05\/osmarastro.jpg","contentUrl":"https:\/\/www.blogsoestado.com\/danielmatos\/files\/2018\/05\/osmarastro.jpg"},{"@type":"BreadcrumbList","@id":"https:\/\/www.blogsoestado.com\/danielmatos\/osmar-filho-diz-que-se-eleito-vai-dar-continuidade-as-acoes-de-astro-de-ogum-no-comando-da-camara\/#breadcrumb","itemListElement":[{"@type":"ListItem","position":1,"name":"In\u00edcio","item":"https:\/\/www.blogsoestado.com\/danielmatos\/"},{"@type":"ListItem","position":2,"name":"Osmar Filho diz que, se eleito, vai dar continuidade \u00e0s a\u00e7\u00f5es de Astro de Ogum no comando da C\u00e2mara"}]},{"@type":"WebSite","@id":"https:\/\/www.blogsoestado.com\/danielmatos\/#website","url":"https:\/\/www.blogsoestado.com\/danielmatos\/","name":"Daniel Matos","description":"","potentialAction":[{"@type":"SearchAction","target":{"@type":"EntryPoint","urlTemplate":"https:\/\/www.blogsoestado.com\/danielmatos\/?s={search_term_string}"},"query-input":{"@type":"PropertyValueSpecification","valueRequired":true,"valueName":"search_term_string"}}],"inLanguage":"pt-BR"}]}},"jetpack_featured_media_url":"","_links":{"self":[{"href":"https:\/\/www.blogsoestado.com\/danielmatos\/wp-json\/wp\/v2\/posts\/51100","targetHints":{"allow":["GET"]}}],"collection":[{"href":"https:\/\/www.blogsoestado.com\/danielmatos\/wp-json\/wp\/v2\/posts"}],"about":[{"href":"https:\/\/www.blogsoestado.com\/danielmatos\/wp-json\/wp\/v2\/types\/post"}],"replies":[{"embeddable":true,"href":"https:\/\/www.blogsoestado.com\/danielmatos\/wp-json\/wp\/v2\/comments?post=51100"}],"version-history":[{"count":0,"href":"https:\/\/www.blogsoestado.com\/danielmatos\/wp-json\/wp\/v2\/posts\/51100\/revisions"}],"wp:attachment":[{"href":"https:\/\/www.blogsoestado.com\/danielmatos\/wp-json\/wp\/v2\/media?parent=51100"}],"wp:term":[{"taxonomy":"category","embeddable":true,"href":"https:\/\/www.blogsoestado.com\/danielmatos\/wp-json\/wp\/v2\/categories?post=51100"},{"taxonomy":"post_tag","embeddable":true,"href":"https:\/\/www.blogsoestado.com\/danielmatos\/wp-json\/wp\/v2\/tags?post=51100"}],"curies":[{"name":"wp","href":"https:\/\/api.w.org\/{rel}","templated":true}]}}