{"id":51105,"date":"2018-05-08T11:55:15","date_gmt":"2018-05-08T14:55:15","guid":{"rendered":"https:\/\/www.blogsoestado.com\/danielmatos\/?p=51105"},"modified":"2018-05-08T11:55:15","modified_gmt":"2018-05-08T14:55:15","slug":"astro-de-ogum-apara-arestas-entre-vereadores-e-pede-paz-na-camara","status":"publish","type":"post","link":"https:\/\/www.blogsoestado.com\/danielmatos\/astro-de-ogum-apara-arestas-entre-vereadores-e-pede-paz-na-camara\/","title":{"rendered":"Astro de Ogum apara &#8216;arestas&#8217; entre vereadores e pede &#8216;paz&#8217; na C\u00e2mara"},"content":{"rendered":"<figure id=\"attachment_51106\" aria-describedby=\"caption-attachment-51106\" style=\"width: 448px\" class=\"wp-caption alignleft\"><img fetchpriority=\"high\" decoding=\"async\" class=\"size-full wp-image-51106\" src=\"https:\/\/www.blogsoestado.com\/danielmatos\/files\/2018\/05\/astro-arestas.jpg\" alt=\"\" width=\"448\" height=\"297\" \/><figcaption id=\"caption-attachment-51106\" class=\"wp-caption-text\">Astro de Ogum defendeu di\u00e1logo entre colegas de plen\u00e1rio logo ap\u00f3s um debate acalorado entre os vereadores Paulo Victor e Genival Alves<\/figcaption><\/figure>\n<p>Em discurso realizado segunda-feira (07), durante sess\u00e3o plen\u00e1ria na C\u00e2mara Municipal de S\u00e3o Lu\u00eds (CSML), presidente da Casa, Astro de Ogum (PR), fez um apelo aos parlamentares para que deixassem suas diverg\u00eancias de lado e aprovassem mat\u00e9rias de interesse da popula\u00e7\u00e3o ludovicense que estavam na pauta da ordem do dia.<\/p>\n<p>A defesa do di\u00e1logo entre colegas de plen\u00e1rio veio, logo ap\u00f3s, um debate acalorado entre os vereadores Paulo Victor (Pros) e Genival Alves (PRTB), que se desentenderam e trocaram xingamentos devido \u00e0 vota\u00e7\u00e3o de um pedido de autoriza\u00e7\u00e3o para a Prefeitura de S\u00e3o Lu\u00eds contrair empr\u00e9stimo de R$ 100 milh\u00f5es.<\/p>\n<p>&#8220;A nossa responsabilidade nesse momento, em todos os pontos, tanto com a aprova\u00e7\u00e3o do empr\u00e9stimo quanto qualquer outro projeto, \u00e9 com rela\u00e7\u00e3o aos interesses da popula\u00e7\u00e3o ludovicense. Que a paz reine nessa Casa, pois fomos eleitos para representar a sociedade ludovicense&#8221;, declarou.<\/p>\n<p>Astro de Ogum tamb\u00e9m aproveitou para aparar &#8216;arestas&#8217; entre vereadores em rela\u00e7\u00e3o \u00e0 elei\u00e7\u00e3o da Mesa Diretora, que tem sido motivo de muitos debates interno na Casa. Ao afirmar que vai cumprir o acordo firmado em sua elei\u00e7\u00e3o para presid\u00eancia, Ogum declarou que n\u00e3o foi eleito pelo povo para ser presidente, foi eleito para ser vereador.<\/p>\n<p>&#8220;Eu nunca quis ser presidente. Fui eleito tr\u00eas vezes por unanimidade, sem precisar pedir voto. Eu j\u00e1 dei a minha palavra que vou cumprir o acordo na elei\u00e7\u00e3o da C\u00e2mara. No entanto, o pleito s\u00f3 ser\u00e1 amanh\u00e3. O que n\u00e3o podemos \u00e9 admitir que as diverg\u00eancias fossem transformadas em quest\u00f5es pessoais, o que \u00e9 extremamente perigoso&#8221;, afirmou o chefe do legislativo.<\/p>\n<p>Ao final do discurso, Astro de Ogum lembrou aos parlamentares governistas que o chefe do Executivo precisa ter governabilidade.<\/p>\n<p>\u201cN\u00e3o ser\u00e3o as conversinhas pelos cantos ou as tramoias entre um ou outro que v\u00e3o garantir a governabilidade nesta Casa com o Executivo. A governabilidade se garante \u00e9 com dialogo\u201d, concluiu.<\/p>\n<p>Como o pedido de autoriza\u00e7\u00e3o para contrair empr\u00e9stimo j\u00e1 estava pela quarta vez na ordem do dia, a pauta da Casa acabou ficando trancada. Para destrancar, o vereador Pav\u00e3o Filho (PDT), l\u00edder do Governo na C\u00e2mara, pediu a retirada de pauta do pedido para contrair o empr\u00e9stimo.<\/p>\n","protected":false},"excerpt":{"rendered":"<p>Em discurso realizado segunda-feira (07), durante sess\u00e3o plen\u00e1ria na C\u00e2mara Municipal de S\u00e3o Lu\u00eds (CSML), presidente da Casa, Astro de [&hellip;]<\/p>\n","protected":false},"author":0,"featured_media":0,"comment_status":"open","ping_status":"open","sticky":false,"template":"","format":"standard","meta":{"site-sidebar-layout":"default","site-content-layout":"","ast-site-content-layout":"default","site-content-style":"default","site-sidebar-style":"default","ast-global-header-display":"","ast-banner-title-visibility":"","ast-main-header-display":"","ast-hfb-above-header-display":"","ast-hfb-below-header-display":"","ast-hfb-mobile-header-display":"","site-post-title":"","ast-breadcrumbs-content":"","ast-featured-img":"","footer-sml-layout":"","ast-disable-related-posts":"","theme-transparent-header-meta":"","adv-header-id-meta":"","stick-header-meta":"","header-above-stick-meta":"","header-main-stick-meta":"","header-below-stick-meta":"","astra-migrate-meta-layouts":"default","ast-page-background-enabled":"default","ast-page-background-meta":{"desktop":{"background-color":"var(--ast-global-color-5)","background-image":"","background-repeat":"repeat","background-position":"center center","background-size":"auto","background-attachment":"scroll","background-type":"","background-media":"","overlay-type":"","overlay-color":"","overlay-opacity":"","overlay-gradient":""},"tablet":{"background-color":"","background-image":"","background-repeat":"repeat","background-position":"center center","background-size":"auto","background-attachment":"scroll","background-type":"","background-media":"","overlay-type":"","overlay-color":"","overlay-opacity":"","overlay-gradient":""},"mobile":{"background-color":"","background-image":"","background-repeat":"repeat","background-position":"center center","background-size":"auto","background-attachment":"scroll","background-type":"","background-media":"","overlay-type":"","overlay-color":"","overlay-opacity":"","overlay-gradient":""}},"ast-content-background-meta":{"desktop":{"background-color":"var(--ast-global-color-4)","background-image":"","background-repeat":"repeat","background-position":"center center","background-size":"auto","background-attachment":"scroll","background-type":"","background-media":"","overlay-type":"","overlay-color":"","overlay-opacity":"","overlay-gradient":""},"tablet":{"background-color":"var(--ast-global-color-4)","background-image":"","background-repeat":"repeat","background-position":"center center","background-size":"auto","background-attachment":"scroll","background-type":"","background-media":"","overlay-type":"","overlay-color":"","overlay-opacity":"","overlay-gradient":""},"mobile":{"background-color":"var(--ast-global-color-4)","background-image":"","background-repeat":"repeat","background-position":"center center","background-size":"auto","background-attachment":"scroll","background-type":"","background-media":"","overlay-type":"","overlay-color":"","overlay-opacity":"","overlay-gradient":""}},"footnotes":""},"categories":[1],"tags":[],"class_list":["post-51105","post","type-post","status-publish","format-standard","hentry","category-sem-categoria"],"yoast_head":"<!-- This site is optimized with the Yoast SEO plugin v26.6 - https:\/\/yoast.com\/wordpress\/plugins\/seo\/ -->\n<title>Astro de Ogum apara &#039;arestas&#039; entre vereadores e pede &#039;paz&#039; na C\u00e2mara - Daniel Matos<\/title>\n<meta name=\"robots\" content=\"index, follow, max-snippet:-1, max-image-preview:large, max-video-preview:-1\" \/>\n<link rel=\"canonical\" href=\"https:\/\/www.blogsoestado.com\/danielmatos\/astro-de-ogum-apara-arestas-entre-vereadores-e-pede-paz-na-camara\/\" \/>\n<meta property=\"og:locale\" content=\"pt_BR\" \/>\n<meta property=\"og:type\" content=\"article\" \/>\n<meta property=\"og:title\" content=\"Astro de Ogum apara &#039;arestas&#039; entre vereadores e pede &#039;paz&#039; na C\u00e2mara - Daniel Matos\" \/>\n<meta property=\"og:description\" content=\"Em discurso realizado segunda-feira (07), durante sess\u00e3o plen\u00e1ria na C\u00e2mara Municipal de S\u00e3o Lu\u00eds (CSML), presidente da Casa, Astro de [&hellip;]\" \/>\n<meta property=\"og:url\" content=\"https:\/\/www.blogsoestado.com\/danielmatos\/astro-de-ogum-apara-arestas-entre-vereadores-e-pede-paz-na-camara\/\" \/>\n<meta property=\"og:site_name\" content=\"Daniel Matos\" \/>\n<meta property=\"article:published_time\" content=\"2018-05-08T14:55:15+00:00\" \/>\n<meta property=\"og:image\" content=\"https:\/\/www.blogsoestado.com\/danielmatos\/files\/2018\/05\/astro-arestas.jpg\" \/>\n<meta name=\"twitter:card\" content=\"summary_large_image\" \/>\n<meta name=\"twitter:label1\" content=\"Est. tempo de leitura\" \/>\n\t<meta name=\"twitter:data1\" content=\"2 minutos\" \/>\n<script type=\"application\/ld+json\" class=\"yoast-schema-graph\">{\"@context\":\"https:\/\/schema.org\",\"@graph\":[{\"@type\":\"WebPage\",\"@id\":\"https:\/\/www.blogsoestado.com\/danielmatos\/astro-de-ogum-apara-arestas-entre-vereadores-e-pede-paz-na-camara\/\",\"url\":\"https:\/\/www.blogsoestado.com\/danielmatos\/astro-de-ogum-apara-arestas-entre-vereadores-e-pede-paz-na-camara\/\",\"name\":\"Astro de Ogum apara 'arestas' entre vereadores e pede 'paz' na C\u00e2mara - Daniel Matos\",\"isPartOf\":{\"@id\":\"https:\/\/www.blogsoestado.com\/danielmatos\/#website\"},\"primaryImageOfPage\":{\"@id\":\"https:\/\/www.blogsoestado.com\/danielmatos\/astro-de-ogum-apara-arestas-entre-vereadores-e-pede-paz-na-camara\/#primaryimage\"},\"image\":{\"@id\":\"https:\/\/www.blogsoestado.com\/danielmatos\/astro-de-ogum-apara-arestas-entre-vereadores-e-pede-paz-na-camara\/#primaryimage\"},\"thumbnailUrl\":\"https:\/\/www.blogsoestado.com\/danielmatos\/files\/2018\/05\/astro-arestas.jpg\",\"datePublished\":\"2018-05-08T14:55:15+00:00\",\"author\":{\"@id\":\"\"},\"breadcrumb\":{\"@id\":\"https:\/\/www.blogsoestado.com\/danielmatos\/astro-de-ogum-apara-arestas-entre-vereadores-e-pede-paz-na-camara\/#breadcrumb\"},\"inLanguage\":\"pt-BR\",\"potentialAction\":[{\"@type\":\"ReadAction\",\"target\":[\"https:\/\/www.blogsoestado.com\/danielmatos\/astro-de-ogum-apara-arestas-entre-vereadores-e-pede-paz-na-camara\/\"]}]},{\"@type\":\"ImageObject\",\"inLanguage\":\"pt-BR\",\"@id\":\"https:\/\/www.blogsoestado.com\/danielmatos\/astro-de-ogum-apara-arestas-entre-vereadores-e-pede-paz-na-camara\/#primaryimage\",\"url\":\"https:\/\/www.blogsoestado.com\/danielmatos\/files\/2018\/05\/astro-arestas.jpg\",\"contentUrl\":\"https:\/\/www.blogsoestado.com\/danielmatos\/files\/2018\/05\/astro-arestas.jpg\"},{\"@type\":\"BreadcrumbList\",\"@id\":\"https:\/\/www.blogsoestado.com\/danielmatos\/astro-de-ogum-apara-arestas-entre-vereadores-e-pede-paz-na-camara\/#breadcrumb\",\"itemListElement\":[{\"@type\":\"ListItem\",\"position\":1,\"name\":\"In\u00edcio\",\"item\":\"https:\/\/www.blogsoestado.com\/danielmatos\/\"},{\"@type\":\"ListItem\",\"position\":2,\"name\":\"Astro de Ogum apara &#8216;arestas&#8217; entre vereadores e pede &#8216;paz&#8217; na C\u00e2mara\"}]},{\"@type\":\"WebSite\",\"@id\":\"https:\/\/www.blogsoestado.com\/danielmatos\/#website\",\"url\":\"https:\/\/www.blogsoestado.com\/danielmatos\/\",\"name\":\"Daniel Matos\",\"description\":\"\",\"potentialAction\":[{\"@type\":\"SearchAction\",\"target\":{\"@type\":\"EntryPoint\",\"urlTemplate\":\"https:\/\/www.blogsoestado.com\/danielmatos\/?s={search_term_string}\"},\"query-input\":{\"@type\":\"PropertyValueSpecification\",\"valueRequired\":true,\"valueName\":\"search_term_string\"}}],\"inLanguage\":\"pt-BR\"}]}<\/script>\n<!-- \/ Yoast SEO plugin. -->","yoast_head_json":{"title":"Astro de Ogum apara 'arestas' entre vereadores e pede 'paz' na C\u00e2mara - Daniel Matos","robots":{"index":"index","follow":"follow","max-snippet":"max-snippet:-1","max-image-preview":"max-image-preview:large","max-video-preview":"max-video-preview:-1"},"canonical":"https:\/\/www.blogsoestado.com\/danielmatos\/astro-de-ogum-apara-arestas-entre-vereadores-e-pede-paz-na-camara\/","og_locale":"pt_BR","og_type":"article","og_title":"Astro de Ogum apara 'arestas' entre vereadores e pede 'paz' na C\u00e2mara - Daniel Matos","og_description":"Em discurso realizado segunda-feira (07), durante sess\u00e3o plen\u00e1ria na C\u00e2mara Municipal de S\u00e3o Lu\u00eds (CSML), presidente da Casa, Astro de [&hellip;]","og_url":"https:\/\/www.blogsoestado.com\/danielmatos\/astro-de-ogum-apara-arestas-entre-vereadores-e-pede-paz-na-camara\/","og_site_name":"Daniel Matos","article_published_time":"2018-05-08T14:55:15+00:00","og_image":[{"url":"https:\/\/www.blogsoestado.com\/danielmatos\/files\/2018\/05\/astro-arestas.jpg","type":"","width":"","height":""}],"twitter_card":"summary_large_image","twitter_misc":{"Est. tempo de leitura":"2 minutos"},"schema":{"@context":"https:\/\/schema.org","@graph":[{"@type":"WebPage","@id":"https:\/\/www.blogsoestado.com\/danielmatos\/astro-de-ogum-apara-arestas-entre-vereadores-e-pede-paz-na-camara\/","url":"https:\/\/www.blogsoestado.com\/danielmatos\/astro-de-ogum-apara-arestas-entre-vereadores-e-pede-paz-na-camara\/","name":"Astro de Ogum apara 'arestas' entre vereadores e pede 'paz' na C\u00e2mara - Daniel Matos","isPartOf":{"@id":"https:\/\/www.blogsoestado.com\/danielmatos\/#website"},"primaryImageOfPage":{"@id":"https:\/\/www.blogsoestado.com\/danielmatos\/astro-de-ogum-apara-arestas-entre-vereadores-e-pede-paz-na-camara\/#primaryimage"},"image":{"@id":"https:\/\/www.blogsoestado.com\/danielmatos\/astro-de-ogum-apara-arestas-entre-vereadores-e-pede-paz-na-camara\/#primaryimage"},"thumbnailUrl":"https:\/\/www.blogsoestado.com\/danielmatos\/files\/2018\/05\/astro-arestas.jpg","datePublished":"2018-05-08T14:55:15+00:00","author":{"@id":""},"breadcrumb":{"@id":"https:\/\/www.blogsoestado.com\/danielmatos\/astro-de-ogum-apara-arestas-entre-vereadores-e-pede-paz-na-camara\/#breadcrumb"},"inLanguage":"pt-BR","potentialAction":[{"@type":"ReadAction","target":["https:\/\/www.blogsoestado.com\/danielmatos\/astro-de-ogum-apara-arestas-entre-vereadores-e-pede-paz-na-camara\/"]}]},{"@type":"ImageObject","inLanguage":"pt-BR","@id":"https:\/\/www.blogsoestado.com\/danielmatos\/astro-de-ogum-apara-arestas-entre-vereadores-e-pede-paz-na-camara\/#primaryimage","url":"https:\/\/www.blogsoestado.com\/danielmatos\/files\/2018\/05\/astro-arestas.jpg","contentUrl":"https:\/\/www.blogsoestado.com\/danielmatos\/files\/2018\/05\/astro-arestas.jpg"},{"@type":"BreadcrumbList","@id":"https:\/\/www.blogsoestado.com\/danielmatos\/astro-de-ogum-apara-arestas-entre-vereadores-e-pede-paz-na-camara\/#breadcrumb","itemListElement":[{"@type":"ListItem","position":1,"name":"In\u00edcio","item":"https:\/\/www.blogsoestado.com\/danielmatos\/"},{"@type":"ListItem","position":2,"name":"Astro de Ogum apara &#8216;arestas&#8217; entre vereadores e pede &#8216;paz&#8217; na C\u00e2mara"}]},{"@type":"WebSite","@id":"https:\/\/www.blogsoestado.com\/danielmatos\/#website","url":"https:\/\/www.blogsoestado.com\/danielmatos\/","name":"Daniel Matos","description":"","potentialAction":[{"@type":"SearchAction","target":{"@type":"EntryPoint","urlTemplate":"https:\/\/www.blogsoestado.com\/danielmatos\/?s={search_term_string}"},"query-input":{"@type":"PropertyValueSpecification","valueRequired":true,"valueName":"search_term_string"}}],"inLanguage":"pt-BR"}]}},"jetpack_featured_media_url":"","_links":{"self":[{"href":"https:\/\/www.blogsoestado.com\/danielmatos\/wp-json\/wp\/v2\/posts\/51105","targetHints":{"allow":["GET"]}}],"collection":[{"href":"https:\/\/www.blogsoestado.com\/danielmatos\/wp-json\/wp\/v2\/posts"}],"about":[{"href":"https:\/\/www.blogsoestado.com\/danielmatos\/wp-json\/wp\/v2\/types\/post"}],"replies":[{"embeddable":true,"href":"https:\/\/www.blogsoestado.com\/danielmatos\/wp-json\/wp\/v2\/comments?post=51105"}],"version-history":[{"count":0,"href":"https:\/\/www.blogsoestado.com\/danielmatos\/wp-json\/wp\/v2\/posts\/51105\/revisions"}],"wp:attachment":[{"href":"https:\/\/www.blogsoestado.com\/danielmatos\/wp-json\/wp\/v2\/media?parent=51105"}],"wp:term":[{"taxonomy":"category","embeddable":true,"href":"https:\/\/www.blogsoestado.com\/danielmatos\/wp-json\/wp\/v2\/categories?post=51105"},{"taxonomy":"post_tag","embeddable":true,"href":"https:\/\/www.blogsoestado.com\/danielmatos\/wp-json\/wp\/v2\/tags?post=51105"}],"curies":[{"name":"wp","href":"https:\/\/api.w.org\/{rel}","templated":true}]}}