{"id":51113,"date":"2018-05-08T15:52:52","date_gmt":"2018-05-08T18:52:52","guid":{"rendered":"https:\/\/www.blogsoestado.com\/danielmatos\/?p=51113"},"modified":"2018-05-08T15:52:52","modified_gmt":"2018-05-08T18:52:52","slug":"justica-libera-695-internos-para-saida-temporaria-do-dia-das-maes","status":"publish","type":"post","link":"https:\/\/www.blogsoestado.com\/danielmatos\/justica-libera-695-internos-para-saida-temporaria-do-dia-das-maes\/","title":{"rendered":"Justi\u00e7a libera 695 internos para sa\u00edda tempor\u00e1ria do Dia das M\u00e3es"},"content":{"rendered":"<p><img decoding=\"async\" class=\"alignleft size-full wp-image-24070\" src=\"https:\/\/www.blogsoestado.com\/danielmatos\/files\/2015\/05\/saida-tempor\u00e1ria1.jpg\" alt=\"\" width=\"260\" height=\"190\" \/>O juiz titular da 1\u00aa Vara de Execu\u00e7\u00f5es Penais da capital, M\u00e1rcio Castro Brand\u00e3o, publicou nesta segunda-feira (7), a Portaria que relaciona os recuperandos do sistema prisional que est\u00e3o aptos ao benef\u00edcio da Sa\u00edda Tempor\u00e1ria do Dia das M\u00e3es deste ano. Segundo o documento, est\u00e3o autorizados \u00e0 sa\u00edda 695 internos do regime semi-aberto, se por outro motivo n\u00e3o estiverem presos, para visita aos seus familiares. Os beneficiados poder\u00e3o sair a partir das 9h desta quarta-feira (9) e dever\u00e3o retornar aos respectivos estabelecimentos prisionais at\u00e9 a pr\u00f3xima ter\u00e7a-feira (15), \u00e0s 18h.<\/p>\n<p>A Sa\u00edda Tempor\u00e1ria \u00e9 uma previs\u00e3o da Lei de Execu\u00e7\u00f5es Penais, que estabelece os requisitos para concess\u00e3o do benef\u00edcio nos artigos 122 e 123. Antes da sa\u00edda, os beneficiados s\u00e3o submetidos a reuni\u00e3o de advert\u00eancia, esclarecimentos complementares e assinatura do termo de compromisso.<\/p>\n<p>A Portaria determina que os recuperandos beneficiados com a Sa\u00edda Tempor\u00e1ria n\u00e3o poder\u00e3o ausentar-se do estado do Maranh\u00e3o; devem recolher-se \u00e0s suas resid\u00eancias at\u00e9 as 20h; e n\u00e3o podem ingerir bebidas alco\u00f3licas, portar armas ou frequentas festas, bares e similares. At\u00e9 as 12h do dia 18 de maio, os respons\u00e1veis pelos estabelecimentos prisionais devem comunicar ao Ju\u00edzo da 1\u00aa VEP sobre o retorno dos internos ou eventuais altera\u00e7\u00f5es.<\/p>\n<p>Sobre a sa\u00edda de presos, a VEP cientificou a Secretaria de Estado de Seguran\u00e7a P\u00fablica, Secretaria de Estado de Administra\u00e7\u00e3o Penitenci\u00e1ria, Superintend\u00eancia da Pol\u00edcia Federal, Superintend\u00eancia de Pol\u00edcia Rodovi\u00e1ria Federal, e diretorias dos estabelecimentos penais de S\u00e3o Lu\u00eds, para operacionaliza\u00e7\u00e3o das medidas estabelecidas na portaria.<\/p>\n<p><strong>Direito<\/strong><\/p>\n<p>Segundo a LEP, a autoriza\u00e7\u00e3o para sa\u00edda tempor\u00e1ria \u00e9 concedida por ato motivado do juiz, ouvidos o Minist\u00e9rio P\u00fablico e a administra\u00e7\u00e3o penitenci\u00e1ria. Para ter direito ao benef\u00edcio, o interno deve estar cumprindo a pena em regime semi-aberto e precisa ter cumprido, no m\u00ednimo, 1\/6 (prim\u00e1rios) ou 1\/4 da pena (reincidentes); apresentar comportamento adequado na unidade prisional; al\u00e9m da compatibilidade entre o benef\u00edcio e os objetivos da pena.<\/p>\n<p>A Lei de Execu\u00e7\u00e3o Penal disciplina que o benef\u00edcio da sa\u00edda tempor\u00e1ria ser\u00e1 automaticamente revogado quando o benefici\u00e1rio praticar fato definido como crime doloso; for punido por falta grave; desatender as condi\u00e7\u00f5es impostas na autoriza\u00e7\u00e3o ou revelar baixo grau de aproveitamento do curso, quando for o caso. A recupera\u00e7\u00e3o do direito \u00e0 sa\u00edda tempor\u00e1ria depender\u00e1 da absolvi\u00e7\u00e3o no processo penal, do cancelamento da puni\u00e7\u00e3o disciplinar ou da demonstra\u00e7\u00e3o do merecimento do condenado.<\/p>\n<p><strong>Regime semiaberto<\/strong><\/p>\n<p>O regime semiaberto destina-se para condena\u00e7\u00f5es entre quatro e oito anos, n\u00e3o sendo caso de reincid\u00eancia. Nesse regime de cumprimento de pena, a lei garante ao recuperando o direito de trabalhar e fazer cursos fora da pris\u00e3o durante o dia, devendo retornar \u00e0 unidade penitenci\u00e1ria \u00e0 noite.<\/p>\n<p><strong>Confira <a href=\"http:\/\/chrome-extension:\/\/oemmndcbldboiebfnladdacbdfmadadm\/http:\/\/gerenciador.tjma.jus.br\/app\/webroot\/files\/publicacao\/421233\/portaria_dia_das_moes_2018_08052018_1506.pdf\">aqui<\/a> a portaria que autoriza a sa\u00edda tempor\u00e1ria dos 695 apenados.<\/strong><\/p>\n<p><strong>Fonte:<\/strong> Corregedoria Geral de Justi\u00e7a<\/p>\n","protected":false},"excerpt":{"rendered":"<p>O juiz titular da 1\u00aa Vara de Execu\u00e7\u00f5es Penais da capital, M\u00e1rcio Castro Brand\u00e3o, publicou nesta segunda-feira (7), a Portaria [&hellip;]<\/p>\n","protected":false},"author":0,"featured_media":0,"comment_status":"open","ping_status":"open","sticky":false,"template":"","format":"standard","meta":{"site-sidebar-layout":"default","site-content-layout":"","ast-site-content-layout":"default","site-content-style":"default","site-sidebar-style":"default","ast-global-header-display":"","ast-banner-title-visibility":"","ast-main-header-display":"","ast-hfb-above-header-display":"","ast-hfb-below-header-display":"","ast-hfb-mobile-header-display":"","site-post-title":"","ast-breadcrumbs-content":"","ast-featured-img":"","footer-sml-layout":"","ast-disable-related-posts":"","theme-transparent-header-meta":"","adv-header-id-meta":"","stick-header-meta":"","header-above-stick-meta":"","header-main-stick-meta":"","header-below-stick-meta":"","astra-migrate-meta-layouts":"default","ast-page-background-enabled":"default","ast-page-background-meta":{"desktop":{"background-color":"var(--ast-global-color-5)","background-image":"","background-repeat":"repeat","background-position":"center center","background-size":"auto","background-attachment":"scroll","background-type":"","background-media":"","overlay-type":"","overlay-color":"","overlay-opacity":"","overlay-gradient":""},"tablet":{"background-color":"","background-image":"","background-repeat":"repeat","background-position":"center center","background-size":"auto","background-attachment":"scroll","background-type":"","background-media":"","overlay-type":"","overlay-color":"","overlay-opacity":"","overlay-gradient":""},"mobile":{"background-color":"","background-image":"","background-repeat":"repeat","background-position":"center center","background-size":"auto","background-attachment":"scroll","background-type":"","background-media":"","overlay-type":"","overlay-color":"","overlay-opacity":"","overlay-gradient":""}},"ast-content-background-meta":{"desktop":{"background-color":"var(--ast-global-color-4)","background-image":"","background-repeat":"repeat","background-position":"center center","background-size":"auto","background-attachment":"scroll","background-type":"","background-media":"","overlay-type":"","overlay-color":"","overlay-opacity":"","overlay-gradient":""},"tablet":{"background-color":"var(--ast-global-color-4)","background-image":"","background-repeat":"repeat","background-position":"center center","background-size":"auto","background-attachment":"scroll","background-type":"","background-media":"","overlay-type":"","overlay-color":"","overlay-opacity":"","overlay-gradient":""},"mobile":{"background-color":"var(--ast-global-color-4)","background-image":"","background-repeat":"repeat","background-position":"center center","background-size":"auto","background-attachment":"scroll","background-type":"","background-media":"","overlay-type":"","overlay-color":"","overlay-opacity":"","overlay-gradient":""}},"footnotes":""},"categories":[1],"tags":[],"class_list":["post-51113","post","type-post","status-publish","format-standard","hentry","category-sem-categoria"],"yoast_head":"<!-- This site is optimized with the Yoast SEO plugin v26.6 - https:\/\/yoast.com\/wordpress\/plugins\/seo\/ -->\n<title>Justi\u00e7a libera 695 internos para sa\u00edda tempor\u00e1ria do Dia das M\u00e3es - Daniel Matos<\/title>\n<meta name=\"robots\" content=\"index, follow, max-snippet:-1, max-image-preview:large, max-video-preview:-1\" \/>\n<link rel=\"canonical\" href=\"https:\/\/www.blogsoestado.com\/danielmatos\/justica-libera-695-internos-para-saida-temporaria-do-dia-das-maes\/\" \/>\n<meta property=\"og:locale\" content=\"pt_BR\" \/>\n<meta property=\"og:type\" content=\"article\" \/>\n<meta property=\"og:title\" content=\"Justi\u00e7a libera 695 internos para sa\u00edda tempor\u00e1ria do Dia das M\u00e3es - Daniel Matos\" \/>\n<meta property=\"og:description\" content=\"O juiz titular da 1\u00aa Vara de Execu\u00e7\u00f5es Penais da capital, M\u00e1rcio Castro Brand\u00e3o, publicou nesta segunda-feira (7), a Portaria [&hellip;]\" \/>\n<meta property=\"og:url\" content=\"https:\/\/www.blogsoestado.com\/danielmatos\/justica-libera-695-internos-para-saida-temporaria-do-dia-das-maes\/\" \/>\n<meta property=\"og:site_name\" content=\"Daniel Matos\" \/>\n<meta property=\"article:published_time\" content=\"2018-05-08T18:52:52+00:00\" \/>\n<meta name=\"twitter:card\" content=\"summary_large_image\" \/>\n<meta name=\"twitter:label1\" content=\"Est. tempo de leitura\" \/>\n\t<meta name=\"twitter:data1\" content=\"3 minutos\" \/>\n<script type=\"application\/ld+json\" class=\"yoast-schema-graph\">{\"@context\":\"https:\/\/schema.org\",\"@graph\":[{\"@type\":\"WebPage\",\"@id\":\"https:\/\/www.blogsoestado.com\/danielmatos\/justica-libera-695-internos-para-saida-temporaria-do-dia-das-maes\/\",\"url\":\"https:\/\/www.blogsoestado.com\/danielmatos\/justica-libera-695-internos-para-saida-temporaria-do-dia-das-maes\/\",\"name\":\"Justi\u00e7a libera 695 internos para sa\u00edda tempor\u00e1ria do Dia das M\u00e3es - Daniel Matos\",\"isPartOf\":{\"@id\":\"https:\/\/www.blogsoestado.com\/danielmatos\/#website\"},\"datePublished\":\"2018-05-08T18:52:52+00:00\",\"author\":{\"@id\":\"\"},\"breadcrumb\":{\"@id\":\"https:\/\/www.blogsoestado.com\/danielmatos\/justica-libera-695-internos-para-saida-temporaria-do-dia-das-maes\/#breadcrumb\"},\"inLanguage\":\"pt-BR\",\"potentialAction\":[{\"@type\":\"ReadAction\",\"target\":[\"https:\/\/www.blogsoestado.com\/danielmatos\/justica-libera-695-internos-para-saida-temporaria-do-dia-das-maes\/\"]}]},{\"@type\":\"BreadcrumbList\",\"@id\":\"https:\/\/www.blogsoestado.com\/danielmatos\/justica-libera-695-internos-para-saida-temporaria-do-dia-das-maes\/#breadcrumb\",\"itemListElement\":[{\"@type\":\"ListItem\",\"position\":1,\"name\":\"In\u00edcio\",\"item\":\"https:\/\/www.blogsoestado.com\/danielmatos\/\"},{\"@type\":\"ListItem\",\"position\":2,\"name\":\"Justi\u00e7a libera 695 internos para sa\u00edda tempor\u00e1ria do Dia das M\u00e3es\"}]},{\"@type\":\"WebSite\",\"@id\":\"https:\/\/www.blogsoestado.com\/danielmatos\/#website\",\"url\":\"https:\/\/www.blogsoestado.com\/danielmatos\/\",\"name\":\"Daniel Matos\",\"description\":\"\",\"potentialAction\":[{\"@type\":\"SearchAction\",\"target\":{\"@type\":\"EntryPoint\",\"urlTemplate\":\"https:\/\/www.blogsoestado.com\/danielmatos\/?s={search_term_string}\"},\"query-input\":{\"@type\":\"PropertyValueSpecification\",\"valueRequired\":true,\"valueName\":\"search_term_string\"}}],\"inLanguage\":\"pt-BR\"}]}<\/script>\n<!-- \/ Yoast SEO plugin. -->","yoast_head_json":{"title":"Justi\u00e7a libera 695 internos para sa\u00edda tempor\u00e1ria do Dia das M\u00e3es - Daniel Matos","robots":{"index":"index","follow":"follow","max-snippet":"max-snippet:-1","max-image-preview":"max-image-preview:large","max-video-preview":"max-video-preview:-1"},"canonical":"https:\/\/www.blogsoestado.com\/danielmatos\/justica-libera-695-internos-para-saida-temporaria-do-dia-das-maes\/","og_locale":"pt_BR","og_type":"article","og_title":"Justi\u00e7a libera 695 internos para sa\u00edda tempor\u00e1ria do Dia das M\u00e3es - Daniel Matos","og_description":"O juiz titular da 1\u00aa Vara de Execu\u00e7\u00f5es Penais da capital, M\u00e1rcio Castro Brand\u00e3o, publicou nesta segunda-feira (7), a Portaria [&hellip;]","og_url":"https:\/\/www.blogsoestado.com\/danielmatos\/justica-libera-695-internos-para-saida-temporaria-do-dia-das-maes\/","og_site_name":"Daniel Matos","article_published_time":"2018-05-08T18:52:52+00:00","twitter_card":"summary_large_image","twitter_misc":{"Est. tempo de leitura":"3 minutos"},"schema":{"@context":"https:\/\/schema.org","@graph":[{"@type":"WebPage","@id":"https:\/\/www.blogsoestado.com\/danielmatos\/justica-libera-695-internos-para-saida-temporaria-do-dia-das-maes\/","url":"https:\/\/www.blogsoestado.com\/danielmatos\/justica-libera-695-internos-para-saida-temporaria-do-dia-das-maes\/","name":"Justi\u00e7a libera 695 internos para sa\u00edda tempor\u00e1ria do Dia das M\u00e3es - Daniel Matos","isPartOf":{"@id":"https:\/\/www.blogsoestado.com\/danielmatos\/#website"},"datePublished":"2018-05-08T18:52:52+00:00","author":{"@id":""},"breadcrumb":{"@id":"https:\/\/www.blogsoestado.com\/danielmatos\/justica-libera-695-internos-para-saida-temporaria-do-dia-das-maes\/#breadcrumb"},"inLanguage":"pt-BR","potentialAction":[{"@type":"ReadAction","target":["https:\/\/www.blogsoestado.com\/danielmatos\/justica-libera-695-internos-para-saida-temporaria-do-dia-das-maes\/"]}]},{"@type":"BreadcrumbList","@id":"https:\/\/www.blogsoestado.com\/danielmatos\/justica-libera-695-internos-para-saida-temporaria-do-dia-das-maes\/#breadcrumb","itemListElement":[{"@type":"ListItem","position":1,"name":"In\u00edcio","item":"https:\/\/www.blogsoestado.com\/danielmatos\/"},{"@type":"ListItem","position":2,"name":"Justi\u00e7a libera 695 internos para sa\u00edda tempor\u00e1ria do Dia das M\u00e3es"}]},{"@type":"WebSite","@id":"https:\/\/www.blogsoestado.com\/danielmatos\/#website","url":"https:\/\/www.blogsoestado.com\/danielmatos\/","name":"Daniel Matos","description":"","potentialAction":[{"@type":"SearchAction","target":{"@type":"EntryPoint","urlTemplate":"https:\/\/www.blogsoestado.com\/danielmatos\/?s={search_term_string}"},"query-input":{"@type":"PropertyValueSpecification","valueRequired":true,"valueName":"search_term_string"}}],"inLanguage":"pt-BR"}]}},"jetpack_featured_media_url":"","_links":{"self":[{"href":"https:\/\/www.blogsoestado.com\/danielmatos\/wp-json\/wp\/v2\/posts\/51113","targetHints":{"allow":["GET"]}}],"collection":[{"href":"https:\/\/www.blogsoestado.com\/danielmatos\/wp-json\/wp\/v2\/posts"}],"about":[{"href":"https:\/\/www.blogsoestado.com\/danielmatos\/wp-json\/wp\/v2\/types\/post"}],"replies":[{"embeddable":true,"href":"https:\/\/www.blogsoestado.com\/danielmatos\/wp-json\/wp\/v2\/comments?post=51113"}],"version-history":[{"count":0,"href":"https:\/\/www.blogsoestado.com\/danielmatos\/wp-json\/wp\/v2\/posts\/51113\/revisions"}],"wp:attachment":[{"href":"https:\/\/www.blogsoestado.com\/danielmatos\/wp-json\/wp\/v2\/media?parent=51113"}],"wp:term":[{"taxonomy":"category","embeddable":true,"href":"https:\/\/www.blogsoestado.com\/danielmatos\/wp-json\/wp\/v2\/categories?post=51113"},{"taxonomy":"post_tag","embeddable":true,"href":"https:\/\/www.blogsoestado.com\/danielmatos\/wp-json\/wp\/v2\/tags?post=51113"}],"curies":[{"name":"wp","href":"https:\/\/api.w.org\/{rel}","templated":true}]}}