{"id":51131,"date":"2018-05-09T14:23:35","date_gmt":"2018-05-09T17:23:35","guid":{"rendered":"https:\/\/www.blogsoestado.com\/danielmatos\/?p=51131"},"modified":"2018-05-09T14:23:35","modified_gmt":"2018-05-09T17:23:35","slug":"video-bandidos-atacam-mais-um-delegado-na-ilha-mas-dessa-vez-se-dao-mal","status":"publish","type":"post","link":"https:\/\/www.blogsoestado.com\/danielmatos\/video-bandidos-atacam-mais-um-delegado-na-ilha-mas-dessa-vez-se-dao-mal\/","title":{"rendered":"V\u00eddeo: bandidos atacam mais um delegado na Ilha, mas dessa vez se d\u00e3o mal"},"content":{"rendered":"<figure id=\"attachment_51133\" aria-describedby=\"caption-attachment-51133\" style=\"width: 448px\" class=\"wp-caption alignleft\"><img fetchpriority=\"high\" decoding=\"async\" class=\"size-full wp-image-51133\" src=\"https:\/\/www.blogsoestado.com\/danielmatos\/files\/2018\/05\/uchoa-bala.jpg\" alt=\"\" width=\"448\" height=\"336\" \/><figcaption id=\"caption-attachment-51133\" class=\"wp-caption-text\">Delegado Sebasti\u00e3o Uchoa foi atacado por criminosos, mas reagiu prontamente<\/figcaption><\/figure>\n<p>O delegado de Pol\u00edcia Civil e ex-secret\u00e1rio de Justi\u00e7a e Administra\u00e7\u00e3o Penitenci\u00e1ria Sebasti\u00e3o Uchoa foi v\u00edtima de tentativa de assalto, no in\u00edcio da manh\u00e3 desta quarta-feira (9), quando passeava com seu c\u00e3o de estima\u00e7\u00e3o, no bairro Jardim Eldorado, vizinho ao Turu. Mas, diferente do desfecho tr\u00e1gico de quatro dias atr\u00e1s, quando o delegado de Pol\u00edcia Federal David Arag\u00e3o foi morto por tr\u00eas bandidos que invadiram sua casa, no Ara\u00e7agi, em pleno anivers\u00e1rio de uma de suas filhas, dessa vez, os criminosos se deram mal.<\/p>\n<p>O ataque a Uchoa aconteceu por volta das 6h25. A bordo de uma motocicleta, os bandidos avistaram o delegado e, aproveitando que a rua onde o delegado caminhava com o animal estava deserta, o abordaram e, de arma em punha, deram-lhe voz de assalto. A rea\u00e7\u00e3o foi imediata. O policial sacou sua pistola e passou a atirar seguidamente no rumo da dupla.<\/p>\n<p>O assaltante que pilotava a moto fugiu em disparada, deixando para tr\u00e1s o garupa, que teve que correr. Nas imagens, percebe-se que o bandido que escapou a p\u00e9 est\u00e1 mancando, sinal de que uma ou mais balas o alvejaram. Uchoa chegou a correr at\u00e9 a esquina, na tentativa de prender os ladr\u00f5es, mas ambos conseguiram se evadir.<\/p>\n<p>Em mensagem transmitida via Whatsapp, inclusive para o autor deste blog, o delegado fez um breve relato do epis\u00f3dio, que classificou como &#8220;tentativa de latroc\u00ednio&#8221;.<\/p>\n<p>Dessa vez, o crime n\u00e3o levou vantagem. Espera-se de outros policiais rea\u00e7\u00f5es semelhantes ou ainda mais implac\u00e1veis quando criminosos ousarem atentar contra suas vidas, para que a lei sempre prevale\u00e7a. Assista:<\/p>\n<div class=\"ast-oembed-container \" style=\"height: 100%;\"><iframe title=\"Delegado Uchoa cai de bala em assaltantes\" width=\"500\" height=\"375\" src=\"https:\/\/www.youtube.com\/embed\/4kxzwc6XMFM?feature=oembed\" frameborder=\"0\" allow=\"accelerometer; autoplay; clipboard-write; encrypted-media; gyroscope; picture-in-picture; web-share\" referrerpolicy=\"strict-origin-when-cross-origin\" allowfullscreen><\/iframe><\/div>\n","protected":false},"excerpt":{"rendered":"<p>O delegado de Pol\u00edcia Civil e ex-secret\u00e1rio de Justi\u00e7a e Administra\u00e7\u00e3o Penitenci\u00e1ria Sebasti\u00e3o Uchoa foi v\u00edtima de tentativa de assalto, [&hellip;]<\/p>\n","protected":false},"author":0,"featured_media":0,"comment_status":"open","ping_status":"open","sticky":false,"template":"","format":"standard","meta":{"site-sidebar-layout":"default","site-content-layout":"","ast-site-content-layout":"default","site-content-style":"default","site-sidebar-style":"default","ast-global-header-display":"","ast-banner-title-visibility":"","ast-main-header-display":"","ast-hfb-above-header-display":"","ast-hfb-below-header-display":"","ast-hfb-mobile-header-display":"","site-post-title":"","ast-breadcrumbs-content":"","ast-featured-img":"","footer-sml-layout":"","ast-disable-related-posts":"","theme-transparent-header-meta":"","adv-header-id-meta":"","stick-header-meta":"","header-above-stick-meta":"","header-main-stick-meta":"","header-below-stick-meta":"","astra-migrate-meta-layouts":"default","ast-page-background-enabled":"default","ast-page-background-meta":{"desktop":{"background-color":"var(--ast-global-color-5)","background-image":"","background-repeat":"repeat","background-position":"center center","background-size":"auto","background-attachment":"scroll","background-type":"","background-media":"","overlay-type":"","overlay-color":"","overlay-opacity":"","overlay-gradient":""},"tablet":{"background-color":"","background-image":"","background-repeat":"repeat","background-position":"center center","background-size":"auto","background-attachment":"scroll","background-type":"","background-media":"","overlay-type":"","overlay-color":"","overlay-opacity":"","overlay-gradient":""},"mobile":{"background-color":"","background-image":"","background-repeat":"repeat","background-position":"center center","background-size":"auto","background-attachment":"scroll","background-type":"","background-media":"","overlay-type":"","overlay-color":"","overlay-opacity":"","overlay-gradient":""}},"ast-content-background-meta":{"desktop":{"background-color":"var(--ast-global-color-4)","background-image":"","background-repeat":"repeat","background-position":"center center","background-size":"auto","background-attachment":"scroll","background-type":"","background-media":"","overlay-type":"","overlay-color":"","overlay-opacity":"","overlay-gradient":""},"tablet":{"background-color":"var(--ast-global-color-4)","background-image":"","background-repeat":"repeat","background-position":"center center","background-size":"auto","background-attachment":"scroll","background-type":"","background-media":"","overlay-type":"","overlay-color":"","overlay-opacity":"","overlay-gradient":""},"mobile":{"background-color":"var(--ast-global-color-4)","background-image":"","background-repeat":"repeat","background-position":"center center","background-size":"auto","background-attachment":"scroll","background-type":"","background-media":"","overlay-type":"","overlay-color":"","overlay-opacity":"","overlay-gradient":""}},"footnotes":""},"categories":[1],"tags":[],"class_list":["post-51131","post","type-post","status-publish","format-standard","hentry","category-sem-categoria"],"yoast_head":"<!-- This site is optimized with the Yoast SEO plugin v26.6 - https:\/\/yoast.com\/wordpress\/plugins\/seo\/ -->\n<title>V\u00eddeo: bandidos atacam mais um delegado na Ilha, mas dessa vez se d\u00e3o mal - Daniel Matos<\/title>\n<meta name=\"robots\" content=\"index, follow, max-snippet:-1, max-image-preview:large, max-video-preview:-1\" \/>\n<link rel=\"canonical\" href=\"https:\/\/www.blogsoestado.com\/danielmatos\/video-bandidos-atacam-mais-um-delegado-na-ilha-mas-dessa-vez-se-dao-mal\/\" \/>\n<meta property=\"og:locale\" content=\"pt_BR\" \/>\n<meta property=\"og:type\" content=\"article\" \/>\n<meta property=\"og:title\" content=\"V\u00eddeo: bandidos atacam mais um delegado na Ilha, mas dessa vez se d\u00e3o mal - Daniel Matos\" \/>\n<meta property=\"og:description\" content=\"O delegado de Pol\u00edcia Civil e ex-secret\u00e1rio de Justi\u00e7a e Administra\u00e7\u00e3o Penitenci\u00e1ria Sebasti\u00e3o Uchoa foi v\u00edtima de tentativa de assalto, [&hellip;]\" \/>\n<meta property=\"og:url\" content=\"https:\/\/www.blogsoestado.com\/danielmatos\/video-bandidos-atacam-mais-um-delegado-na-ilha-mas-dessa-vez-se-dao-mal\/\" \/>\n<meta property=\"og:site_name\" content=\"Daniel Matos\" \/>\n<meta property=\"article:published_time\" content=\"2018-05-09T17:23:35+00:00\" \/>\n<meta property=\"og:image\" content=\"https:\/\/www.blogsoestado.com\/danielmatos\/files\/2018\/05\/uchoa-bala.jpg\" \/>\n<meta name=\"twitter:card\" content=\"summary_large_image\" \/>\n<meta name=\"twitter:label1\" content=\"Est. tempo de leitura\" \/>\n\t<meta name=\"twitter:data1\" content=\"2 minutos\" \/>\n<script type=\"application\/ld+json\" class=\"yoast-schema-graph\">{\"@context\":\"https:\/\/schema.org\",\"@graph\":[{\"@type\":\"WebPage\",\"@id\":\"https:\/\/www.blogsoestado.com\/danielmatos\/video-bandidos-atacam-mais-um-delegado-na-ilha-mas-dessa-vez-se-dao-mal\/\",\"url\":\"https:\/\/www.blogsoestado.com\/danielmatos\/video-bandidos-atacam-mais-um-delegado-na-ilha-mas-dessa-vez-se-dao-mal\/\",\"name\":\"V\u00eddeo: bandidos atacam mais um delegado na Ilha, mas dessa vez se d\u00e3o mal - Daniel Matos\",\"isPartOf\":{\"@id\":\"https:\/\/www.blogsoestado.com\/danielmatos\/#website\"},\"primaryImageOfPage\":{\"@id\":\"https:\/\/www.blogsoestado.com\/danielmatos\/video-bandidos-atacam-mais-um-delegado-na-ilha-mas-dessa-vez-se-dao-mal\/#primaryimage\"},\"image\":{\"@id\":\"https:\/\/www.blogsoestado.com\/danielmatos\/video-bandidos-atacam-mais-um-delegado-na-ilha-mas-dessa-vez-se-dao-mal\/#primaryimage\"},\"thumbnailUrl\":\"https:\/\/www.blogsoestado.com\/danielmatos\/files\/2018\/05\/uchoa-bala.jpg\",\"datePublished\":\"2018-05-09T17:23:35+00:00\",\"author\":{\"@id\":\"\"},\"breadcrumb\":{\"@id\":\"https:\/\/www.blogsoestado.com\/danielmatos\/video-bandidos-atacam-mais-um-delegado-na-ilha-mas-dessa-vez-se-dao-mal\/#breadcrumb\"},\"inLanguage\":\"pt-BR\",\"potentialAction\":[{\"@type\":\"ReadAction\",\"target\":[\"https:\/\/www.blogsoestado.com\/danielmatos\/video-bandidos-atacam-mais-um-delegado-na-ilha-mas-dessa-vez-se-dao-mal\/\"]}]},{\"@type\":\"ImageObject\",\"inLanguage\":\"pt-BR\",\"@id\":\"https:\/\/www.blogsoestado.com\/danielmatos\/video-bandidos-atacam-mais-um-delegado-na-ilha-mas-dessa-vez-se-dao-mal\/#primaryimage\",\"url\":\"https:\/\/www.blogsoestado.com\/danielmatos\/files\/2018\/05\/uchoa-bala.jpg\",\"contentUrl\":\"https:\/\/www.blogsoestado.com\/danielmatos\/files\/2018\/05\/uchoa-bala.jpg\"},{\"@type\":\"BreadcrumbList\",\"@id\":\"https:\/\/www.blogsoestado.com\/danielmatos\/video-bandidos-atacam-mais-um-delegado-na-ilha-mas-dessa-vez-se-dao-mal\/#breadcrumb\",\"itemListElement\":[{\"@type\":\"ListItem\",\"position\":1,\"name\":\"In\u00edcio\",\"item\":\"https:\/\/www.blogsoestado.com\/danielmatos\/\"},{\"@type\":\"ListItem\",\"position\":2,\"name\":\"V\u00eddeo: bandidos atacam mais um delegado na Ilha, mas dessa vez se d\u00e3o mal\"}]},{\"@type\":\"WebSite\",\"@id\":\"https:\/\/www.blogsoestado.com\/danielmatos\/#website\",\"url\":\"https:\/\/www.blogsoestado.com\/danielmatos\/\",\"name\":\"Daniel Matos\",\"description\":\"\",\"potentialAction\":[{\"@type\":\"SearchAction\",\"target\":{\"@type\":\"EntryPoint\",\"urlTemplate\":\"https:\/\/www.blogsoestado.com\/danielmatos\/?s={search_term_string}\"},\"query-input\":{\"@type\":\"PropertyValueSpecification\",\"valueRequired\":true,\"valueName\":\"search_term_string\"}}],\"inLanguage\":\"pt-BR\"}]}<\/script>\n<!-- \/ Yoast SEO plugin. -->","yoast_head_json":{"title":"V\u00eddeo: bandidos atacam mais um delegado na Ilha, mas dessa vez se d\u00e3o mal - Daniel Matos","robots":{"index":"index","follow":"follow","max-snippet":"max-snippet:-1","max-image-preview":"max-image-preview:large","max-video-preview":"max-video-preview:-1"},"canonical":"https:\/\/www.blogsoestado.com\/danielmatos\/video-bandidos-atacam-mais-um-delegado-na-ilha-mas-dessa-vez-se-dao-mal\/","og_locale":"pt_BR","og_type":"article","og_title":"V\u00eddeo: bandidos atacam mais um delegado na Ilha, mas dessa vez se d\u00e3o mal - Daniel Matos","og_description":"O delegado de Pol\u00edcia Civil e ex-secret\u00e1rio de Justi\u00e7a e Administra\u00e7\u00e3o Penitenci\u00e1ria Sebasti\u00e3o Uchoa foi v\u00edtima de tentativa de assalto, [&hellip;]","og_url":"https:\/\/www.blogsoestado.com\/danielmatos\/video-bandidos-atacam-mais-um-delegado-na-ilha-mas-dessa-vez-se-dao-mal\/","og_site_name":"Daniel Matos","article_published_time":"2018-05-09T17:23:35+00:00","og_image":[{"url":"https:\/\/www.blogsoestado.com\/danielmatos\/files\/2018\/05\/uchoa-bala.jpg","type":"","width":"","height":""}],"twitter_card":"summary_large_image","twitter_misc":{"Est. tempo de leitura":"2 minutos"},"schema":{"@context":"https:\/\/schema.org","@graph":[{"@type":"WebPage","@id":"https:\/\/www.blogsoestado.com\/danielmatos\/video-bandidos-atacam-mais-um-delegado-na-ilha-mas-dessa-vez-se-dao-mal\/","url":"https:\/\/www.blogsoestado.com\/danielmatos\/video-bandidos-atacam-mais-um-delegado-na-ilha-mas-dessa-vez-se-dao-mal\/","name":"V\u00eddeo: bandidos atacam mais um delegado na Ilha, mas dessa vez se d\u00e3o mal - Daniel Matos","isPartOf":{"@id":"https:\/\/www.blogsoestado.com\/danielmatos\/#website"},"primaryImageOfPage":{"@id":"https:\/\/www.blogsoestado.com\/danielmatos\/video-bandidos-atacam-mais-um-delegado-na-ilha-mas-dessa-vez-se-dao-mal\/#primaryimage"},"image":{"@id":"https:\/\/www.blogsoestado.com\/danielmatos\/video-bandidos-atacam-mais-um-delegado-na-ilha-mas-dessa-vez-se-dao-mal\/#primaryimage"},"thumbnailUrl":"https:\/\/www.blogsoestado.com\/danielmatos\/files\/2018\/05\/uchoa-bala.jpg","datePublished":"2018-05-09T17:23:35+00:00","author":{"@id":""},"breadcrumb":{"@id":"https:\/\/www.blogsoestado.com\/danielmatos\/video-bandidos-atacam-mais-um-delegado-na-ilha-mas-dessa-vez-se-dao-mal\/#breadcrumb"},"inLanguage":"pt-BR","potentialAction":[{"@type":"ReadAction","target":["https:\/\/www.blogsoestado.com\/danielmatos\/video-bandidos-atacam-mais-um-delegado-na-ilha-mas-dessa-vez-se-dao-mal\/"]}]},{"@type":"ImageObject","inLanguage":"pt-BR","@id":"https:\/\/www.blogsoestado.com\/danielmatos\/video-bandidos-atacam-mais-um-delegado-na-ilha-mas-dessa-vez-se-dao-mal\/#primaryimage","url":"https:\/\/www.blogsoestado.com\/danielmatos\/files\/2018\/05\/uchoa-bala.jpg","contentUrl":"https:\/\/www.blogsoestado.com\/danielmatos\/files\/2018\/05\/uchoa-bala.jpg"},{"@type":"BreadcrumbList","@id":"https:\/\/www.blogsoestado.com\/danielmatos\/video-bandidos-atacam-mais-um-delegado-na-ilha-mas-dessa-vez-se-dao-mal\/#breadcrumb","itemListElement":[{"@type":"ListItem","position":1,"name":"In\u00edcio","item":"https:\/\/www.blogsoestado.com\/danielmatos\/"},{"@type":"ListItem","position":2,"name":"V\u00eddeo: bandidos atacam mais um delegado na Ilha, mas dessa vez se d\u00e3o mal"}]},{"@type":"WebSite","@id":"https:\/\/www.blogsoestado.com\/danielmatos\/#website","url":"https:\/\/www.blogsoestado.com\/danielmatos\/","name":"Daniel Matos","description":"","potentialAction":[{"@type":"SearchAction","target":{"@type":"EntryPoint","urlTemplate":"https:\/\/www.blogsoestado.com\/danielmatos\/?s={search_term_string}"},"query-input":{"@type":"PropertyValueSpecification","valueRequired":true,"valueName":"search_term_string"}}],"inLanguage":"pt-BR"}]}},"jetpack_featured_media_url":"","_links":{"self":[{"href":"https:\/\/www.blogsoestado.com\/danielmatos\/wp-json\/wp\/v2\/posts\/51131","targetHints":{"allow":["GET"]}}],"collection":[{"href":"https:\/\/www.blogsoestado.com\/danielmatos\/wp-json\/wp\/v2\/posts"}],"about":[{"href":"https:\/\/www.blogsoestado.com\/danielmatos\/wp-json\/wp\/v2\/types\/post"}],"replies":[{"embeddable":true,"href":"https:\/\/www.blogsoestado.com\/danielmatos\/wp-json\/wp\/v2\/comments?post=51131"}],"version-history":[{"count":0,"href":"https:\/\/www.blogsoestado.com\/danielmatos\/wp-json\/wp\/v2\/posts\/51131\/revisions"}],"wp:attachment":[{"href":"https:\/\/www.blogsoestado.com\/danielmatos\/wp-json\/wp\/v2\/media?parent=51131"}],"wp:term":[{"taxonomy":"category","embeddable":true,"href":"https:\/\/www.blogsoestado.com\/danielmatos\/wp-json\/wp\/v2\/categories?post=51131"},{"taxonomy":"post_tag","embeddable":true,"href":"https:\/\/www.blogsoestado.com\/danielmatos\/wp-json\/wp\/v2\/tags?post=51131"}],"curies":[{"name":"wp","href":"https:\/\/api.w.org\/{rel}","templated":true}]}}