{"id":51135,"date":"2018-05-09T16:08:35","date_gmt":"2018-05-09T19:08:35","guid":{"rendered":"https:\/\/www.blogsoestado.com\/danielmatos\/?p=51135"},"modified":"2018-05-09T16:08:35","modified_gmt":"2018-05-09T19:08:35","slug":"camara-municipal-elege-vereador-osmar-filho-presidente-em-clima-de-harmonia","status":"publish","type":"post","link":"https:\/\/www.blogsoestado.com\/danielmatos\/camara-municipal-elege-vereador-osmar-filho-presidente-em-clima-de-harmonia\/","title":{"rendered":"C\u00e2mara Municipal elege vereador Osmar Filho presidente em clima de harmonia"},"content":{"rendered":"<figure id=\"attachment_51136\" aria-describedby=\"caption-attachment-51136\" style=\"width: 448px\" class=\"wp-caption alignright\"><img fetchpriority=\"high\" decoding=\"async\" class=\"size-full wp-image-51136\" src=\"https:\/\/www.blogsoestado.com\/danielmatos\/files\/2018\/05\/astrosmar.jpg\" alt=\"\" width=\"448\" height=\"266\" \/><figcaption id=\"caption-attachment-51136\" class=\"wp-caption-text\">Astro e Osmar Filho d\u00e3o as m\u00e3os para reafirmar harmonia na sucess\u00e3o na C\u00e2mara Municipal de S\u00e3o Lu\u00eds<\/figcaption><\/figure>\n<p>O vereador Osmar Filho (PDT) foi eleito presidente da C\u00e2mara Municipal de S\u00e3o Lu\u00eds nesta quarta-feira (9), para o bi\u00eanio 2019\/2020, em clima de plena harmonia. A sucess\u00e3o no Legislativo municipal ocorreu com chapa \u00fanica, tendo o atual presidente, Astro de Ogum (PR), que permanecer\u00e1 \u00e0 frente da Casa at\u00e9 31 de dezembro de 2018, sido eleito vice-presidente.<\/p>\n<p>Al\u00e9m de Osmar Filho e Astro de Ogum, v\u00e3o compor a Mesa Diretora da C\u00e2mara Municipal no pr\u00f3ximo bi\u00eanio os seguintes vereadores: Nato Jr. (2\u00ba vice-presidente), Jous\u00e9 (3o vice-presidente) , Chico Carvalho (1\u00ba secret\u00e1rio), Chaguinhas (2\u00ba secret\u00e1rio), Beto Castro (3\u00ba secret\u00e1rio), Concita Pinto (4\u00aa secret\u00e1ria) e Afonso Manoel (5\u00ba secret\u00e1rio).<\/p>\n<p>Em discurso que antecedeu a elei\u00e7\u00e3o, durante recep\u00e7\u00e3o \u00e0 imprensa, Astro de Ogum destacou o entendimento firmado pelos vereadores para sua sucess\u00e3o. O presidente enfatizou a amizade e o respeito que tem pelo vereador Osmar Filho e admitiu que j\u00e1 n\u00e3o era mais seu desejo continuar no comando da C\u00e2mara. Astro aproveitou a cerim\u00f4nia para aceitar, diante de todos, o convite feito por Osmar para que compusesse a chapa, intitulada Edmilson Jansen, em homenagem ao vereador falecido em 13 de maio do ano passado, como 1\u00ba vice-presidente. &#8220;Passei alguns dias pensando sobre o convite, mas digo agora, publicamente, que aceito&#8221;, declarou.<\/p>\n<p>Osmar Filho tamb\u00e9m destacou a concilia\u00e7\u00e3o que marcou a sucess\u00e3o no Legislativo municipal e lembrou a \u00e9poca em que seu pai, o juiz Osmar Gomes, foi chefe de gabinete do ent\u00e3o presidente da C\u00e2mara, Jo\u00e3o Evangelista, per\u00edodo em que, ainda crian\u00e7a, conviveu com homens p\u00fablicos que hoje s\u00e3o seus colegas de parlamento. O presidente eleito destacou a compreens\u00e3o dos seus familiares, sobretudo da esposa, \u00e0 sua dedica\u00e7\u00e3o \u00e0 vida p\u00fablica e disse ser uma honra ter como colegas pol\u00edticos que j\u00e1 faziam hist\u00f3ria antes mesmo do seu nascimento.<\/p>\n<p><strong>Vota\u00e7\u00e3o<\/strong><\/p>\n<p>A elei\u00e7\u00e3o de Osmar Filho se deu por aclama\u00e7\u00e3o. O presidente obteve 29 dos 31 votos dos colegas. Apenas o vereador Est\u00eav\u00e3o Arag\u00e3o (PSB) votou contra a chapa encabe\u00e7ada pelo pedetista. J\u00e1 Honorato Fernandes (PT) n\u00e3o votou no pleito porque est\u00e1 viajando a S\u00e3o Paulo, onde participa de uma reuni\u00e3o da Executiva Nacional petista.<\/p>\n<p>Confira a composi\u00e7\u00e3o chapa da chapa eleita para dirigir a C\u00e2mara no bi\u00eanio 2019\/2020:<\/p>\n<p>Presidente \u2013 Osmar Filho<\/p>\n<p>1\u00b0 vice \u2013 Astro de Ogum<br \/>\n2\u00b0 vice \u2013 Nato J\u00fanior<br \/>\n3\u00b0 vice \u2013 Josu\u00e9 Pinheiro<\/p>\n<p>1\u00b0 secret\u00e1rio \u2013 Chico Carvalho<br \/>\n2\u00b0 secret\u00e1rio \u2013 Chaguinhas<br \/>\n3\u00b0 secret\u00e1rio \u2013 Beto Castro<br \/>\n4\u00b0 secret\u00e1rio \u2013 Concita Pinto<br \/>\n5\u00b0 secret\u00e1rio \u2013 Afonso Manoel<\/p>\n","protected":false},"excerpt":{"rendered":"<p>O vereador Osmar Filho (PDT) foi eleito presidente da C\u00e2mara Municipal de S\u00e3o Lu\u00eds nesta quarta-feira (9), para o bi\u00eanio [&hellip;]<\/p>\n","protected":false},"author":0,"featured_media":0,"comment_status":"open","ping_status":"open","sticky":false,"template":"","format":"standard","meta":{"site-sidebar-layout":"default","site-content-layout":"","ast-site-content-layout":"default","site-content-style":"default","site-sidebar-style":"default","ast-global-header-display":"","ast-banner-title-visibility":"","ast-main-header-display":"","ast-hfb-above-header-display":"","ast-hfb-below-header-display":"","ast-hfb-mobile-header-display":"","site-post-title":"","ast-breadcrumbs-content":"","ast-featured-img":"","footer-sml-layout":"","ast-disable-related-posts":"","theme-transparent-header-meta":"","adv-header-id-meta":"","stick-header-meta":"","header-above-stick-meta":"","header-main-stick-meta":"","header-below-stick-meta":"","astra-migrate-meta-layouts":"default","ast-page-background-enabled":"default","ast-page-background-meta":{"desktop":{"background-color":"var(--ast-global-color-5)","background-image":"","background-repeat":"repeat","background-position":"center center","background-size":"auto","background-attachment":"scroll","background-type":"","background-media":"","overlay-type":"","overlay-color":"","overlay-opacity":"","overlay-gradient":""},"tablet":{"background-color":"","background-image":"","background-repeat":"repeat","background-position":"center center","background-size":"auto","background-attachment":"scroll","background-type":"","background-media":"","overlay-type":"","overlay-color":"","overlay-opacity":"","overlay-gradient":""},"mobile":{"background-color":"","background-image":"","background-repeat":"repeat","background-position":"center center","background-size":"auto","background-attachment":"scroll","background-type":"","background-media":"","overlay-type":"","overlay-color":"","overlay-opacity":"","overlay-gradient":""}},"ast-content-background-meta":{"desktop":{"background-color":"var(--ast-global-color-4)","background-image":"","background-repeat":"repeat","background-position":"center center","background-size":"auto","background-attachment":"scroll","background-type":"","background-media":"","overlay-type":"","overlay-color":"","overlay-opacity":"","overlay-gradient":""},"tablet":{"background-color":"var(--ast-global-color-4)","background-image":"","background-repeat":"repeat","background-position":"center center","background-size":"auto","background-attachment":"scroll","background-type":"","background-media":"","overlay-type":"","overlay-color":"","overlay-opacity":"","overlay-gradient":""},"mobile":{"background-color":"var(--ast-global-color-4)","background-image":"","background-repeat":"repeat","background-position":"center center","background-size":"auto","background-attachment":"scroll","background-type":"","background-media":"","overlay-type":"","overlay-color":"","overlay-opacity":"","overlay-gradient":""}},"footnotes":""},"categories":[1],"tags":[],"class_list":["post-51135","post","type-post","status-publish","format-standard","hentry","category-sem-categoria"],"yoast_head":"<!-- This site is optimized with the Yoast SEO plugin v26.6 - https:\/\/yoast.com\/wordpress\/plugins\/seo\/ -->\n<title>C\u00e2mara Municipal elege vereador Osmar Filho presidente em clima de harmonia - Daniel Matos<\/title>\n<meta name=\"robots\" content=\"index, follow, max-snippet:-1, max-image-preview:large, max-video-preview:-1\" \/>\n<link rel=\"canonical\" href=\"https:\/\/www.blogsoestado.com\/danielmatos\/camara-municipal-elege-vereador-osmar-filho-presidente-em-clima-de-harmonia\/\" \/>\n<meta property=\"og:locale\" content=\"pt_BR\" \/>\n<meta property=\"og:type\" content=\"article\" \/>\n<meta property=\"og:title\" content=\"C\u00e2mara Municipal elege vereador Osmar Filho presidente em clima de harmonia - Daniel Matos\" \/>\n<meta property=\"og:description\" content=\"O vereador Osmar Filho (PDT) foi eleito presidente da C\u00e2mara Municipal de S\u00e3o Lu\u00eds nesta quarta-feira (9), para o bi\u00eanio [&hellip;]\" \/>\n<meta property=\"og:url\" content=\"https:\/\/www.blogsoestado.com\/danielmatos\/camara-municipal-elege-vereador-osmar-filho-presidente-em-clima-de-harmonia\/\" \/>\n<meta property=\"og:site_name\" content=\"Daniel Matos\" \/>\n<meta property=\"article:published_time\" content=\"2018-05-09T19:08:35+00:00\" \/>\n<meta property=\"og:image\" content=\"https:\/\/www.blogsoestado.com\/danielmatos\/files\/2018\/05\/astrosmar.jpg\" \/>\n<meta name=\"twitter:card\" content=\"summary_large_image\" \/>\n<meta name=\"twitter:label1\" content=\"Est. tempo de leitura\" \/>\n\t<meta name=\"twitter:data1\" content=\"2 minutos\" \/>\n<script type=\"application\/ld+json\" class=\"yoast-schema-graph\">{\"@context\":\"https:\/\/schema.org\",\"@graph\":[{\"@type\":\"WebPage\",\"@id\":\"https:\/\/www.blogsoestado.com\/danielmatos\/camara-municipal-elege-vereador-osmar-filho-presidente-em-clima-de-harmonia\/\",\"url\":\"https:\/\/www.blogsoestado.com\/danielmatos\/camara-municipal-elege-vereador-osmar-filho-presidente-em-clima-de-harmonia\/\",\"name\":\"C\u00e2mara Municipal elege vereador Osmar Filho presidente em clima de harmonia - Daniel Matos\",\"isPartOf\":{\"@id\":\"https:\/\/www.blogsoestado.com\/danielmatos\/#website\"},\"primaryImageOfPage\":{\"@id\":\"https:\/\/www.blogsoestado.com\/danielmatos\/camara-municipal-elege-vereador-osmar-filho-presidente-em-clima-de-harmonia\/#primaryimage\"},\"image\":{\"@id\":\"https:\/\/www.blogsoestado.com\/danielmatos\/camara-municipal-elege-vereador-osmar-filho-presidente-em-clima-de-harmonia\/#primaryimage\"},\"thumbnailUrl\":\"https:\/\/www.blogsoestado.com\/danielmatos\/files\/2018\/05\/astrosmar.jpg\",\"datePublished\":\"2018-05-09T19:08:35+00:00\",\"author\":{\"@id\":\"\"},\"breadcrumb\":{\"@id\":\"https:\/\/www.blogsoestado.com\/danielmatos\/camara-municipal-elege-vereador-osmar-filho-presidente-em-clima-de-harmonia\/#breadcrumb\"},\"inLanguage\":\"pt-BR\",\"potentialAction\":[{\"@type\":\"ReadAction\",\"target\":[\"https:\/\/www.blogsoestado.com\/danielmatos\/camara-municipal-elege-vereador-osmar-filho-presidente-em-clima-de-harmonia\/\"]}]},{\"@type\":\"ImageObject\",\"inLanguage\":\"pt-BR\",\"@id\":\"https:\/\/www.blogsoestado.com\/danielmatos\/camara-municipal-elege-vereador-osmar-filho-presidente-em-clima-de-harmonia\/#primaryimage\",\"url\":\"https:\/\/www.blogsoestado.com\/danielmatos\/files\/2018\/05\/astrosmar.jpg\",\"contentUrl\":\"https:\/\/www.blogsoestado.com\/danielmatos\/files\/2018\/05\/astrosmar.jpg\"},{\"@type\":\"BreadcrumbList\",\"@id\":\"https:\/\/www.blogsoestado.com\/danielmatos\/camara-municipal-elege-vereador-osmar-filho-presidente-em-clima-de-harmonia\/#breadcrumb\",\"itemListElement\":[{\"@type\":\"ListItem\",\"position\":1,\"name\":\"In\u00edcio\",\"item\":\"https:\/\/www.blogsoestado.com\/danielmatos\/\"},{\"@type\":\"ListItem\",\"position\":2,\"name\":\"C\u00e2mara Municipal elege vereador Osmar Filho presidente em clima de harmonia\"}]},{\"@type\":\"WebSite\",\"@id\":\"https:\/\/www.blogsoestado.com\/danielmatos\/#website\",\"url\":\"https:\/\/www.blogsoestado.com\/danielmatos\/\",\"name\":\"Daniel Matos\",\"description\":\"\",\"potentialAction\":[{\"@type\":\"SearchAction\",\"target\":{\"@type\":\"EntryPoint\",\"urlTemplate\":\"https:\/\/www.blogsoestado.com\/danielmatos\/?s={search_term_string}\"},\"query-input\":{\"@type\":\"PropertyValueSpecification\",\"valueRequired\":true,\"valueName\":\"search_term_string\"}}],\"inLanguage\":\"pt-BR\"}]}<\/script>\n<!-- \/ Yoast SEO plugin. -->","yoast_head_json":{"title":"C\u00e2mara Municipal elege vereador Osmar Filho presidente em clima de harmonia - Daniel Matos","robots":{"index":"index","follow":"follow","max-snippet":"max-snippet:-1","max-image-preview":"max-image-preview:large","max-video-preview":"max-video-preview:-1"},"canonical":"https:\/\/www.blogsoestado.com\/danielmatos\/camara-municipal-elege-vereador-osmar-filho-presidente-em-clima-de-harmonia\/","og_locale":"pt_BR","og_type":"article","og_title":"C\u00e2mara Municipal elege vereador Osmar Filho presidente em clima de harmonia - Daniel Matos","og_description":"O vereador Osmar Filho (PDT) foi eleito presidente da C\u00e2mara Municipal de S\u00e3o Lu\u00eds nesta quarta-feira (9), para o bi\u00eanio [&hellip;]","og_url":"https:\/\/www.blogsoestado.com\/danielmatos\/camara-municipal-elege-vereador-osmar-filho-presidente-em-clima-de-harmonia\/","og_site_name":"Daniel Matos","article_published_time":"2018-05-09T19:08:35+00:00","og_image":[{"url":"https:\/\/www.blogsoestado.com\/danielmatos\/files\/2018\/05\/astrosmar.jpg","type":"","width":"","height":""}],"twitter_card":"summary_large_image","twitter_misc":{"Est. tempo de leitura":"2 minutos"},"schema":{"@context":"https:\/\/schema.org","@graph":[{"@type":"WebPage","@id":"https:\/\/www.blogsoestado.com\/danielmatos\/camara-municipal-elege-vereador-osmar-filho-presidente-em-clima-de-harmonia\/","url":"https:\/\/www.blogsoestado.com\/danielmatos\/camara-municipal-elege-vereador-osmar-filho-presidente-em-clima-de-harmonia\/","name":"C\u00e2mara Municipal elege vereador Osmar Filho presidente em clima de harmonia - Daniel Matos","isPartOf":{"@id":"https:\/\/www.blogsoestado.com\/danielmatos\/#website"},"primaryImageOfPage":{"@id":"https:\/\/www.blogsoestado.com\/danielmatos\/camara-municipal-elege-vereador-osmar-filho-presidente-em-clima-de-harmonia\/#primaryimage"},"image":{"@id":"https:\/\/www.blogsoestado.com\/danielmatos\/camara-municipal-elege-vereador-osmar-filho-presidente-em-clima-de-harmonia\/#primaryimage"},"thumbnailUrl":"https:\/\/www.blogsoestado.com\/danielmatos\/files\/2018\/05\/astrosmar.jpg","datePublished":"2018-05-09T19:08:35+00:00","author":{"@id":""},"breadcrumb":{"@id":"https:\/\/www.blogsoestado.com\/danielmatos\/camara-municipal-elege-vereador-osmar-filho-presidente-em-clima-de-harmonia\/#breadcrumb"},"inLanguage":"pt-BR","potentialAction":[{"@type":"ReadAction","target":["https:\/\/www.blogsoestado.com\/danielmatos\/camara-municipal-elege-vereador-osmar-filho-presidente-em-clima-de-harmonia\/"]}]},{"@type":"ImageObject","inLanguage":"pt-BR","@id":"https:\/\/www.blogsoestado.com\/danielmatos\/camara-municipal-elege-vereador-osmar-filho-presidente-em-clima-de-harmonia\/#primaryimage","url":"https:\/\/www.blogsoestado.com\/danielmatos\/files\/2018\/05\/astrosmar.jpg","contentUrl":"https:\/\/www.blogsoestado.com\/danielmatos\/files\/2018\/05\/astrosmar.jpg"},{"@type":"BreadcrumbList","@id":"https:\/\/www.blogsoestado.com\/danielmatos\/camara-municipal-elege-vereador-osmar-filho-presidente-em-clima-de-harmonia\/#breadcrumb","itemListElement":[{"@type":"ListItem","position":1,"name":"In\u00edcio","item":"https:\/\/www.blogsoestado.com\/danielmatos\/"},{"@type":"ListItem","position":2,"name":"C\u00e2mara Municipal elege vereador Osmar Filho presidente em clima de harmonia"}]},{"@type":"WebSite","@id":"https:\/\/www.blogsoestado.com\/danielmatos\/#website","url":"https:\/\/www.blogsoestado.com\/danielmatos\/","name":"Daniel Matos","description":"","potentialAction":[{"@type":"SearchAction","target":{"@type":"EntryPoint","urlTemplate":"https:\/\/www.blogsoestado.com\/danielmatos\/?s={search_term_string}"},"query-input":{"@type":"PropertyValueSpecification","valueRequired":true,"valueName":"search_term_string"}}],"inLanguage":"pt-BR"}]}},"jetpack_featured_media_url":"","_links":{"self":[{"href":"https:\/\/www.blogsoestado.com\/danielmatos\/wp-json\/wp\/v2\/posts\/51135","targetHints":{"allow":["GET"]}}],"collection":[{"href":"https:\/\/www.blogsoestado.com\/danielmatos\/wp-json\/wp\/v2\/posts"}],"about":[{"href":"https:\/\/www.blogsoestado.com\/danielmatos\/wp-json\/wp\/v2\/types\/post"}],"replies":[{"embeddable":true,"href":"https:\/\/www.blogsoestado.com\/danielmatos\/wp-json\/wp\/v2\/comments?post=51135"}],"version-history":[{"count":0,"href":"https:\/\/www.blogsoestado.com\/danielmatos\/wp-json\/wp\/v2\/posts\/51135\/revisions"}],"wp:attachment":[{"href":"https:\/\/www.blogsoestado.com\/danielmatos\/wp-json\/wp\/v2\/media?parent=51135"}],"wp:term":[{"taxonomy":"category","embeddable":true,"href":"https:\/\/www.blogsoestado.com\/danielmatos\/wp-json\/wp\/v2\/categories?post=51135"},{"taxonomy":"post_tag","embeddable":true,"href":"https:\/\/www.blogsoestado.com\/danielmatos\/wp-json\/wp\/v2\/tags?post=51135"}],"curies":[{"name":"wp","href":"https:\/\/api.w.org\/{rel}","templated":true}]}}