{"id":51146,"date":"2018-05-09T18:23:38","date_gmt":"2018-05-09T21:23:38","guid":{"rendered":"https:\/\/www.blogsoestado.com\/danielmatos\/?p=51146"},"modified":"2018-05-09T18:23:38","modified_gmt":"2018-05-09T21:23:38","slug":"wellington-diz-que-recuo-na-apreensao-de-veiculos-por-debitos-de-ipva-e-tardio-e-preve-derrota-de-flavio-dino","status":"publish","type":"post","link":"https:\/\/www.blogsoestado.com\/danielmatos\/wellington-diz-que-recuo-na-apreensao-de-veiculos-por-debitos-de-ipva-e-tardio-e-preve-derrota-de-flavio-dino\/","title":{"rendered":"Wellington diz que recuo na apreens\u00e3o de ve\u00edculos por d\u00e9bitos de IPVA \u00e9 tardio e prev\u00ea derrota de Fl\u00e1vio Dino"},"content":{"rendered":"<figure id=\"attachment_51149\" aria-describedby=\"caption-attachment-51149\" style=\"width: 700px\" class=\"wp-caption aligncenter\"><img fetchpriority=\"high\" decoding=\"async\" class=\"wp-image-51149\" src=\"https:\/\/www.blogsoestado.com\/danielmatos\/files\/2018\/05\/w-preve.jpg\" alt=\"\" width=\"700\" height=\"467\" \/><figcaption id=\"caption-attachment-51149\" class=\"wp-caption-text\">Wellington confrontou incansavelmente o governo comunista na quest\u00e3o da apreens\u00e3o de ve\u00edculos por d\u00e9bitos de IPVA<\/figcaption><\/figure>\n<p>Cabe ao deputado estadual Wellington do Curso (PSDB) grande parte do m\u00e9rito pelo recuo do governo Fl\u00e1vio Dino (PCdoB) na quest\u00e3o da apreens\u00e3o de ve\u00edculos por d\u00e9bito do Imposto sobre Propriedade de Ve\u00edculos Automotores (IPVA). O parlamentar, incans\u00e1vel no combate ao que sempre denunciou como abuso e arbitrariedade, acredita que o comunista perder\u00e1 a elei\u00e7\u00e3o, alegando que o decreto que prev\u00ea advert\u00eancia em vez do recolhimento de carros e motocicletas sem licenciamento \u00e9 tardio. Ele argumenta que os efeitos da persegui\u00e7\u00e3o aos inadimplentes foram devastadores e s\u00e3o irrevers\u00edveis, a ponto de tornar invi\u00e1vel a conquista do segundo mandato pelo pelos atuais donos do poder.<\/p>\n<p>Wellington sempre declarou solidariedade aos quase 15 mil condutores que tiveram seus bens confiscados e leiloados, ao arrepio da lei, conforme entendimento do Supremo Tribunal Federal (STF). Foram incont\u00e1veis as vezes em que o parlamentar subiu \u00e0 tribuna da Assembleia Legislativa e usou canais como as redes sociais para denunciar as investidas do governo comunista contra o patrim\u00f4nio dos cidad\u00e3os, a maioria pais e m\u00e3es de fam\u00edlia que dependiam dos ve\u00edculos para se locomover aos seus locais de trabalho ou mesmo utilizavam seus autom\u00f3veis e motos como meio de sustento.<\/p>\n<p>\u00c9 preciso reconhecer a determina\u00e7\u00e3o de Wellington na defesa dessa causa t\u00e3o leg\u00edtima.\u00a0O deputado, em nenhum momento, acovardou-se diante das sucessivas tentativas dos comunistas de intimid\u00e1-lo, inclusive com a reten\u00e7\u00e3o de suas emendas parlamentares e com os incont\u00e1veis ataques desleais desferidos contra ele pela m\u00eddia alinhada ao Pal\u00e1cio dos Le\u00f5es. Firme desde o princ\u00edpio no prop\u00f3sito de restabelecer os direitos violados, ele agora \u00e9 alvo de manifesta\u00e7\u00f5es de congratula\u00e7\u00e3o e agradecimento de maranhenses de todas as regi\u00f5es,\u00a0que t\u00eam exaltado sua coragem e disposi\u00e7\u00e3o ao defender o interesse popular.<\/p>\n<p>Outros deputados estaduais chegaram a se manifestar contra a pr\u00e1tica abusiva do governo Fl\u00e1vio Dino de apreender ve\u00edculos com d\u00e9bitos de IPVA, mas nenhum foi mais contundente e persistente do que Wellington. O tucano foi a voz mais ruidosa contra a injusti\u00e7a e a opress\u00e3o do Estado, que dia ap\u00f3s dia vinha\u00a0 refor\u00e7ando seus cofres por meio do arresto dos bens adquiridos pelos trabalhadores \u00e0 custa de muito suor.<\/p>\n<p>Wellington n\u00e3o exagera, de forma alguma, ao prever a derrota de Fl\u00e1vio Dino na elei\u00e7\u00e3o de outubro, tamanho o desgaste que o comunista atraiu para si por ordenar a apreens\u00e3o de todo e qualquer ve\u00edculo com d\u00e9bito tribut\u00e1rio. O estrago provocado pela humilha\u00e7\u00e3o imposta a milhares de cidad\u00e3os maranhenses em blitze de tr\u00e2nsito truculentas foi o pior poss\u00edvel e pode ser irrevers\u00edvel.<\/p>\n<p>Faltando cinco meses para a elei\u00e7\u00e3o em que tentar\u00e1 renovar o mandato, e depois de j\u00e1 ter arrecadado mais de 1,2 bilh\u00e3o em IPVA, desde que assumiu o mandato, h\u00e1 tr\u00eas anos e quatro meses, Fl\u00e1vio Dino tem tudo para obter resposta das urnas \u00e0 altura da\u00a0coa\u00e7\u00e3o, do constrangimento e dos excessos que cometeu contra o povo.<\/p>\n","protected":false},"excerpt":{"rendered":"<p>Cabe ao deputado estadual Wellington do Curso (PSDB) grande parte do m\u00e9rito pelo recuo do governo Fl\u00e1vio Dino (PCdoB) na [&hellip;]<\/p>\n","protected":false},"author":0,"featured_media":0,"comment_status":"open","ping_status":"open","sticky":false,"template":"","format":"standard","meta":{"site-sidebar-layout":"default","site-content-layout":"","ast-site-content-layout":"default","site-content-style":"default","site-sidebar-style":"default","ast-global-header-display":"","ast-banner-title-visibility":"","ast-main-header-display":"","ast-hfb-above-header-display":"","ast-hfb-below-header-display":"","ast-hfb-mobile-header-display":"","site-post-title":"","ast-breadcrumbs-content":"","ast-featured-img":"","footer-sml-layout":"","ast-disable-related-posts":"","theme-transparent-header-meta":"","adv-header-id-meta":"","stick-header-meta":"","header-above-stick-meta":"","header-main-stick-meta":"","header-below-stick-meta":"","astra-migrate-meta-layouts":"default","ast-page-background-enabled":"default","ast-page-background-meta":{"desktop":{"background-color":"var(--ast-global-color-5)","background-image":"","background-repeat":"repeat","background-position":"center center","background-size":"auto","background-attachment":"scroll","background-type":"","background-media":"","overlay-type":"","overlay-color":"","overlay-opacity":"","overlay-gradient":""},"tablet":{"background-color":"","background-image":"","background-repeat":"repeat","background-position":"center center","background-size":"auto","background-attachment":"scroll","background-type":"","background-media":"","overlay-type":"","overlay-color":"","overlay-opacity":"","overlay-gradient":""},"mobile":{"background-color":"","background-image":"","background-repeat":"repeat","background-position":"center center","background-size":"auto","background-attachment":"scroll","background-type":"","background-media":"","overlay-type":"","overlay-color":"","overlay-opacity":"","overlay-gradient":""}},"ast-content-background-meta":{"desktop":{"background-color":"var(--ast-global-color-4)","background-image":"","background-repeat":"repeat","background-position":"center center","background-size":"auto","background-attachment":"scroll","background-type":"","background-media":"","overlay-type":"","overlay-color":"","overlay-opacity":"","overlay-gradient":""},"tablet":{"background-color":"var(--ast-global-color-4)","background-image":"","background-repeat":"repeat","background-position":"center center","background-size":"auto","background-attachment":"scroll","background-type":"","background-media":"","overlay-type":"","overlay-color":"","overlay-opacity":"","overlay-gradient":""},"mobile":{"background-color":"var(--ast-global-color-4)","background-image":"","background-repeat":"repeat","background-position":"center center","background-size":"auto","background-attachment":"scroll","background-type":"","background-media":"","overlay-type":"","overlay-color":"","overlay-opacity":"","overlay-gradient":""}},"footnotes":""},"categories":[1],"tags":[],"class_list":["post-51146","post","type-post","status-publish","format-standard","hentry","category-sem-categoria"],"yoast_head":"<!-- This site is optimized with the Yoast SEO plugin v26.6 - https:\/\/yoast.com\/wordpress\/plugins\/seo\/ -->\n<title>Wellington diz que recuo na apreens\u00e3o de ve\u00edculos por d\u00e9bitos de IPVA \u00e9 tardio e prev\u00ea derrota de Fl\u00e1vio Dino - Daniel Matos<\/title>\n<meta name=\"robots\" content=\"index, follow, max-snippet:-1, max-image-preview:large, max-video-preview:-1\" \/>\n<link rel=\"canonical\" href=\"https:\/\/www.blogsoestado.com\/danielmatos\/wellington-diz-que-recuo-na-apreensao-de-veiculos-por-debitos-de-ipva-e-tardio-e-preve-derrota-de-flavio-dino\/\" \/>\n<meta property=\"og:locale\" content=\"pt_BR\" \/>\n<meta property=\"og:type\" content=\"article\" \/>\n<meta property=\"og:title\" content=\"Wellington diz que recuo na apreens\u00e3o de ve\u00edculos por d\u00e9bitos de IPVA \u00e9 tardio e prev\u00ea derrota de Fl\u00e1vio Dino - Daniel Matos\" \/>\n<meta property=\"og:description\" content=\"Cabe ao deputado estadual Wellington do Curso (PSDB) grande parte do m\u00e9rito pelo recuo do governo Fl\u00e1vio Dino (PCdoB) na [&hellip;]\" \/>\n<meta property=\"og:url\" content=\"https:\/\/www.blogsoestado.com\/danielmatos\/wellington-diz-que-recuo-na-apreensao-de-veiculos-por-debitos-de-ipva-e-tardio-e-preve-derrota-de-flavio-dino\/\" \/>\n<meta property=\"og:site_name\" content=\"Daniel Matos\" \/>\n<meta property=\"article:published_time\" content=\"2018-05-09T21:23:38+00:00\" \/>\n<meta property=\"og:image\" content=\"https:\/\/www.blogsoestado.com\/danielmatos\/files\/2018\/05\/w-preve.jpg\" \/>\n<meta name=\"twitter:card\" content=\"summary_large_image\" \/>\n<meta name=\"twitter:label1\" content=\"Est. tempo de leitura\" \/>\n\t<meta name=\"twitter:data1\" content=\"3 minutos\" \/>\n<script type=\"application\/ld+json\" class=\"yoast-schema-graph\">{\"@context\":\"https:\/\/schema.org\",\"@graph\":[{\"@type\":\"WebPage\",\"@id\":\"https:\/\/www.blogsoestado.com\/danielmatos\/wellington-diz-que-recuo-na-apreensao-de-veiculos-por-debitos-de-ipva-e-tardio-e-preve-derrota-de-flavio-dino\/\",\"url\":\"https:\/\/www.blogsoestado.com\/danielmatos\/wellington-diz-que-recuo-na-apreensao-de-veiculos-por-debitos-de-ipva-e-tardio-e-preve-derrota-de-flavio-dino\/\",\"name\":\"Wellington diz que recuo na apreens\u00e3o de ve\u00edculos por d\u00e9bitos de IPVA \u00e9 tardio e prev\u00ea derrota de Fl\u00e1vio Dino - Daniel Matos\",\"isPartOf\":{\"@id\":\"https:\/\/www.blogsoestado.com\/danielmatos\/#website\"},\"primaryImageOfPage\":{\"@id\":\"https:\/\/www.blogsoestado.com\/danielmatos\/wellington-diz-que-recuo-na-apreensao-de-veiculos-por-debitos-de-ipva-e-tardio-e-preve-derrota-de-flavio-dino\/#primaryimage\"},\"image\":{\"@id\":\"https:\/\/www.blogsoestado.com\/danielmatos\/wellington-diz-que-recuo-na-apreensao-de-veiculos-por-debitos-de-ipva-e-tardio-e-preve-derrota-de-flavio-dino\/#primaryimage\"},\"thumbnailUrl\":\"https:\/\/www.blogsoestado.com\/danielmatos\/files\/2018\/05\/w-preve.jpg\",\"datePublished\":\"2018-05-09T21:23:38+00:00\",\"author\":{\"@id\":\"\"},\"breadcrumb\":{\"@id\":\"https:\/\/www.blogsoestado.com\/danielmatos\/wellington-diz-que-recuo-na-apreensao-de-veiculos-por-debitos-de-ipva-e-tardio-e-preve-derrota-de-flavio-dino\/#breadcrumb\"},\"inLanguage\":\"pt-BR\",\"potentialAction\":[{\"@type\":\"ReadAction\",\"target\":[\"https:\/\/www.blogsoestado.com\/danielmatos\/wellington-diz-que-recuo-na-apreensao-de-veiculos-por-debitos-de-ipva-e-tardio-e-preve-derrota-de-flavio-dino\/\"]}]},{\"@type\":\"ImageObject\",\"inLanguage\":\"pt-BR\",\"@id\":\"https:\/\/www.blogsoestado.com\/danielmatos\/wellington-diz-que-recuo-na-apreensao-de-veiculos-por-debitos-de-ipva-e-tardio-e-preve-derrota-de-flavio-dino\/#primaryimage\",\"url\":\"https:\/\/www.blogsoestado.com\/danielmatos\/files\/2018\/05\/w-preve.jpg\",\"contentUrl\":\"https:\/\/www.blogsoestado.com\/danielmatos\/files\/2018\/05\/w-preve.jpg\"},{\"@type\":\"BreadcrumbList\",\"@id\":\"https:\/\/www.blogsoestado.com\/danielmatos\/wellington-diz-que-recuo-na-apreensao-de-veiculos-por-debitos-de-ipva-e-tardio-e-preve-derrota-de-flavio-dino\/#breadcrumb\",\"itemListElement\":[{\"@type\":\"ListItem\",\"position\":1,\"name\":\"In\u00edcio\",\"item\":\"https:\/\/www.blogsoestado.com\/danielmatos\/\"},{\"@type\":\"ListItem\",\"position\":2,\"name\":\"Wellington diz que recuo na apreens\u00e3o de ve\u00edculos por d\u00e9bitos de IPVA \u00e9 tardio e prev\u00ea derrota de Fl\u00e1vio Dino\"}]},{\"@type\":\"WebSite\",\"@id\":\"https:\/\/www.blogsoestado.com\/danielmatos\/#website\",\"url\":\"https:\/\/www.blogsoestado.com\/danielmatos\/\",\"name\":\"Daniel Matos\",\"description\":\"\",\"potentialAction\":[{\"@type\":\"SearchAction\",\"target\":{\"@type\":\"EntryPoint\",\"urlTemplate\":\"https:\/\/www.blogsoestado.com\/danielmatos\/?s={search_term_string}\"},\"query-input\":{\"@type\":\"PropertyValueSpecification\",\"valueRequired\":true,\"valueName\":\"search_term_string\"}}],\"inLanguage\":\"pt-BR\"}]}<\/script>\n<!-- \/ Yoast SEO plugin. -->","yoast_head_json":{"title":"Wellington diz que recuo na apreens\u00e3o de ve\u00edculos por d\u00e9bitos de IPVA \u00e9 tardio e prev\u00ea derrota de Fl\u00e1vio Dino - Daniel Matos","robots":{"index":"index","follow":"follow","max-snippet":"max-snippet:-1","max-image-preview":"max-image-preview:large","max-video-preview":"max-video-preview:-1"},"canonical":"https:\/\/www.blogsoestado.com\/danielmatos\/wellington-diz-que-recuo-na-apreensao-de-veiculos-por-debitos-de-ipva-e-tardio-e-preve-derrota-de-flavio-dino\/","og_locale":"pt_BR","og_type":"article","og_title":"Wellington diz que recuo na apreens\u00e3o de ve\u00edculos por d\u00e9bitos de IPVA \u00e9 tardio e prev\u00ea derrota de Fl\u00e1vio Dino - Daniel Matos","og_description":"Cabe ao deputado estadual Wellington do Curso (PSDB) grande parte do m\u00e9rito pelo recuo do governo Fl\u00e1vio Dino (PCdoB) na [&hellip;]","og_url":"https:\/\/www.blogsoestado.com\/danielmatos\/wellington-diz-que-recuo-na-apreensao-de-veiculos-por-debitos-de-ipva-e-tardio-e-preve-derrota-de-flavio-dino\/","og_site_name":"Daniel Matos","article_published_time":"2018-05-09T21:23:38+00:00","og_image":[{"url":"https:\/\/www.blogsoestado.com\/danielmatos\/files\/2018\/05\/w-preve.jpg","type":"","width":"","height":""}],"twitter_card":"summary_large_image","twitter_misc":{"Est. tempo de leitura":"3 minutos"},"schema":{"@context":"https:\/\/schema.org","@graph":[{"@type":"WebPage","@id":"https:\/\/www.blogsoestado.com\/danielmatos\/wellington-diz-que-recuo-na-apreensao-de-veiculos-por-debitos-de-ipva-e-tardio-e-preve-derrota-de-flavio-dino\/","url":"https:\/\/www.blogsoestado.com\/danielmatos\/wellington-diz-que-recuo-na-apreensao-de-veiculos-por-debitos-de-ipva-e-tardio-e-preve-derrota-de-flavio-dino\/","name":"Wellington diz que recuo na apreens\u00e3o de ve\u00edculos por d\u00e9bitos de IPVA \u00e9 tardio e prev\u00ea derrota de Fl\u00e1vio Dino - Daniel Matos","isPartOf":{"@id":"https:\/\/www.blogsoestado.com\/danielmatos\/#website"},"primaryImageOfPage":{"@id":"https:\/\/www.blogsoestado.com\/danielmatos\/wellington-diz-que-recuo-na-apreensao-de-veiculos-por-debitos-de-ipva-e-tardio-e-preve-derrota-de-flavio-dino\/#primaryimage"},"image":{"@id":"https:\/\/www.blogsoestado.com\/danielmatos\/wellington-diz-que-recuo-na-apreensao-de-veiculos-por-debitos-de-ipva-e-tardio-e-preve-derrota-de-flavio-dino\/#primaryimage"},"thumbnailUrl":"https:\/\/www.blogsoestado.com\/danielmatos\/files\/2018\/05\/w-preve.jpg","datePublished":"2018-05-09T21:23:38+00:00","author":{"@id":""},"breadcrumb":{"@id":"https:\/\/www.blogsoestado.com\/danielmatos\/wellington-diz-que-recuo-na-apreensao-de-veiculos-por-debitos-de-ipva-e-tardio-e-preve-derrota-de-flavio-dino\/#breadcrumb"},"inLanguage":"pt-BR","potentialAction":[{"@type":"ReadAction","target":["https:\/\/www.blogsoestado.com\/danielmatos\/wellington-diz-que-recuo-na-apreensao-de-veiculos-por-debitos-de-ipva-e-tardio-e-preve-derrota-de-flavio-dino\/"]}]},{"@type":"ImageObject","inLanguage":"pt-BR","@id":"https:\/\/www.blogsoestado.com\/danielmatos\/wellington-diz-que-recuo-na-apreensao-de-veiculos-por-debitos-de-ipva-e-tardio-e-preve-derrota-de-flavio-dino\/#primaryimage","url":"https:\/\/www.blogsoestado.com\/danielmatos\/files\/2018\/05\/w-preve.jpg","contentUrl":"https:\/\/www.blogsoestado.com\/danielmatos\/files\/2018\/05\/w-preve.jpg"},{"@type":"BreadcrumbList","@id":"https:\/\/www.blogsoestado.com\/danielmatos\/wellington-diz-que-recuo-na-apreensao-de-veiculos-por-debitos-de-ipva-e-tardio-e-preve-derrota-de-flavio-dino\/#breadcrumb","itemListElement":[{"@type":"ListItem","position":1,"name":"In\u00edcio","item":"https:\/\/www.blogsoestado.com\/danielmatos\/"},{"@type":"ListItem","position":2,"name":"Wellington diz que recuo na apreens\u00e3o de ve\u00edculos por d\u00e9bitos de IPVA \u00e9 tardio e prev\u00ea derrota de Fl\u00e1vio Dino"}]},{"@type":"WebSite","@id":"https:\/\/www.blogsoestado.com\/danielmatos\/#website","url":"https:\/\/www.blogsoestado.com\/danielmatos\/","name":"Daniel Matos","description":"","potentialAction":[{"@type":"SearchAction","target":{"@type":"EntryPoint","urlTemplate":"https:\/\/www.blogsoestado.com\/danielmatos\/?s={search_term_string}"},"query-input":{"@type":"PropertyValueSpecification","valueRequired":true,"valueName":"search_term_string"}}],"inLanguage":"pt-BR"}]}},"jetpack_featured_media_url":"","_links":{"self":[{"href":"https:\/\/www.blogsoestado.com\/danielmatos\/wp-json\/wp\/v2\/posts\/51146","targetHints":{"allow":["GET"]}}],"collection":[{"href":"https:\/\/www.blogsoestado.com\/danielmatos\/wp-json\/wp\/v2\/posts"}],"about":[{"href":"https:\/\/www.blogsoestado.com\/danielmatos\/wp-json\/wp\/v2\/types\/post"}],"replies":[{"embeddable":true,"href":"https:\/\/www.blogsoestado.com\/danielmatos\/wp-json\/wp\/v2\/comments?post=51146"}],"version-history":[{"count":0,"href":"https:\/\/www.blogsoestado.com\/danielmatos\/wp-json\/wp\/v2\/posts\/51146\/revisions"}],"wp:attachment":[{"href":"https:\/\/www.blogsoestado.com\/danielmatos\/wp-json\/wp\/v2\/media?parent=51146"}],"wp:term":[{"taxonomy":"category","embeddable":true,"href":"https:\/\/www.blogsoestado.com\/danielmatos\/wp-json\/wp\/v2\/categories?post=51146"},{"taxonomy":"post_tag","embeddable":true,"href":"https:\/\/www.blogsoestado.com\/danielmatos\/wp-json\/wp\/v2\/tags?post=51146"}],"curies":[{"name":"wp","href":"https:\/\/api.w.org\/{rel}","templated":true}]}}