{"id":51153,"date":"2018-05-10T10:19:40","date_gmt":"2018-05-10T13:19:40","guid":{"rendered":"https:\/\/www.blogsoestado.com\/danielmatos\/?p=51153"},"modified":"2018-05-10T10:19:40","modified_gmt":"2018-05-10T13:19:40","slug":"o-povo-nao-e-besta-para-cair-no-conto-do-vigario-de-flavio-dino-diz-sousa-neto-sobre-decreto-do-ipva","status":"publish","type":"post","link":"https:\/\/www.blogsoestado.com\/danielmatos\/o-povo-nao-e-besta-para-cair-no-conto-do-vigario-de-flavio-dino-diz-sousa-neto-sobre-decreto-do-ipva\/","title":{"rendered":"&#8220;O povo n\u00e3o \u00e9 besta para cair no conto do vig\u00e1rio de Fl\u00e1vio Dino&#8221;, diz Sousa Neto sobre decreto do IPVA"},"content":{"rendered":"<figure id=\"attachment_51160\" aria-describedby=\"caption-attachment-51160\" style=\"width: 448px\" class=\"wp-caption alignright\"><img fetchpriority=\"high\" decoding=\"async\" class=\"size-full wp-image-51160\" src=\"https:\/\/www.blogsoestado.com\/danielmatos\/files\/2018\/05\/sousa-vigario.jpg\" alt=\"\" width=\"448\" height=\"311\" \/><figcaption id=\"caption-attachment-51160\" class=\"wp-caption-text\">Deputado Sousa Neto diz que medida \u00e9 eleitoreira e vergonhosa<\/figcaption><\/figure>\n<p>Assim como os demais membros da oposi\u00e7\u00e3o ao governo comunista, o deputado estadual Sousa Neto (PRP) classificou como medida eleitoreira o recuo do governador Fl\u00e1vio Dino (PCdoB) ao baixar decreto suspendendo a apreens\u00e3o de ve\u00edculos com o Imposto sobre Propriedade de Ve\u00edculos Automotores (IPVA) em atraso. Sousa tamb\u00e9m questionou o Pal\u00e1cio dos Le\u00f5es sobre qual provid\u00eancia ser\u00e1 tomada para reparar o preju\u00edzo causado aos mais de 10 mil propriet\u00e1rios de carros e motos que tiveram seus bens surrupiados em blitze ordenadas por Dino.<\/p>\n<p>&#8220;S\u00e3o mais de 10 mil ve\u00edculos leiloados em tr\u00eas anos e, somente agora, faltando cinco meses para \u00e0s elei\u00e7\u00f5es, depois do enorme desgaste perante a sociedade, o governador Fl\u00e1vio Dino resolve recuar e baixar decreto suspendendo a apreens\u00e3o de ve\u00edculos com IPVA em atraso&#8221;, comentou o parlamentar.<\/p>\n<p>Para o deputado, al\u00e9m de meramente eleitoreira, a medida \u00e9 vergonhosa e provocou rea\u00e7\u00e3o imediata dos maranhenses, que n\u00e3o acreditam nas boas inten\u00e7\u00f5es do governador comunista. &#8220;O povo n\u00e3o \u00e9 besta de achar que Fl\u00e1vio Dino \u00e9 bonzinho e cair no \u2018conto do vig\u00e1rio\u2019. Todos sabemos que foi mais uma manobra para garantir vantagem nas urnas em outubro&#8221;, denunciou.<\/p>\n<p>Sousa Neto lembrou que ele os demais deputados de oposi\u00e7\u00e3o, por v\u00e1rias vezes, pressionaram, denunciaram e mostraram na tribuna a forma abusiva com que o cidad\u00e3o tinha seu ve\u00edculo recolhido nas blitze do Batalh\u00e3o de Pol\u00edcia Militar Rodovi\u00e1ria (BPRv), levado para o p\u00e1tio da VIP Leil\u00f5es e os valores absurdos que eram pagos com taxas e multas. &#8220;Agora, como ficar\u00e3o esses mais de 10 mil propriet\u00e1rios que tiveram seu bem surrupiado pela gest\u00e3o comunista, que perderam seus patrim\u00f4nios e que est\u00e3o no preju\u00edzo?&#8221;, questionou.<\/p>\n<p>O parlamentar alertou, ainda, que o decreto \u00e9 t\u00e3o maldoso quanto o pr\u00f3prio recolhimento dos ve\u00edculos, j\u00e1 que, segundo consta, o licenciamento do ano anterior fica retido.<\/p>\n","protected":false},"excerpt":{"rendered":"<p>Assim como os demais membros da oposi\u00e7\u00e3o ao governo comunista, o deputado estadual Sousa Neto (PRP) classificou como medida eleitoreira [&hellip;]<\/p>\n","protected":false},"author":0,"featured_media":0,"comment_status":"open","ping_status":"open","sticky":false,"template":"","format":"standard","meta":{"site-sidebar-layout":"default","site-content-layout":"","ast-site-content-layout":"default","site-content-style":"default","site-sidebar-style":"default","ast-global-header-display":"","ast-banner-title-visibility":"","ast-main-header-display":"","ast-hfb-above-header-display":"","ast-hfb-below-header-display":"","ast-hfb-mobile-header-display":"","site-post-title":"","ast-breadcrumbs-content":"","ast-featured-img":"","footer-sml-layout":"","ast-disable-related-posts":"","theme-transparent-header-meta":"","adv-header-id-meta":"","stick-header-meta":"","header-above-stick-meta":"","header-main-stick-meta":"","header-below-stick-meta":"","astra-migrate-meta-layouts":"default","ast-page-background-enabled":"default","ast-page-background-meta":{"desktop":{"background-color":"var(--ast-global-color-5)","background-image":"","background-repeat":"repeat","background-position":"center center","background-size":"auto","background-attachment":"scroll","background-type":"","background-media":"","overlay-type":"","overlay-color":"","overlay-opacity":"","overlay-gradient":""},"tablet":{"background-color":"","background-image":"","background-repeat":"repeat","background-position":"center center","background-size":"auto","background-attachment":"scroll","background-type":"","background-media":"","overlay-type":"","overlay-color":"","overlay-opacity":"","overlay-gradient":""},"mobile":{"background-color":"","background-image":"","background-repeat":"repeat","background-position":"center center","background-size":"auto","background-attachment":"scroll","background-type":"","background-media":"","overlay-type":"","overlay-color":"","overlay-opacity":"","overlay-gradient":""}},"ast-content-background-meta":{"desktop":{"background-color":"var(--ast-global-color-4)","background-image":"","background-repeat":"repeat","background-position":"center center","background-size":"auto","background-attachment":"scroll","background-type":"","background-media":"","overlay-type":"","overlay-color":"","overlay-opacity":"","overlay-gradient":""},"tablet":{"background-color":"var(--ast-global-color-4)","background-image":"","background-repeat":"repeat","background-position":"center center","background-size":"auto","background-attachment":"scroll","background-type":"","background-media":"","overlay-type":"","overlay-color":"","overlay-opacity":"","overlay-gradient":""},"mobile":{"background-color":"var(--ast-global-color-4)","background-image":"","background-repeat":"repeat","background-position":"center center","background-size":"auto","background-attachment":"scroll","background-type":"","background-media":"","overlay-type":"","overlay-color":"","overlay-opacity":"","overlay-gradient":""}},"footnotes":""},"categories":[1],"tags":[],"class_list":["post-51153","post","type-post","status-publish","format-standard","hentry","category-sem-categoria"],"yoast_head":"<!-- This site is optimized with the Yoast SEO plugin v26.6 - https:\/\/yoast.com\/wordpress\/plugins\/seo\/ -->\n<title>&quot;O povo n\u00e3o \u00e9 besta para cair no conto do vig\u00e1rio de Fl\u00e1vio Dino&quot;, diz Sousa Neto sobre decreto do IPVA - Daniel Matos<\/title>\n<meta name=\"robots\" content=\"index, follow, max-snippet:-1, max-image-preview:large, max-video-preview:-1\" \/>\n<link rel=\"canonical\" href=\"https:\/\/www.blogsoestado.com\/danielmatos\/o-povo-nao-e-besta-para-cair-no-conto-do-vigario-de-flavio-dino-diz-sousa-neto-sobre-decreto-do-ipva\/\" \/>\n<meta property=\"og:locale\" content=\"pt_BR\" \/>\n<meta property=\"og:type\" content=\"article\" \/>\n<meta property=\"og:title\" content=\"&quot;O povo n\u00e3o \u00e9 besta para cair no conto do vig\u00e1rio de Fl\u00e1vio Dino&quot;, diz Sousa Neto sobre decreto do IPVA - Daniel Matos\" \/>\n<meta property=\"og:description\" content=\"Assim como os demais membros da oposi\u00e7\u00e3o ao governo comunista, o deputado estadual Sousa Neto (PRP) classificou como medida eleitoreira [&hellip;]\" \/>\n<meta property=\"og:url\" content=\"https:\/\/www.blogsoestado.com\/danielmatos\/o-povo-nao-e-besta-para-cair-no-conto-do-vigario-de-flavio-dino-diz-sousa-neto-sobre-decreto-do-ipva\/\" \/>\n<meta property=\"og:site_name\" content=\"Daniel Matos\" \/>\n<meta property=\"article:published_time\" content=\"2018-05-10T13:19:40+00:00\" \/>\n<meta property=\"og:image\" content=\"https:\/\/www.blogsoestado.com\/danielmatos\/files\/2018\/05\/sousa-vigario.jpg\" \/>\n<meta name=\"twitter:card\" content=\"summary_large_image\" \/>\n<meta name=\"twitter:label1\" content=\"Est. tempo de leitura\" \/>\n\t<meta name=\"twitter:data1\" content=\"2 minutos\" \/>\n<script type=\"application\/ld+json\" class=\"yoast-schema-graph\">{\"@context\":\"https:\/\/schema.org\",\"@graph\":[{\"@type\":\"WebPage\",\"@id\":\"https:\/\/www.blogsoestado.com\/danielmatos\/o-povo-nao-e-besta-para-cair-no-conto-do-vigario-de-flavio-dino-diz-sousa-neto-sobre-decreto-do-ipva\/\",\"url\":\"https:\/\/www.blogsoestado.com\/danielmatos\/o-povo-nao-e-besta-para-cair-no-conto-do-vigario-de-flavio-dino-diz-sousa-neto-sobre-decreto-do-ipva\/\",\"name\":\"\\\"O povo n\u00e3o \u00e9 besta para cair no conto do vig\u00e1rio de Fl\u00e1vio Dino\\\", diz Sousa Neto sobre decreto do IPVA - Daniel Matos\",\"isPartOf\":{\"@id\":\"https:\/\/www.blogsoestado.com\/danielmatos\/#website\"},\"primaryImageOfPage\":{\"@id\":\"https:\/\/www.blogsoestado.com\/danielmatos\/o-povo-nao-e-besta-para-cair-no-conto-do-vigario-de-flavio-dino-diz-sousa-neto-sobre-decreto-do-ipva\/#primaryimage\"},\"image\":{\"@id\":\"https:\/\/www.blogsoestado.com\/danielmatos\/o-povo-nao-e-besta-para-cair-no-conto-do-vigario-de-flavio-dino-diz-sousa-neto-sobre-decreto-do-ipva\/#primaryimage\"},\"thumbnailUrl\":\"https:\/\/www.blogsoestado.com\/danielmatos\/files\/2018\/05\/sousa-vigario.jpg\",\"datePublished\":\"2018-05-10T13:19:40+00:00\",\"author\":{\"@id\":\"\"},\"breadcrumb\":{\"@id\":\"https:\/\/www.blogsoestado.com\/danielmatos\/o-povo-nao-e-besta-para-cair-no-conto-do-vigario-de-flavio-dino-diz-sousa-neto-sobre-decreto-do-ipva\/#breadcrumb\"},\"inLanguage\":\"pt-BR\",\"potentialAction\":[{\"@type\":\"ReadAction\",\"target\":[\"https:\/\/www.blogsoestado.com\/danielmatos\/o-povo-nao-e-besta-para-cair-no-conto-do-vigario-de-flavio-dino-diz-sousa-neto-sobre-decreto-do-ipva\/\"]}]},{\"@type\":\"ImageObject\",\"inLanguage\":\"pt-BR\",\"@id\":\"https:\/\/www.blogsoestado.com\/danielmatos\/o-povo-nao-e-besta-para-cair-no-conto-do-vigario-de-flavio-dino-diz-sousa-neto-sobre-decreto-do-ipva\/#primaryimage\",\"url\":\"https:\/\/www.blogsoestado.com\/danielmatos\/files\/2018\/05\/sousa-vigario.jpg\",\"contentUrl\":\"https:\/\/www.blogsoestado.com\/danielmatos\/files\/2018\/05\/sousa-vigario.jpg\"},{\"@type\":\"BreadcrumbList\",\"@id\":\"https:\/\/www.blogsoestado.com\/danielmatos\/o-povo-nao-e-besta-para-cair-no-conto-do-vigario-de-flavio-dino-diz-sousa-neto-sobre-decreto-do-ipva\/#breadcrumb\",\"itemListElement\":[{\"@type\":\"ListItem\",\"position\":1,\"name\":\"In\u00edcio\",\"item\":\"https:\/\/www.blogsoestado.com\/danielmatos\/\"},{\"@type\":\"ListItem\",\"position\":2,\"name\":\"&#8220;O povo n\u00e3o \u00e9 besta para cair no conto do vig\u00e1rio de Fl\u00e1vio Dino&#8221;, diz Sousa Neto sobre decreto do IPVA\"}]},{\"@type\":\"WebSite\",\"@id\":\"https:\/\/www.blogsoestado.com\/danielmatos\/#website\",\"url\":\"https:\/\/www.blogsoestado.com\/danielmatos\/\",\"name\":\"Daniel Matos\",\"description\":\"\",\"potentialAction\":[{\"@type\":\"SearchAction\",\"target\":{\"@type\":\"EntryPoint\",\"urlTemplate\":\"https:\/\/www.blogsoestado.com\/danielmatos\/?s={search_term_string}\"},\"query-input\":{\"@type\":\"PropertyValueSpecification\",\"valueRequired\":true,\"valueName\":\"search_term_string\"}}],\"inLanguage\":\"pt-BR\"}]}<\/script>\n<!-- \/ Yoast SEO plugin. -->","yoast_head_json":{"title":"\"O povo n\u00e3o \u00e9 besta para cair no conto do vig\u00e1rio de Fl\u00e1vio Dino\", diz Sousa Neto sobre decreto do IPVA - Daniel Matos","robots":{"index":"index","follow":"follow","max-snippet":"max-snippet:-1","max-image-preview":"max-image-preview:large","max-video-preview":"max-video-preview:-1"},"canonical":"https:\/\/www.blogsoestado.com\/danielmatos\/o-povo-nao-e-besta-para-cair-no-conto-do-vigario-de-flavio-dino-diz-sousa-neto-sobre-decreto-do-ipva\/","og_locale":"pt_BR","og_type":"article","og_title":"\"O povo n\u00e3o \u00e9 besta para cair no conto do vig\u00e1rio de Fl\u00e1vio Dino\", diz Sousa Neto sobre decreto do IPVA - Daniel Matos","og_description":"Assim como os demais membros da oposi\u00e7\u00e3o ao governo comunista, o deputado estadual Sousa Neto (PRP) classificou como medida eleitoreira [&hellip;]","og_url":"https:\/\/www.blogsoestado.com\/danielmatos\/o-povo-nao-e-besta-para-cair-no-conto-do-vigario-de-flavio-dino-diz-sousa-neto-sobre-decreto-do-ipva\/","og_site_name":"Daniel Matos","article_published_time":"2018-05-10T13:19:40+00:00","og_image":[{"url":"https:\/\/www.blogsoestado.com\/danielmatos\/files\/2018\/05\/sousa-vigario.jpg","type":"","width":"","height":""}],"twitter_card":"summary_large_image","twitter_misc":{"Est. tempo de leitura":"2 minutos"},"schema":{"@context":"https:\/\/schema.org","@graph":[{"@type":"WebPage","@id":"https:\/\/www.blogsoestado.com\/danielmatos\/o-povo-nao-e-besta-para-cair-no-conto-do-vigario-de-flavio-dino-diz-sousa-neto-sobre-decreto-do-ipva\/","url":"https:\/\/www.blogsoestado.com\/danielmatos\/o-povo-nao-e-besta-para-cair-no-conto-do-vigario-de-flavio-dino-diz-sousa-neto-sobre-decreto-do-ipva\/","name":"\"O povo n\u00e3o \u00e9 besta para cair no conto do vig\u00e1rio de Fl\u00e1vio Dino\", diz Sousa Neto sobre decreto do IPVA - Daniel Matos","isPartOf":{"@id":"https:\/\/www.blogsoestado.com\/danielmatos\/#website"},"primaryImageOfPage":{"@id":"https:\/\/www.blogsoestado.com\/danielmatos\/o-povo-nao-e-besta-para-cair-no-conto-do-vigario-de-flavio-dino-diz-sousa-neto-sobre-decreto-do-ipva\/#primaryimage"},"image":{"@id":"https:\/\/www.blogsoestado.com\/danielmatos\/o-povo-nao-e-besta-para-cair-no-conto-do-vigario-de-flavio-dino-diz-sousa-neto-sobre-decreto-do-ipva\/#primaryimage"},"thumbnailUrl":"https:\/\/www.blogsoestado.com\/danielmatos\/files\/2018\/05\/sousa-vigario.jpg","datePublished":"2018-05-10T13:19:40+00:00","author":{"@id":""},"breadcrumb":{"@id":"https:\/\/www.blogsoestado.com\/danielmatos\/o-povo-nao-e-besta-para-cair-no-conto-do-vigario-de-flavio-dino-diz-sousa-neto-sobre-decreto-do-ipva\/#breadcrumb"},"inLanguage":"pt-BR","potentialAction":[{"@type":"ReadAction","target":["https:\/\/www.blogsoestado.com\/danielmatos\/o-povo-nao-e-besta-para-cair-no-conto-do-vigario-de-flavio-dino-diz-sousa-neto-sobre-decreto-do-ipva\/"]}]},{"@type":"ImageObject","inLanguage":"pt-BR","@id":"https:\/\/www.blogsoestado.com\/danielmatos\/o-povo-nao-e-besta-para-cair-no-conto-do-vigario-de-flavio-dino-diz-sousa-neto-sobre-decreto-do-ipva\/#primaryimage","url":"https:\/\/www.blogsoestado.com\/danielmatos\/files\/2018\/05\/sousa-vigario.jpg","contentUrl":"https:\/\/www.blogsoestado.com\/danielmatos\/files\/2018\/05\/sousa-vigario.jpg"},{"@type":"BreadcrumbList","@id":"https:\/\/www.blogsoestado.com\/danielmatos\/o-povo-nao-e-besta-para-cair-no-conto-do-vigario-de-flavio-dino-diz-sousa-neto-sobre-decreto-do-ipva\/#breadcrumb","itemListElement":[{"@type":"ListItem","position":1,"name":"In\u00edcio","item":"https:\/\/www.blogsoestado.com\/danielmatos\/"},{"@type":"ListItem","position":2,"name":"&#8220;O povo n\u00e3o \u00e9 besta para cair no conto do vig\u00e1rio de Fl\u00e1vio Dino&#8221;, diz Sousa Neto sobre decreto do IPVA"}]},{"@type":"WebSite","@id":"https:\/\/www.blogsoestado.com\/danielmatos\/#website","url":"https:\/\/www.blogsoestado.com\/danielmatos\/","name":"Daniel Matos","description":"","potentialAction":[{"@type":"SearchAction","target":{"@type":"EntryPoint","urlTemplate":"https:\/\/www.blogsoestado.com\/danielmatos\/?s={search_term_string}"},"query-input":{"@type":"PropertyValueSpecification","valueRequired":true,"valueName":"search_term_string"}}],"inLanguage":"pt-BR"}]}},"jetpack_featured_media_url":"","_links":{"self":[{"href":"https:\/\/www.blogsoestado.com\/danielmatos\/wp-json\/wp\/v2\/posts\/51153","targetHints":{"allow":["GET"]}}],"collection":[{"href":"https:\/\/www.blogsoestado.com\/danielmatos\/wp-json\/wp\/v2\/posts"}],"about":[{"href":"https:\/\/www.blogsoestado.com\/danielmatos\/wp-json\/wp\/v2\/types\/post"}],"replies":[{"embeddable":true,"href":"https:\/\/www.blogsoestado.com\/danielmatos\/wp-json\/wp\/v2\/comments?post=51153"}],"version-history":[{"count":0,"href":"https:\/\/www.blogsoestado.com\/danielmatos\/wp-json\/wp\/v2\/posts\/51153\/revisions"}],"wp:attachment":[{"href":"https:\/\/www.blogsoestado.com\/danielmatos\/wp-json\/wp\/v2\/media?parent=51153"}],"wp:term":[{"taxonomy":"category","embeddable":true,"href":"https:\/\/www.blogsoestado.com\/danielmatos\/wp-json\/wp\/v2\/categories?post=51153"},{"taxonomy":"post_tag","embeddable":true,"href":"https:\/\/www.blogsoestado.com\/danielmatos\/wp-json\/wp\/v2\/tags?post=51153"}],"curies":[{"name":"wp","href":"https:\/\/api.w.org\/{rel}","templated":true}]}}