{"id":51155,"date":"2018-05-10T09:55:48","date_gmt":"2018-05-10T12:55:48","guid":{"rendered":"https:\/\/www.blogsoestado.com\/danielmatos\/?p=51155"},"modified":"2018-05-10T09:55:48","modified_gmt":"2018-05-10T12:55:48","slug":"por-iniciativa-de-cezar-bombeiro-camara-realiza-hoje-painel-sobre-futebol-profissional-e-amador","status":"publish","type":"post","link":"https:\/\/www.blogsoestado.com\/danielmatos\/por-iniciativa-de-cezar-bombeiro-camara-realiza-hoje-painel-sobre-futebol-profissional-e-amador\/","title":{"rendered":"Por iniciativa de C\u00e9zar Bombeiro, C\u00e2mara realiza hoje painel sobre futebol profissional e amador"},"content":{"rendered":"<figure id=\"attachment_47367\" aria-describedby=\"caption-attachment-47367\" style=\"width: 448px\" class=\"wp-caption alignright\"><img fetchpriority=\"high\" decoding=\"async\" class=\"size-full wp-image-47367\" src=\"https:\/\/www.blogsoestado.com\/danielmatos\/files\/2017\/12\/bombeiro-galerias-obras.jpg\" alt=\"\" width=\"448\" height=\"336\" \/><figcaption id=\"caption-attachment-47367\" class=\"wp-caption-text\">C\u00e9zar Bombeiro quer incentivar o futebol amador, principalmente nas comunidades mais carentes<\/figcaption><\/figure>\n<p>Por entender que o futebol \u00e9 um dos esportes que mais chamam a aten\u00e7\u00e3o de crian\u00e7as, adolescentes e jovens e se constitui em um importante instrumento de socializa\u00e7\u00e3o, o vereador C\u00e9zar Bombeiro (PSD) prop\u00f4s ao plen\u00e1rio da C\u00e2mara Municipal e contou com a aprova\u00e7\u00e3o un\u00e2nime para a realiza\u00e7\u00e3o de um painel sobre o Futebol Profissional e Amador de S\u00e3o Lu\u00eds, que ser\u00e1 realizado nesta quinta-feira (10), no plen\u00e1rio do Legislativo municipal.<\/p>\n<p>C\u00e9zar Bombeiro prop\u00f5e uma ampla discuss\u00e3o, com \u00eanfase para o futebol amador, mas com a observa\u00e7\u00e3o de que o futebol profissional \u00e9 a grande porta de entrada para os jovens que sonham seguir carreira. &#8220;Convidarmos a Federa\u00e7\u00e3o Maranhense de Futebol IFMF), ligas amadoras, a Associa\u00e7\u00e3o dos Cronistas e Locutores Esportivos do Maranh\u00e3o (Aclem) e todas as pessoas interessadas em contribuir para que possamos, juntos, postular incentivos para o futebol amador, principalmente nas comunidades mais carentes&#8221;, informou.<\/p>\n<p>O vereador lembrou que S\u00e3o Lu\u00eds\u00a0guarda hist\u00f3rias memor\u00e1veis de grandes jogadores de futebol, que vieram das v\u00e1rzeas e conquistaram espa\u00e7os a n\u00edvel municipal, estadual, nacional e mundial. &#8220;A cr\u00f4nica esportiva \u00e9 um fator determinante para o incentivo, tanto ao futebol profissional, como ao amador, e canal para alimentar as reivindica\u00e7\u00f5es para a constru\u00e7\u00e3o de campos comunit\u00e1rios, incentivar competi\u00e7\u00f5es e se constitui em instrumento da maior import\u00e2ncia para o desenvolvimento do futebol em todos os seus n\u00edveis&#8221;, afirma C\u00e9zar Bombeiro.<\/p>\n<p>Quanto \u00e0 Federa\u00e7\u00e3o Maranhense de Futebol, o vereador ressalta que a entidade \u00e9, sob todos os aspectos, o fator determinante para a valoriza\u00e7\u00e3o das competi\u00e7\u00f5es, as quais apoia e organiza.<\/p>\n","protected":false},"excerpt":{"rendered":"<p>Por entender que o futebol \u00e9 um dos esportes que mais chamam a aten\u00e7\u00e3o de crian\u00e7as, adolescentes e jovens e [&hellip;]<\/p>\n","protected":false},"author":0,"featured_media":0,"comment_status":"open","ping_status":"open","sticky":false,"template":"","format":"standard","meta":{"site-sidebar-layout":"default","site-content-layout":"","ast-site-content-layout":"default","site-content-style":"default","site-sidebar-style":"default","ast-global-header-display":"","ast-banner-title-visibility":"","ast-main-header-display":"","ast-hfb-above-header-display":"","ast-hfb-below-header-display":"","ast-hfb-mobile-header-display":"","site-post-title":"","ast-breadcrumbs-content":"","ast-featured-img":"","footer-sml-layout":"","ast-disable-related-posts":"","theme-transparent-header-meta":"","adv-header-id-meta":"","stick-header-meta":"","header-above-stick-meta":"","header-main-stick-meta":"","header-below-stick-meta":"","astra-migrate-meta-layouts":"default","ast-page-background-enabled":"default","ast-page-background-meta":{"desktop":{"background-color":"var(--ast-global-color-5)","background-image":"","background-repeat":"repeat","background-position":"center center","background-size":"auto","background-attachment":"scroll","background-type":"","background-media":"","overlay-type":"","overlay-color":"","overlay-opacity":"","overlay-gradient":""},"tablet":{"background-color":"","background-image":"","background-repeat":"repeat","background-position":"center center","background-size":"auto","background-attachment":"scroll","background-type":"","background-media":"","overlay-type":"","overlay-color":"","overlay-opacity":"","overlay-gradient":""},"mobile":{"background-color":"","background-image":"","background-repeat":"repeat","background-position":"center center","background-size":"auto","background-attachment":"scroll","background-type":"","background-media":"","overlay-type":"","overlay-color":"","overlay-opacity":"","overlay-gradient":""}},"ast-content-background-meta":{"desktop":{"background-color":"var(--ast-global-color-4)","background-image":"","background-repeat":"repeat","background-position":"center center","background-size":"auto","background-attachment":"scroll","background-type":"","background-media":"","overlay-type":"","overlay-color":"","overlay-opacity":"","overlay-gradient":""},"tablet":{"background-color":"var(--ast-global-color-4)","background-image":"","background-repeat":"repeat","background-position":"center center","background-size":"auto","background-attachment":"scroll","background-type":"","background-media":"","overlay-type":"","overlay-color":"","overlay-opacity":"","overlay-gradient":""},"mobile":{"background-color":"var(--ast-global-color-4)","background-image":"","background-repeat":"repeat","background-position":"center center","background-size":"auto","background-attachment":"scroll","background-type":"","background-media":"","overlay-type":"","overlay-color":"","overlay-opacity":"","overlay-gradient":""}},"footnotes":""},"categories":[1],"tags":[],"class_list":["post-51155","post","type-post","status-publish","format-standard","hentry","category-sem-categoria"],"yoast_head":"<!-- This site is optimized with the Yoast SEO plugin v26.6 - https:\/\/yoast.com\/wordpress\/plugins\/seo\/ -->\n<title>Por iniciativa de C\u00e9zar Bombeiro, C\u00e2mara realiza hoje painel sobre futebol profissional e amador - Daniel Matos<\/title>\n<meta name=\"robots\" content=\"index, follow, max-snippet:-1, max-image-preview:large, max-video-preview:-1\" \/>\n<link rel=\"canonical\" href=\"https:\/\/www.blogsoestado.com\/danielmatos\/por-iniciativa-de-cezar-bombeiro-camara-realiza-hoje-painel-sobre-futebol-profissional-e-amador\/\" \/>\n<meta property=\"og:locale\" content=\"pt_BR\" \/>\n<meta property=\"og:type\" content=\"article\" \/>\n<meta property=\"og:title\" content=\"Por iniciativa de C\u00e9zar Bombeiro, C\u00e2mara realiza hoje painel sobre futebol profissional e amador - Daniel Matos\" \/>\n<meta property=\"og:description\" content=\"Por entender que o futebol \u00e9 um dos esportes que mais chamam a aten\u00e7\u00e3o de crian\u00e7as, adolescentes e jovens e [&hellip;]\" \/>\n<meta property=\"og:url\" content=\"https:\/\/www.blogsoestado.com\/danielmatos\/por-iniciativa-de-cezar-bombeiro-camara-realiza-hoje-painel-sobre-futebol-profissional-e-amador\/\" \/>\n<meta property=\"og:site_name\" content=\"Daniel Matos\" \/>\n<meta property=\"article:published_time\" content=\"2018-05-10T12:55:48+00:00\" \/>\n<meta property=\"og:image\" content=\"https:\/\/www.blogsoestado.com\/danielmatos\/files\/2017\/12\/bombeiro-galerias-obras.jpg\" \/>\n<meta name=\"twitter:card\" content=\"summary_large_image\" \/>\n<meta name=\"twitter:label1\" content=\"Est. tempo de leitura\" \/>\n\t<meta name=\"twitter:data1\" content=\"2 minutos\" \/>\n<script type=\"application\/ld+json\" class=\"yoast-schema-graph\">{\"@context\":\"https:\/\/schema.org\",\"@graph\":[{\"@type\":\"WebPage\",\"@id\":\"https:\/\/www.blogsoestado.com\/danielmatos\/por-iniciativa-de-cezar-bombeiro-camara-realiza-hoje-painel-sobre-futebol-profissional-e-amador\/\",\"url\":\"https:\/\/www.blogsoestado.com\/danielmatos\/por-iniciativa-de-cezar-bombeiro-camara-realiza-hoje-painel-sobre-futebol-profissional-e-amador\/\",\"name\":\"Por iniciativa de C\u00e9zar Bombeiro, C\u00e2mara realiza hoje painel sobre futebol profissional e amador - Daniel Matos\",\"isPartOf\":{\"@id\":\"https:\/\/www.blogsoestado.com\/danielmatos\/#website\"},\"primaryImageOfPage\":{\"@id\":\"https:\/\/www.blogsoestado.com\/danielmatos\/por-iniciativa-de-cezar-bombeiro-camara-realiza-hoje-painel-sobre-futebol-profissional-e-amador\/#primaryimage\"},\"image\":{\"@id\":\"https:\/\/www.blogsoestado.com\/danielmatos\/por-iniciativa-de-cezar-bombeiro-camara-realiza-hoje-painel-sobre-futebol-profissional-e-amador\/#primaryimage\"},\"thumbnailUrl\":\"https:\/\/www.blogsoestado.com\/danielmatos\/files\/2017\/12\/bombeiro-galerias-obras.jpg\",\"datePublished\":\"2018-05-10T12:55:48+00:00\",\"author\":{\"@id\":\"\"},\"breadcrumb\":{\"@id\":\"https:\/\/www.blogsoestado.com\/danielmatos\/por-iniciativa-de-cezar-bombeiro-camara-realiza-hoje-painel-sobre-futebol-profissional-e-amador\/#breadcrumb\"},\"inLanguage\":\"pt-BR\",\"potentialAction\":[{\"@type\":\"ReadAction\",\"target\":[\"https:\/\/www.blogsoestado.com\/danielmatos\/por-iniciativa-de-cezar-bombeiro-camara-realiza-hoje-painel-sobre-futebol-profissional-e-amador\/\"]}]},{\"@type\":\"ImageObject\",\"inLanguage\":\"pt-BR\",\"@id\":\"https:\/\/www.blogsoestado.com\/danielmatos\/por-iniciativa-de-cezar-bombeiro-camara-realiza-hoje-painel-sobre-futebol-profissional-e-amador\/#primaryimage\",\"url\":\"https:\/\/www.blogsoestado.com\/danielmatos\/files\/2017\/12\/bombeiro-galerias-obras.jpg\",\"contentUrl\":\"https:\/\/www.blogsoestado.com\/danielmatos\/files\/2017\/12\/bombeiro-galerias-obras.jpg\"},{\"@type\":\"BreadcrumbList\",\"@id\":\"https:\/\/www.blogsoestado.com\/danielmatos\/por-iniciativa-de-cezar-bombeiro-camara-realiza-hoje-painel-sobre-futebol-profissional-e-amador\/#breadcrumb\",\"itemListElement\":[{\"@type\":\"ListItem\",\"position\":1,\"name\":\"In\u00edcio\",\"item\":\"https:\/\/www.blogsoestado.com\/danielmatos\/\"},{\"@type\":\"ListItem\",\"position\":2,\"name\":\"Por iniciativa de C\u00e9zar Bombeiro, C\u00e2mara realiza hoje painel sobre futebol profissional e amador\"}]},{\"@type\":\"WebSite\",\"@id\":\"https:\/\/www.blogsoestado.com\/danielmatos\/#website\",\"url\":\"https:\/\/www.blogsoestado.com\/danielmatos\/\",\"name\":\"Daniel Matos\",\"description\":\"\",\"potentialAction\":[{\"@type\":\"SearchAction\",\"target\":{\"@type\":\"EntryPoint\",\"urlTemplate\":\"https:\/\/www.blogsoestado.com\/danielmatos\/?s={search_term_string}\"},\"query-input\":{\"@type\":\"PropertyValueSpecification\",\"valueRequired\":true,\"valueName\":\"search_term_string\"}}],\"inLanguage\":\"pt-BR\"}]}<\/script>\n<!-- \/ Yoast SEO plugin. -->","yoast_head_json":{"title":"Por iniciativa de C\u00e9zar Bombeiro, C\u00e2mara realiza hoje painel sobre futebol profissional e amador - Daniel Matos","robots":{"index":"index","follow":"follow","max-snippet":"max-snippet:-1","max-image-preview":"max-image-preview:large","max-video-preview":"max-video-preview:-1"},"canonical":"https:\/\/www.blogsoestado.com\/danielmatos\/por-iniciativa-de-cezar-bombeiro-camara-realiza-hoje-painel-sobre-futebol-profissional-e-amador\/","og_locale":"pt_BR","og_type":"article","og_title":"Por iniciativa de C\u00e9zar Bombeiro, C\u00e2mara realiza hoje painel sobre futebol profissional e amador - Daniel Matos","og_description":"Por entender que o futebol \u00e9 um dos esportes que mais chamam a aten\u00e7\u00e3o de crian\u00e7as, adolescentes e jovens e [&hellip;]","og_url":"https:\/\/www.blogsoestado.com\/danielmatos\/por-iniciativa-de-cezar-bombeiro-camara-realiza-hoje-painel-sobre-futebol-profissional-e-amador\/","og_site_name":"Daniel Matos","article_published_time":"2018-05-10T12:55:48+00:00","og_image":[{"url":"https:\/\/www.blogsoestado.com\/danielmatos\/files\/2017\/12\/bombeiro-galerias-obras.jpg","type":"","width":"","height":""}],"twitter_card":"summary_large_image","twitter_misc":{"Est. tempo de leitura":"2 minutos"},"schema":{"@context":"https:\/\/schema.org","@graph":[{"@type":"WebPage","@id":"https:\/\/www.blogsoestado.com\/danielmatos\/por-iniciativa-de-cezar-bombeiro-camara-realiza-hoje-painel-sobre-futebol-profissional-e-amador\/","url":"https:\/\/www.blogsoestado.com\/danielmatos\/por-iniciativa-de-cezar-bombeiro-camara-realiza-hoje-painel-sobre-futebol-profissional-e-amador\/","name":"Por iniciativa de C\u00e9zar Bombeiro, C\u00e2mara realiza hoje painel sobre futebol profissional e amador - Daniel Matos","isPartOf":{"@id":"https:\/\/www.blogsoestado.com\/danielmatos\/#website"},"primaryImageOfPage":{"@id":"https:\/\/www.blogsoestado.com\/danielmatos\/por-iniciativa-de-cezar-bombeiro-camara-realiza-hoje-painel-sobre-futebol-profissional-e-amador\/#primaryimage"},"image":{"@id":"https:\/\/www.blogsoestado.com\/danielmatos\/por-iniciativa-de-cezar-bombeiro-camara-realiza-hoje-painel-sobre-futebol-profissional-e-amador\/#primaryimage"},"thumbnailUrl":"https:\/\/www.blogsoestado.com\/danielmatos\/files\/2017\/12\/bombeiro-galerias-obras.jpg","datePublished":"2018-05-10T12:55:48+00:00","author":{"@id":""},"breadcrumb":{"@id":"https:\/\/www.blogsoestado.com\/danielmatos\/por-iniciativa-de-cezar-bombeiro-camara-realiza-hoje-painel-sobre-futebol-profissional-e-amador\/#breadcrumb"},"inLanguage":"pt-BR","potentialAction":[{"@type":"ReadAction","target":["https:\/\/www.blogsoestado.com\/danielmatos\/por-iniciativa-de-cezar-bombeiro-camara-realiza-hoje-painel-sobre-futebol-profissional-e-amador\/"]}]},{"@type":"ImageObject","inLanguage":"pt-BR","@id":"https:\/\/www.blogsoestado.com\/danielmatos\/por-iniciativa-de-cezar-bombeiro-camara-realiza-hoje-painel-sobre-futebol-profissional-e-amador\/#primaryimage","url":"https:\/\/www.blogsoestado.com\/danielmatos\/files\/2017\/12\/bombeiro-galerias-obras.jpg","contentUrl":"https:\/\/www.blogsoestado.com\/danielmatos\/files\/2017\/12\/bombeiro-galerias-obras.jpg"},{"@type":"BreadcrumbList","@id":"https:\/\/www.blogsoestado.com\/danielmatos\/por-iniciativa-de-cezar-bombeiro-camara-realiza-hoje-painel-sobre-futebol-profissional-e-amador\/#breadcrumb","itemListElement":[{"@type":"ListItem","position":1,"name":"In\u00edcio","item":"https:\/\/www.blogsoestado.com\/danielmatos\/"},{"@type":"ListItem","position":2,"name":"Por iniciativa de C\u00e9zar Bombeiro, C\u00e2mara realiza hoje painel sobre futebol profissional e amador"}]},{"@type":"WebSite","@id":"https:\/\/www.blogsoestado.com\/danielmatos\/#website","url":"https:\/\/www.blogsoestado.com\/danielmatos\/","name":"Daniel Matos","description":"","potentialAction":[{"@type":"SearchAction","target":{"@type":"EntryPoint","urlTemplate":"https:\/\/www.blogsoestado.com\/danielmatos\/?s={search_term_string}"},"query-input":{"@type":"PropertyValueSpecification","valueRequired":true,"valueName":"search_term_string"}}],"inLanguage":"pt-BR"}]}},"jetpack_featured_media_url":"","_links":{"self":[{"href":"https:\/\/www.blogsoestado.com\/danielmatos\/wp-json\/wp\/v2\/posts\/51155","targetHints":{"allow":["GET"]}}],"collection":[{"href":"https:\/\/www.blogsoestado.com\/danielmatos\/wp-json\/wp\/v2\/posts"}],"about":[{"href":"https:\/\/www.blogsoestado.com\/danielmatos\/wp-json\/wp\/v2\/types\/post"}],"replies":[{"embeddable":true,"href":"https:\/\/www.blogsoestado.com\/danielmatos\/wp-json\/wp\/v2\/comments?post=51155"}],"version-history":[{"count":0,"href":"https:\/\/www.blogsoestado.com\/danielmatos\/wp-json\/wp\/v2\/posts\/51155\/revisions"}],"wp:attachment":[{"href":"https:\/\/www.blogsoestado.com\/danielmatos\/wp-json\/wp\/v2\/media?parent=51155"}],"wp:term":[{"taxonomy":"category","embeddable":true,"href":"https:\/\/www.blogsoestado.com\/danielmatos\/wp-json\/wp\/v2\/categories?post=51155"},{"taxonomy":"post_tag","embeddable":true,"href":"https:\/\/www.blogsoestado.com\/danielmatos\/wp-json\/wp\/v2\/tags?post=51155"}],"curies":[{"name":"wp","href":"https:\/\/api.w.org\/{rel}","templated":true}]}}