{"id":51158,"date":"2018-05-11T13:00:24","date_gmt":"2018-05-11T16:00:24","guid":{"rendered":"https:\/\/www.blogsoestado.com\/danielmatos\/?p=51158"},"modified":"2018-05-11T13:00:24","modified_gmt":"2018-05-11T16:00:24","slug":"flavio-dino-destroi-turismo-do-maranhao-e-ministerio-exclui-estado-do-roteiro-nacional-das-ferias-de-julho","status":"publish","type":"post","link":"https:\/\/www.blogsoestado.com\/danielmatos\/flavio-dino-destroi-turismo-do-maranhao-e-ministerio-exclui-estado-do-roteiro-nacional-das-ferias-de-julho\/","title":{"rendered":"Fl\u00e1vio Dino destr\u00f3i turismo do Maranh\u00e3o e minist\u00e9rio exclui estado do roteiro nacional das f\u00e9rias de julho"},"content":{"rendered":"<figure id=\"attachment_51212\" aria-describedby=\"caption-attachment-51212\" style=\"width: 448px\" class=\"wp-caption alignleft\"><img fetchpriority=\"high\" decoding=\"async\" class=\"size-full wp-image-51212\" src=\"https:\/\/www.blogsoestado.com\/danielmatos\/files\/2018\/05\/flavio-turismo.jpg\" alt=\"\" width=\"448\" height=\"297\" \/><figcaption id=\"caption-attachment-51212\" class=\"wp-caption-text\">Fl\u00e1vio Dino repete desempenho p\u00edfio na Embratur como governador do Maranh\u00e3o (<strong>Foto:<\/strong> Bin\u00e9 Morais\/<strong>O Estado<\/strong>)<\/figcaption><\/figure>\n<p>O Maranh\u00e3o foi exclu\u00eddo do roteiro tur\u00edstico nacional para as f\u00e9rias escolares de julho, uma das \u00e9pocas do ano com maior fluxo na ind\u00fastria tur\u00edstica. Mat\u00e9ria jornal\u00edstica distribu\u00edda \u00e0 imprensa pelo Minist\u00e9rio do Turismo aponta os destinos mais procurados do pa\u00eds, com base em levantamentos junto a ag\u00eancias\/operadoras de viagens, a representantes do segmento hoteleiro e sites de busca na internet. Nenhuma das fontes da pesquisa inclui o estado governado pelo comunista Fl\u00e1vio Dino.<\/p>\n<p>Na mat\u00e9ria, o minist\u00e9rio informa que faltando dois meses para as f\u00e9rias escolares, o setor mostra otimismo em rela\u00e7\u00e3o \u00e0 movimenta\u00e7\u00e3o de turistas nas f\u00e9rias do meio do ano. A CVC, maior operadora de turismo da Am\u00e9rica Latina, listou os 10 destinos mais procurados em julho, dos quais oito s\u00e3o destinos de sol e praia e est\u00e3o localizados na regi\u00e3o Nordeste. Lideram o ranking geral as cidades de Macei\u00f3, Fortaleza e Porto Seguro (BA). Os outros dois ficam na regi\u00e3o Sul: Gramado (RS) e Balne\u00e1rio Cambori\u00fa (SC).<\/p>\n<p>A Associa\u00e7\u00e3o Brasileira da Ind\u00fastria de Hot\u00e9is (ABIH) confirma a tend\u00eancia de alta do fluxo tur\u00edstico em julho, mas, assim como a CVC, n\u00e3o faz qualquer men\u00e7\u00e3o ao Maranh\u00e3o no quesito hospedagem de turistas, sejam nacionais, sejam estrangeiros. A entidade lista as cidades com maior expectativa de ocupa\u00e7\u00e3o da rede hoteleira. Em Macei\u00f3, a taxa de ocupa\u00e7\u00e3o esperada \u00e9 de 72%. Em Fortaleza, que realiza carnaval fora de \u00e9poca no final de julho, chega a 82%. Em Porto Seguro, a estimativa \u00e9 de impressionantes 90%. Gramado tem expectativa de ocupa\u00e7\u00e3o de 85% e Balne\u00e1rio Cambori\u00fa, o \u00edndice chega a 65%.<\/p>\n<p>Outro que n\u00e3o inclui o Maranh\u00e3o entre os roteiros tur\u00edsticos preferenciais \u00e9 o site de buscas Melhores Destinos, que elegeu como destinos mais populares de cada regi\u00e3o do pa\u00eds para a\u00a0 temporada der julho as cidades de Bonito (MS), Morro de S\u00e3o Paulo (BA), Alter do Ch\u00e3o (PA), Tiradentes (MG) e Gramado (RS). O ranking lista, ainda, Fernando de Noronha, como dono dos melhores atrativos, e S\u00e3o Paulo, eleito o melhor destino gastron\u00f4mico do pa\u00eds. J\u00e1 o Skyscanner, site de pesquisas internacionais, aponta S\u00e3o Paulo, Fortaleza, Rio de Janeiro, Recife e Salvador aparecem como cinco destinos dom\u00e9sticos mais populares nesta ordem.<\/p>\n<p>Com representa\u00e7\u00e3o em todos os estados, a Associa\u00e7\u00e3o das Ag\u00eancias de Viagens (Abav) registra que 65% dos pacotes comercializados em julho s\u00e3o para destinos nacionais e aponta Macei\u00f3 e Porto de Galinhas (PE) como os mais demandados.<\/p>\n<p>A exclus\u00e3o do Maranh\u00e3o das listas e ranking das ag\u00eancias de viagens, da rede hoteleira e dos principais sites de busca acessados por viajantes \u00e9 a constata\u00e7\u00e3o do desmonte do turismo no governo Fl\u00e1vio Dino. Ex-presidente do Instituto Brasileiro de Turismo (Embratur), o comunista relegou a ind\u00fastria tur\u00edstica a plano inferior,\u00a0a ponto de rebaixar a secretaria de Estado espec\u00edfica para a \u00e1rea a mera adjunta da pasta da Cultura.<\/p>\n<p>A destrui\u00e7\u00e3o do turismo local no governo Fl\u00e1vio Dino soma-se ao caso nebuloso envolvendo um <a href=\"https:\/\/www.blogsoestado.com\/danielmatos\/2015\/02\/11\/tcu-constata-impropriedades-em-contrato-assinado-por-flavio-dino-quando-presidente-da-embratur\/\">contrato firmado com uma empresa de tecnologia na gest\u00e3o dele na Embratur<\/a>. E \u00e9 mais um legado negativo do comunista para os maranhenses.<\/p>\n","protected":false},"excerpt":{"rendered":"<p>O Maranh\u00e3o foi exclu\u00eddo do roteiro tur\u00edstico nacional para as f\u00e9rias escolares de julho, uma das \u00e9pocas do ano com [&hellip;]<\/p>\n","protected":false},"author":0,"featured_media":0,"comment_status":"open","ping_status":"open","sticky":false,"template":"","format":"standard","meta":{"site-sidebar-layout":"default","site-content-layout":"","ast-site-content-layout":"default","site-content-style":"default","site-sidebar-style":"default","ast-global-header-display":"","ast-banner-title-visibility":"","ast-main-header-display":"","ast-hfb-above-header-display":"","ast-hfb-below-header-display":"","ast-hfb-mobile-header-display":"","site-post-title":"","ast-breadcrumbs-content":"","ast-featured-img":"","footer-sml-layout":"","ast-disable-related-posts":"","theme-transparent-header-meta":"","adv-header-id-meta":"","stick-header-meta":"","header-above-stick-meta":"","header-main-stick-meta":"","header-below-stick-meta":"","astra-migrate-meta-layouts":"default","ast-page-background-enabled":"default","ast-page-background-meta":{"desktop":{"background-color":"var(--ast-global-color-5)","background-image":"","background-repeat":"repeat","background-position":"center center","background-size":"auto","background-attachment":"scroll","background-type":"","background-media":"","overlay-type":"","overlay-color":"","overlay-opacity":"","overlay-gradient":""},"tablet":{"background-color":"","background-image":"","background-repeat":"repeat","background-position":"center center","background-size":"auto","background-attachment":"scroll","background-type":"","background-media":"","overlay-type":"","overlay-color":"","overlay-opacity":"","overlay-gradient":""},"mobile":{"background-color":"","background-image":"","background-repeat":"repeat","background-position":"center center","background-size":"auto","background-attachment":"scroll","background-type":"","background-media":"","overlay-type":"","overlay-color":"","overlay-opacity":"","overlay-gradient":""}},"ast-content-background-meta":{"desktop":{"background-color":"var(--ast-global-color-4)","background-image":"","background-repeat":"repeat","background-position":"center center","background-size":"auto","background-attachment":"scroll","background-type":"","background-media":"","overlay-type":"","overlay-color":"","overlay-opacity":"","overlay-gradient":""},"tablet":{"background-color":"var(--ast-global-color-4)","background-image":"","background-repeat":"repeat","background-position":"center center","background-size":"auto","background-attachment":"scroll","background-type":"","background-media":"","overlay-type":"","overlay-color":"","overlay-opacity":"","overlay-gradient":""},"mobile":{"background-color":"var(--ast-global-color-4)","background-image":"","background-repeat":"repeat","background-position":"center center","background-size":"auto","background-attachment":"scroll","background-type":"","background-media":"","overlay-type":"","overlay-color":"","overlay-opacity":"","overlay-gradient":""}},"footnotes":""},"categories":[1],"tags":[],"class_list":["post-51158","post","type-post","status-publish","format-standard","hentry","category-sem-categoria"],"yoast_head":"<!-- This site is optimized with the Yoast SEO plugin v26.6 - https:\/\/yoast.com\/wordpress\/plugins\/seo\/ -->\n<title>Fl\u00e1vio Dino destr\u00f3i turismo do Maranh\u00e3o e minist\u00e9rio exclui estado do roteiro nacional das f\u00e9rias de julho - Daniel Matos<\/title>\n<meta name=\"robots\" content=\"index, follow, max-snippet:-1, max-image-preview:large, max-video-preview:-1\" \/>\n<link rel=\"canonical\" href=\"https:\/\/www.blogsoestado.com\/danielmatos\/flavio-dino-destroi-turismo-do-maranhao-e-ministerio-exclui-estado-do-roteiro-nacional-das-ferias-de-julho\/\" \/>\n<meta property=\"og:locale\" content=\"pt_BR\" \/>\n<meta property=\"og:type\" content=\"article\" \/>\n<meta property=\"og:title\" content=\"Fl\u00e1vio Dino destr\u00f3i turismo do Maranh\u00e3o e minist\u00e9rio exclui estado do roteiro nacional das f\u00e9rias de julho - Daniel Matos\" \/>\n<meta property=\"og:description\" content=\"O Maranh\u00e3o foi exclu\u00eddo do roteiro tur\u00edstico nacional para as f\u00e9rias escolares de julho, uma das \u00e9pocas do ano com [&hellip;]\" \/>\n<meta property=\"og:url\" content=\"https:\/\/www.blogsoestado.com\/danielmatos\/flavio-dino-destroi-turismo-do-maranhao-e-ministerio-exclui-estado-do-roteiro-nacional-das-ferias-de-julho\/\" \/>\n<meta property=\"og:site_name\" content=\"Daniel Matos\" \/>\n<meta property=\"article:published_time\" content=\"2018-05-11T16:00:24+00:00\" \/>\n<meta property=\"og:image\" content=\"https:\/\/www.blogsoestado.com\/danielmatos\/files\/2018\/05\/flavio-turismo.jpg\" \/>\n<meta name=\"twitter:card\" content=\"summary_large_image\" \/>\n<meta name=\"twitter:label1\" content=\"Est. tempo de leitura\" \/>\n\t<meta name=\"twitter:data1\" content=\"3 minutos\" \/>\n<script type=\"application\/ld+json\" class=\"yoast-schema-graph\">{\"@context\":\"https:\/\/schema.org\",\"@graph\":[{\"@type\":\"WebPage\",\"@id\":\"https:\/\/www.blogsoestado.com\/danielmatos\/flavio-dino-destroi-turismo-do-maranhao-e-ministerio-exclui-estado-do-roteiro-nacional-das-ferias-de-julho\/\",\"url\":\"https:\/\/www.blogsoestado.com\/danielmatos\/flavio-dino-destroi-turismo-do-maranhao-e-ministerio-exclui-estado-do-roteiro-nacional-das-ferias-de-julho\/\",\"name\":\"Fl\u00e1vio Dino destr\u00f3i turismo do Maranh\u00e3o e minist\u00e9rio exclui estado do roteiro nacional das f\u00e9rias de julho - Daniel Matos\",\"isPartOf\":{\"@id\":\"https:\/\/www.blogsoestado.com\/danielmatos\/#website\"},\"primaryImageOfPage\":{\"@id\":\"https:\/\/www.blogsoestado.com\/danielmatos\/flavio-dino-destroi-turismo-do-maranhao-e-ministerio-exclui-estado-do-roteiro-nacional-das-ferias-de-julho\/#primaryimage\"},\"image\":{\"@id\":\"https:\/\/www.blogsoestado.com\/danielmatos\/flavio-dino-destroi-turismo-do-maranhao-e-ministerio-exclui-estado-do-roteiro-nacional-das-ferias-de-julho\/#primaryimage\"},\"thumbnailUrl\":\"https:\/\/www.blogsoestado.com\/danielmatos\/files\/2018\/05\/flavio-turismo.jpg\",\"datePublished\":\"2018-05-11T16:00:24+00:00\",\"author\":{\"@id\":\"\"},\"breadcrumb\":{\"@id\":\"https:\/\/www.blogsoestado.com\/danielmatos\/flavio-dino-destroi-turismo-do-maranhao-e-ministerio-exclui-estado-do-roteiro-nacional-das-ferias-de-julho\/#breadcrumb\"},\"inLanguage\":\"pt-BR\",\"potentialAction\":[{\"@type\":\"ReadAction\",\"target\":[\"https:\/\/www.blogsoestado.com\/danielmatos\/flavio-dino-destroi-turismo-do-maranhao-e-ministerio-exclui-estado-do-roteiro-nacional-das-ferias-de-julho\/\"]}]},{\"@type\":\"ImageObject\",\"inLanguage\":\"pt-BR\",\"@id\":\"https:\/\/www.blogsoestado.com\/danielmatos\/flavio-dino-destroi-turismo-do-maranhao-e-ministerio-exclui-estado-do-roteiro-nacional-das-ferias-de-julho\/#primaryimage\",\"url\":\"https:\/\/www.blogsoestado.com\/danielmatos\/files\/2018\/05\/flavio-turismo.jpg\",\"contentUrl\":\"https:\/\/www.blogsoestado.com\/danielmatos\/files\/2018\/05\/flavio-turismo.jpg\"},{\"@type\":\"BreadcrumbList\",\"@id\":\"https:\/\/www.blogsoestado.com\/danielmatos\/flavio-dino-destroi-turismo-do-maranhao-e-ministerio-exclui-estado-do-roteiro-nacional-das-ferias-de-julho\/#breadcrumb\",\"itemListElement\":[{\"@type\":\"ListItem\",\"position\":1,\"name\":\"In\u00edcio\",\"item\":\"https:\/\/www.blogsoestado.com\/danielmatos\/\"},{\"@type\":\"ListItem\",\"position\":2,\"name\":\"Fl\u00e1vio Dino destr\u00f3i turismo do Maranh\u00e3o e minist\u00e9rio exclui estado do roteiro nacional das f\u00e9rias de julho\"}]},{\"@type\":\"WebSite\",\"@id\":\"https:\/\/www.blogsoestado.com\/danielmatos\/#website\",\"url\":\"https:\/\/www.blogsoestado.com\/danielmatos\/\",\"name\":\"Daniel Matos\",\"description\":\"\",\"potentialAction\":[{\"@type\":\"SearchAction\",\"target\":{\"@type\":\"EntryPoint\",\"urlTemplate\":\"https:\/\/www.blogsoestado.com\/danielmatos\/?s={search_term_string}\"},\"query-input\":{\"@type\":\"PropertyValueSpecification\",\"valueRequired\":true,\"valueName\":\"search_term_string\"}}],\"inLanguage\":\"pt-BR\"}]}<\/script>\n<!-- \/ Yoast SEO plugin. -->","yoast_head_json":{"title":"Fl\u00e1vio Dino destr\u00f3i turismo do Maranh\u00e3o e minist\u00e9rio exclui estado do roteiro nacional das f\u00e9rias de julho - Daniel Matos","robots":{"index":"index","follow":"follow","max-snippet":"max-snippet:-1","max-image-preview":"max-image-preview:large","max-video-preview":"max-video-preview:-1"},"canonical":"https:\/\/www.blogsoestado.com\/danielmatos\/flavio-dino-destroi-turismo-do-maranhao-e-ministerio-exclui-estado-do-roteiro-nacional-das-ferias-de-julho\/","og_locale":"pt_BR","og_type":"article","og_title":"Fl\u00e1vio Dino destr\u00f3i turismo do Maranh\u00e3o e minist\u00e9rio exclui estado do roteiro nacional das f\u00e9rias de julho - Daniel Matos","og_description":"O Maranh\u00e3o foi exclu\u00eddo do roteiro tur\u00edstico nacional para as f\u00e9rias escolares de julho, uma das \u00e9pocas do ano com [&hellip;]","og_url":"https:\/\/www.blogsoestado.com\/danielmatos\/flavio-dino-destroi-turismo-do-maranhao-e-ministerio-exclui-estado-do-roteiro-nacional-das-ferias-de-julho\/","og_site_name":"Daniel Matos","article_published_time":"2018-05-11T16:00:24+00:00","og_image":[{"url":"https:\/\/www.blogsoestado.com\/danielmatos\/files\/2018\/05\/flavio-turismo.jpg","type":"","width":"","height":""}],"twitter_card":"summary_large_image","twitter_misc":{"Est. tempo de leitura":"3 minutos"},"schema":{"@context":"https:\/\/schema.org","@graph":[{"@type":"WebPage","@id":"https:\/\/www.blogsoestado.com\/danielmatos\/flavio-dino-destroi-turismo-do-maranhao-e-ministerio-exclui-estado-do-roteiro-nacional-das-ferias-de-julho\/","url":"https:\/\/www.blogsoestado.com\/danielmatos\/flavio-dino-destroi-turismo-do-maranhao-e-ministerio-exclui-estado-do-roteiro-nacional-das-ferias-de-julho\/","name":"Fl\u00e1vio Dino destr\u00f3i turismo do Maranh\u00e3o e minist\u00e9rio exclui estado do roteiro nacional das f\u00e9rias de julho - Daniel Matos","isPartOf":{"@id":"https:\/\/www.blogsoestado.com\/danielmatos\/#website"},"primaryImageOfPage":{"@id":"https:\/\/www.blogsoestado.com\/danielmatos\/flavio-dino-destroi-turismo-do-maranhao-e-ministerio-exclui-estado-do-roteiro-nacional-das-ferias-de-julho\/#primaryimage"},"image":{"@id":"https:\/\/www.blogsoestado.com\/danielmatos\/flavio-dino-destroi-turismo-do-maranhao-e-ministerio-exclui-estado-do-roteiro-nacional-das-ferias-de-julho\/#primaryimage"},"thumbnailUrl":"https:\/\/www.blogsoestado.com\/danielmatos\/files\/2018\/05\/flavio-turismo.jpg","datePublished":"2018-05-11T16:00:24+00:00","author":{"@id":""},"breadcrumb":{"@id":"https:\/\/www.blogsoestado.com\/danielmatos\/flavio-dino-destroi-turismo-do-maranhao-e-ministerio-exclui-estado-do-roteiro-nacional-das-ferias-de-julho\/#breadcrumb"},"inLanguage":"pt-BR","potentialAction":[{"@type":"ReadAction","target":["https:\/\/www.blogsoestado.com\/danielmatos\/flavio-dino-destroi-turismo-do-maranhao-e-ministerio-exclui-estado-do-roteiro-nacional-das-ferias-de-julho\/"]}]},{"@type":"ImageObject","inLanguage":"pt-BR","@id":"https:\/\/www.blogsoestado.com\/danielmatos\/flavio-dino-destroi-turismo-do-maranhao-e-ministerio-exclui-estado-do-roteiro-nacional-das-ferias-de-julho\/#primaryimage","url":"https:\/\/www.blogsoestado.com\/danielmatos\/files\/2018\/05\/flavio-turismo.jpg","contentUrl":"https:\/\/www.blogsoestado.com\/danielmatos\/files\/2018\/05\/flavio-turismo.jpg"},{"@type":"BreadcrumbList","@id":"https:\/\/www.blogsoestado.com\/danielmatos\/flavio-dino-destroi-turismo-do-maranhao-e-ministerio-exclui-estado-do-roteiro-nacional-das-ferias-de-julho\/#breadcrumb","itemListElement":[{"@type":"ListItem","position":1,"name":"In\u00edcio","item":"https:\/\/www.blogsoestado.com\/danielmatos\/"},{"@type":"ListItem","position":2,"name":"Fl\u00e1vio Dino destr\u00f3i turismo do Maranh\u00e3o e minist\u00e9rio exclui estado do roteiro nacional das f\u00e9rias de julho"}]},{"@type":"WebSite","@id":"https:\/\/www.blogsoestado.com\/danielmatos\/#website","url":"https:\/\/www.blogsoestado.com\/danielmatos\/","name":"Daniel Matos","description":"","potentialAction":[{"@type":"SearchAction","target":{"@type":"EntryPoint","urlTemplate":"https:\/\/www.blogsoestado.com\/danielmatos\/?s={search_term_string}"},"query-input":{"@type":"PropertyValueSpecification","valueRequired":true,"valueName":"search_term_string"}}],"inLanguage":"pt-BR"}]}},"jetpack_featured_media_url":"","_links":{"self":[{"href":"https:\/\/www.blogsoestado.com\/danielmatos\/wp-json\/wp\/v2\/posts\/51158","targetHints":{"allow":["GET"]}}],"collection":[{"href":"https:\/\/www.blogsoestado.com\/danielmatos\/wp-json\/wp\/v2\/posts"}],"about":[{"href":"https:\/\/www.blogsoestado.com\/danielmatos\/wp-json\/wp\/v2\/types\/post"}],"replies":[{"embeddable":true,"href":"https:\/\/www.blogsoestado.com\/danielmatos\/wp-json\/wp\/v2\/comments?post=51158"}],"version-history":[{"count":0,"href":"https:\/\/www.blogsoestado.com\/danielmatos\/wp-json\/wp\/v2\/posts\/51158\/revisions"}],"wp:attachment":[{"href":"https:\/\/www.blogsoestado.com\/danielmatos\/wp-json\/wp\/v2\/media?parent=51158"}],"wp:term":[{"taxonomy":"category","embeddable":true,"href":"https:\/\/www.blogsoestado.com\/danielmatos\/wp-json\/wp\/v2\/categories?post=51158"},{"taxonomy":"post_tag","embeddable":true,"href":"https:\/\/www.blogsoestado.com\/danielmatos\/wp-json\/wp\/v2\/tags?post=51158"}],"curies":[{"name":"wp","href":"https:\/\/api.w.org\/{rel}","templated":true}]}}