{"id":51163,"date":"2018-05-10T11:18:45","date_gmt":"2018-05-10T14:18:45","guid":{"rendered":"https:\/\/www.blogsoestado.com\/danielmatos\/?p=51163"},"modified":"2018-05-10T11:18:45","modified_gmt":"2018-05-10T14:18:45","slug":"samba-da-minha-terra-para-animar-sexta-feira-na-litoranea","status":"publish","type":"post","link":"https:\/\/www.blogsoestado.com\/danielmatos\/samba-da-minha-terra-para-animar-sexta-feira-na-litoranea\/","title":{"rendered":"Samba da Minha Terra para animar a sexta-feira, na Litor\u00e2nea"},"content":{"rendered":"<p><img fetchpriority=\"high\" decoding=\"async\" class=\"aligncenter size-full wp-image-51164\" src=\"https:\/\/www.blogsoestado.com\/danielmatos\/files\/2018\/05\/samba-joao.jpg\" alt=\"\" width=\"480\" height=\"480\" \/><\/p>\n<p>A festa Samba da Minha Terra reunir\u00e1, na noite dessa sexta-feira (11), no Trutas Bar (Avenida Litor\u00e2nea, Praia do Calhau), alguns dos principais grupos e artistas solo de samba e pagode de S\u00e3o Lu\u00eds. Com produ\u00e7\u00e3o do radialista e m\u00fasico\u00a0Jo\u00e3o Marcus, idealizador do projeto Samba de Classe, o evento promete ser uma das principais op\u00e7\u00f5es de divers\u00e3o da orla mar\u00edtima no fim de semana.<\/p>\n<p>As atra\u00e7\u00f5es do Samba da Minha terra ser\u00e3o os grupos Sindicato do Samba, Groova\u00ea e T\u00f4 Di Mais, Leleco Resenha, Ksulla Massa, Dinho Berg, Dad\u00e1 Maravilha, Andrezinho Valois e Allyson Ribeiro.<\/p>\n<p>A batucada e os acordes rolam a partir das 19h, com v\u00e1rias promo\u00e7\u00f5es de bebidas e petiscos para o p\u00fablico (tr\u00eas cervejas Itaipava por R$ 20 e caipirinha dobrada, toscana dobrada e por\u00e7\u00e3o de p\u00e3o de alho dobrada).<\/p>\n","protected":false},"excerpt":{"rendered":"<p>A festa Samba da Minha Terra reunir\u00e1, na noite dessa sexta-feira (11), no Trutas Bar (Avenida Litor\u00e2nea, Praia do Calhau), [&hellip;]<\/p>\n","protected":false},"author":0,"featured_media":0,"comment_status":"open","ping_status":"open","sticky":false,"template":"","format":"standard","meta":{"site-sidebar-layout":"default","site-content-layout":"","ast-site-content-layout":"default","site-content-style":"default","site-sidebar-style":"default","ast-global-header-display":"","ast-banner-title-visibility":"","ast-main-header-display":"","ast-hfb-above-header-display":"","ast-hfb-below-header-display":"","ast-hfb-mobile-header-display":"","site-post-title":"","ast-breadcrumbs-content":"","ast-featured-img":"","footer-sml-layout":"","ast-disable-related-posts":"","theme-transparent-header-meta":"","adv-header-id-meta":"","stick-header-meta":"","header-above-stick-meta":"","header-main-stick-meta":"","header-below-stick-meta":"","astra-migrate-meta-layouts":"default","ast-page-background-enabled":"default","ast-page-background-meta":{"desktop":{"background-color":"var(--ast-global-color-5)","background-image":"","background-repeat":"repeat","background-position":"center center","background-size":"auto","background-attachment":"scroll","background-type":"","background-media":"","overlay-type":"","overlay-color":"","overlay-opacity":"","overlay-gradient":""},"tablet":{"background-color":"","background-image":"","background-repeat":"repeat","background-position":"center center","background-size":"auto","background-attachment":"scroll","background-type":"","background-media":"","overlay-type":"","overlay-color":"","overlay-opacity":"","overlay-gradient":""},"mobile":{"background-color":"","background-image":"","background-repeat":"repeat","background-position":"center center","background-size":"auto","background-attachment":"scroll","background-type":"","background-media":"","overlay-type":"","overlay-color":"","overlay-opacity":"","overlay-gradient":""}},"ast-content-background-meta":{"desktop":{"background-color":"var(--ast-global-color-4)","background-image":"","background-repeat":"repeat","background-position":"center center","background-size":"auto","background-attachment":"scroll","background-type":"","background-media":"","overlay-type":"","overlay-color":"","overlay-opacity":"","overlay-gradient":""},"tablet":{"background-color":"var(--ast-global-color-4)","background-image":"","background-repeat":"repeat","background-position":"center center","background-size":"auto","background-attachment":"scroll","background-type":"","background-media":"","overlay-type":"","overlay-color":"","overlay-opacity":"","overlay-gradient":""},"mobile":{"background-color":"var(--ast-global-color-4)","background-image":"","background-repeat":"repeat","background-position":"center center","background-size":"auto","background-attachment":"scroll","background-type":"","background-media":"","overlay-type":"","overlay-color":"","overlay-opacity":"","overlay-gradient":""}},"footnotes":""},"categories":[1],"tags":[],"class_list":["post-51163","post","type-post","status-publish","format-standard","hentry","category-sem-categoria"],"yoast_head":"<!-- This site is optimized with the Yoast SEO plugin v26.6 - https:\/\/yoast.com\/wordpress\/plugins\/seo\/ -->\n<title>Samba da Minha Terra para animar a sexta-feira, na Litor\u00e2nea - Daniel Matos<\/title>\n<meta name=\"robots\" content=\"index, follow, max-snippet:-1, max-image-preview:large, max-video-preview:-1\" \/>\n<link rel=\"canonical\" href=\"https:\/\/www.blogsoestado.com\/danielmatos\/samba-da-minha-terra-para-animar-sexta-feira-na-litoranea\/\" \/>\n<meta property=\"og:locale\" content=\"pt_BR\" \/>\n<meta property=\"og:type\" content=\"article\" \/>\n<meta property=\"og:title\" content=\"Samba da Minha Terra para animar a sexta-feira, na Litor\u00e2nea - Daniel Matos\" \/>\n<meta property=\"og:description\" content=\"A festa Samba da Minha Terra reunir\u00e1, na noite dessa sexta-feira (11), no Trutas Bar (Avenida Litor\u00e2nea, Praia do Calhau), [&hellip;]\" \/>\n<meta property=\"og:url\" content=\"https:\/\/www.blogsoestado.com\/danielmatos\/samba-da-minha-terra-para-animar-sexta-feira-na-litoranea\/\" \/>\n<meta property=\"og:site_name\" content=\"Daniel Matos\" \/>\n<meta property=\"article:published_time\" content=\"2018-05-10T14:18:45+00:00\" \/>\n<meta property=\"og:image\" content=\"https:\/\/www.blogsoestado.com\/danielmatos\/files\/2018\/05\/samba-joao.jpg\" \/>\n<meta name=\"twitter:card\" content=\"summary_large_image\" \/>\n<meta name=\"twitter:label1\" content=\"Est. tempo de leitura\" \/>\n\t<meta name=\"twitter:data1\" content=\"1 minuto\" \/>\n<script type=\"application\/ld+json\" class=\"yoast-schema-graph\">{\"@context\":\"https:\/\/schema.org\",\"@graph\":[{\"@type\":\"WebPage\",\"@id\":\"https:\/\/www.blogsoestado.com\/danielmatos\/samba-da-minha-terra-para-animar-sexta-feira-na-litoranea\/\",\"url\":\"https:\/\/www.blogsoestado.com\/danielmatos\/samba-da-minha-terra-para-animar-sexta-feira-na-litoranea\/\",\"name\":\"Samba da Minha Terra para animar a sexta-feira, na Litor\u00e2nea - Daniel Matos\",\"isPartOf\":{\"@id\":\"https:\/\/www.blogsoestado.com\/danielmatos\/#website\"},\"primaryImageOfPage\":{\"@id\":\"https:\/\/www.blogsoestado.com\/danielmatos\/samba-da-minha-terra-para-animar-sexta-feira-na-litoranea\/#primaryimage\"},\"image\":{\"@id\":\"https:\/\/www.blogsoestado.com\/danielmatos\/samba-da-minha-terra-para-animar-sexta-feira-na-litoranea\/#primaryimage\"},\"thumbnailUrl\":\"https:\/\/www.blogsoestado.com\/danielmatos\/files\/2018\/05\/samba-joao.jpg\",\"datePublished\":\"2018-05-10T14:18:45+00:00\",\"author\":{\"@id\":\"\"},\"breadcrumb\":{\"@id\":\"https:\/\/www.blogsoestado.com\/danielmatos\/samba-da-minha-terra-para-animar-sexta-feira-na-litoranea\/#breadcrumb\"},\"inLanguage\":\"pt-BR\",\"potentialAction\":[{\"@type\":\"ReadAction\",\"target\":[\"https:\/\/www.blogsoestado.com\/danielmatos\/samba-da-minha-terra-para-animar-sexta-feira-na-litoranea\/\"]}]},{\"@type\":\"ImageObject\",\"inLanguage\":\"pt-BR\",\"@id\":\"https:\/\/www.blogsoestado.com\/danielmatos\/samba-da-minha-terra-para-animar-sexta-feira-na-litoranea\/#primaryimage\",\"url\":\"https:\/\/www.blogsoestado.com\/danielmatos\/files\/2018\/05\/samba-joao.jpg\",\"contentUrl\":\"https:\/\/www.blogsoestado.com\/danielmatos\/files\/2018\/05\/samba-joao.jpg\"},{\"@type\":\"BreadcrumbList\",\"@id\":\"https:\/\/www.blogsoestado.com\/danielmatos\/samba-da-minha-terra-para-animar-sexta-feira-na-litoranea\/#breadcrumb\",\"itemListElement\":[{\"@type\":\"ListItem\",\"position\":1,\"name\":\"In\u00edcio\",\"item\":\"https:\/\/www.blogsoestado.com\/danielmatos\/\"},{\"@type\":\"ListItem\",\"position\":2,\"name\":\"Samba da Minha Terra para animar a sexta-feira, na Litor\u00e2nea\"}]},{\"@type\":\"WebSite\",\"@id\":\"https:\/\/www.blogsoestado.com\/danielmatos\/#website\",\"url\":\"https:\/\/www.blogsoestado.com\/danielmatos\/\",\"name\":\"Daniel Matos\",\"description\":\"\",\"potentialAction\":[{\"@type\":\"SearchAction\",\"target\":{\"@type\":\"EntryPoint\",\"urlTemplate\":\"https:\/\/www.blogsoestado.com\/danielmatos\/?s={search_term_string}\"},\"query-input\":{\"@type\":\"PropertyValueSpecification\",\"valueRequired\":true,\"valueName\":\"search_term_string\"}}],\"inLanguage\":\"pt-BR\"}]}<\/script>\n<!-- \/ Yoast SEO plugin. -->","yoast_head_json":{"title":"Samba da Minha Terra para animar a sexta-feira, na Litor\u00e2nea - Daniel Matos","robots":{"index":"index","follow":"follow","max-snippet":"max-snippet:-1","max-image-preview":"max-image-preview:large","max-video-preview":"max-video-preview:-1"},"canonical":"https:\/\/www.blogsoestado.com\/danielmatos\/samba-da-minha-terra-para-animar-sexta-feira-na-litoranea\/","og_locale":"pt_BR","og_type":"article","og_title":"Samba da Minha Terra para animar a sexta-feira, na Litor\u00e2nea - Daniel Matos","og_description":"A festa Samba da Minha Terra reunir\u00e1, na noite dessa sexta-feira (11), no Trutas Bar (Avenida Litor\u00e2nea, Praia do Calhau), [&hellip;]","og_url":"https:\/\/www.blogsoestado.com\/danielmatos\/samba-da-minha-terra-para-animar-sexta-feira-na-litoranea\/","og_site_name":"Daniel Matos","article_published_time":"2018-05-10T14:18:45+00:00","og_image":[{"url":"https:\/\/www.blogsoestado.com\/danielmatos\/files\/2018\/05\/samba-joao.jpg","type":"","width":"","height":""}],"twitter_card":"summary_large_image","twitter_misc":{"Est. tempo de leitura":"1 minuto"},"schema":{"@context":"https:\/\/schema.org","@graph":[{"@type":"WebPage","@id":"https:\/\/www.blogsoestado.com\/danielmatos\/samba-da-minha-terra-para-animar-sexta-feira-na-litoranea\/","url":"https:\/\/www.blogsoestado.com\/danielmatos\/samba-da-minha-terra-para-animar-sexta-feira-na-litoranea\/","name":"Samba da Minha Terra para animar a sexta-feira, na Litor\u00e2nea - Daniel Matos","isPartOf":{"@id":"https:\/\/www.blogsoestado.com\/danielmatos\/#website"},"primaryImageOfPage":{"@id":"https:\/\/www.blogsoestado.com\/danielmatos\/samba-da-minha-terra-para-animar-sexta-feira-na-litoranea\/#primaryimage"},"image":{"@id":"https:\/\/www.blogsoestado.com\/danielmatos\/samba-da-minha-terra-para-animar-sexta-feira-na-litoranea\/#primaryimage"},"thumbnailUrl":"https:\/\/www.blogsoestado.com\/danielmatos\/files\/2018\/05\/samba-joao.jpg","datePublished":"2018-05-10T14:18:45+00:00","author":{"@id":""},"breadcrumb":{"@id":"https:\/\/www.blogsoestado.com\/danielmatos\/samba-da-minha-terra-para-animar-sexta-feira-na-litoranea\/#breadcrumb"},"inLanguage":"pt-BR","potentialAction":[{"@type":"ReadAction","target":["https:\/\/www.blogsoestado.com\/danielmatos\/samba-da-minha-terra-para-animar-sexta-feira-na-litoranea\/"]}]},{"@type":"ImageObject","inLanguage":"pt-BR","@id":"https:\/\/www.blogsoestado.com\/danielmatos\/samba-da-minha-terra-para-animar-sexta-feira-na-litoranea\/#primaryimage","url":"https:\/\/www.blogsoestado.com\/danielmatos\/files\/2018\/05\/samba-joao.jpg","contentUrl":"https:\/\/www.blogsoestado.com\/danielmatos\/files\/2018\/05\/samba-joao.jpg"},{"@type":"BreadcrumbList","@id":"https:\/\/www.blogsoestado.com\/danielmatos\/samba-da-minha-terra-para-animar-sexta-feira-na-litoranea\/#breadcrumb","itemListElement":[{"@type":"ListItem","position":1,"name":"In\u00edcio","item":"https:\/\/www.blogsoestado.com\/danielmatos\/"},{"@type":"ListItem","position":2,"name":"Samba da Minha Terra para animar a sexta-feira, na Litor\u00e2nea"}]},{"@type":"WebSite","@id":"https:\/\/www.blogsoestado.com\/danielmatos\/#website","url":"https:\/\/www.blogsoestado.com\/danielmatos\/","name":"Daniel Matos","description":"","potentialAction":[{"@type":"SearchAction","target":{"@type":"EntryPoint","urlTemplate":"https:\/\/www.blogsoestado.com\/danielmatos\/?s={search_term_string}"},"query-input":{"@type":"PropertyValueSpecification","valueRequired":true,"valueName":"search_term_string"}}],"inLanguage":"pt-BR"}]}},"jetpack_featured_media_url":"","_links":{"self":[{"href":"https:\/\/www.blogsoestado.com\/danielmatos\/wp-json\/wp\/v2\/posts\/51163","targetHints":{"allow":["GET"]}}],"collection":[{"href":"https:\/\/www.blogsoestado.com\/danielmatos\/wp-json\/wp\/v2\/posts"}],"about":[{"href":"https:\/\/www.blogsoestado.com\/danielmatos\/wp-json\/wp\/v2\/types\/post"}],"replies":[{"embeddable":true,"href":"https:\/\/www.blogsoestado.com\/danielmatos\/wp-json\/wp\/v2\/comments?post=51163"}],"version-history":[{"count":0,"href":"https:\/\/www.blogsoestado.com\/danielmatos\/wp-json\/wp\/v2\/posts\/51163\/revisions"}],"wp:attachment":[{"href":"https:\/\/www.blogsoestado.com\/danielmatos\/wp-json\/wp\/v2\/media?parent=51163"}],"wp:term":[{"taxonomy":"category","embeddable":true,"href":"https:\/\/www.blogsoestado.com\/danielmatos\/wp-json\/wp\/v2\/categories?post=51163"},{"taxonomy":"post_tag","embeddable":true,"href":"https:\/\/www.blogsoestado.com\/danielmatos\/wp-json\/wp\/v2\/tags?post=51163"}],"curies":[{"name":"wp","href":"https:\/\/api.w.org\/{rel}","templated":true}]}}