{"id":51175,"date":"2018-05-10T16:31:44","date_gmt":"2018-05-10T19:31:44","guid":{"rendered":"https:\/\/www.blogsoestado.com\/danielmatos\/?p=51175"},"modified":"2018-05-10T16:31:44","modified_gmt":"2018-05-10T19:31:44","slug":"apos-pressao-popular-e-da-imprensa-ensaios-de-bumba-meu-boi-sao-liberados-ate-o-amanhecer","status":"publish","type":"post","link":"https:\/\/www.blogsoestado.com\/danielmatos\/apos-pressao-popular-e-da-imprensa-ensaios-de-bumba-meu-boi-sao-liberados-ate-o-amanhecer\/","title":{"rendered":"Ap\u00f3s press\u00e3o popular e da imprensa, ensaios de bumba meu boi s\u00e3o liberados at\u00e9 o amanhecer"},"content":{"rendered":"<figure id=\"attachment_51179\" aria-describedby=\"caption-attachment-51179\" style=\"width: 448px\" class=\"wp-caption alignleft\"><img fetchpriority=\"high\" decoding=\"async\" class=\"size-full wp-image-51179\" src=\"https:\/\/www.blogsoestado.com\/danielmatos\/files\/2018\/05\/ensaio-maracana.jpg\" alt=\"\" width=\"448\" height=\"336\" \/><figcaption id=\"caption-attachment-51179\" class=\"wp-caption-text\">Ensaio do Boi de Maracan\u00e3 se estender\u00e1 at\u00e9 o amanhecer, mantendo a tradi\u00e7\u00e3o<\/figcaption><\/figure>\n<p>Diante da repercuss\u00e3o negativa causada pelas a\u00e7\u00f5es de repress\u00e3o aos ensaios de bumba meu boi, a Secretaria de Seguran\u00e7a P\u00fablica cedeu aos apelos de dirigentes e brincantes da maior manifesta\u00e7\u00e3o cultural do Maranh\u00e3o e autorizou as pr\u00e9vias dos grupos de matraca at\u00e9 o amanhecer. A concess\u00e3o foi anunciada pelo secret\u00e1rio de Seguran\u00e7a P\u00fablica, Jefferson Portela, que condicionou a permiss\u00e3o ao comunicado pr\u00e9vio das programa\u00e7\u00f5es de cada batalh\u00e3o.<\/p>\n<p>O estopim para a revolta dos boieiros foi a abordagem policial truculenta ao Boi da Maioba, durante <a href=\"https:\/\/www.blogsoestado.com\/danielmatos\/2018\/04\/09\/pm-e-acionada-para-encerrar-ensaio-do-boi-da-maioba-no-joao-paulo-mas-diretoria-e-brincantes-resistem\/\">ensaio do grupo folcl\u00f3rico no bairro Jo\u00e3o Paulo, no dia 7 de abril<\/a>. Na ocasi\u00e3o, uma guarni\u00e7\u00e3o da PM deu ordem \u00e0 dire\u00e7\u00e3o do batalh\u00e3o para que parasse a festa, com base na Lei Municipal n\u00ba 200, de 24 de abril de 2009, de autoria do vereador Ivaldo Rodrigues (PDT), apontado como vil\u00e3o em meio \u00e0 pol\u00eamica. A determina\u00e7\u00e3o para o t\u00e9rmino do ensaio antes do raiar do sol causou insatisfa\u00e7\u00e3o geral entre os brincantes, houve resist\u00eancia e muitos boieiros permaneceram no local, se divertindo, ao som das matracas e pandeir\u00f5es, mesmo com o sistema de som desligado.<\/p>\n<p>No dia 14 de abril, tamb\u00e9m no Jo\u00e3o Paulo, o alvo da trucul\u00eancia foi o Boi de S\u00e3o Jos\u00e9 de Ribamar, que tamb\u00e9m recebeu ordem para que interrompesse o ensaio, ordem prontamente atendida. Logo, representantes do segmento cultural passaram a manifestar publicamente toda a revolta e indigna\u00e7\u00e3o com o que chamaram de persegui\u00e7\u00e3o e discrimina\u00e7\u00e3o. A repercuss\u00e3o na imprensa foi imediata, com abordagens em emissoras de r\u00e1dio, <a href=\"https:\/\/www.blogsoestado.com\/danielmatos\/2018\/04\/26\/perseguicao-ao-bumba-boi\/\">jornal<\/a> e blogs, todas em defesa do bumba boi.<\/p>\n<p>Diante da press\u00e3o popular e dos meios de comunica\u00e7\u00e3o, que denunciaram o abuso e apelaram para o bom senso das autoridades, o secret\u00e1rio Jefferson Portela prop\u00f4s a solu\u00e7\u00e3o do impasse, determinando \u00e0 PM que n\u00e3o mais parasse os ensaios. Coube ao locutor, apresentador de TV e produtor cultural Osvaldo Sousa, atualmente ligado ao Boi de S\u00e3o Jos\u00e9 de Ribamar, fazer a intermedia\u00e7\u00e3o, em nome dos batalh\u00f5es de matraca, junto \u00e0 c\u00fapula da seguran\u00e7a p\u00fablica.<\/p>\n<p>Ficou acertado que os bois est\u00e3o podem realizar seus ensaios at\u00e9 as 6h, mediante comunica\u00e7\u00e3o pr\u00e9via. Caso alguma guarni\u00e7\u00e3o desavisada tente interromper alguns evento, foram disponibilizados os n\u00fameros de telefone do coronel Pedro Ribeiro, comandante do Policiamento Metropolitano da \u00c1rea I <strong>(99144-1877)<\/strong>, e do pr\u00f3prio produtor cultural Osvaldo Sousa <strong>(99617-1261)<\/strong>, que obteve o aval do chefe da SSP para dialogar com os militares em caso de abordagens na temporada de pr\u00e9vias.<\/p>\n<p><strong>No pr\u00f3ximo s\u00e1bado (12), os seguintes bois de matraca realizar\u00e3o ensaios:<\/strong><\/p>\n<p><img decoding=\"async\" class=\"aligncenter wp-image-51187\" src=\"https:\/\/www.blogsoestado.com\/danielmatos\/files\/2018\/05\/ensaios-boi3.jpg\" alt=\"\" width=\"650\" height=\"184\" \/><\/p>\n","protected":false},"excerpt":{"rendered":"<p>Diante da repercuss\u00e3o negativa causada pelas a\u00e7\u00f5es de repress\u00e3o aos ensaios de bumba meu boi, a Secretaria de Seguran\u00e7a P\u00fablica [&hellip;]<\/p>\n","protected":false},"author":0,"featured_media":0,"comment_status":"open","ping_status":"open","sticky":false,"template":"","format":"standard","meta":{"site-sidebar-layout":"default","site-content-layout":"","ast-site-content-layout":"default","site-content-style":"default","site-sidebar-style":"default","ast-global-header-display":"","ast-banner-title-visibility":"","ast-main-header-display":"","ast-hfb-above-header-display":"","ast-hfb-below-header-display":"","ast-hfb-mobile-header-display":"","site-post-title":"","ast-breadcrumbs-content":"","ast-featured-img":"","footer-sml-layout":"","ast-disable-related-posts":"","theme-transparent-header-meta":"","adv-header-id-meta":"","stick-header-meta":"","header-above-stick-meta":"","header-main-stick-meta":"","header-below-stick-meta":"","astra-migrate-meta-layouts":"default","ast-page-background-enabled":"default","ast-page-background-meta":{"desktop":{"background-color":"var(--ast-global-color-5)","background-image":"","background-repeat":"repeat","background-position":"center center","background-size":"auto","background-attachment":"scroll","background-type":"","background-media":"","overlay-type":"","overlay-color":"","overlay-opacity":"","overlay-gradient":""},"tablet":{"background-color":"","background-image":"","background-repeat":"repeat","background-position":"center center","background-size":"auto","background-attachment":"scroll","background-type":"","background-media":"","overlay-type":"","overlay-color":"","overlay-opacity":"","overlay-gradient":""},"mobile":{"background-color":"","background-image":"","background-repeat":"repeat","background-position":"center center","background-size":"auto","background-attachment":"scroll","background-type":"","background-media":"","overlay-type":"","overlay-color":"","overlay-opacity":"","overlay-gradient":""}},"ast-content-background-meta":{"desktop":{"background-color":"var(--ast-global-color-4)","background-image":"","background-repeat":"repeat","background-position":"center center","background-size":"auto","background-attachment":"scroll","background-type":"","background-media":"","overlay-type":"","overlay-color":"","overlay-opacity":"","overlay-gradient":""},"tablet":{"background-color":"var(--ast-global-color-4)","background-image":"","background-repeat":"repeat","background-position":"center center","background-size":"auto","background-attachment":"scroll","background-type":"","background-media":"","overlay-type":"","overlay-color":"","overlay-opacity":"","overlay-gradient":""},"mobile":{"background-color":"var(--ast-global-color-4)","background-image":"","background-repeat":"repeat","background-position":"center center","background-size":"auto","background-attachment":"scroll","background-type":"","background-media":"","overlay-type":"","overlay-color":"","overlay-opacity":"","overlay-gradient":""}},"footnotes":""},"categories":[1],"tags":[],"class_list":["post-51175","post","type-post","status-publish","format-standard","hentry","category-sem-categoria"],"yoast_head":"<!-- This site is optimized with the Yoast SEO plugin v26.6 - https:\/\/yoast.com\/wordpress\/plugins\/seo\/ -->\n<title>Ap\u00f3s press\u00e3o popular e da imprensa, ensaios de bumba meu boi s\u00e3o liberados at\u00e9 o amanhecer - Daniel Matos<\/title>\n<meta name=\"robots\" content=\"index, follow, max-snippet:-1, max-image-preview:large, max-video-preview:-1\" \/>\n<link rel=\"canonical\" href=\"https:\/\/www.blogsoestado.com\/danielmatos\/apos-pressao-popular-e-da-imprensa-ensaios-de-bumba-meu-boi-sao-liberados-ate-o-amanhecer\/\" \/>\n<meta property=\"og:locale\" content=\"pt_BR\" \/>\n<meta property=\"og:type\" content=\"article\" \/>\n<meta property=\"og:title\" content=\"Ap\u00f3s press\u00e3o popular e da imprensa, ensaios de bumba meu boi s\u00e3o liberados at\u00e9 o amanhecer - Daniel Matos\" \/>\n<meta property=\"og:description\" content=\"Diante da repercuss\u00e3o negativa causada pelas a\u00e7\u00f5es de repress\u00e3o aos ensaios de bumba meu boi, a Secretaria de Seguran\u00e7a P\u00fablica [&hellip;]\" \/>\n<meta property=\"og:url\" content=\"https:\/\/www.blogsoestado.com\/danielmatos\/apos-pressao-popular-e-da-imprensa-ensaios-de-bumba-meu-boi-sao-liberados-ate-o-amanhecer\/\" \/>\n<meta property=\"og:site_name\" content=\"Daniel Matos\" \/>\n<meta property=\"article:published_time\" content=\"2018-05-10T19:31:44+00:00\" \/>\n<meta property=\"og:image\" content=\"https:\/\/www.blogsoestado.com\/danielmatos\/files\/2018\/05\/ensaio-maracana.jpg\" \/>\n<meta name=\"twitter:card\" content=\"summary_large_image\" \/>\n<meta name=\"twitter:label1\" content=\"Est. tempo de leitura\" \/>\n\t<meta name=\"twitter:data1\" content=\"2 minutos\" \/>\n<script type=\"application\/ld+json\" class=\"yoast-schema-graph\">{\"@context\":\"https:\/\/schema.org\",\"@graph\":[{\"@type\":\"WebPage\",\"@id\":\"https:\/\/www.blogsoestado.com\/danielmatos\/apos-pressao-popular-e-da-imprensa-ensaios-de-bumba-meu-boi-sao-liberados-ate-o-amanhecer\/\",\"url\":\"https:\/\/www.blogsoestado.com\/danielmatos\/apos-pressao-popular-e-da-imprensa-ensaios-de-bumba-meu-boi-sao-liberados-ate-o-amanhecer\/\",\"name\":\"Ap\u00f3s press\u00e3o popular e da imprensa, ensaios de bumba meu boi s\u00e3o liberados at\u00e9 o amanhecer - Daniel Matos\",\"isPartOf\":{\"@id\":\"https:\/\/www.blogsoestado.com\/danielmatos\/#website\"},\"primaryImageOfPage\":{\"@id\":\"https:\/\/www.blogsoestado.com\/danielmatos\/apos-pressao-popular-e-da-imprensa-ensaios-de-bumba-meu-boi-sao-liberados-ate-o-amanhecer\/#primaryimage\"},\"image\":{\"@id\":\"https:\/\/www.blogsoestado.com\/danielmatos\/apos-pressao-popular-e-da-imprensa-ensaios-de-bumba-meu-boi-sao-liberados-ate-o-amanhecer\/#primaryimage\"},\"thumbnailUrl\":\"https:\/\/www.blogsoestado.com\/danielmatos\/files\/2018\/05\/ensaio-maracana.jpg\",\"datePublished\":\"2018-05-10T19:31:44+00:00\",\"author\":{\"@id\":\"\"},\"breadcrumb\":{\"@id\":\"https:\/\/www.blogsoestado.com\/danielmatos\/apos-pressao-popular-e-da-imprensa-ensaios-de-bumba-meu-boi-sao-liberados-ate-o-amanhecer\/#breadcrumb\"},\"inLanguage\":\"pt-BR\",\"potentialAction\":[{\"@type\":\"ReadAction\",\"target\":[\"https:\/\/www.blogsoestado.com\/danielmatos\/apos-pressao-popular-e-da-imprensa-ensaios-de-bumba-meu-boi-sao-liberados-ate-o-amanhecer\/\"]}]},{\"@type\":\"ImageObject\",\"inLanguage\":\"pt-BR\",\"@id\":\"https:\/\/www.blogsoestado.com\/danielmatos\/apos-pressao-popular-e-da-imprensa-ensaios-de-bumba-meu-boi-sao-liberados-ate-o-amanhecer\/#primaryimage\",\"url\":\"https:\/\/www.blogsoestado.com\/danielmatos\/files\/2018\/05\/ensaio-maracana.jpg\",\"contentUrl\":\"https:\/\/www.blogsoestado.com\/danielmatos\/files\/2018\/05\/ensaio-maracana.jpg\"},{\"@type\":\"BreadcrumbList\",\"@id\":\"https:\/\/www.blogsoestado.com\/danielmatos\/apos-pressao-popular-e-da-imprensa-ensaios-de-bumba-meu-boi-sao-liberados-ate-o-amanhecer\/#breadcrumb\",\"itemListElement\":[{\"@type\":\"ListItem\",\"position\":1,\"name\":\"In\u00edcio\",\"item\":\"https:\/\/www.blogsoestado.com\/danielmatos\/\"},{\"@type\":\"ListItem\",\"position\":2,\"name\":\"Ap\u00f3s press\u00e3o popular e da imprensa, ensaios de bumba meu boi s\u00e3o liberados at\u00e9 o amanhecer\"}]},{\"@type\":\"WebSite\",\"@id\":\"https:\/\/www.blogsoestado.com\/danielmatos\/#website\",\"url\":\"https:\/\/www.blogsoestado.com\/danielmatos\/\",\"name\":\"Daniel Matos\",\"description\":\"\",\"potentialAction\":[{\"@type\":\"SearchAction\",\"target\":{\"@type\":\"EntryPoint\",\"urlTemplate\":\"https:\/\/www.blogsoestado.com\/danielmatos\/?s={search_term_string}\"},\"query-input\":{\"@type\":\"PropertyValueSpecification\",\"valueRequired\":true,\"valueName\":\"search_term_string\"}}],\"inLanguage\":\"pt-BR\"}]}<\/script>\n<!-- \/ Yoast SEO plugin. -->","yoast_head_json":{"title":"Ap\u00f3s press\u00e3o popular e da imprensa, ensaios de bumba meu boi s\u00e3o liberados at\u00e9 o amanhecer - Daniel Matos","robots":{"index":"index","follow":"follow","max-snippet":"max-snippet:-1","max-image-preview":"max-image-preview:large","max-video-preview":"max-video-preview:-1"},"canonical":"https:\/\/www.blogsoestado.com\/danielmatos\/apos-pressao-popular-e-da-imprensa-ensaios-de-bumba-meu-boi-sao-liberados-ate-o-amanhecer\/","og_locale":"pt_BR","og_type":"article","og_title":"Ap\u00f3s press\u00e3o popular e da imprensa, ensaios de bumba meu boi s\u00e3o liberados at\u00e9 o amanhecer - Daniel Matos","og_description":"Diante da repercuss\u00e3o negativa causada pelas a\u00e7\u00f5es de repress\u00e3o aos ensaios de bumba meu boi, a Secretaria de Seguran\u00e7a P\u00fablica [&hellip;]","og_url":"https:\/\/www.blogsoestado.com\/danielmatos\/apos-pressao-popular-e-da-imprensa-ensaios-de-bumba-meu-boi-sao-liberados-ate-o-amanhecer\/","og_site_name":"Daniel Matos","article_published_time":"2018-05-10T19:31:44+00:00","og_image":[{"url":"https:\/\/www.blogsoestado.com\/danielmatos\/files\/2018\/05\/ensaio-maracana.jpg","type":"","width":"","height":""}],"twitter_card":"summary_large_image","twitter_misc":{"Est. tempo de leitura":"2 minutos"},"schema":{"@context":"https:\/\/schema.org","@graph":[{"@type":"WebPage","@id":"https:\/\/www.blogsoestado.com\/danielmatos\/apos-pressao-popular-e-da-imprensa-ensaios-de-bumba-meu-boi-sao-liberados-ate-o-amanhecer\/","url":"https:\/\/www.blogsoestado.com\/danielmatos\/apos-pressao-popular-e-da-imprensa-ensaios-de-bumba-meu-boi-sao-liberados-ate-o-amanhecer\/","name":"Ap\u00f3s press\u00e3o popular e da imprensa, ensaios de bumba meu boi s\u00e3o liberados at\u00e9 o amanhecer - Daniel Matos","isPartOf":{"@id":"https:\/\/www.blogsoestado.com\/danielmatos\/#website"},"primaryImageOfPage":{"@id":"https:\/\/www.blogsoestado.com\/danielmatos\/apos-pressao-popular-e-da-imprensa-ensaios-de-bumba-meu-boi-sao-liberados-ate-o-amanhecer\/#primaryimage"},"image":{"@id":"https:\/\/www.blogsoestado.com\/danielmatos\/apos-pressao-popular-e-da-imprensa-ensaios-de-bumba-meu-boi-sao-liberados-ate-o-amanhecer\/#primaryimage"},"thumbnailUrl":"https:\/\/www.blogsoestado.com\/danielmatos\/files\/2018\/05\/ensaio-maracana.jpg","datePublished":"2018-05-10T19:31:44+00:00","author":{"@id":""},"breadcrumb":{"@id":"https:\/\/www.blogsoestado.com\/danielmatos\/apos-pressao-popular-e-da-imprensa-ensaios-de-bumba-meu-boi-sao-liberados-ate-o-amanhecer\/#breadcrumb"},"inLanguage":"pt-BR","potentialAction":[{"@type":"ReadAction","target":["https:\/\/www.blogsoestado.com\/danielmatos\/apos-pressao-popular-e-da-imprensa-ensaios-de-bumba-meu-boi-sao-liberados-ate-o-amanhecer\/"]}]},{"@type":"ImageObject","inLanguage":"pt-BR","@id":"https:\/\/www.blogsoestado.com\/danielmatos\/apos-pressao-popular-e-da-imprensa-ensaios-de-bumba-meu-boi-sao-liberados-ate-o-amanhecer\/#primaryimage","url":"https:\/\/www.blogsoestado.com\/danielmatos\/files\/2018\/05\/ensaio-maracana.jpg","contentUrl":"https:\/\/www.blogsoestado.com\/danielmatos\/files\/2018\/05\/ensaio-maracana.jpg"},{"@type":"BreadcrumbList","@id":"https:\/\/www.blogsoestado.com\/danielmatos\/apos-pressao-popular-e-da-imprensa-ensaios-de-bumba-meu-boi-sao-liberados-ate-o-amanhecer\/#breadcrumb","itemListElement":[{"@type":"ListItem","position":1,"name":"In\u00edcio","item":"https:\/\/www.blogsoestado.com\/danielmatos\/"},{"@type":"ListItem","position":2,"name":"Ap\u00f3s press\u00e3o popular e da imprensa, ensaios de bumba meu boi s\u00e3o liberados at\u00e9 o amanhecer"}]},{"@type":"WebSite","@id":"https:\/\/www.blogsoestado.com\/danielmatos\/#website","url":"https:\/\/www.blogsoestado.com\/danielmatos\/","name":"Daniel Matos","description":"","potentialAction":[{"@type":"SearchAction","target":{"@type":"EntryPoint","urlTemplate":"https:\/\/www.blogsoestado.com\/danielmatos\/?s={search_term_string}"},"query-input":{"@type":"PropertyValueSpecification","valueRequired":true,"valueName":"search_term_string"}}],"inLanguage":"pt-BR"}]}},"jetpack_featured_media_url":"","_links":{"self":[{"href":"https:\/\/www.blogsoestado.com\/danielmatos\/wp-json\/wp\/v2\/posts\/51175","targetHints":{"allow":["GET"]}}],"collection":[{"href":"https:\/\/www.blogsoestado.com\/danielmatos\/wp-json\/wp\/v2\/posts"}],"about":[{"href":"https:\/\/www.blogsoestado.com\/danielmatos\/wp-json\/wp\/v2\/types\/post"}],"replies":[{"embeddable":true,"href":"https:\/\/www.blogsoestado.com\/danielmatos\/wp-json\/wp\/v2\/comments?post=51175"}],"version-history":[{"count":0,"href":"https:\/\/www.blogsoestado.com\/danielmatos\/wp-json\/wp\/v2\/posts\/51175\/revisions"}],"wp:attachment":[{"href":"https:\/\/www.blogsoestado.com\/danielmatos\/wp-json\/wp\/v2\/media?parent=51175"}],"wp:term":[{"taxonomy":"category","embeddable":true,"href":"https:\/\/www.blogsoestado.com\/danielmatos\/wp-json\/wp\/v2\/categories?post=51175"},{"taxonomy":"post_tag","embeddable":true,"href":"https:\/\/www.blogsoestado.com\/danielmatos\/wp-json\/wp\/v2\/tags?post=51175"}],"curies":[{"name":"wp","href":"https:\/\/api.w.org\/{rel}","templated":true}]}}