{"id":51182,"date":"2018-05-10T17:32:03","date_gmt":"2018-05-10T20:32:03","guid":{"rendered":"https:\/\/www.blogsoestado.com\/danielmatos\/?p=51182"},"modified":"2018-05-10T17:32:03","modified_gmt":"2018-05-10T20:32:03","slug":"luta-e-pressao-do-deputado-wellington-conseguem-impedir-apreensao-de-veiculos-com-ipva-atrasado","status":"publish","type":"post","link":"https:\/\/www.blogsoestado.com\/danielmatos\/luta-e-pressao-do-deputado-wellington-conseguem-impedir-apreensao-de-veiculos-com-ipva-atrasado\/","title":{"rendered":"Luta e press\u00e3o do deputado Wellington conseguem impedir apreens\u00e3o de ve\u00edculos com IPVA atrasado"},"content":{"rendered":"<figure id=\"attachment_51183\" aria-describedby=\"caption-attachment-51183\" style=\"width: 448px\" class=\"wp-caption alignright\"><img fetchpriority=\"high\" decoding=\"async\" class=\"size-full wp-image-51183\" src=\"https:\/\/www.blogsoestado.com\/danielmatos\/files\/2018\/05\/w-incansavel.jpg\" alt=\"\" width=\"448\" height=\"298\" \/><figcaption id=\"caption-attachment-51183\" class=\"wp-caption-text\">Wellington travou luta incans\u00e1vel contra apreens\u00f5es abusivas de ve\u00edculos e saiu vitorioso<\/figcaption><\/figure>\n<p>H\u00e1 quase um ano na luta, defendendo os trabalhadores maranhenses, o deputado estadual Wellington do Curso conseguiu, por meio de muita press\u00e3o, fazer com que o governador Fl\u00e1vio Dino reconhecesse que a apreens\u00e3o de ve\u00edculos pelo n\u00e3o pagamento do IPVA \u00e9 inconstitucional e deve acabar. Isso ir\u00e1 acontecer no Maranh\u00e3o, ainda que temporariamente por meio de decreto editado pelo Governo do Estado. Agora, no Maranh\u00e3o, aqueles que deverem IPVA ser\u00e3o, inicialmente, advertidos.<\/p>\n<p>O deputado Wellington, que tem sido incans\u00e1vel em defesa da popula\u00e7\u00e3o, \u00e9 o autor do Projeto de Lei 99\/2017, que pro\u00edbe a apreens\u00e3o de ve\u00edculos pelo n\u00e3o pagamento do IPVA. Com esse objetivo, o deputado Wellington tamb\u00e9m j\u00e1 havia formalizado representa\u00e7\u00e3o na Defensoria P\u00fablica, OAB e Minist\u00e9rio P\u00fablico para impedir que o Governo continuasse apreendendo os bens. A popula\u00e7\u00e3o do Maranh\u00e3o reconhece o trabalho de Wellington do Curso e a sua luta para acabar com a apresenta\u00e7\u00e3o de ve\u00edculo com IPVA atrasado, evitando que Fl\u00e1vio Dino recolha o bem do cidad\u00e3o de forma arbitr\u00e1ria e sem o devido processo legal, algo que inclusive contraria entendimento do Supremo Tribunal Federal (STF).<\/p>\n<figure id=\"attachment_49837\" aria-describedby=\"caption-attachment-49837\" style=\"width: 628px\" class=\"wp-caption aligncenter\"><img decoding=\"async\" class=\"size-full wp-image-49837\" src=\"https:\/\/www.blogsoestado.com\/danielmatos\/files\/2018\/03\/w-exalta2.jpg\" alt=\"\" width=\"628\" height=\"480\" \/><figcaption id=\"caption-attachment-49837\" class=\"wp-caption-text\">Ve\u00edculos apreendidos em blitz de tr\u00e2nsito amontoados em p\u00e1tio alugado por Fl\u00e1vio Dino, na BR-135<\/figcaption><\/figure>\n<p>\u201cDesde 2017, temos o projeto de lei N\u00ba 099\/17 que busca proibir a apreens\u00e3o de ve\u00edculos pelo n\u00e3o pagamento do IPVA. Somos solid\u00e1rios aos mais de 50 mil maranhenses que j\u00e1 tiveram suas motos e carros apreendidos e, desse total, mais de 12 mil ve\u00edculos j\u00e1 foram leiloados pelo governador Fl\u00e1vio Dino. Apresentamos o projeto de lei, travamos uma batalha em defesa do trabalhador maranhense, fizemos, inclusive, representa\u00e7\u00f5es na Defensoria P\u00fablica, OAB e Minist\u00e9rio P\u00fablico e nos posicionamos em defesa da Constitui\u00e7\u00e3o Federal que pro\u00edbe o Estado de utilizar o tributo para confiscar o bem do cidad\u00e3o. Agora, j\u00e1 \u00e9 proibida a apreens\u00e3o de ve\u00edculos. Nada mais do que a obriga\u00e7\u00e3o do Governador. \u00c9 vergonhoso que, apenas agora, Fl\u00e1vio Dino tenha enxergado a inconstitucionalidade e a maldade que estava cometendo com os maranhenses. Continuarei firme defendendo os maranhenses que tiveram seus bens apreendidos. Contem comigo! Fl\u00e1vio Dino n\u00e3o ir\u00e1 continuar avan\u00e7ando nos bens do trabalhador.\u201d, afirmou o deputado Wellington.<\/p>\n<figure id=\"attachment_49838\" aria-describedby=\"caption-attachment-49838\" style=\"width: 300px\" class=\"wp-caption alignright\"><img decoding=\"async\" class=\"size-medium wp-image-49838\" src=\"https:\/\/www.blogsoestado.com\/danielmatos\/files\/2018\/03\/w-exalta3-300x200.jpg\" alt=\"\" width=\"300\" height=\"200\" \/><figcaption id=\"caption-attachment-49838\" class=\"wp-caption-text\">Blitz de tr\u00e2nsito continuam apreendendo ve\u00edculos que apresentem d\u00e9bitos de IPVA<\/figcaption><\/figure>\n<p>Wellington afirmou ainda que continuar\u00e1 firme e vigilante para que Fl\u00e1vio Dino sequer pense em voltar a apreender os ve\u00edculos dos maranhenses, esteja ele trabalhando ou desempregado.<\/p>\n<p>\u201cO Governo n\u00e3o vai usar esse decreto de forma tempor\u00e1ria e eleitoreira. A apreens\u00e3o vai ter que acabar de uma vez por todas. Continuarei vigilante e atento \u00e0s den\u00fancias da popula\u00e7\u00e3o para que sequer haja a possibilidade de retornarem com essa pr\u00e1tica cruel que \u00e9 a apreens\u00e3o de ve\u00edculos. Chega! Chega de maldade! O insens\u00edvel e perseguidor governador Fl\u00e1vio Dino j\u00e1 lucrou demais, arrecadando em cima dos bens leiloados dos trabalhadores maranhenses\u201d, disse Wellington.<\/p>\n","protected":false},"excerpt":{"rendered":"<p>H\u00e1 quase um ano na luta, defendendo os trabalhadores maranhenses, o deputado estadual Wellington do Curso conseguiu, por meio de [&hellip;]<\/p>\n","protected":false},"author":0,"featured_media":0,"comment_status":"open","ping_status":"open","sticky":false,"template":"","format":"standard","meta":{"site-sidebar-layout":"default","site-content-layout":"","ast-site-content-layout":"default","site-content-style":"default","site-sidebar-style":"default","ast-global-header-display":"","ast-banner-title-visibility":"","ast-main-header-display":"","ast-hfb-above-header-display":"","ast-hfb-below-header-display":"","ast-hfb-mobile-header-display":"","site-post-title":"","ast-breadcrumbs-content":"","ast-featured-img":"","footer-sml-layout":"","ast-disable-related-posts":"","theme-transparent-header-meta":"","adv-header-id-meta":"","stick-header-meta":"","header-above-stick-meta":"","header-main-stick-meta":"","header-below-stick-meta":"","astra-migrate-meta-layouts":"default","ast-page-background-enabled":"default","ast-page-background-meta":{"desktop":{"background-color":"var(--ast-global-color-5)","background-image":"","background-repeat":"repeat","background-position":"center center","background-size":"auto","background-attachment":"scroll","background-type":"","background-media":"","overlay-type":"","overlay-color":"","overlay-opacity":"","overlay-gradient":""},"tablet":{"background-color":"","background-image":"","background-repeat":"repeat","background-position":"center center","background-size":"auto","background-attachment":"scroll","background-type":"","background-media":"","overlay-type":"","overlay-color":"","overlay-opacity":"","overlay-gradient":""},"mobile":{"background-color":"","background-image":"","background-repeat":"repeat","background-position":"center center","background-size":"auto","background-attachment":"scroll","background-type":"","background-media":"","overlay-type":"","overlay-color":"","overlay-opacity":"","overlay-gradient":""}},"ast-content-background-meta":{"desktop":{"background-color":"var(--ast-global-color-4)","background-image":"","background-repeat":"repeat","background-position":"center center","background-size":"auto","background-attachment":"scroll","background-type":"","background-media":"","overlay-type":"","overlay-color":"","overlay-opacity":"","overlay-gradient":""},"tablet":{"background-color":"var(--ast-global-color-4)","background-image":"","background-repeat":"repeat","background-position":"center center","background-size":"auto","background-attachment":"scroll","background-type":"","background-media":"","overlay-type":"","overlay-color":"","overlay-opacity":"","overlay-gradient":""},"mobile":{"background-color":"var(--ast-global-color-4)","background-image":"","background-repeat":"repeat","background-position":"center center","background-size":"auto","background-attachment":"scroll","background-type":"","background-media":"","overlay-type":"","overlay-color":"","overlay-opacity":"","overlay-gradient":""}},"footnotes":""},"categories":[1],"tags":[],"class_list":["post-51182","post","type-post","status-publish","format-standard","hentry","category-sem-categoria"],"yoast_head":"<!-- This site is optimized with the Yoast SEO plugin v26.6 - https:\/\/yoast.com\/wordpress\/plugins\/seo\/ -->\n<title>Luta e press\u00e3o do deputado Wellington conseguem impedir apreens\u00e3o de ve\u00edculos com IPVA atrasado - Daniel Matos<\/title>\n<meta name=\"robots\" content=\"index, follow, max-snippet:-1, max-image-preview:large, max-video-preview:-1\" \/>\n<link rel=\"canonical\" href=\"https:\/\/www.blogsoestado.com\/danielmatos\/luta-e-pressao-do-deputado-wellington-conseguem-impedir-apreensao-de-veiculos-com-ipva-atrasado\/\" \/>\n<meta property=\"og:locale\" content=\"pt_BR\" \/>\n<meta property=\"og:type\" content=\"article\" \/>\n<meta property=\"og:title\" content=\"Luta e press\u00e3o do deputado Wellington conseguem impedir apreens\u00e3o de ve\u00edculos com IPVA atrasado - Daniel Matos\" \/>\n<meta property=\"og:description\" content=\"H\u00e1 quase um ano na luta, defendendo os trabalhadores maranhenses, o deputado estadual Wellington do Curso conseguiu, por meio de [&hellip;]\" \/>\n<meta property=\"og:url\" content=\"https:\/\/www.blogsoestado.com\/danielmatos\/luta-e-pressao-do-deputado-wellington-conseguem-impedir-apreensao-de-veiculos-com-ipva-atrasado\/\" \/>\n<meta property=\"og:site_name\" content=\"Daniel Matos\" \/>\n<meta property=\"article:published_time\" content=\"2018-05-10T20:32:03+00:00\" \/>\n<meta property=\"og:image\" content=\"https:\/\/www.blogsoestado.com\/danielmatos\/files\/2018\/05\/w-incansavel.jpg\" \/>\n<meta name=\"twitter:card\" content=\"summary_large_image\" \/>\n<meta name=\"twitter:label1\" content=\"Est. tempo de leitura\" \/>\n\t<meta name=\"twitter:data1\" content=\"3 minutos\" \/>\n<script type=\"application\/ld+json\" class=\"yoast-schema-graph\">{\"@context\":\"https:\/\/schema.org\",\"@graph\":[{\"@type\":\"WebPage\",\"@id\":\"https:\/\/www.blogsoestado.com\/danielmatos\/luta-e-pressao-do-deputado-wellington-conseguem-impedir-apreensao-de-veiculos-com-ipva-atrasado\/\",\"url\":\"https:\/\/www.blogsoestado.com\/danielmatos\/luta-e-pressao-do-deputado-wellington-conseguem-impedir-apreensao-de-veiculos-com-ipva-atrasado\/\",\"name\":\"Luta e press\u00e3o do deputado Wellington conseguem impedir apreens\u00e3o de ve\u00edculos com IPVA atrasado - Daniel Matos\",\"isPartOf\":{\"@id\":\"https:\/\/www.blogsoestado.com\/danielmatos\/#website\"},\"primaryImageOfPage\":{\"@id\":\"https:\/\/www.blogsoestado.com\/danielmatos\/luta-e-pressao-do-deputado-wellington-conseguem-impedir-apreensao-de-veiculos-com-ipva-atrasado\/#primaryimage\"},\"image\":{\"@id\":\"https:\/\/www.blogsoestado.com\/danielmatos\/luta-e-pressao-do-deputado-wellington-conseguem-impedir-apreensao-de-veiculos-com-ipva-atrasado\/#primaryimage\"},\"thumbnailUrl\":\"https:\/\/www.blogsoestado.com\/danielmatos\/files\/2018\/05\/w-incansavel.jpg\",\"datePublished\":\"2018-05-10T20:32:03+00:00\",\"author\":{\"@id\":\"\"},\"breadcrumb\":{\"@id\":\"https:\/\/www.blogsoestado.com\/danielmatos\/luta-e-pressao-do-deputado-wellington-conseguem-impedir-apreensao-de-veiculos-com-ipva-atrasado\/#breadcrumb\"},\"inLanguage\":\"pt-BR\",\"potentialAction\":[{\"@type\":\"ReadAction\",\"target\":[\"https:\/\/www.blogsoestado.com\/danielmatos\/luta-e-pressao-do-deputado-wellington-conseguem-impedir-apreensao-de-veiculos-com-ipva-atrasado\/\"]}]},{\"@type\":\"ImageObject\",\"inLanguage\":\"pt-BR\",\"@id\":\"https:\/\/www.blogsoestado.com\/danielmatos\/luta-e-pressao-do-deputado-wellington-conseguem-impedir-apreensao-de-veiculos-com-ipva-atrasado\/#primaryimage\",\"url\":\"https:\/\/www.blogsoestado.com\/danielmatos\/files\/2018\/05\/w-incansavel.jpg\",\"contentUrl\":\"https:\/\/www.blogsoestado.com\/danielmatos\/files\/2018\/05\/w-incansavel.jpg\"},{\"@type\":\"BreadcrumbList\",\"@id\":\"https:\/\/www.blogsoestado.com\/danielmatos\/luta-e-pressao-do-deputado-wellington-conseguem-impedir-apreensao-de-veiculos-com-ipva-atrasado\/#breadcrumb\",\"itemListElement\":[{\"@type\":\"ListItem\",\"position\":1,\"name\":\"In\u00edcio\",\"item\":\"https:\/\/www.blogsoestado.com\/danielmatos\/\"},{\"@type\":\"ListItem\",\"position\":2,\"name\":\"Luta e press\u00e3o do deputado Wellington conseguem impedir apreens\u00e3o de ve\u00edculos com IPVA atrasado\"}]},{\"@type\":\"WebSite\",\"@id\":\"https:\/\/www.blogsoestado.com\/danielmatos\/#website\",\"url\":\"https:\/\/www.blogsoestado.com\/danielmatos\/\",\"name\":\"Daniel Matos\",\"description\":\"\",\"potentialAction\":[{\"@type\":\"SearchAction\",\"target\":{\"@type\":\"EntryPoint\",\"urlTemplate\":\"https:\/\/www.blogsoestado.com\/danielmatos\/?s={search_term_string}\"},\"query-input\":{\"@type\":\"PropertyValueSpecification\",\"valueRequired\":true,\"valueName\":\"search_term_string\"}}],\"inLanguage\":\"pt-BR\"}]}<\/script>\n<!-- \/ Yoast SEO plugin. -->","yoast_head_json":{"title":"Luta e press\u00e3o do deputado Wellington conseguem impedir apreens\u00e3o de ve\u00edculos com IPVA atrasado - Daniel Matos","robots":{"index":"index","follow":"follow","max-snippet":"max-snippet:-1","max-image-preview":"max-image-preview:large","max-video-preview":"max-video-preview:-1"},"canonical":"https:\/\/www.blogsoestado.com\/danielmatos\/luta-e-pressao-do-deputado-wellington-conseguem-impedir-apreensao-de-veiculos-com-ipva-atrasado\/","og_locale":"pt_BR","og_type":"article","og_title":"Luta e press\u00e3o do deputado Wellington conseguem impedir apreens\u00e3o de ve\u00edculos com IPVA atrasado - Daniel Matos","og_description":"H\u00e1 quase um ano na luta, defendendo os trabalhadores maranhenses, o deputado estadual Wellington do Curso conseguiu, por meio de [&hellip;]","og_url":"https:\/\/www.blogsoestado.com\/danielmatos\/luta-e-pressao-do-deputado-wellington-conseguem-impedir-apreensao-de-veiculos-com-ipva-atrasado\/","og_site_name":"Daniel Matos","article_published_time":"2018-05-10T20:32:03+00:00","og_image":[{"url":"https:\/\/www.blogsoestado.com\/danielmatos\/files\/2018\/05\/w-incansavel.jpg","type":"","width":"","height":""}],"twitter_card":"summary_large_image","twitter_misc":{"Est. tempo de leitura":"3 minutos"},"schema":{"@context":"https:\/\/schema.org","@graph":[{"@type":"WebPage","@id":"https:\/\/www.blogsoestado.com\/danielmatos\/luta-e-pressao-do-deputado-wellington-conseguem-impedir-apreensao-de-veiculos-com-ipva-atrasado\/","url":"https:\/\/www.blogsoestado.com\/danielmatos\/luta-e-pressao-do-deputado-wellington-conseguem-impedir-apreensao-de-veiculos-com-ipva-atrasado\/","name":"Luta e press\u00e3o do deputado Wellington conseguem impedir apreens\u00e3o de ve\u00edculos com IPVA atrasado - Daniel Matos","isPartOf":{"@id":"https:\/\/www.blogsoestado.com\/danielmatos\/#website"},"primaryImageOfPage":{"@id":"https:\/\/www.blogsoestado.com\/danielmatos\/luta-e-pressao-do-deputado-wellington-conseguem-impedir-apreensao-de-veiculos-com-ipva-atrasado\/#primaryimage"},"image":{"@id":"https:\/\/www.blogsoestado.com\/danielmatos\/luta-e-pressao-do-deputado-wellington-conseguem-impedir-apreensao-de-veiculos-com-ipva-atrasado\/#primaryimage"},"thumbnailUrl":"https:\/\/www.blogsoestado.com\/danielmatos\/files\/2018\/05\/w-incansavel.jpg","datePublished":"2018-05-10T20:32:03+00:00","author":{"@id":""},"breadcrumb":{"@id":"https:\/\/www.blogsoestado.com\/danielmatos\/luta-e-pressao-do-deputado-wellington-conseguem-impedir-apreensao-de-veiculos-com-ipva-atrasado\/#breadcrumb"},"inLanguage":"pt-BR","potentialAction":[{"@type":"ReadAction","target":["https:\/\/www.blogsoestado.com\/danielmatos\/luta-e-pressao-do-deputado-wellington-conseguem-impedir-apreensao-de-veiculos-com-ipva-atrasado\/"]}]},{"@type":"ImageObject","inLanguage":"pt-BR","@id":"https:\/\/www.blogsoestado.com\/danielmatos\/luta-e-pressao-do-deputado-wellington-conseguem-impedir-apreensao-de-veiculos-com-ipva-atrasado\/#primaryimage","url":"https:\/\/www.blogsoestado.com\/danielmatos\/files\/2018\/05\/w-incansavel.jpg","contentUrl":"https:\/\/www.blogsoestado.com\/danielmatos\/files\/2018\/05\/w-incansavel.jpg"},{"@type":"BreadcrumbList","@id":"https:\/\/www.blogsoestado.com\/danielmatos\/luta-e-pressao-do-deputado-wellington-conseguem-impedir-apreensao-de-veiculos-com-ipva-atrasado\/#breadcrumb","itemListElement":[{"@type":"ListItem","position":1,"name":"In\u00edcio","item":"https:\/\/www.blogsoestado.com\/danielmatos\/"},{"@type":"ListItem","position":2,"name":"Luta e press\u00e3o do deputado Wellington conseguem impedir apreens\u00e3o de ve\u00edculos com IPVA atrasado"}]},{"@type":"WebSite","@id":"https:\/\/www.blogsoestado.com\/danielmatos\/#website","url":"https:\/\/www.blogsoestado.com\/danielmatos\/","name":"Daniel Matos","description":"","potentialAction":[{"@type":"SearchAction","target":{"@type":"EntryPoint","urlTemplate":"https:\/\/www.blogsoestado.com\/danielmatos\/?s={search_term_string}"},"query-input":{"@type":"PropertyValueSpecification","valueRequired":true,"valueName":"search_term_string"}}],"inLanguage":"pt-BR"}]}},"jetpack_featured_media_url":"","_links":{"self":[{"href":"https:\/\/www.blogsoestado.com\/danielmatos\/wp-json\/wp\/v2\/posts\/51182","targetHints":{"allow":["GET"]}}],"collection":[{"href":"https:\/\/www.blogsoestado.com\/danielmatos\/wp-json\/wp\/v2\/posts"}],"about":[{"href":"https:\/\/www.blogsoestado.com\/danielmatos\/wp-json\/wp\/v2\/types\/post"}],"replies":[{"embeddable":true,"href":"https:\/\/www.blogsoestado.com\/danielmatos\/wp-json\/wp\/v2\/comments?post=51182"}],"version-history":[{"count":0,"href":"https:\/\/www.blogsoestado.com\/danielmatos\/wp-json\/wp\/v2\/posts\/51182\/revisions"}],"wp:attachment":[{"href":"https:\/\/www.blogsoestado.com\/danielmatos\/wp-json\/wp\/v2\/media?parent=51182"}],"wp:term":[{"taxonomy":"category","embeddable":true,"href":"https:\/\/www.blogsoestado.com\/danielmatos\/wp-json\/wp\/v2\/categories?post=51182"},{"taxonomy":"post_tag","embeddable":true,"href":"https:\/\/www.blogsoestado.com\/danielmatos\/wp-json\/wp\/v2\/tags?post=51182"}],"curies":[{"name":"wp","href":"https:\/\/api.w.org\/{rel}","templated":true}]}}