{"id":51191,"date":"2018-05-10T18:03:27","date_gmt":"2018-05-10T21:03:27","guid":{"rendered":"https:\/\/www.blogsoestado.com\/danielmatos\/?p=51191"},"modified":"2018-05-10T18:03:27","modified_gmt":"2018-05-10T21:03:27","slug":"deputado-sousa-neto-homenageia-radio-mirante-am-pelos-30-anos-no-maranhao","status":"publish","type":"post","link":"https:\/\/www.blogsoestado.com\/danielmatos\/deputado-sousa-neto-homenageia-radio-mirante-am-pelos-30-anos-no-maranhao\/","title":{"rendered":"Deputado Sousa Neto homenageia R\u00e1dio Mirante AM pelos 30 anos no Maranh\u00e3o"},"content":{"rendered":"<figure id=\"attachment_51192\" aria-describedby=\"caption-attachment-51192\" style=\"width: 448px\" class=\"wp-caption alignleft\"><img fetchpriority=\"high\" decoding=\"async\" class=\"size-full wp-image-51192\" src=\"https:\/\/www.blogsoestado.com\/danielmatos\/files\/2018\/05\/sousa-am.jpeg\" alt=\"\" width=\"448\" height=\"299\" \/><figcaption id=\"caption-attachment-51192\" class=\"wp-caption-text\">Sousa ressaltou o trabalho realizado pela emissora de levar informa\u00e7\u00e3o com credibilidade e imparcialidade aos 217 munic\u00edpios maranhenses<\/figcaption><\/figure>\n<p>Ocupando a Tribuna da Assembleia, o deputado estadual Sousa Neto homenageou, nesta quinta-feira (10), a R\u00e1dio Mirante AM pelos 30 anos de atua\u00e7\u00e3o no Maranh\u00e3o.<\/p>\n<p>\u201cVenho aqui para parabenizar a R\u00e1dio Mirante, a emissora mais ouvida no Maranh\u00e3o, que hoje completa 30 anos de hist\u00f3ria no r\u00e1dio local, oferecendo servi\u00e7o, informa\u00e7\u00e3o e entretenimento, e estando presente em fatos e epis\u00f3dios importantes do nosso estado. A Mirante AM \u00e9 a r\u00e1dio que d\u00e1 voz \u00e0quelas pessoas que n\u00e3o tem voz, que n\u00e3o tem vez, que faz com que essas pessoas sejam ouvidas, e sejam atendidas as suas necessidades.\u201d, destacou.<\/p>\n<p>Sousa ressaltou, na oportunidade, o trabalho desempenhado pela dire\u00e7\u00e3o, que tem como compromisso levar informa\u00e7\u00e3o com credibilidade e imparcialidade aos 217 munic\u00edpios maranhenses. \u201cParabenizo o jornalista Zeca Soares, que h\u00e1 quase 19 anos comanda esse time de profissionais competentes e dedicados \u00e0 not\u00edcia. Aos diretores Fernando e Teresa Sarney, pelo compromisso em oferecer um ve\u00edculo de comunica\u00e7\u00e3o de qualidade e credibilidade, que leva informa\u00e7\u00e3o aos cidad\u00e3os e aos ouvintes de norte a sul do Maranh\u00e3o\u201d.<\/p>\n<p>Ainda em sua fala, o parlamentar citou programas e nomes consagrados, que marcaram \u00e9poca no r\u00e1dio maranhense ao longo dessas tr\u00eas d\u00e9cadas, e mencionou todos os profissionais que, atualmente, comp\u00f5em o quadro da emissora: \u201cMarcial Lima, que hoje \u00e9 vereador; Roberto Fernandes, um grande jornalista que faz um belo trabalho na Mirante AM e tamb\u00e9m no Programa de TV; Domingos Ribeiro, que faz um trabalho policial \u00e0 tarde; Geraldo Castro, um \u00edcone do r\u00e1dio, uma pessoa que n\u00e3o tem palavras, uma pessoa que merece todas as homenagens pelo servi\u00e7o prestado ao povo do Maranh\u00e3o [&#8230;] Fica aqui meu parab\u00e9ns ao Carlito, que \u00e9 um grande parceiro, amigo, apaixonado pelo r\u00e1dio; Jorge Arag\u00e3o, um dos maiores jornalistas da nova gera\u00e7\u00e3o, que fazem parte tamb\u00e9m da Mirante AM. S\u00e3o tantos nomes que se somam a juventude, al\u00e9m dos saudosos Deni Cabral; ao querido Fontenelle e Leonor Filho\u201d.<\/p>\n","protected":false},"excerpt":{"rendered":"<p>Ocupando a Tribuna da Assembleia, o deputado estadual Sousa Neto homenageou, nesta quinta-feira (10), a R\u00e1dio Mirante AM pelos 30 [&hellip;]<\/p>\n","protected":false},"author":0,"featured_media":0,"comment_status":"open","ping_status":"open","sticky":false,"template":"","format":"standard","meta":{"site-sidebar-layout":"default","site-content-layout":"","ast-site-content-layout":"default","site-content-style":"default","site-sidebar-style":"default","ast-global-header-display":"","ast-banner-title-visibility":"","ast-main-header-display":"","ast-hfb-above-header-display":"","ast-hfb-below-header-display":"","ast-hfb-mobile-header-display":"","site-post-title":"","ast-breadcrumbs-content":"","ast-featured-img":"","footer-sml-layout":"","ast-disable-related-posts":"","theme-transparent-header-meta":"","adv-header-id-meta":"","stick-header-meta":"","header-above-stick-meta":"","header-main-stick-meta":"","header-below-stick-meta":"","astra-migrate-meta-layouts":"default","ast-page-background-enabled":"default","ast-page-background-meta":{"desktop":{"background-color":"var(--ast-global-color-5)","background-image":"","background-repeat":"repeat","background-position":"center center","background-size":"auto","background-attachment":"scroll","background-type":"","background-media":"","overlay-type":"","overlay-color":"","overlay-opacity":"","overlay-gradient":""},"tablet":{"background-color":"","background-image":"","background-repeat":"repeat","background-position":"center center","background-size":"auto","background-attachment":"scroll","background-type":"","background-media":"","overlay-type":"","overlay-color":"","overlay-opacity":"","overlay-gradient":""},"mobile":{"background-color":"","background-image":"","background-repeat":"repeat","background-position":"center center","background-size":"auto","background-attachment":"scroll","background-type":"","background-media":"","overlay-type":"","overlay-color":"","overlay-opacity":"","overlay-gradient":""}},"ast-content-background-meta":{"desktop":{"background-color":"var(--ast-global-color-4)","background-image":"","background-repeat":"repeat","background-position":"center center","background-size":"auto","background-attachment":"scroll","background-type":"","background-media":"","overlay-type":"","overlay-color":"","overlay-opacity":"","overlay-gradient":""},"tablet":{"background-color":"var(--ast-global-color-4)","background-image":"","background-repeat":"repeat","background-position":"center center","background-size":"auto","background-attachment":"scroll","background-type":"","background-media":"","overlay-type":"","overlay-color":"","overlay-opacity":"","overlay-gradient":""},"mobile":{"background-color":"var(--ast-global-color-4)","background-image":"","background-repeat":"repeat","background-position":"center center","background-size":"auto","background-attachment":"scroll","background-type":"","background-media":"","overlay-type":"","overlay-color":"","overlay-opacity":"","overlay-gradient":""}},"footnotes":""},"categories":[1],"tags":[],"class_list":["post-51191","post","type-post","status-publish","format-standard","hentry","category-sem-categoria"],"yoast_head":"<!-- This site is optimized with the Yoast SEO plugin v26.6 - https:\/\/yoast.com\/wordpress\/plugins\/seo\/ -->\n<title>Deputado Sousa Neto homenageia R\u00e1dio Mirante AM pelos 30 anos no Maranh\u00e3o - Daniel Matos<\/title>\n<meta name=\"robots\" content=\"index, follow, max-snippet:-1, max-image-preview:large, max-video-preview:-1\" \/>\n<link rel=\"canonical\" href=\"https:\/\/www.blogsoestado.com\/danielmatos\/deputado-sousa-neto-homenageia-radio-mirante-am-pelos-30-anos-no-maranhao\/\" \/>\n<meta property=\"og:locale\" content=\"pt_BR\" \/>\n<meta property=\"og:type\" content=\"article\" \/>\n<meta property=\"og:title\" content=\"Deputado Sousa Neto homenageia R\u00e1dio Mirante AM pelos 30 anos no Maranh\u00e3o - Daniel Matos\" \/>\n<meta property=\"og:description\" content=\"Ocupando a Tribuna da Assembleia, o deputado estadual Sousa Neto homenageou, nesta quinta-feira (10), a R\u00e1dio Mirante AM pelos 30 [&hellip;]\" \/>\n<meta property=\"og:url\" content=\"https:\/\/www.blogsoestado.com\/danielmatos\/deputado-sousa-neto-homenageia-radio-mirante-am-pelos-30-anos-no-maranhao\/\" \/>\n<meta property=\"og:site_name\" content=\"Daniel Matos\" \/>\n<meta property=\"article:published_time\" content=\"2018-05-10T21:03:27+00:00\" \/>\n<meta property=\"og:image\" content=\"https:\/\/www.blogsoestado.com\/danielmatos\/files\/2018\/05\/sousa-am.jpeg\" \/>\n<meta name=\"twitter:card\" content=\"summary_large_image\" \/>\n<meta name=\"twitter:label1\" content=\"Est. tempo de leitura\" \/>\n\t<meta name=\"twitter:data1\" content=\"2 minutos\" \/>\n<script type=\"application\/ld+json\" class=\"yoast-schema-graph\">{\"@context\":\"https:\/\/schema.org\",\"@graph\":[{\"@type\":\"WebPage\",\"@id\":\"https:\/\/www.blogsoestado.com\/danielmatos\/deputado-sousa-neto-homenageia-radio-mirante-am-pelos-30-anos-no-maranhao\/\",\"url\":\"https:\/\/www.blogsoestado.com\/danielmatos\/deputado-sousa-neto-homenageia-radio-mirante-am-pelos-30-anos-no-maranhao\/\",\"name\":\"Deputado Sousa Neto homenageia R\u00e1dio Mirante AM pelos 30 anos no Maranh\u00e3o - Daniel Matos\",\"isPartOf\":{\"@id\":\"https:\/\/www.blogsoestado.com\/danielmatos\/#website\"},\"primaryImageOfPage\":{\"@id\":\"https:\/\/www.blogsoestado.com\/danielmatos\/deputado-sousa-neto-homenageia-radio-mirante-am-pelos-30-anos-no-maranhao\/#primaryimage\"},\"image\":{\"@id\":\"https:\/\/www.blogsoestado.com\/danielmatos\/deputado-sousa-neto-homenageia-radio-mirante-am-pelos-30-anos-no-maranhao\/#primaryimage\"},\"thumbnailUrl\":\"https:\/\/www.blogsoestado.com\/danielmatos\/files\/2018\/05\/sousa-am.jpeg\",\"datePublished\":\"2018-05-10T21:03:27+00:00\",\"author\":{\"@id\":\"\"},\"breadcrumb\":{\"@id\":\"https:\/\/www.blogsoestado.com\/danielmatos\/deputado-sousa-neto-homenageia-radio-mirante-am-pelos-30-anos-no-maranhao\/#breadcrumb\"},\"inLanguage\":\"pt-BR\",\"potentialAction\":[{\"@type\":\"ReadAction\",\"target\":[\"https:\/\/www.blogsoestado.com\/danielmatos\/deputado-sousa-neto-homenageia-radio-mirante-am-pelos-30-anos-no-maranhao\/\"]}]},{\"@type\":\"ImageObject\",\"inLanguage\":\"pt-BR\",\"@id\":\"https:\/\/www.blogsoestado.com\/danielmatos\/deputado-sousa-neto-homenageia-radio-mirante-am-pelos-30-anos-no-maranhao\/#primaryimage\",\"url\":\"https:\/\/www.blogsoestado.com\/danielmatos\/files\/2018\/05\/sousa-am.jpeg\",\"contentUrl\":\"https:\/\/www.blogsoestado.com\/danielmatos\/files\/2018\/05\/sousa-am.jpeg\"},{\"@type\":\"BreadcrumbList\",\"@id\":\"https:\/\/www.blogsoestado.com\/danielmatos\/deputado-sousa-neto-homenageia-radio-mirante-am-pelos-30-anos-no-maranhao\/#breadcrumb\",\"itemListElement\":[{\"@type\":\"ListItem\",\"position\":1,\"name\":\"In\u00edcio\",\"item\":\"https:\/\/www.blogsoestado.com\/danielmatos\/\"},{\"@type\":\"ListItem\",\"position\":2,\"name\":\"Deputado Sousa Neto homenageia R\u00e1dio Mirante AM pelos 30 anos no Maranh\u00e3o\"}]},{\"@type\":\"WebSite\",\"@id\":\"https:\/\/www.blogsoestado.com\/danielmatos\/#website\",\"url\":\"https:\/\/www.blogsoestado.com\/danielmatos\/\",\"name\":\"Daniel Matos\",\"description\":\"\",\"potentialAction\":[{\"@type\":\"SearchAction\",\"target\":{\"@type\":\"EntryPoint\",\"urlTemplate\":\"https:\/\/www.blogsoestado.com\/danielmatos\/?s={search_term_string}\"},\"query-input\":{\"@type\":\"PropertyValueSpecification\",\"valueRequired\":true,\"valueName\":\"search_term_string\"}}],\"inLanguage\":\"pt-BR\"}]}<\/script>\n<!-- \/ Yoast SEO plugin. -->","yoast_head_json":{"title":"Deputado Sousa Neto homenageia R\u00e1dio Mirante AM pelos 30 anos no Maranh\u00e3o - Daniel Matos","robots":{"index":"index","follow":"follow","max-snippet":"max-snippet:-1","max-image-preview":"max-image-preview:large","max-video-preview":"max-video-preview:-1"},"canonical":"https:\/\/www.blogsoestado.com\/danielmatos\/deputado-sousa-neto-homenageia-radio-mirante-am-pelos-30-anos-no-maranhao\/","og_locale":"pt_BR","og_type":"article","og_title":"Deputado Sousa Neto homenageia R\u00e1dio Mirante AM pelos 30 anos no Maranh\u00e3o - Daniel Matos","og_description":"Ocupando a Tribuna da Assembleia, o deputado estadual Sousa Neto homenageou, nesta quinta-feira (10), a R\u00e1dio Mirante AM pelos 30 [&hellip;]","og_url":"https:\/\/www.blogsoestado.com\/danielmatos\/deputado-sousa-neto-homenageia-radio-mirante-am-pelos-30-anos-no-maranhao\/","og_site_name":"Daniel Matos","article_published_time":"2018-05-10T21:03:27+00:00","og_image":[{"url":"https:\/\/www.blogsoestado.com\/danielmatos\/files\/2018\/05\/sousa-am.jpeg","type":"","width":"","height":""}],"twitter_card":"summary_large_image","twitter_misc":{"Est. tempo de leitura":"2 minutos"},"schema":{"@context":"https:\/\/schema.org","@graph":[{"@type":"WebPage","@id":"https:\/\/www.blogsoestado.com\/danielmatos\/deputado-sousa-neto-homenageia-radio-mirante-am-pelos-30-anos-no-maranhao\/","url":"https:\/\/www.blogsoestado.com\/danielmatos\/deputado-sousa-neto-homenageia-radio-mirante-am-pelos-30-anos-no-maranhao\/","name":"Deputado Sousa Neto homenageia R\u00e1dio Mirante AM pelos 30 anos no Maranh\u00e3o - Daniel Matos","isPartOf":{"@id":"https:\/\/www.blogsoestado.com\/danielmatos\/#website"},"primaryImageOfPage":{"@id":"https:\/\/www.blogsoestado.com\/danielmatos\/deputado-sousa-neto-homenageia-radio-mirante-am-pelos-30-anos-no-maranhao\/#primaryimage"},"image":{"@id":"https:\/\/www.blogsoestado.com\/danielmatos\/deputado-sousa-neto-homenageia-radio-mirante-am-pelos-30-anos-no-maranhao\/#primaryimage"},"thumbnailUrl":"https:\/\/www.blogsoestado.com\/danielmatos\/files\/2018\/05\/sousa-am.jpeg","datePublished":"2018-05-10T21:03:27+00:00","author":{"@id":""},"breadcrumb":{"@id":"https:\/\/www.blogsoestado.com\/danielmatos\/deputado-sousa-neto-homenageia-radio-mirante-am-pelos-30-anos-no-maranhao\/#breadcrumb"},"inLanguage":"pt-BR","potentialAction":[{"@type":"ReadAction","target":["https:\/\/www.blogsoestado.com\/danielmatos\/deputado-sousa-neto-homenageia-radio-mirante-am-pelos-30-anos-no-maranhao\/"]}]},{"@type":"ImageObject","inLanguage":"pt-BR","@id":"https:\/\/www.blogsoestado.com\/danielmatos\/deputado-sousa-neto-homenageia-radio-mirante-am-pelos-30-anos-no-maranhao\/#primaryimage","url":"https:\/\/www.blogsoestado.com\/danielmatos\/files\/2018\/05\/sousa-am.jpeg","contentUrl":"https:\/\/www.blogsoestado.com\/danielmatos\/files\/2018\/05\/sousa-am.jpeg"},{"@type":"BreadcrumbList","@id":"https:\/\/www.blogsoestado.com\/danielmatos\/deputado-sousa-neto-homenageia-radio-mirante-am-pelos-30-anos-no-maranhao\/#breadcrumb","itemListElement":[{"@type":"ListItem","position":1,"name":"In\u00edcio","item":"https:\/\/www.blogsoestado.com\/danielmatos\/"},{"@type":"ListItem","position":2,"name":"Deputado Sousa Neto homenageia R\u00e1dio Mirante AM pelos 30 anos no Maranh\u00e3o"}]},{"@type":"WebSite","@id":"https:\/\/www.blogsoestado.com\/danielmatos\/#website","url":"https:\/\/www.blogsoestado.com\/danielmatos\/","name":"Daniel Matos","description":"","potentialAction":[{"@type":"SearchAction","target":{"@type":"EntryPoint","urlTemplate":"https:\/\/www.blogsoestado.com\/danielmatos\/?s={search_term_string}"},"query-input":{"@type":"PropertyValueSpecification","valueRequired":true,"valueName":"search_term_string"}}],"inLanguage":"pt-BR"}]}},"jetpack_featured_media_url":"","_links":{"self":[{"href":"https:\/\/www.blogsoestado.com\/danielmatos\/wp-json\/wp\/v2\/posts\/51191","targetHints":{"allow":["GET"]}}],"collection":[{"href":"https:\/\/www.blogsoestado.com\/danielmatos\/wp-json\/wp\/v2\/posts"}],"about":[{"href":"https:\/\/www.blogsoestado.com\/danielmatos\/wp-json\/wp\/v2\/types\/post"}],"replies":[{"embeddable":true,"href":"https:\/\/www.blogsoestado.com\/danielmatos\/wp-json\/wp\/v2\/comments?post=51191"}],"version-history":[{"count":0,"href":"https:\/\/www.blogsoestado.com\/danielmatos\/wp-json\/wp\/v2\/posts\/51191\/revisions"}],"wp:attachment":[{"href":"https:\/\/www.blogsoestado.com\/danielmatos\/wp-json\/wp\/v2\/media?parent=51191"}],"wp:term":[{"taxonomy":"category","embeddable":true,"href":"https:\/\/www.blogsoestado.com\/danielmatos\/wp-json\/wp\/v2\/categories?post=51191"},{"taxonomy":"post_tag","embeddable":true,"href":"https:\/\/www.blogsoestado.com\/danielmatos\/wp-json\/wp\/v2\/tags?post=51191"}],"curies":[{"name":"wp","href":"https:\/\/api.w.org\/{rel}","templated":true}]}}