{"id":51194,"date":"2018-05-10T19:30:40","date_gmt":"2018-05-10T22:30:40","guid":{"rendered":"https:\/\/www.blogsoestado.com\/danielmatos\/?p=51194"},"modified":"2018-05-10T19:30:40","modified_gmt":"2018-05-10T22:30:40","slug":"vereadores-destacam-eleicao-de-osmar-para-presidencia","status":"publish","type":"post","link":"https:\/\/www.blogsoestado.com\/danielmatos\/vereadores-destacam-eleicao-de-osmar-para-presidencia\/","title":{"rendered":"Vereadores destacam elei\u00e7\u00e3o  de Osmar para a presid\u00eancia"},"content":{"rendered":"<p>&nbsp;<\/p>\n<figure id=\"attachment_51195\" aria-describedby=\"caption-attachment-51195\" style=\"width: 448px\" class=\"wp-caption alignleft\"><img fetchpriority=\"high\" decoding=\"async\" class=\"size-full wp-image-51195\" src=\"https:\/\/www.blogsoestado.com\/danielmatos\/files\/2018\/05\/astro-osmar-filho.jpg\" alt=\"\" width=\"448\" height=\"297\" \/><figcaption id=\"caption-attachment-51195\" class=\"wp-caption-text\">Astro de Ogum foi um dos vereadores que destacou a elei\u00e7\u00e3o de Osmar Filho<\/figcaption><\/figure>\n<p>\u201cQuem ganha com esse resultado \u00e9 a C\u00e2mara, com essa unifica\u00e7\u00e3o. O presidente Astro soube construir esse consenso e o vereador Osmar Filho, eleito para presidir este parlamento a partir do pr\u00f3ximo ano, com certeza trar\u00e1 mais energia, mais oxigena\u00e7\u00e3o a esta Casa, mas, no final todos sa\u00edram lucrando, n\u00f3s, vereadores e a popula\u00e7\u00e3o de S\u00e3o Luis, com essa li\u00e7\u00e3o democr\u00e1tica\u201d. \u2013Pedro Lucas Fernandes \u2013 Vereador (PTB)<\/p>\n<p>\u201cPosso garantir que, apesar de um voto contr\u00e1rio, a elei\u00e7\u00e3o de Osmar Filho foi praticamente consensual. Todos sabiam que seria chapa \u00fanica. Isso mostra o amadurecimento desta Casa e do pr\u00f3prio presidente eleito, que, sob a minha \u00f3tica, dever\u00e1 fazer uma excelente gest\u00e3o. Estou apostando nisso, porque ser\u00e1 bom, n\u00e3o apenas para a C\u00e2mara Municipal, mas para toda a sociedade de S\u00e3o Luis\u201d. \u2013Vereador Genival Alves (PRTB)<\/p>\n<p>\u201cPara n\u00f3s, a C\u00e2mara est\u00e1 dando uma li\u00e7\u00e3o de maturidade. Todos viram a guerra de liminares na Justi\u00e7a em torno dessa elei\u00e7\u00e3o. A vit\u00f3ria quase que por unanimidade de Osmar Filho unifica a C\u00e2mara, mostra a vontade de acertar e d\u00e1 um claro recado: O Poder Legislativo de S\u00e3o Luis est\u00e1 preparado para outras lutas. A guerra ficou para tr\u00e1s e o nosso ambiente est\u00e1 pacificado. Vamos agora \u00e9 trabalhar em benef\u00edcio dessa sociedade\u201d. Vereador Raimundo Penha (PDT)<\/p>\n<p>Conforme o vereador Basileu Barros (PRTB), o resultado final pacificou e unificou o Legislativo da capital. \u201cO resultado foi excelente, voltamos a fumar o cachimbo da paz. O vereador Astro de Ogum mostrou ser um h\u00e1bil articulador e, por conta disso chegamos a esse resultado quase que consensual\u201d.<\/p>\n<p>\u201cIsso \u00e9 uma aut\u00eantica aula de democracia. Ocorrem as diverg\u00eancias, se senta para conversar e se faz o consenso. Aqui tivemos s\u00e9rios embates entre Sarney e Cafeteira, que, no final de suas carreiras pol\u00edticas, acabaram juntos. O que ocorreu na C\u00e2mara de S\u00e3o Luis, com a elei\u00e7\u00e3o do vereador Osmar Filho para a presid\u00eancia, em chapa \u00fanica, foi exatamente isso, um exemplo cl\u00e1ssico de como se faz pol\u00edtica e de como se constr\u00f3i a democracia\u201d. \u2013 C\u00e9zar Bombeiro \u2013 Vereador (PSD)<\/p>\n<p>Na opini\u00e3o da vereadora B\u00e1rbara Soeiro (PSC), a C\u00e2mara Municipal mais uma vez superou obst\u00e1culos e construiu o consenso, atrav\u00e9s do di\u00e1logo, o que mostra a capacidade de negocia\u00e7\u00e3o do presidente Astro de Ogum. \u201cEstou aqui h\u00e1 tr\u00eas d\u00e9cadas, porque antes acompanhava meu marido, o ent\u00e3o vereador Albino Soeiro e atualmente sou a vereadora, ent\u00e3o posso dizer que j\u00e1 adquiri certa experi\u00eancia. Votando com o colega Osmar Filho em quem confio plenamente, tenho plena convic\u00e7\u00e3o de que ele ir\u00e1 estabelecer um canal que possibilite mais espa\u00e7o para a mulher. N\u00e3o apenas para a mulher vereadora, mas para a mulher funcion\u00e1ria deste poder, para a mulher que frequenta esta Casa, enfim, para todas as mulheres de S\u00e3o Luis\u201d.<\/p>\n","protected":false},"excerpt":{"rendered":"<p>&nbsp; \u201cQuem ganha com esse resultado \u00e9 a C\u00e2mara, com essa unifica\u00e7\u00e3o. O presidente Astro soube construir esse consenso e [&hellip;]<\/p>\n","protected":false},"author":0,"featured_media":0,"comment_status":"open","ping_status":"open","sticky":false,"template":"","format":"standard","meta":{"site-sidebar-layout":"default","site-content-layout":"","ast-site-content-layout":"default","site-content-style":"default","site-sidebar-style":"default","ast-global-header-display":"","ast-banner-title-visibility":"","ast-main-header-display":"","ast-hfb-above-header-display":"","ast-hfb-below-header-display":"","ast-hfb-mobile-header-display":"","site-post-title":"","ast-breadcrumbs-content":"","ast-featured-img":"","footer-sml-layout":"","ast-disable-related-posts":"","theme-transparent-header-meta":"","adv-header-id-meta":"","stick-header-meta":"","header-above-stick-meta":"","header-main-stick-meta":"","header-below-stick-meta":"","astra-migrate-meta-layouts":"default","ast-page-background-enabled":"default","ast-page-background-meta":{"desktop":{"background-color":"var(--ast-global-color-5)","background-image":"","background-repeat":"repeat","background-position":"center center","background-size":"auto","background-attachment":"scroll","background-type":"","background-media":"","overlay-type":"","overlay-color":"","overlay-opacity":"","overlay-gradient":""},"tablet":{"background-color":"","background-image":"","background-repeat":"repeat","background-position":"center center","background-size":"auto","background-attachment":"scroll","background-type":"","background-media":"","overlay-type":"","overlay-color":"","overlay-opacity":"","overlay-gradient":""},"mobile":{"background-color":"","background-image":"","background-repeat":"repeat","background-position":"center center","background-size":"auto","background-attachment":"scroll","background-type":"","background-media":"","overlay-type":"","overlay-color":"","overlay-opacity":"","overlay-gradient":""}},"ast-content-background-meta":{"desktop":{"background-color":"var(--ast-global-color-4)","background-image":"","background-repeat":"repeat","background-position":"center center","background-size":"auto","background-attachment":"scroll","background-type":"","background-media":"","overlay-type":"","overlay-color":"","overlay-opacity":"","overlay-gradient":""},"tablet":{"background-color":"var(--ast-global-color-4)","background-image":"","background-repeat":"repeat","background-position":"center center","background-size":"auto","background-attachment":"scroll","background-type":"","background-media":"","overlay-type":"","overlay-color":"","overlay-opacity":"","overlay-gradient":""},"mobile":{"background-color":"var(--ast-global-color-4)","background-image":"","background-repeat":"repeat","background-position":"center center","background-size":"auto","background-attachment":"scroll","background-type":"","background-media":"","overlay-type":"","overlay-color":"","overlay-opacity":"","overlay-gradient":""}},"footnotes":""},"categories":[1],"tags":[],"class_list":["post-51194","post","type-post","status-publish","format-standard","hentry","category-sem-categoria"],"yoast_head":"<!-- This site is optimized with the Yoast SEO plugin v26.6 - https:\/\/yoast.com\/wordpress\/plugins\/seo\/ -->\n<title>Vereadores destacam elei\u00e7\u00e3o de Osmar para a presid\u00eancia - Daniel Matos<\/title>\n<meta name=\"robots\" content=\"index, follow, max-snippet:-1, max-image-preview:large, max-video-preview:-1\" \/>\n<link rel=\"canonical\" href=\"https:\/\/www.blogsoestado.com\/danielmatos\/vereadores-destacam-eleicao-de-osmar-para-presidencia\/\" \/>\n<meta property=\"og:locale\" content=\"pt_BR\" \/>\n<meta property=\"og:type\" content=\"article\" \/>\n<meta property=\"og:title\" content=\"Vereadores destacam elei\u00e7\u00e3o de Osmar para a presid\u00eancia - Daniel Matos\" \/>\n<meta property=\"og:description\" content=\"&nbsp; \u201cQuem ganha com esse resultado \u00e9 a C\u00e2mara, com essa unifica\u00e7\u00e3o. O presidente Astro soube construir esse consenso e [&hellip;]\" \/>\n<meta property=\"og:url\" content=\"https:\/\/www.blogsoestado.com\/danielmatos\/vereadores-destacam-eleicao-de-osmar-para-presidencia\/\" \/>\n<meta property=\"og:site_name\" content=\"Daniel Matos\" \/>\n<meta property=\"article:published_time\" content=\"2018-05-10T22:30:40+00:00\" \/>\n<meta property=\"og:image\" content=\"https:\/\/www.blogsoestado.com\/danielmatos\/files\/2018\/05\/astro-osmar-filho.jpg\" \/>\n<meta name=\"twitter:card\" content=\"summary_large_image\" \/>\n<meta name=\"twitter:label1\" content=\"Est. tempo de leitura\" \/>\n\t<meta name=\"twitter:data1\" content=\"3 minutos\" \/>\n<script type=\"application\/ld+json\" class=\"yoast-schema-graph\">{\"@context\":\"https:\/\/schema.org\",\"@graph\":[{\"@type\":\"WebPage\",\"@id\":\"https:\/\/www.blogsoestado.com\/danielmatos\/vereadores-destacam-eleicao-de-osmar-para-presidencia\/\",\"url\":\"https:\/\/www.blogsoestado.com\/danielmatos\/vereadores-destacam-eleicao-de-osmar-para-presidencia\/\",\"name\":\"Vereadores destacam elei\u00e7\u00e3o de Osmar para a presid\u00eancia - Daniel Matos\",\"isPartOf\":{\"@id\":\"https:\/\/www.blogsoestado.com\/danielmatos\/#website\"},\"primaryImageOfPage\":{\"@id\":\"https:\/\/www.blogsoestado.com\/danielmatos\/vereadores-destacam-eleicao-de-osmar-para-presidencia\/#primaryimage\"},\"image\":{\"@id\":\"https:\/\/www.blogsoestado.com\/danielmatos\/vereadores-destacam-eleicao-de-osmar-para-presidencia\/#primaryimage\"},\"thumbnailUrl\":\"https:\/\/www.blogsoestado.com\/danielmatos\/files\/2018\/05\/astro-osmar-filho.jpg\",\"datePublished\":\"2018-05-10T22:30:40+00:00\",\"author\":{\"@id\":\"\"},\"breadcrumb\":{\"@id\":\"https:\/\/www.blogsoestado.com\/danielmatos\/vereadores-destacam-eleicao-de-osmar-para-presidencia\/#breadcrumb\"},\"inLanguage\":\"pt-BR\",\"potentialAction\":[{\"@type\":\"ReadAction\",\"target\":[\"https:\/\/www.blogsoestado.com\/danielmatos\/vereadores-destacam-eleicao-de-osmar-para-presidencia\/\"]}]},{\"@type\":\"ImageObject\",\"inLanguage\":\"pt-BR\",\"@id\":\"https:\/\/www.blogsoestado.com\/danielmatos\/vereadores-destacam-eleicao-de-osmar-para-presidencia\/#primaryimage\",\"url\":\"https:\/\/www.blogsoestado.com\/danielmatos\/files\/2018\/05\/astro-osmar-filho.jpg\",\"contentUrl\":\"https:\/\/www.blogsoestado.com\/danielmatos\/files\/2018\/05\/astro-osmar-filho.jpg\"},{\"@type\":\"BreadcrumbList\",\"@id\":\"https:\/\/www.blogsoestado.com\/danielmatos\/vereadores-destacam-eleicao-de-osmar-para-presidencia\/#breadcrumb\",\"itemListElement\":[{\"@type\":\"ListItem\",\"position\":1,\"name\":\"In\u00edcio\",\"item\":\"https:\/\/www.blogsoestado.com\/danielmatos\/\"},{\"@type\":\"ListItem\",\"position\":2,\"name\":\"Vereadores destacam elei\u00e7\u00e3o de Osmar para a presid\u00eancia\"}]},{\"@type\":\"WebSite\",\"@id\":\"https:\/\/www.blogsoestado.com\/danielmatos\/#website\",\"url\":\"https:\/\/www.blogsoestado.com\/danielmatos\/\",\"name\":\"Daniel Matos\",\"description\":\"\",\"potentialAction\":[{\"@type\":\"SearchAction\",\"target\":{\"@type\":\"EntryPoint\",\"urlTemplate\":\"https:\/\/www.blogsoestado.com\/danielmatos\/?s={search_term_string}\"},\"query-input\":{\"@type\":\"PropertyValueSpecification\",\"valueRequired\":true,\"valueName\":\"search_term_string\"}}],\"inLanguage\":\"pt-BR\"}]}<\/script>\n<!-- \/ Yoast SEO plugin. -->","yoast_head_json":{"title":"Vereadores destacam elei\u00e7\u00e3o de Osmar para a presid\u00eancia - Daniel Matos","robots":{"index":"index","follow":"follow","max-snippet":"max-snippet:-1","max-image-preview":"max-image-preview:large","max-video-preview":"max-video-preview:-1"},"canonical":"https:\/\/www.blogsoestado.com\/danielmatos\/vereadores-destacam-eleicao-de-osmar-para-presidencia\/","og_locale":"pt_BR","og_type":"article","og_title":"Vereadores destacam elei\u00e7\u00e3o de Osmar para a presid\u00eancia - Daniel Matos","og_description":"&nbsp; \u201cQuem ganha com esse resultado \u00e9 a C\u00e2mara, com essa unifica\u00e7\u00e3o. O presidente Astro soube construir esse consenso e [&hellip;]","og_url":"https:\/\/www.blogsoestado.com\/danielmatos\/vereadores-destacam-eleicao-de-osmar-para-presidencia\/","og_site_name":"Daniel Matos","article_published_time":"2018-05-10T22:30:40+00:00","og_image":[{"url":"https:\/\/www.blogsoestado.com\/danielmatos\/files\/2018\/05\/astro-osmar-filho.jpg","type":"","width":"","height":""}],"twitter_card":"summary_large_image","twitter_misc":{"Est. tempo de leitura":"3 minutos"},"schema":{"@context":"https:\/\/schema.org","@graph":[{"@type":"WebPage","@id":"https:\/\/www.blogsoestado.com\/danielmatos\/vereadores-destacam-eleicao-de-osmar-para-presidencia\/","url":"https:\/\/www.blogsoestado.com\/danielmatos\/vereadores-destacam-eleicao-de-osmar-para-presidencia\/","name":"Vereadores destacam elei\u00e7\u00e3o de Osmar para a presid\u00eancia - Daniel Matos","isPartOf":{"@id":"https:\/\/www.blogsoestado.com\/danielmatos\/#website"},"primaryImageOfPage":{"@id":"https:\/\/www.blogsoestado.com\/danielmatos\/vereadores-destacam-eleicao-de-osmar-para-presidencia\/#primaryimage"},"image":{"@id":"https:\/\/www.blogsoestado.com\/danielmatos\/vereadores-destacam-eleicao-de-osmar-para-presidencia\/#primaryimage"},"thumbnailUrl":"https:\/\/www.blogsoestado.com\/danielmatos\/files\/2018\/05\/astro-osmar-filho.jpg","datePublished":"2018-05-10T22:30:40+00:00","author":{"@id":""},"breadcrumb":{"@id":"https:\/\/www.blogsoestado.com\/danielmatos\/vereadores-destacam-eleicao-de-osmar-para-presidencia\/#breadcrumb"},"inLanguage":"pt-BR","potentialAction":[{"@type":"ReadAction","target":["https:\/\/www.blogsoestado.com\/danielmatos\/vereadores-destacam-eleicao-de-osmar-para-presidencia\/"]}]},{"@type":"ImageObject","inLanguage":"pt-BR","@id":"https:\/\/www.blogsoestado.com\/danielmatos\/vereadores-destacam-eleicao-de-osmar-para-presidencia\/#primaryimage","url":"https:\/\/www.blogsoestado.com\/danielmatos\/files\/2018\/05\/astro-osmar-filho.jpg","contentUrl":"https:\/\/www.blogsoestado.com\/danielmatos\/files\/2018\/05\/astro-osmar-filho.jpg"},{"@type":"BreadcrumbList","@id":"https:\/\/www.blogsoestado.com\/danielmatos\/vereadores-destacam-eleicao-de-osmar-para-presidencia\/#breadcrumb","itemListElement":[{"@type":"ListItem","position":1,"name":"In\u00edcio","item":"https:\/\/www.blogsoestado.com\/danielmatos\/"},{"@type":"ListItem","position":2,"name":"Vereadores destacam elei\u00e7\u00e3o de Osmar para a presid\u00eancia"}]},{"@type":"WebSite","@id":"https:\/\/www.blogsoestado.com\/danielmatos\/#website","url":"https:\/\/www.blogsoestado.com\/danielmatos\/","name":"Daniel Matos","description":"","potentialAction":[{"@type":"SearchAction","target":{"@type":"EntryPoint","urlTemplate":"https:\/\/www.blogsoestado.com\/danielmatos\/?s={search_term_string}"},"query-input":{"@type":"PropertyValueSpecification","valueRequired":true,"valueName":"search_term_string"}}],"inLanguage":"pt-BR"}]}},"jetpack_featured_media_url":"","_links":{"self":[{"href":"https:\/\/www.blogsoestado.com\/danielmatos\/wp-json\/wp\/v2\/posts\/51194","targetHints":{"allow":["GET"]}}],"collection":[{"href":"https:\/\/www.blogsoestado.com\/danielmatos\/wp-json\/wp\/v2\/posts"}],"about":[{"href":"https:\/\/www.blogsoestado.com\/danielmatos\/wp-json\/wp\/v2\/types\/post"}],"replies":[{"embeddable":true,"href":"https:\/\/www.blogsoestado.com\/danielmatos\/wp-json\/wp\/v2\/comments?post=51194"}],"version-history":[{"count":0,"href":"https:\/\/www.blogsoestado.com\/danielmatos\/wp-json\/wp\/v2\/posts\/51194\/revisions"}],"wp:attachment":[{"href":"https:\/\/www.blogsoestado.com\/danielmatos\/wp-json\/wp\/v2\/media?parent=51194"}],"wp:term":[{"taxonomy":"category","embeddable":true,"href":"https:\/\/www.blogsoestado.com\/danielmatos\/wp-json\/wp\/v2\/categories?post=51194"},{"taxonomy":"post_tag","embeddable":true,"href":"https:\/\/www.blogsoestado.com\/danielmatos\/wp-json\/wp\/v2\/tags?post=51194"}],"curies":[{"name":"wp","href":"https:\/\/api.w.org\/{rel}","templated":true}]}}