{"id":51197,"date":"2018-05-10T21:00:52","date_gmt":"2018-05-11T00:00:52","guid":{"rendered":"https:\/\/www.blogsoestado.com\/danielmatos\/?p=51197"},"modified":"2018-05-10T21:00:52","modified_gmt":"2018-05-11T00:00:52","slug":"presidida-por-lobao-ccj-aprova-projeto-que-obriga-informar-deficiencia-em-caso-de-violencia-domestica","status":"publish","type":"post","link":"https:\/\/www.blogsoestado.com\/danielmatos\/presidida-por-lobao-ccj-aprova-projeto-que-obriga-informar-deficiencia-em-caso-de-violencia-domestica\/","title":{"rendered":"Presidida por Lob\u00e3o, CCJ aprova projeto que obriga informar defici\u00eancia em caso de viol\u00eancia dom\u00e9stica"},"content":{"rendered":"<figure id=\"attachment_51198\" aria-describedby=\"caption-attachment-51198\" style=\"width: 397px\" class=\"wp-caption alignleft\"><img fetchpriority=\"high\" decoding=\"async\" class=\"size-full wp-image-51198\" src=\"https:\/\/www.blogsoestado.com\/danielmatos\/files\/2018\/05\/Lob\u00e3o-CCJ.jpg\" alt=\"\" width=\"397\" height=\"336\" \/><figcaption id=\"caption-attachment-51198\" class=\"wp-caption-text\">Senador Edison Lob\u00e3o presidiu a vota\u00e7\u00e3o do projeto que protege mulher v\u00edtima de viol\u00eancia dom\u00e9stica00<\/figcaption><\/figure>\n<p>Presidida pelo senador Edison Lob\u00e3o, a Comiss\u00e3o de Constitui\u00e7\u00e3o e Justi\u00e7a aprovou nesta quarta-feira (9) projeto que torna obrigat\u00f3rio informar a condi\u00e7\u00e3o de defici\u00eancia da mulher v\u00edtima de viol\u00eancia dom\u00e9stica no registro do boletim de ocorr\u00eancia (BO).<\/p>\n<p>O projeto inclui na Lei Maria da Penha (Lei 11.340\/2006) a obrigatoriedade de registrar no boletim de ocorr\u00eancia informa\u00e7\u00e3o sobre a condi\u00e7\u00e3o preexistente de pessoa com defici\u00eancia na mulher v\u00edtima de viol\u00eancia ou ainda se a viol\u00eancia sofrida causou o surgimento ou agravamento da condi\u00e7\u00e3o.<\/p>\n<p>Lob\u00e3o elogiou a iniciativa. \u201c Por mais que se legisle a respeito da puni\u00e7\u00e3o aos respons\u00e1veis pela viol\u00eancia \u00e0 mulher, sempre h\u00e1 um elemento novo que nos conduz a ampliar, melhorar e modernizar a legisla\u00e7\u00e3o dessa mat\u00e9ria\u201d, declarou o senador.<\/p>\n<p>Segundo dados coletados pela ONG Essas Mulheres, 68% das den\u00fancias de viol\u00eancia contra pessoas com defici\u00eancia se referem a mulheres, n\u00famero que salta a 82% quando se trata de viol\u00eancia sexual. A ONG tamb\u00e9m sustenta que muitas mulheres deficientes encontram barreiras na comunica\u00e7\u00e3o da viol\u00eancia, e que, mesmo quando s\u00e3o entendidas, frequentemente t\u00eam seu depoimento desqualificado, sobretudo se possuem defici\u00eancia intelectual.<\/p>\n<p>A proposta segue para an\u00e1lise da Comiss\u00e3o de Direitos Humanos e Legisla\u00e7\u00e3o Participativa (CDH).<\/p>\n","protected":false},"excerpt":{"rendered":"<p>Presidida pelo senador Edison Lob\u00e3o, a Comiss\u00e3o de Constitui\u00e7\u00e3o e Justi\u00e7a aprovou nesta quarta-feira (9) projeto que torna obrigat\u00f3rio informar [&hellip;]<\/p>\n","protected":false},"author":0,"featured_media":0,"comment_status":"open","ping_status":"open","sticky":false,"template":"","format":"standard","meta":{"site-sidebar-layout":"default","site-content-layout":"","ast-site-content-layout":"default","site-content-style":"default","site-sidebar-style":"default","ast-global-header-display":"","ast-banner-title-visibility":"","ast-main-header-display":"","ast-hfb-above-header-display":"","ast-hfb-below-header-display":"","ast-hfb-mobile-header-display":"","site-post-title":"","ast-breadcrumbs-content":"","ast-featured-img":"","footer-sml-layout":"","ast-disable-related-posts":"","theme-transparent-header-meta":"","adv-header-id-meta":"","stick-header-meta":"","header-above-stick-meta":"","header-main-stick-meta":"","header-below-stick-meta":"","astra-migrate-meta-layouts":"default","ast-page-background-enabled":"default","ast-page-background-meta":{"desktop":{"background-color":"var(--ast-global-color-5)","background-image":"","background-repeat":"repeat","background-position":"center center","background-size":"auto","background-attachment":"scroll","background-type":"","background-media":"","overlay-type":"","overlay-color":"","overlay-opacity":"","overlay-gradient":""},"tablet":{"background-color":"","background-image":"","background-repeat":"repeat","background-position":"center center","background-size":"auto","background-attachment":"scroll","background-type":"","background-media":"","overlay-type":"","overlay-color":"","overlay-opacity":"","overlay-gradient":""},"mobile":{"background-color":"","background-image":"","background-repeat":"repeat","background-position":"center center","background-size":"auto","background-attachment":"scroll","background-type":"","background-media":"","overlay-type":"","overlay-color":"","overlay-opacity":"","overlay-gradient":""}},"ast-content-background-meta":{"desktop":{"background-color":"var(--ast-global-color-4)","background-image":"","background-repeat":"repeat","background-position":"center center","background-size":"auto","background-attachment":"scroll","background-type":"","background-media":"","overlay-type":"","overlay-color":"","overlay-opacity":"","overlay-gradient":""},"tablet":{"background-color":"var(--ast-global-color-4)","background-image":"","background-repeat":"repeat","background-position":"center center","background-size":"auto","background-attachment":"scroll","background-type":"","background-media":"","overlay-type":"","overlay-color":"","overlay-opacity":"","overlay-gradient":""},"mobile":{"background-color":"var(--ast-global-color-4)","background-image":"","background-repeat":"repeat","background-position":"center center","background-size":"auto","background-attachment":"scroll","background-type":"","background-media":"","overlay-type":"","overlay-color":"","overlay-opacity":"","overlay-gradient":""}},"footnotes":""},"categories":[1],"tags":[],"class_list":["post-51197","post","type-post","status-publish","format-standard","hentry","category-sem-categoria"],"yoast_head":"<!-- This site is optimized with the Yoast SEO plugin v26.6 - https:\/\/yoast.com\/wordpress\/plugins\/seo\/ -->\n<title>Presidida por Lob\u00e3o, CCJ aprova projeto que obriga informar defici\u00eancia em caso de viol\u00eancia dom\u00e9stica - Daniel Matos<\/title>\n<meta name=\"robots\" content=\"index, follow, max-snippet:-1, max-image-preview:large, max-video-preview:-1\" \/>\n<link rel=\"canonical\" href=\"https:\/\/www.blogsoestado.com\/danielmatos\/presidida-por-lobao-ccj-aprova-projeto-que-obriga-informar-deficiencia-em-caso-de-violencia-domestica\/\" \/>\n<meta property=\"og:locale\" content=\"pt_BR\" \/>\n<meta property=\"og:type\" content=\"article\" \/>\n<meta property=\"og:title\" content=\"Presidida por Lob\u00e3o, CCJ aprova projeto que obriga informar defici\u00eancia em caso de viol\u00eancia dom\u00e9stica - Daniel Matos\" \/>\n<meta property=\"og:description\" content=\"Presidida pelo senador Edison Lob\u00e3o, a Comiss\u00e3o de Constitui\u00e7\u00e3o e Justi\u00e7a aprovou nesta quarta-feira (9) projeto que torna obrigat\u00f3rio informar [&hellip;]\" \/>\n<meta property=\"og:url\" content=\"https:\/\/www.blogsoestado.com\/danielmatos\/presidida-por-lobao-ccj-aprova-projeto-que-obriga-informar-deficiencia-em-caso-de-violencia-domestica\/\" \/>\n<meta property=\"og:site_name\" content=\"Daniel Matos\" \/>\n<meta property=\"article:published_time\" content=\"2018-05-11T00:00:52+00:00\" \/>\n<meta name=\"twitter:card\" content=\"summary_large_image\" \/>\n<meta name=\"twitter:label1\" content=\"Est. tempo de leitura\" \/>\n\t<meta name=\"twitter:data1\" content=\"1 minuto\" \/>\n<script type=\"application\/ld+json\" class=\"yoast-schema-graph\">{\"@context\":\"https:\/\/schema.org\",\"@graph\":[{\"@type\":\"WebPage\",\"@id\":\"https:\/\/www.blogsoestado.com\/danielmatos\/presidida-por-lobao-ccj-aprova-projeto-que-obriga-informar-deficiencia-em-caso-de-violencia-domestica\/\",\"url\":\"https:\/\/www.blogsoestado.com\/danielmatos\/presidida-por-lobao-ccj-aprova-projeto-que-obriga-informar-deficiencia-em-caso-de-violencia-domestica\/\",\"name\":\"Presidida por Lob\u00e3o, CCJ aprova projeto que obriga informar defici\u00eancia em caso de viol\u00eancia dom\u00e9stica - Daniel Matos\",\"isPartOf\":{\"@id\":\"https:\/\/www.blogsoestado.com\/danielmatos\/#website\"},\"datePublished\":\"2018-05-11T00:00:52+00:00\",\"author\":{\"@id\":\"\"},\"breadcrumb\":{\"@id\":\"https:\/\/www.blogsoestado.com\/danielmatos\/presidida-por-lobao-ccj-aprova-projeto-que-obriga-informar-deficiencia-em-caso-de-violencia-domestica\/#breadcrumb\"},\"inLanguage\":\"pt-BR\",\"potentialAction\":[{\"@type\":\"ReadAction\",\"target\":[\"https:\/\/www.blogsoestado.com\/danielmatos\/presidida-por-lobao-ccj-aprova-projeto-que-obriga-informar-deficiencia-em-caso-de-violencia-domestica\/\"]}]},{\"@type\":\"BreadcrumbList\",\"@id\":\"https:\/\/www.blogsoestado.com\/danielmatos\/presidida-por-lobao-ccj-aprova-projeto-que-obriga-informar-deficiencia-em-caso-de-violencia-domestica\/#breadcrumb\",\"itemListElement\":[{\"@type\":\"ListItem\",\"position\":1,\"name\":\"In\u00edcio\",\"item\":\"https:\/\/www.blogsoestado.com\/danielmatos\/\"},{\"@type\":\"ListItem\",\"position\":2,\"name\":\"Presidida por Lob\u00e3o, CCJ aprova projeto que obriga informar defici\u00eancia em caso de viol\u00eancia dom\u00e9stica\"}]},{\"@type\":\"WebSite\",\"@id\":\"https:\/\/www.blogsoestado.com\/danielmatos\/#website\",\"url\":\"https:\/\/www.blogsoestado.com\/danielmatos\/\",\"name\":\"Daniel Matos\",\"description\":\"\",\"potentialAction\":[{\"@type\":\"SearchAction\",\"target\":{\"@type\":\"EntryPoint\",\"urlTemplate\":\"https:\/\/www.blogsoestado.com\/danielmatos\/?s={search_term_string}\"},\"query-input\":{\"@type\":\"PropertyValueSpecification\",\"valueRequired\":true,\"valueName\":\"search_term_string\"}}],\"inLanguage\":\"pt-BR\"}]}<\/script>\n<!-- \/ Yoast SEO plugin. -->","yoast_head_json":{"title":"Presidida por Lob\u00e3o, CCJ aprova projeto que obriga informar defici\u00eancia em caso de viol\u00eancia dom\u00e9stica - Daniel Matos","robots":{"index":"index","follow":"follow","max-snippet":"max-snippet:-1","max-image-preview":"max-image-preview:large","max-video-preview":"max-video-preview:-1"},"canonical":"https:\/\/www.blogsoestado.com\/danielmatos\/presidida-por-lobao-ccj-aprova-projeto-que-obriga-informar-deficiencia-em-caso-de-violencia-domestica\/","og_locale":"pt_BR","og_type":"article","og_title":"Presidida por Lob\u00e3o, CCJ aprova projeto que obriga informar defici\u00eancia em caso de viol\u00eancia dom\u00e9stica - Daniel Matos","og_description":"Presidida pelo senador Edison Lob\u00e3o, a Comiss\u00e3o de Constitui\u00e7\u00e3o e Justi\u00e7a aprovou nesta quarta-feira (9) projeto que torna obrigat\u00f3rio informar [&hellip;]","og_url":"https:\/\/www.blogsoestado.com\/danielmatos\/presidida-por-lobao-ccj-aprova-projeto-que-obriga-informar-deficiencia-em-caso-de-violencia-domestica\/","og_site_name":"Daniel Matos","article_published_time":"2018-05-11T00:00:52+00:00","twitter_card":"summary_large_image","twitter_misc":{"Est. tempo de leitura":"1 minuto"},"schema":{"@context":"https:\/\/schema.org","@graph":[{"@type":"WebPage","@id":"https:\/\/www.blogsoestado.com\/danielmatos\/presidida-por-lobao-ccj-aprova-projeto-que-obriga-informar-deficiencia-em-caso-de-violencia-domestica\/","url":"https:\/\/www.blogsoestado.com\/danielmatos\/presidida-por-lobao-ccj-aprova-projeto-que-obriga-informar-deficiencia-em-caso-de-violencia-domestica\/","name":"Presidida por Lob\u00e3o, CCJ aprova projeto que obriga informar defici\u00eancia em caso de viol\u00eancia dom\u00e9stica - Daniel Matos","isPartOf":{"@id":"https:\/\/www.blogsoestado.com\/danielmatos\/#website"},"datePublished":"2018-05-11T00:00:52+00:00","author":{"@id":""},"breadcrumb":{"@id":"https:\/\/www.blogsoestado.com\/danielmatos\/presidida-por-lobao-ccj-aprova-projeto-que-obriga-informar-deficiencia-em-caso-de-violencia-domestica\/#breadcrumb"},"inLanguage":"pt-BR","potentialAction":[{"@type":"ReadAction","target":["https:\/\/www.blogsoestado.com\/danielmatos\/presidida-por-lobao-ccj-aprova-projeto-que-obriga-informar-deficiencia-em-caso-de-violencia-domestica\/"]}]},{"@type":"BreadcrumbList","@id":"https:\/\/www.blogsoestado.com\/danielmatos\/presidida-por-lobao-ccj-aprova-projeto-que-obriga-informar-deficiencia-em-caso-de-violencia-domestica\/#breadcrumb","itemListElement":[{"@type":"ListItem","position":1,"name":"In\u00edcio","item":"https:\/\/www.blogsoestado.com\/danielmatos\/"},{"@type":"ListItem","position":2,"name":"Presidida por Lob\u00e3o, CCJ aprova projeto que obriga informar defici\u00eancia em caso de viol\u00eancia dom\u00e9stica"}]},{"@type":"WebSite","@id":"https:\/\/www.blogsoestado.com\/danielmatos\/#website","url":"https:\/\/www.blogsoestado.com\/danielmatos\/","name":"Daniel Matos","description":"","potentialAction":[{"@type":"SearchAction","target":{"@type":"EntryPoint","urlTemplate":"https:\/\/www.blogsoestado.com\/danielmatos\/?s={search_term_string}"},"query-input":{"@type":"PropertyValueSpecification","valueRequired":true,"valueName":"search_term_string"}}],"inLanguage":"pt-BR"}]}},"jetpack_featured_media_url":"","_links":{"self":[{"href":"https:\/\/www.blogsoestado.com\/danielmatos\/wp-json\/wp\/v2\/posts\/51197","targetHints":{"allow":["GET"]}}],"collection":[{"href":"https:\/\/www.blogsoestado.com\/danielmatos\/wp-json\/wp\/v2\/posts"}],"about":[{"href":"https:\/\/www.blogsoestado.com\/danielmatos\/wp-json\/wp\/v2\/types\/post"}],"replies":[{"embeddable":true,"href":"https:\/\/www.blogsoestado.com\/danielmatos\/wp-json\/wp\/v2\/comments?post=51197"}],"version-history":[{"count":0,"href":"https:\/\/www.blogsoestado.com\/danielmatos\/wp-json\/wp\/v2\/posts\/51197\/revisions"}],"wp:attachment":[{"href":"https:\/\/www.blogsoestado.com\/danielmatos\/wp-json\/wp\/v2\/media?parent=51197"}],"wp:term":[{"taxonomy":"category","embeddable":true,"href":"https:\/\/www.blogsoestado.com\/danielmatos\/wp-json\/wp\/v2\/categories?post=51197"},{"taxonomy":"post_tag","embeddable":true,"href":"https:\/\/www.blogsoestado.com\/danielmatos\/wp-json\/wp\/v2\/tags?post=51197"}],"curies":[{"name":"wp","href":"https:\/\/api.w.org\/{rel}","templated":true}]}}