{"id":51206,"date":"2018-05-11T10:32:39","date_gmt":"2018-05-11T13:32:39","guid":{"rendered":"https:\/\/www.blogsoestado.com\/danielmatos\/?p=51206"},"modified":"2018-05-11T10:32:39","modified_gmt":"2018-05-11T13:32:39","slug":"tiro-saiu-pela-culatra-decreto-de-dino-contra-dino","status":"publish","type":"post","link":"https:\/\/www.blogsoestado.com\/danielmatos\/tiro-saiu-pela-culatra-decreto-de-dino-contra-dino\/","title":{"rendered":"Tiro saiu pela culatra: decreto de Dino contra Dino!"},"content":{"rendered":"<p><strong>Por Mozart Baldez*<\/strong><\/p>\n<figure id=\"attachment_47845\" aria-describedby=\"caption-attachment-47845\" style=\"width: 450px\" class=\"wp-caption alignright\"><img fetchpriority=\"high\" decoding=\"async\" class=\"wp-image-47845\" src=\"https:\/\/www.blogsoestado.com\/danielmatos\/files\/2018\/01\/w-veiculos2.jpg\" alt=\"\" width=\"450\" height=\"338\" \/><figcaption id=\"caption-attachment-47845\" class=\"wp-caption-text\">Blitze do BPRV costumavam resultar na apreens\u00e3o de v\u00e1rios ve\u00edculos, que s\u00e3o encaminhados a leil\u00e3o<\/figcaption><\/figure>\n<p>Ao editar um Decreto proibindo ou impedindo que ve\u00edculos com IPVA atrasados sejam apreendidos no Estado do Maranh\u00e3o, o Governador do Estado atirou no seu pr\u00f3prio p\u00e9.<\/p>\n<p>A ordem para as apreens\u00f5es partiam do seu pr\u00f3prio governo e agora o pr\u00f3prio governo pro\u00edbe o que ele mesmo determinava. Ora bolas. D\u00e1 para entender ou n\u00e3o?<\/p>\n<p>E os ve\u00edculos que foram leiloados? o lesado ingressa em ju\u00edzo contra o Estado e pede o pagamento indenizat\u00f3rio com perdas e danos morais e materiais.<\/p>\n<p>Na verdade, a pr\u00e1tica de confisca\u00e7\u00e3o dos ve\u00edculos em blitze por causa do atraso do IPVA \u00e9 considerada inconstitucional se a apreens\u00e3o se der exclusivamente devido ao tributo atrasado. O governo poderia e poder\u00e1 recorrer a outras formas de cobran\u00e7a do imposto, sem precisar ofender o direito \u00e0 propriedade, garantido pela Constitui\u00e7\u00e3o Federal. O Estado n\u00e3o pode executar de of\u00edcio, isto \u00e9, sem o Judici\u00e1rio, o d\u00e9bito que o contribuinte tenha. O Supremo Tribunal (STF) Federal j\u00e1 tomou decis\u00f5es no sentido de que o Estado n\u00e3o pode fazer apreens\u00e3o de bens para cobrar d\u00edvidas tribut\u00e1rias. Contudo, as decis\u00f5es se referem a quest\u00f5es comerciais, por isso o entendimento de que isso se aplicaria ao IPVA n\u00e3o \u00e9 pacificado.<\/p>\n<p>A possibilidade de indeniza\u00e7\u00e3o ocorreria pelo abuso de autoridade nos casos em que a apreens\u00e3o do ve\u00edculo ocorrer exclusivamente por falta de pagamento do IPVA. O artigo 37 da Constitui\u00e7\u00e3o, par\u00e1grafo 6\u00ba, define que \u201cas pessoas jur\u00eddicas de direito p\u00fablico e as de direito privado prestadoras de servi\u00e7os p\u00fablicos responder\u00e3o pelos danos que seus agentes, nessa qualidade, causarem a terceiros\u201d. Com base nesse fator constitucional caberia ao Estado indenizar o particular afetado pelos atos de seus agentes.<\/p>\n<p>Seria necess\u00e1ria, ainda, a comprova\u00e7\u00e3o dos preju\u00edzos que o propriet\u00e1rio do carro teve devido \u00e0 sua apreens\u00e3o, com a apresenta\u00e7\u00e3o de recibos de t\u00e1xi. Profissionais que utilizam o carro para trabalhar, como taxistas ou entregadores t\u00eam mais facilidade para fazer essa comprova\u00e7\u00e3o.<\/p>\n<p><strong>*Advogado, presidente do Sindicato dos\u00a0Advogados do Estado do Maranh\u00e3o (Sama)<\/strong><\/p>\n","protected":false},"excerpt":{"rendered":"<p>Por Mozart Baldez* Ao editar um Decreto proibindo ou impedindo que ve\u00edculos com IPVA atrasados sejam apreendidos no Estado do [&hellip;]<\/p>\n","protected":false},"author":0,"featured_media":0,"comment_status":"open","ping_status":"open","sticky":false,"template":"","format":"standard","meta":{"site-sidebar-layout":"default","site-content-layout":"","ast-site-content-layout":"default","site-content-style":"default","site-sidebar-style":"default","ast-global-header-display":"","ast-banner-title-visibility":"","ast-main-header-display":"","ast-hfb-above-header-display":"","ast-hfb-below-header-display":"","ast-hfb-mobile-header-display":"","site-post-title":"","ast-breadcrumbs-content":"","ast-featured-img":"","footer-sml-layout":"","ast-disable-related-posts":"","theme-transparent-header-meta":"","adv-header-id-meta":"","stick-header-meta":"","header-above-stick-meta":"","header-main-stick-meta":"","header-below-stick-meta":"","astra-migrate-meta-layouts":"default","ast-page-background-enabled":"default","ast-page-background-meta":{"desktop":{"background-color":"var(--ast-global-color-5)","background-image":"","background-repeat":"repeat","background-position":"center center","background-size":"auto","background-attachment":"scroll","background-type":"","background-media":"","overlay-type":"","overlay-color":"","overlay-opacity":"","overlay-gradient":""},"tablet":{"background-color":"","background-image":"","background-repeat":"repeat","background-position":"center center","background-size":"auto","background-attachment":"scroll","background-type":"","background-media":"","overlay-type":"","overlay-color":"","overlay-opacity":"","overlay-gradient":""},"mobile":{"background-color":"","background-image":"","background-repeat":"repeat","background-position":"center center","background-size":"auto","background-attachment":"scroll","background-type":"","background-media":"","overlay-type":"","overlay-color":"","overlay-opacity":"","overlay-gradient":""}},"ast-content-background-meta":{"desktop":{"background-color":"var(--ast-global-color-4)","background-image":"","background-repeat":"repeat","background-position":"center center","background-size":"auto","background-attachment":"scroll","background-type":"","background-media":"","overlay-type":"","overlay-color":"","overlay-opacity":"","overlay-gradient":""},"tablet":{"background-color":"var(--ast-global-color-4)","background-image":"","background-repeat":"repeat","background-position":"center center","background-size":"auto","background-attachment":"scroll","background-type":"","background-media":"","overlay-type":"","overlay-color":"","overlay-opacity":"","overlay-gradient":""},"mobile":{"background-color":"var(--ast-global-color-4)","background-image":"","background-repeat":"repeat","background-position":"center center","background-size":"auto","background-attachment":"scroll","background-type":"","background-media":"","overlay-type":"","overlay-color":"","overlay-opacity":"","overlay-gradient":""}},"footnotes":""},"categories":[1],"tags":[],"class_list":["post-51206","post","type-post","status-publish","format-standard","hentry","category-sem-categoria"],"yoast_head":"<!-- This site is optimized with the Yoast SEO plugin v26.6 - https:\/\/yoast.com\/wordpress\/plugins\/seo\/ -->\n<title>Tiro saiu pela culatra: decreto de Dino contra Dino! - Daniel Matos<\/title>\n<meta name=\"robots\" content=\"index, follow, max-snippet:-1, max-image-preview:large, max-video-preview:-1\" \/>\n<link rel=\"canonical\" href=\"https:\/\/www.blogsoestado.com\/danielmatos\/tiro-saiu-pela-culatra-decreto-de-dino-contra-dino\/\" \/>\n<meta property=\"og:locale\" content=\"pt_BR\" \/>\n<meta property=\"og:type\" content=\"article\" \/>\n<meta property=\"og:title\" content=\"Tiro saiu pela culatra: decreto de Dino contra Dino! - Daniel Matos\" \/>\n<meta property=\"og:description\" content=\"Por Mozart Baldez* Ao editar um Decreto proibindo ou impedindo que ve\u00edculos com IPVA atrasados sejam apreendidos no Estado do [&hellip;]\" \/>\n<meta property=\"og:url\" content=\"https:\/\/www.blogsoestado.com\/danielmatos\/tiro-saiu-pela-culatra-decreto-de-dino-contra-dino\/\" \/>\n<meta property=\"og:site_name\" content=\"Daniel Matos\" \/>\n<meta property=\"article:published_time\" content=\"2018-05-11T13:32:39+00:00\" \/>\n<meta property=\"og:image\" content=\"https:\/\/www.blogsoestado.com\/danielmatos\/files\/2018\/01\/w-veiculos2.jpg\" \/>\n<meta name=\"twitter:card\" content=\"summary_large_image\" \/>\n<meta name=\"twitter:label1\" content=\"Est. tempo de leitura\" \/>\n\t<meta name=\"twitter:data1\" content=\"2 minutos\" \/>\n<script type=\"application\/ld+json\" class=\"yoast-schema-graph\">{\"@context\":\"https:\/\/schema.org\",\"@graph\":[{\"@type\":\"WebPage\",\"@id\":\"https:\/\/www.blogsoestado.com\/danielmatos\/tiro-saiu-pela-culatra-decreto-de-dino-contra-dino\/\",\"url\":\"https:\/\/www.blogsoestado.com\/danielmatos\/tiro-saiu-pela-culatra-decreto-de-dino-contra-dino\/\",\"name\":\"Tiro saiu pela culatra: decreto de Dino contra Dino! - Daniel Matos\",\"isPartOf\":{\"@id\":\"https:\/\/www.blogsoestado.com\/danielmatos\/#website\"},\"primaryImageOfPage\":{\"@id\":\"https:\/\/www.blogsoestado.com\/danielmatos\/tiro-saiu-pela-culatra-decreto-de-dino-contra-dino\/#primaryimage\"},\"image\":{\"@id\":\"https:\/\/www.blogsoestado.com\/danielmatos\/tiro-saiu-pela-culatra-decreto-de-dino-contra-dino\/#primaryimage\"},\"thumbnailUrl\":\"https:\/\/www.blogsoestado.com\/danielmatos\/files\/2018\/01\/w-veiculos2.jpg\",\"datePublished\":\"2018-05-11T13:32:39+00:00\",\"author\":{\"@id\":\"\"},\"breadcrumb\":{\"@id\":\"https:\/\/www.blogsoestado.com\/danielmatos\/tiro-saiu-pela-culatra-decreto-de-dino-contra-dino\/#breadcrumb\"},\"inLanguage\":\"pt-BR\",\"potentialAction\":[{\"@type\":\"ReadAction\",\"target\":[\"https:\/\/www.blogsoestado.com\/danielmatos\/tiro-saiu-pela-culatra-decreto-de-dino-contra-dino\/\"]}]},{\"@type\":\"ImageObject\",\"inLanguage\":\"pt-BR\",\"@id\":\"https:\/\/www.blogsoestado.com\/danielmatos\/tiro-saiu-pela-culatra-decreto-de-dino-contra-dino\/#primaryimage\",\"url\":\"https:\/\/www.blogsoestado.com\/danielmatos\/files\/2018\/01\/w-veiculos2.jpg\",\"contentUrl\":\"https:\/\/www.blogsoestado.com\/danielmatos\/files\/2018\/01\/w-veiculos2.jpg\"},{\"@type\":\"BreadcrumbList\",\"@id\":\"https:\/\/www.blogsoestado.com\/danielmatos\/tiro-saiu-pela-culatra-decreto-de-dino-contra-dino\/#breadcrumb\",\"itemListElement\":[{\"@type\":\"ListItem\",\"position\":1,\"name\":\"In\u00edcio\",\"item\":\"https:\/\/www.blogsoestado.com\/danielmatos\/\"},{\"@type\":\"ListItem\",\"position\":2,\"name\":\"Tiro saiu pela culatra: decreto de Dino contra Dino!\"}]},{\"@type\":\"WebSite\",\"@id\":\"https:\/\/www.blogsoestado.com\/danielmatos\/#website\",\"url\":\"https:\/\/www.blogsoestado.com\/danielmatos\/\",\"name\":\"Daniel Matos\",\"description\":\"\",\"potentialAction\":[{\"@type\":\"SearchAction\",\"target\":{\"@type\":\"EntryPoint\",\"urlTemplate\":\"https:\/\/www.blogsoestado.com\/danielmatos\/?s={search_term_string}\"},\"query-input\":{\"@type\":\"PropertyValueSpecification\",\"valueRequired\":true,\"valueName\":\"search_term_string\"}}],\"inLanguage\":\"pt-BR\"}]}<\/script>\n<!-- \/ Yoast SEO plugin. -->","yoast_head_json":{"title":"Tiro saiu pela culatra: decreto de Dino contra Dino! - Daniel Matos","robots":{"index":"index","follow":"follow","max-snippet":"max-snippet:-1","max-image-preview":"max-image-preview:large","max-video-preview":"max-video-preview:-1"},"canonical":"https:\/\/www.blogsoestado.com\/danielmatos\/tiro-saiu-pela-culatra-decreto-de-dino-contra-dino\/","og_locale":"pt_BR","og_type":"article","og_title":"Tiro saiu pela culatra: decreto de Dino contra Dino! - Daniel Matos","og_description":"Por Mozart Baldez* Ao editar um Decreto proibindo ou impedindo que ve\u00edculos com IPVA atrasados sejam apreendidos no Estado do [&hellip;]","og_url":"https:\/\/www.blogsoestado.com\/danielmatos\/tiro-saiu-pela-culatra-decreto-de-dino-contra-dino\/","og_site_name":"Daniel Matos","article_published_time":"2018-05-11T13:32:39+00:00","og_image":[{"url":"https:\/\/www.blogsoestado.com\/danielmatos\/files\/2018\/01\/w-veiculos2.jpg","type":"","width":"","height":""}],"twitter_card":"summary_large_image","twitter_misc":{"Est. tempo de leitura":"2 minutos"},"schema":{"@context":"https:\/\/schema.org","@graph":[{"@type":"WebPage","@id":"https:\/\/www.blogsoestado.com\/danielmatos\/tiro-saiu-pela-culatra-decreto-de-dino-contra-dino\/","url":"https:\/\/www.blogsoestado.com\/danielmatos\/tiro-saiu-pela-culatra-decreto-de-dino-contra-dino\/","name":"Tiro saiu pela culatra: decreto de Dino contra Dino! - Daniel Matos","isPartOf":{"@id":"https:\/\/www.blogsoestado.com\/danielmatos\/#website"},"primaryImageOfPage":{"@id":"https:\/\/www.blogsoestado.com\/danielmatos\/tiro-saiu-pela-culatra-decreto-de-dino-contra-dino\/#primaryimage"},"image":{"@id":"https:\/\/www.blogsoestado.com\/danielmatos\/tiro-saiu-pela-culatra-decreto-de-dino-contra-dino\/#primaryimage"},"thumbnailUrl":"https:\/\/www.blogsoestado.com\/danielmatos\/files\/2018\/01\/w-veiculos2.jpg","datePublished":"2018-05-11T13:32:39+00:00","author":{"@id":""},"breadcrumb":{"@id":"https:\/\/www.blogsoestado.com\/danielmatos\/tiro-saiu-pela-culatra-decreto-de-dino-contra-dino\/#breadcrumb"},"inLanguage":"pt-BR","potentialAction":[{"@type":"ReadAction","target":["https:\/\/www.blogsoestado.com\/danielmatos\/tiro-saiu-pela-culatra-decreto-de-dino-contra-dino\/"]}]},{"@type":"ImageObject","inLanguage":"pt-BR","@id":"https:\/\/www.blogsoestado.com\/danielmatos\/tiro-saiu-pela-culatra-decreto-de-dino-contra-dino\/#primaryimage","url":"https:\/\/www.blogsoestado.com\/danielmatos\/files\/2018\/01\/w-veiculos2.jpg","contentUrl":"https:\/\/www.blogsoestado.com\/danielmatos\/files\/2018\/01\/w-veiculos2.jpg"},{"@type":"BreadcrumbList","@id":"https:\/\/www.blogsoestado.com\/danielmatos\/tiro-saiu-pela-culatra-decreto-de-dino-contra-dino\/#breadcrumb","itemListElement":[{"@type":"ListItem","position":1,"name":"In\u00edcio","item":"https:\/\/www.blogsoestado.com\/danielmatos\/"},{"@type":"ListItem","position":2,"name":"Tiro saiu pela culatra: decreto de Dino contra Dino!"}]},{"@type":"WebSite","@id":"https:\/\/www.blogsoestado.com\/danielmatos\/#website","url":"https:\/\/www.blogsoestado.com\/danielmatos\/","name":"Daniel Matos","description":"","potentialAction":[{"@type":"SearchAction","target":{"@type":"EntryPoint","urlTemplate":"https:\/\/www.blogsoestado.com\/danielmatos\/?s={search_term_string}"},"query-input":{"@type":"PropertyValueSpecification","valueRequired":true,"valueName":"search_term_string"}}],"inLanguage":"pt-BR"}]}},"jetpack_featured_media_url":"","_links":{"self":[{"href":"https:\/\/www.blogsoestado.com\/danielmatos\/wp-json\/wp\/v2\/posts\/51206","targetHints":{"allow":["GET"]}}],"collection":[{"href":"https:\/\/www.blogsoestado.com\/danielmatos\/wp-json\/wp\/v2\/posts"}],"about":[{"href":"https:\/\/www.blogsoestado.com\/danielmatos\/wp-json\/wp\/v2\/types\/post"}],"replies":[{"embeddable":true,"href":"https:\/\/www.blogsoestado.com\/danielmatos\/wp-json\/wp\/v2\/comments?post=51206"}],"version-history":[{"count":0,"href":"https:\/\/www.blogsoestado.com\/danielmatos\/wp-json\/wp\/v2\/posts\/51206\/revisions"}],"wp:attachment":[{"href":"https:\/\/www.blogsoestado.com\/danielmatos\/wp-json\/wp\/v2\/media?parent=51206"}],"wp:term":[{"taxonomy":"category","embeddable":true,"href":"https:\/\/www.blogsoestado.com\/danielmatos\/wp-json\/wp\/v2\/categories?post=51206"},{"taxonomy":"post_tag","embeddable":true,"href":"https:\/\/www.blogsoestado.com\/danielmatos\/wp-json\/wp\/v2\/tags?post=51206"}],"curies":[{"name":"wp","href":"https:\/\/api.w.org\/{rel}","templated":true}]}}