{"id":51216,"date":"2018-05-11T17:36:41","date_gmt":"2018-05-11T20:36:41","guid":{"rendered":"https:\/\/www.blogsoestado.com\/danielmatos\/?p=51216"},"modified":"2018-05-11T17:36:41","modified_gmt":"2018-05-11T20:36:41","slug":"aldo-rebelo-destaca-agenda-para-crescimento-economico-aos-empresarios","status":"publish","type":"post","link":"https:\/\/www.blogsoestado.com\/danielmatos\/aldo-rebelo-destaca-agenda-para-crescimento-economico-aos-empresarios\/","title":{"rendered":"Aldo Rebelo destaca agenda para crescimento econ\u00f4mico aos empres\u00e1rios"},"content":{"rendered":"<figure id=\"attachment_51217\" aria-describedby=\"caption-attachment-51217\" style=\"width: 640px\" class=\"wp-caption aligncenter\"><img fetchpriority=\"high\" decoding=\"async\" class=\"size-full wp-image-51217\" src=\"https:\/\/www.blogsoestado.com\/danielmatos\/files\/2018\/05\/aldo-fecomercio.jpg\" alt=\"\" width=\"640\" height=\"427\" \/><figcaption id=\"caption-attachment-51217\" class=\"wp-caption-text\">Aldo Rebelo destacou a pot\u00eancia do Porto do Itaqui e a necessidade de implanta\u00e7\u00e3o da Segunda Esquadra da Marinha no Maranh\u00e3o<\/figcaption><\/figure>\n<p>Com o objetivo de debater o cen\u00e1rio econ\u00f4mico e empresarial brasileiro, o pr\u00e9-candidato \u00e0 presid\u00eancia da Rep\u00fablica Aldo Rebelo esteve reunido, na manh\u00e3 desta sexta-feira (11), com empres\u00e1rios de diversos segmentos produtivos do Maranh\u00e3o. O encontro, promovido pela Associa\u00e7\u00e3o Comercial do Maranh\u00e3o (ACM), C\u00e2mara de Dirigentes Lojistas de S\u00e3o Lu\u00eds (CDL), Federa\u00e7\u00e3o do Com\u00e9rcio de Bens, Servi\u00e7os e Turismo do Estado do Maranh\u00e3o (Fecom\u00e9rcio) e Federa\u00e7\u00e3o das Ind\u00fastrias do Estado do Maranh\u00e3o (Fiema), aconteceu no Grand S\u00e3o Lu\u00eds Hotel.<\/p>\n<p>Na abertura do evento, o vice-presidente da Fecom\u00e9rcio-MA, Marcelino Ramos Ara\u00fajo, destacou a import\u00e2ncia da realiza\u00e7\u00e3o do encontro e a parceria das entidades empresariais para a amplia\u00e7\u00e3o da representatividade da classe empresarial no Maranh\u00e3o. \u201cGostaria de parabenizar a ACM, a CDL, a Fiema, a Fecom\u00e9rcio e todas as demais entidades empresariais que tamb\u00e9m t\u00eam participa\u00e7\u00e3o ativa nesse processo de uni\u00e3o dos empres\u00e1rios de diferentes segmentos e ramos de atividades&#8221;, enfatizou Marcelino Ara\u00fajo.<\/p>\n<p>Durante o Encontro Empresarial, Aldo Rebelo enfatizou que n\u00e3o existe sa\u00edda para as adversidades do Maranh\u00e3o sem resolver as adversidades do Brasil. \u201cHoje existe uma desorienta\u00e7\u00e3o no pa\u00eds, que desvia o Brasil da sua agenda central que come\u00e7a pela volta do crescimento e do desenvolvimento. N\u00e3o tem sa\u00edda para a crise fiscal ou da previd\u00eancia se a economia n\u00e3o voltar a crescer. O Brasil \u00e9 um pa\u00eds preparado para n\u00e3o crescer. \u00c9 preciso remover os obst\u00e1culos ao investimento, pois o pa\u00eds vem perdendo investimentos\u201d, iniciou o ex-ministro.<\/p>\n<p>O pr\u00e9-candidato \u00e0 presid\u00eancia da Rep\u00fablica tamb\u00e9m tratou sobre a quest\u00e3o das desigualdades, como a falta de sa\u00fade e educa\u00e7\u00e3o adequadas, que s\u00e3o entraves para o crescimento. Aldo Rebelo destacou que n\u00e3o se trata apenas de um problema de renda, mas tamb\u00e9m de oportunidades. \u201cA democracia do respeito, da toler\u00e2ncia e da conviv\u00eancia foi se perdendo no pa\u00eds. Foi criada uma cultura do \u00f3dio e as pessoas n\u00e3o est\u00e3o dispostas a ouvir o diferente\u201d, completou Rebelo.<\/p>\n<p>Sobre o Maranh\u00e3o, Aldo Rebelo destacou a pot\u00eancia do Porto do Itaqui e a necessidade de implanta\u00e7\u00e3o da Segunda Esquadra da Marinha no estado. \u201cTemos um mapa de grandes possibilidades para o desenvolvimento do Maranh\u00e3o, na \u00e1rea da Defesa, agricultura, piscicultura agroind\u00fastria, espacial. O porto do Itaqui est\u00e1 destinado a ser um dos mais importantes do mundo. O meu compromisso \u00e9 fazer com que o Brasil volte a crescer, se tornando mais competitivo, mais democratizado e menos desigual\u201d, enfatizou.<\/p>\n<p><strong>Reformas e Desenvolvimento<\/strong><\/p>\n<figure id=\"attachment_51218\" aria-describedby=\"caption-attachment-51218\" style=\"width: 640px\" class=\"wp-caption aligncenter\"><img decoding=\"async\" class=\"size-full wp-image-51218\" src=\"https:\/\/www.blogsoestado.com\/danielmatos\/files\/2018\/05\/aldo-fecomercio2.jpg\" alt=\"\" width=\"640\" height=\"427\" \/><figcaption id=\"caption-attachment-51218\" class=\"wp-caption-text\">Presidenci\u00e1vel Aldo Rebelo com dirigentes do com\u00e9rcio e da ind\u00fastria locais<\/figcaption><\/figure>\n<p>Ap\u00f3s esse primeiro momento, foi aberto o espa\u00e7o para perguntas e debate de proposi\u00e7\u00f5es para o desenvolvimento do cen\u00e1rio econ\u00f4mico brasileiro e, especialmente, maranhense.<\/p>\n<p>O primeiro questionamento foi realizado pelo vice-presidente para Assuntos de Economia e Finan\u00e7as da ACM, Fernando Duailibe, que destacou o cen\u00e1rio de queda da produtividade nacional, o aumento da inefici\u00eancia governamental e o incha\u00e7o da m\u00e1quina p\u00fablica observados nos \u00faltimos governos.<\/p>\n<p>Nesse sentido, Fernando Duailibe questionou sobre o desenvolvimento do Brasil em meio ao desequil\u00edbrio fiscal. Para Aldo Rebelo, o pa\u00eds n\u00e3o tem recurso para cobrir o or\u00e7amento b\u00e1sico e isso \u00e9 um entrave para a competitividade e desenvolvimento.<\/p>\n<p>Em seguida, o diretor da CDL Marcelo Rezende, abordou sobre a carga tribut\u00e1ria brasileira e os gastos p\u00fablicos, assim como a correta aplica\u00e7\u00e3o do dinheiro p\u00fablico e uma poss\u00edvel reforma tribut\u00e1ria. Nesse mesmo contexto de reformas que visam o crescimento econ\u00f4mico, o vice-presidente da Fecom\u00e9rcio-MA, Marcelino Ara\u00fajo, questionou sobre o futuro do emprego no Brasil com a reforma Trabalhista.<\/p>\n<p>\u201c\u00c9 preciso uma arquitetura para se fazer uma reforma tribut\u00e1ria em um pa\u00eds t\u00e3o desigual como o Brasil. \u00c9 como um pacote federativo, para cada estado \u00e9 um sentido diferente. \u00c9 preciso fazer com que essa burocracia custe menos e seja mais eficiente no pa\u00eds. Sou a favor das reformas, mas \u00e9 importante que todas as reformas realizadas no Brasil obede\u00e7am alguns crit\u00e9rios como, tornar o pa\u00eds mais competitivo, ouvindo empres\u00e1rios e trabalhadores, e que diminua as desigualdades\u201d, destacou o pr\u00e9-candidato.<\/p>\n<p>O presidente da Fiema, Edilson Baldez destacou a import\u00e2ncia da realiza\u00e7\u00e3o do encontro empresarial e questionou sobre os obst\u00e1culos para o crescimento econ\u00f4mico diante da estrutura atual do pa\u00eds. \u201cTemos grandes entraves que impedem o desenvolvimento do pa\u00eds e encontros como esse proporcionam espa\u00e7os para a discuss\u00e3o e compreens\u00e3o do que realmente est\u00e1 acontecendo com o nosso pa\u00eds. Os empres\u00e1rios precisam entender o atual cen\u00e1rio para que ocorra a recupera\u00e7\u00e3o da confian\u00e7a e da economia\u201d, destacou.<\/p>\n<p><strong>Mais<\/strong><\/p>\n<p>Outros assuntos como, o cen\u00e1rio de rela\u00e7\u00f5es entre o Poder Judici\u00e1rio e a pol\u00edtica nacional, pol\u00edticas p\u00fablicas que estimulem o empreendedorismo, al\u00e9m da possibilidade de conciliar mercado e estado, com a cria\u00e7\u00e3o de um ambiente favor\u00e1vel ao investimento privado, tamb\u00e9m foram debatidos durante o encontro com a classe empresarial.<\/p>\n","protected":false},"excerpt":{"rendered":"<p>Com o objetivo de debater o cen\u00e1rio econ\u00f4mico e empresarial brasileiro, o pr\u00e9-candidato \u00e0 presid\u00eancia da Rep\u00fablica Aldo Rebelo esteve [&hellip;]<\/p>\n","protected":false},"author":0,"featured_media":0,"comment_status":"open","ping_status":"open","sticky":false,"template":"","format":"standard","meta":{"site-sidebar-layout":"default","site-content-layout":"","ast-site-content-layout":"default","site-content-style":"default","site-sidebar-style":"default","ast-global-header-display":"","ast-banner-title-visibility":"","ast-main-header-display":"","ast-hfb-above-header-display":"","ast-hfb-below-header-display":"","ast-hfb-mobile-header-display":"","site-post-title":"","ast-breadcrumbs-content":"","ast-featured-img":"","footer-sml-layout":"","ast-disable-related-posts":"","theme-transparent-header-meta":"","adv-header-id-meta":"","stick-header-meta":"","header-above-stick-meta":"","header-main-stick-meta":"","header-below-stick-meta":"","astra-migrate-meta-layouts":"default","ast-page-background-enabled":"default","ast-page-background-meta":{"desktop":{"background-color":"var(--ast-global-color-5)","background-image":"","background-repeat":"repeat","background-position":"center center","background-size":"auto","background-attachment":"scroll","background-type":"","background-media":"","overlay-type":"","overlay-color":"","overlay-opacity":"","overlay-gradient":""},"tablet":{"background-color":"","background-image":"","background-repeat":"repeat","background-position":"center center","background-size":"auto","background-attachment":"scroll","background-type":"","background-media":"","overlay-type":"","overlay-color":"","overlay-opacity":"","overlay-gradient":""},"mobile":{"background-color":"","background-image":"","background-repeat":"repeat","background-position":"center center","background-size":"auto","background-attachment":"scroll","background-type":"","background-media":"","overlay-type":"","overlay-color":"","overlay-opacity":"","overlay-gradient":""}},"ast-content-background-meta":{"desktop":{"background-color":"var(--ast-global-color-4)","background-image":"","background-repeat":"repeat","background-position":"center center","background-size":"auto","background-attachment":"scroll","background-type":"","background-media":"","overlay-type":"","overlay-color":"","overlay-opacity":"","overlay-gradient":""},"tablet":{"background-color":"var(--ast-global-color-4)","background-image":"","background-repeat":"repeat","background-position":"center center","background-size":"auto","background-attachment":"scroll","background-type":"","background-media":"","overlay-type":"","overlay-color":"","overlay-opacity":"","overlay-gradient":""},"mobile":{"background-color":"var(--ast-global-color-4)","background-image":"","background-repeat":"repeat","background-position":"center center","background-size":"auto","background-attachment":"scroll","background-type":"","background-media":"","overlay-type":"","overlay-color":"","overlay-opacity":"","overlay-gradient":""}},"footnotes":""},"categories":[1],"tags":[],"class_list":["post-51216","post","type-post","status-publish","format-standard","hentry","category-sem-categoria"],"yoast_head":"<!-- This site is optimized with the Yoast SEO plugin v26.6 - https:\/\/yoast.com\/wordpress\/plugins\/seo\/ -->\n<title>Aldo Rebelo destaca agenda para crescimento econ\u00f4mico aos empres\u00e1rios - Daniel Matos<\/title>\n<meta name=\"robots\" content=\"index, follow, max-snippet:-1, max-image-preview:large, max-video-preview:-1\" \/>\n<link rel=\"canonical\" href=\"https:\/\/www.blogsoestado.com\/danielmatos\/aldo-rebelo-destaca-agenda-para-crescimento-economico-aos-empresarios\/\" \/>\n<meta property=\"og:locale\" content=\"pt_BR\" \/>\n<meta property=\"og:type\" content=\"article\" \/>\n<meta property=\"og:title\" content=\"Aldo Rebelo destaca agenda para crescimento econ\u00f4mico aos empres\u00e1rios - Daniel Matos\" \/>\n<meta property=\"og:description\" content=\"Com o objetivo de debater o cen\u00e1rio econ\u00f4mico e empresarial brasileiro, o pr\u00e9-candidato \u00e0 presid\u00eancia da Rep\u00fablica Aldo Rebelo esteve [&hellip;]\" \/>\n<meta property=\"og:url\" content=\"https:\/\/www.blogsoestado.com\/danielmatos\/aldo-rebelo-destaca-agenda-para-crescimento-economico-aos-empresarios\/\" \/>\n<meta property=\"og:site_name\" content=\"Daniel Matos\" \/>\n<meta property=\"article:published_time\" content=\"2018-05-11T20:36:41+00:00\" \/>\n<meta property=\"og:image\" content=\"https:\/\/www.blogsoestado.com\/danielmatos\/files\/2018\/05\/aldo-fecomercio.jpg\" \/>\n<meta name=\"twitter:card\" content=\"summary_large_image\" \/>\n<meta name=\"twitter:label1\" content=\"Est. tempo de leitura\" \/>\n\t<meta name=\"twitter:data1\" content=\"5 minutos\" \/>\n<script type=\"application\/ld+json\" class=\"yoast-schema-graph\">{\"@context\":\"https:\/\/schema.org\",\"@graph\":[{\"@type\":\"WebPage\",\"@id\":\"https:\/\/www.blogsoestado.com\/danielmatos\/aldo-rebelo-destaca-agenda-para-crescimento-economico-aos-empresarios\/\",\"url\":\"https:\/\/www.blogsoestado.com\/danielmatos\/aldo-rebelo-destaca-agenda-para-crescimento-economico-aos-empresarios\/\",\"name\":\"Aldo Rebelo destaca agenda para crescimento econ\u00f4mico aos empres\u00e1rios - Daniel Matos\",\"isPartOf\":{\"@id\":\"https:\/\/www.blogsoestado.com\/danielmatos\/#website\"},\"primaryImageOfPage\":{\"@id\":\"https:\/\/www.blogsoestado.com\/danielmatos\/aldo-rebelo-destaca-agenda-para-crescimento-economico-aos-empresarios\/#primaryimage\"},\"image\":{\"@id\":\"https:\/\/www.blogsoestado.com\/danielmatos\/aldo-rebelo-destaca-agenda-para-crescimento-economico-aos-empresarios\/#primaryimage\"},\"thumbnailUrl\":\"https:\/\/www.blogsoestado.com\/danielmatos\/files\/2018\/05\/aldo-fecomercio.jpg\",\"datePublished\":\"2018-05-11T20:36:41+00:00\",\"author\":{\"@id\":\"\"},\"breadcrumb\":{\"@id\":\"https:\/\/www.blogsoestado.com\/danielmatos\/aldo-rebelo-destaca-agenda-para-crescimento-economico-aos-empresarios\/#breadcrumb\"},\"inLanguage\":\"pt-BR\",\"potentialAction\":[{\"@type\":\"ReadAction\",\"target\":[\"https:\/\/www.blogsoestado.com\/danielmatos\/aldo-rebelo-destaca-agenda-para-crescimento-economico-aos-empresarios\/\"]}]},{\"@type\":\"ImageObject\",\"inLanguage\":\"pt-BR\",\"@id\":\"https:\/\/www.blogsoestado.com\/danielmatos\/aldo-rebelo-destaca-agenda-para-crescimento-economico-aos-empresarios\/#primaryimage\",\"url\":\"https:\/\/www.blogsoestado.com\/danielmatos\/files\/2018\/05\/aldo-fecomercio.jpg\",\"contentUrl\":\"https:\/\/www.blogsoestado.com\/danielmatos\/files\/2018\/05\/aldo-fecomercio.jpg\"},{\"@type\":\"BreadcrumbList\",\"@id\":\"https:\/\/www.blogsoestado.com\/danielmatos\/aldo-rebelo-destaca-agenda-para-crescimento-economico-aos-empresarios\/#breadcrumb\",\"itemListElement\":[{\"@type\":\"ListItem\",\"position\":1,\"name\":\"In\u00edcio\",\"item\":\"https:\/\/www.blogsoestado.com\/danielmatos\/\"},{\"@type\":\"ListItem\",\"position\":2,\"name\":\"Aldo Rebelo destaca agenda para crescimento econ\u00f4mico aos empres\u00e1rios\"}]},{\"@type\":\"WebSite\",\"@id\":\"https:\/\/www.blogsoestado.com\/danielmatos\/#website\",\"url\":\"https:\/\/www.blogsoestado.com\/danielmatos\/\",\"name\":\"Daniel Matos\",\"description\":\"\",\"potentialAction\":[{\"@type\":\"SearchAction\",\"target\":{\"@type\":\"EntryPoint\",\"urlTemplate\":\"https:\/\/www.blogsoestado.com\/danielmatos\/?s={search_term_string}\"},\"query-input\":{\"@type\":\"PropertyValueSpecification\",\"valueRequired\":true,\"valueName\":\"search_term_string\"}}],\"inLanguage\":\"pt-BR\"}]}<\/script>\n<!-- \/ Yoast SEO plugin. -->","yoast_head_json":{"title":"Aldo Rebelo destaca agenda para crescimento econ\u00f4mico aos empres\u00e1rios - Daniel Matos","robots":{"index":"index","follow":"follow","max-snippet":"max-snippet:-1","max-image-preview":"max-image-preview:large","max-video-preview":"max-video-preview:-1"},"canonical":"https:\/\/www.blogsoestado.com\/danielmatos\/aldo-rebelo-destaca-agenda-para-crescimento-economico-aos-empresarios\/","og_locale":"pt_BR","og_type":"article","og_title":"Aldo Rebelo destaca agenda para crescimento econ\u00f4mico aos empres\u00e1rios - Daniel Matos","og_description":"Com o objetivo de debater o cen\u00e1rio econ\u00f4mico e empresarial brasileiro, o pr\u00e9-candidato \u00e0 presid\u00eancia da Rep\u00fablica Aldo Rebelo esteve [&hellip;]","og_url":"https:\/\/www.blogsoestado.com\/danielmatos\/aldo-rebelo-destaca-agenda-para-crescimento-economico-aos-empresarios\/","og_site_name":"Daniel Matos","article_published_time":"2018-05-11T20:36:41+00:00","og_image":[{"url":"https:\/\/www.blogsoestado.com\/danielmatos\/files\/2018\/05\/aldo-fecomercio.jpg","type":"","width":"","height":""}],"twitter_card":"summary_large_image","twitter_misc":{"Est. tempo de leitura":"5 minutos"},"schema":{"@context":"https:\/\/schema.org","@graph":[{"@type":"WebPage","@id":"https:\/\/www.blogsoestado.com\/danielmatos\/aldo-rebelo-destaca-agenda-para-crescimento-economico-aos-empresarios\/","url":"https:\/\/www.blogsoestado.com\/danielmatos\/aldo-rebelo-destaca-agenda-para-crescimento-economico-aos-empresarios\/","name":"Aldo Rebelo destaca agenda para crescimento econ\u00f4mico aos empres\u00e1rios - Daniel Matos","isPartOf":{"@id":"https:\/\/www.blogsoestado.com\/danielmatos\/#website"},"primaryImageOfPage":{"@id":"https:\/\/www.blogsoestado.com\/danielmatos\/aldo-rebelo-destaca-agenda-para-crescimento-economico-aos-empresarios\/#primaryimage"},"image":{"@id":"https:\/\/www.blogsoestado.com\/danielmatos\/aldo-rebelo-destaca-agenda-para-crescimento-economico-aos-empresarios\/#primaryimage"},"thumbnailUrl":"https:\/\/www.blogsoestado.com\/danielmatos\/files\/2018\/05\/aldo-fecomercio.jpg","datePublished":"2018-05-11T20:36:41+00:00","author":{"@id":""},"breadcrumb":{"@id":"https:\/\/www.blogsoestado.com\/danielmatos\/aldo-rebelo-destaca-agenda-para-crescimento-economico-aos-empresarios\/#breadcrumb"},"inLanguage":"pt-BR","potentialAction":[{"@type":"ReadAction","target":["https:\/\/www.blogsoestado.com\/danielmatos\/aldo-rebelo-destaca-agenda-para-crescimento-economico-aos-empresarios\/"]}]},{"@type":"ImageObject","inLanguage":"pt-BR","@id":"https:\/\/www.blogsoestado.com\/danielmatos\/aldo-rebelo-destaca-agenda-para-crescimento-economico-aos-empresarios\/#primaryimage","url":"https:\/\/www.blogsoestado.com\/danielmatos\/files\/2018\/05\/aldo-fecomercio.jpg","contentUrl":"https:\/\/www.blogsoestado.com\/danielmatos\/files\/2018\/05\/aldo-fecomercio.jpg"},{"@type":"BreadcrumbList","@id":"https:\/\/www.blogsoestado.com\/danielmatos\/aldo-rebelo-destaca-agenda-para-crescimento-economico-aos-empresarios\/#breadcrumb","itemListElement":[{"@type":"ListItem","position":1,"name":"In\u00edcio","item":"https:\/\/www.blogsoestado.com\/danielmatos\/"},{"@type":"ListItem","position":2,"name":"Aldo Rebelo destaca agenda para crescimento econ\u00f4mico aos empres\u00e1rios"}]},{"@type":"WebSite","@id":"https:\/\/www.blogsoestado.com\/danielmatos\/#website","url":"https:\/\/www.blogsoestado.com\/danielmatos\/","name":"Daniel Matos","description":"","potentialAction":[{"@type":"SearchAction","target":{"@type":"EntryPoint","urlTemplate":"https:\/\/www.blogsoestado.com\/danielmatos\/?s={search_term_string}"},"query-input":{"@type":"PropertyValueSpecification","valueRequired":true,"valueName":"search_term_string"}}],"inLanguage":"pt-BR"}]}},"jetpack_featured_media_url":"","_links":{"self":[{"href":"https:\/\/www.blogsoestado.com\/danielmatos\/wp-json\/wp\/v2\/posts\/51216","targetHints":{"allow":["GET"]}}],"collection":[{"href":"https:\/\/www.blogsoestado.com\/danielmatos\/wp-json\/wp\/v2\/posts"}],"about":[{"href":"https:\/\/www.blogsoestado.com\/danielmatos\/wp-json\/wp\/v2\/types\/post"}],"replies":[{"embeddable":true,"href":"https:\/\/www.blogsoestado.com\/danielmatos\/wp-json\/wp\/v2\/comments?post=51216"}],"version-history":[{"count":0,"href":"https:\/\/www.blogsoestado.com\/danielmatos\/wp-json\/wp\/v2\/posts\/51216\/revisions"}],"wp:attachment":[{"href":"https:\/\/www.blogsoestado.com\/danielmatos\/wp-json\/wp\/v2\/media?parent=51216"}],"wp:term":[{"taxonomy":"category","embeddable":true,"href":"https:\/\/www.blogsoestado.com\/danielmatos\/wp-json\/wp\/v2\/categories?post=51216"},{"taxonomy":"post_tag","embeddable":true,"href":"https:\/\/www.blogsoestado.com\/danielmatos\/wp-json\/wp\/v2\/tags?post=51216"}],"curies":[{"name":"wp","href":"https:\/\/api.w.org\/{rel}","templated":true}]}}