{"id":51223,"date":"2018-05-12T07:47:48","date_gmt":"2018-05-12T10:47:48","guid":{"rendered":"https:\/\/www.blogsoestado.com\/danielmatos\/?p=51223"},"modified":"2018-05-12T07:47:48","modified_gmt":"2018-05-12T10:47:48","slug":"comunista-maranhense-detona-pretensao-de-flavio-dino-de-unir-esquerda-em-torno-de-ciro-gomes","status":"publish","type":"post","link":"https:\/\/www.blogsoestado.com\/danielmatos\/comunista-maranhense-detona-pretensao-de-flavio-dino-de-unir-esquerda-em-torno-de-ciro-gomes\/","title":{"rendered":"Comunista maranhense detona pretens\u00e3o de Fl\u00e1vio Dino de unir esquerda em torno de Ciro Gomes"},"content":{"rendered":"<figure id=\"attachment_51225\" aria-describedby=\"caption-attachment-51225\" style=\"width: 448px\" class=\"wp-caption alignleft\"><img fetchpriority=\"high\" decoding=\"async\" class=\"size-full wp-image-51225\" src=\"https:\/\/www.blogsoestado.com\/danielmatos\/files\/2018\/05\/steffano.jpg\" alt=\"\" width=\"448\" height=\"250\" \/><figcaption id=\"caption-attachment-51225\" class=\"wp-caption-text\">Steffano disse que Fl\u00e1vio Dino n\u00e3o est\u00e1 autorizado a falar em nome do PCdoB<\/figcaption><\/figure>\n<p>O empres\u00e1rio Steffano Silva Nunes, membro destacado do PCdoB no Maranh\u00e3o, repudiou a pretens\u00e3o do governador Fl\u00e1vio Dino (PCdoB) de unir todos os partidos de esquerda em torno da candidatura do presidenci\u00e1vel Ciro Gomes (PDT). No in\u00edcio desta semana, Dino deixou claro que n\u00e3o mais acredita na viabilidade legal da candidatura do ex-presidente Lula e defendeu a alian\u00e7a oposicionista, no plano nacional, em favor do pedetista cearense, a fim de levar a elei\u00e7\u00e3o presidencial ao segundo turno e conquistar a vit\u00f3ria.<\/p>\n<p>&#8220;Fl\u00e1vio Dino fala s\u00f3 por ele. O PCdoB tem candidata: Manuela D&#8217;\u00c1vila&#8221;, escreveu Steffano, no Facebook, em resposta ao coment\u00e1rio de um partid\u00e1rio do governador que manifestou concord\u00e2ncia com a opini\u00e3o do governador na rede social. &#8220;Ciro \u00e9 um bom nome. A esquerda deve marchar unida. Mas o momento de falar em quem sai ou quem fica n\u00e3o \u00e9 este&#8221;, continuou.<\/p>\n<p>Para o empres\u00e1rio comunista, o governador fala em nome do PCdoB sem qualquer legitimidade, pensando apenas em si pr\u00f3prio e com o intuito \u00fanico de se autopromover como lideran\u00e7a pol\u00edtica nacional. &#8220;Fl\u00e1vio tenta se projetar nacionalmente falando sem autoriza\u00e7\u00e3o do nosso partido&#8221;, detonou. <strong>Abaixo, o coment\u00e1rio de Steffano Nunes:<\/strong><\/p>\n<p><img decoding=\"async\" class=\"aligncenter size-full wp-image-51226\" src=\"https:\/\/www.blogsoestado.com\/danielmatos\/files\/2018\/05\/steffano2.png\" alt=\"\" width=\"640\" height=\"444\" \/><\/p>\n","protected":false},"excerpt":{"rendered":"<p>O empres\u00e1rio Steffano Silva Nunes, membro destacado do PCdoB no Maranh\u00e3o, repudiou a pretens\u00e3o do governador Fl\u00e1vio Dino (PCdoB) de [&hellip;]<\/p>\n","protected":false},"author":0,"featured_media":0,"comment_status":"open","ping_status":"open","sticky":false,"template":"","format":"standard","meta":{"site-sidebar-layout":"default","site-content-layout":"","ast-site-content-layout":"default","site-content-style":"default","site-sidebar-style":"default","ast-global-header-display":"","ast-banner-title-visibility":"","ast-main-header-display":"","ast-hfb-above-header-display":"","ast-hfb-below-header-display":"","ast-hfb-mobile-header-display":"","site-post-title":"","ast-breadcrumbs-content":"","ast-featured-img":"","footer-sml-layout":"","ast-disable-related-posts":"","theme-transparent-header-meta":"","adv-header-id-meta":"","stick-header-meta":"","header-above-stick-meta":"","header-main-stick-meta":"","header-below-stick-meta":"","astra-migrate-meta-layouts":"default","ast-page-background-enabled":"default","ast-page-background-meta":{"desktop":{"background-color":"var(--ast-global-color-5)","background-image":"","background-repeat":"repeat","background-position":"center center","background-size":"auto","background-attachment":"scroll","background-type":"","background-media":"","overlay-type":"","overlay-color":"","overlay-opacity":"","overlay-gradient":""},"tablet":{"background-color":"","background-image":"","background-repeat":"repeat","background-position":"center center","background-size":"auto","background-attachment":"scroll","background-type":"","background-media":"","overlay-type":"","overlay-color":"","overlay-opacity":"","overlay-gradient":""},"mobile":{"background-color":"","background-image":"","background-repeat":"repeat","background-position":"center center","background-size":"auto","background-attachment":"scroll","background-type":"","background-media":"","overlay-type":"","overlay-color":"","overlay-opacity":"","overlay-gradient":""}},"ast-content-background-meta":{"desktop":{"background-color":"var(--ast-global-color-4)","background-image":"","background-repeat":"repeat","background-position":"center center","background-size":"auto","background-attachment":"scroll","background-type":"","background-media":"","overlay-type":"","overlay-color":"","overlay-opacity":"","overlay-gradient":""},"tablet":{"background-color":"var(--ast-global-color-4)","background-image":"","background-repeat":"repeat","background-position":"center center","background-size":"auto","background-attachment":"scroll","background-type":"","background-media":"","overlay-type":"","overlay-color":"","overlay-opacity":"","overlay-gradient":""},"mobile":{"background-color":"var(--ast-global-color-4)","background-image":"","background-repeat":"repeat","background-position":"center center","background-size":"auto","background-attachment":"scroll","background-type":"","background-media":"","overlay-type":"","overlay-color":"","overlay-opacity":"","overlay-gradient":""}},"footnotes":""},"categories":[1],"tags":[],"class_list":["post-51223","post","type-post","status-publish","format-standard","hentry","category-sem-categoria"],"yoast_head":"<!-- This site is optimized with the Yoast SEO plugin v26.6 - https:\/\/yoast.com\/wordpress\/plugins\/seo\/ -->\n<title>Comunista maranhense detona pretens\u00e3o de Fl\u00e1vio Dino de unir esquerda em torno de Ciro Gomes - Daniel Matos<\/title>\n<meta name=\"robots\" content=\"index, follow, max-snippet:-1, max-image-preview:large, max-video-preview:-1\" \/>\n<link rel=\"canonical\" href=\"https:\/\/www.blogsoestado.com\/danielmatos\/comunista-maranhense-detona-pretensao-de-flavio-dino-de-unir-esquerda-em-torno-de-ciro-gomes\/\" \/>\n<meta property=\"og:locale\" content=\"pt_BR\" \/>\n<meta property=\"og:type\" content=\"article\" \/>\n<meta property=\"og:title\" content=\"Comunista maranhense detona pretens\u00e3o de Fl\u00e1vio Dino de unir esquerda em torno de Ciro Gomes - Daniel Matos\" \/>\n<meta property=\"og:description\" content=\"O empres\u00e1rio Steffano Silva Nunes, membro destacado do PCdoB no Maranh\u00e3o, repudiou a pretens\u00e3o do governador Fl\u00e1vio Dino (PCdoB) de [&hellip;]\" \/>\n<meta property=\"og:url\" content=\"https:\/\/www.blogsoestado.com\/danielmatos\/comunista-maranhense-detona-pretensao-de-flavio-dino-de-unir-esquerda-em-torno-de-ciro-gomes\/\" \/>\n<meta property=\"og:site_name\" content=\"Daniel Matos\" \/>\n<meta property=\"article:published_time\" content=\"2018-05-12T10:47:48+00:00\" \/>\n<meta property=\"og:image\" content=\"https:\/\/www.blogsoestado.com\/danielmatos\/files\/2018\/05\/steffano.jpg\" \/>\n<meta name=\"twitter:card\" content=\"summary_large_image\" \/>\n<meta name=\"twitter:label1\" content=\"Est. tempo de leitura\" \/>\n\t<meta name=\"twitter:data1\" content=\"1 minuto\" \/>\n<script type=\"application\/ld+json\" class=\"yoast-schema-graph\">{\"@context\":\"https:\/\/schema.org\",\"@graph\":[{\"@type\":\"WebPage\",\"@id\":\"https:\/\/www.blogsoestado.com\/danielmatos\/comunista-maranhense-detona-pretensao-de-flavio-dino-de-unir-esquerda-em-torno-de-ciro-gomes\/\",\"url\":\"https:\/\/www.blogsoestado.com\/danielmatos\/comunista-maranhense-detona-pretensao-de-flavio-dino-de-unir-esquerda-em-torno-de-ciro-gomes\/\",\"name\":\"Comunista maranhense detona pretens\u00e3o de Fl\u00e1vio Dino de unir esquerda em torno de Ciro Gomes - Daniel Matos\",\"isPartOf\":{\"@id\":\"https:\/\/www.blogsoestado.com\/danielmatos\/#website\"},\"primaryImageOfPage\":{\"@id\":\"https:\/\/www.blogsoestado.com\/danielmatos\/comunista-maranhense-detona-pretensao-de-flavio-dino-de-unir-esquerda-em-torno-de-ciro-gomes\/#primaryimage\"},\"image\":{\"@id\":\"https:\/\/www.blogsoestado.com\/danielmatos\/comunista-maranhense-detona-pretensao-de-flavio-dino-de-unir-esquerda-em-torno-de-ciro-gomes\/#primaryimage\"},\"thumbnailUrl\":\"https:\/\/www.blogsoestado.com\/danielmatos\/files\/2018\/05\/steffano.jpg\",\"datePublished\":\"2018-05-12T10:47:48+00:00\",\"author\":{\"@id\":\"\"},\"breadcrumb\":{\"@id\":\"https:\/\/www.blogsoestado.com\/danielmatos\/comunista-maranhense-detona-pretensao-de-flavio-dino-de-unir-esquerda-em-torno-de-ciro-gomes\/#breadcrumb\"},\"inLanguage\":\"pt-BR\",\"potentialAction\":[{\"@type\":\"ReadAction\",\"target\":[\"https:\/\/www.blogsoestado.com\/danielmatos\/comunista-maranhense-detona-pretensao-de-flavio-dino-de-unir-esquerda-em-torno-de-ciro-gomes\/\"]}]},{\"@type\":\"ImageObject\",\"inLanguage\":\"pt-BR\",\"@id\":\"https:\/\/www.blogsoestado.com\/danielmatos\/comunista-maranhense-detona-pretensao-de-flavio-dino-de-unir-esquerda-em-torno-de-ciro-gomes\/#primaryimage\",\"url\":\"https:\/\/www.blogsoestado.com\/danielmatos\/files\/2018\/05\/steffano.jpg\",\"contentUrl\":\"https:\/\/www.blogsoestado.com\/danielmatos\/files\/2018\/05\/steffano.jpg\"},{\"@type\":\"BreadcrumbList\",\"@id\":\"https:\/\/www.blogsoestado.com\/danielmatos\/comunista-maranhense-detona-pretensao-de-flavio-dino-de-unir-esquerda-em-torno-de-ciro-gomes\/#breadcrumb\",\"itemListElement\":[{\"@type\":\"ListItem\",\"position\":1,\"name\":\"In\u00edcio\",\"item\":\"https:\/\/www.blogsoestado.com\/danielmatos\/\"},{\"@type\":\"ListItem\",\"position\":2,\"name\":\"Comunista maranhense detona pretens\u00e3o de Fl\u00e1vio Dino de unir esquerda em torno de Ciro Gomes\"}]},{\"@type\":\"WebSite\",\"@id\":\"https:\/\/www.blogsoestado.com\/danielmatos\/#website\",\"url\":\"https:\/\/www.blogsoestado.com\/danielmatos\/\",\"name\":\"Daniel Matos\",\"description\":\"\",\"potentialAction\":[{\"@type\":\"SearchAction\",\"target\":{\"@type\":\"EntryPoint\",\"urlTemplate\":\"https:\/\/www.blogsoestado.com\/danielmatos\/?s={search_term_string}\"},\"query-input\":{\"@type\":\"PropertyValueSpecification\",\"valueRequired\":true,\"valueName\":\"search_term_string\"}}],\"inLanguage\":\"pt-BR\"}]}<\/script>\n<!-- \/ Yoast SEO plugin. -->","yoast_head_json":{"title":"Comunista maranhense detona pretens\u00e3o de Fl\u00e1vio Dino de unir esquerda em torno de Ciro Gomes - Daniel Matos","robots":{"index":"index","follow":"follow","max-snippet":"max-snippet:-1","max-image-preview":"max-image-preview:large","max-video-preview":"max-video-preview:-1"},"canonical":"https:\/\/www.blogsoestado.com\/danielmatos\/comunista-maranhense-detona-pretensao-de-flavio-dino-de-unir-esquerda-em-torno-de-ciro-gomes\/","og_locale":"pt_BR","og_type":"article","og_title":"Comunista maranhense detona pretens\u00e3o de Fl\u00e1vio Dino de unir esquerda em torno de Ciro Gomes - Daniel Matos","og_description":"O empres\u00e1rio Steffano Silva Nunes, membro destacado do PCdoB no Maranh\u00e3o, repudiou a pretens\u00e3o do governador Fl\u00e1vio Dino (PCdoB) de [&hellip;]","og_url":"https:\/\/www.blogsoestado.com\/danielmatos\/comunista-maranhense-detona-pretensao-de-flavio-dino-de-unir-esquerda-em-torno-de-ciro-gomes\/","og_site_name":"Daniel Matos","article_published_time":"2018-05-12T10:47:48+00:00","og_image":[{"url":"https:\/\/www.blogsoestado.com\/danielmatos\/files\/2018\/05\/steffano.jpg","type":"","width":"","height":""}],"twitter_card":"summary_large_image","twitter_misc":{"Est. tempo de leitura":"1 minuto"},"schema":{"@context":"https:\/\/schema.org","@graph":[{"@type":"WebPage","@id":"https:\/\/www.blogsoestado.com\/danielmatos\/comunista-maranhense-detona-pretensao-de-flavio-dino-de-unir-esquerda-em-torno-de-ciro-gomes\/","url":"https:\/\/www.blogsoestado.com\/danielmatos\/comunista-maranhense-detona-pretensao-de-flavio-dino-de-unir-esquerda-em-torno-de-ciro-gomes\/","name":"Comunista maranhense detona pretens\u00e3o de Fl\u00e1vio Dino de unir esquerda em torno de Ciro Gomes - Daniel Matos","isPartOf":{"@id":"https:\/\/www.blogsoestado.com\/danielmatos\/#website"},"primaryImageOfPage":{"@id":"https:\/\/www.blogsoestado.com\/danielmatos\/comunista-maranhense-detona-pretensao-de-flavio-dino-de-unir-esquerda-em-torno-de-ciro-gomes\/#primaryimage"},"image":{"@id":"https:\/\/www.blogsoestado.com\/danielmatos\/comunista-maranhense-detona-pretensao-de-flavio-dino-de-unir-esquerda-em-torno-de-ciro-gomes\/#primaryimage"},"thumbnailUrl":"https:\/\/www.blogsoestado.com\/danielmatos\/files\/2018\/05\/steffano.jpg","datePublished":"2018-05-12T10:47:48+00:00","author":{"@id":""},"breadcrumb":{"@id":"https:\/\/www.blogsoestado.com\/danielmatos\/comunista-maranhense-detona-pretensao-de-flavio-dino-de-unir-esquerda-em-torno-de-ciro-gomes\/#breadcrumb"},"inLanguage":"pt-BR","potentialAction":[{"@type":"ReadAction","target":["https:\/\/www.blogsoestado.com\/danielmatos\/comunista-maranhense-detona-pretensao-de-flavio-dino-de-unir-esquerda-em-torno-de-ciro-gomes\/"]}]},{"@type":"ImageObject","inLanguage":"pt-BR","@id":"https:\/\/www.blogsoestado.com\/danielmatos\/comunista-maranhense-detona-pretensao-de-flavio-dino-de-unir-esquerda-em-torno-de-ciro-gomes\/#primaryimage","url":"https:\/\/www.blogsoestado.com\/danielmatos\/files\/2018\/05\/steffano.jpg","contentUrl":"https:\/\/www.blogsoestado.com\/danielmatos\/files\/2018\/05\/steffano.jpg"},{"@type":"BreadcrumbList","@id":"https:\/\/www.blogsoestado.com\/danielmatos\/comunista-maranhense-detona-pretensao-de-flavio-dino-de-unir-esquerda-em-torno-de-ciro-gomes\/#breadcrumb","itemListElement":[{"@type":"ListItem","position":1,"name":"In\u00edcio","item":"https:\/\/www.blogsoestado.com\/danielmatos\/"},{"@type":"ListItem","position":2,"name":"Comunista maranhense detona pretens\u00e3o de Fl\u00e1vio Dino de unir esquerda em torno de Ciro Gomes"}]},{"@type":"WebSite","@id":"https:\/\/www.blogsoestado.com\/danielmatos\/#website","url":"https:\/\/www.blogsoestado.com\/danielmatos\/","name":"Daniel Matos","description":"","potentialAction":[{"@type":"SearchAction","target":{"@type":"EntryPoint","urlTemplate":"https:\/\/www.blogsoestado.com\/danielmatos\/?s={search_term_string}"},"query-input":{"@type":"PropertyValueSpecification","valueRequired":true,"valueName":"search_term_string"}}],"inLanguage":"pt-BR"}]}},"jetpack_featured_media_url":"","_links":{"self":[{"href":"https:\/\/www.blogsoestado.com\/danielmatos\/wp-json\/wp\/v2\/posts\/51223","targetHints":{"allow":["GET"]}}],"collection":[{"href":"https:\/\/www.blogsoestado.com\/danielmatos\/wp-json\/wp\/v2\/posts"}],"about":[{"href":"https:\/\/www.blogsoestado.com\/danielmatos\/wp-json\/wp\/v2\/types\/post"}],"replies":[{"embeddable":true,"href":"https:\/\/www.blogsoestado.com\/danielmatos\/wp-json\/wp\/v2\/comments?post=51223"}],"version-history":[{"count":0,"href":"https:\/\/www.blogsoestado.com\/danielmatos\/wp-json\/wp\/v2\/posts\/51223\/revisions"}],"wp:attachment":[{"href":"https:\/\/www.blogsoestado.com\/danielmatos\/wp-json\/wp\/v2\/media?parent=51223"}],"wp:term":[{"taxonomy":"category","embeddable":true,"href":"https:\/\/www.blogsoestado.com\/danielmatos\/wp-json\/wp\/v2\/categories?post=51223"},{"taxonomy":"post_tag","embeddable":true,"href":"https:\/\/www.blogsoestado.com\/danielmatos\/wp-json\/wp\/v2\/tags?post=51223"}],"curies":[{"name":"wp","href":"https:\/\/api.w.org\/{rel}","templated":true}]}}