{"id":51275,"date":"2018-05-13T21:02:33","date_gmt":"2018-05-14T00:02:33","guid":{"rendered":"https:\/\/www.blogsoestado.com\/danielmatos\/?p=51275"},"modified":"2018-05-13T21:02:33","modified_gmt":"2018-05-14T00:02:33","slug":"morre-o-ex-governador-epitacio-cafeteira-aos-93-anos","status":"publish","type":"post","link":"https:\/\/www.blogsoestado.com\/danielmatos\/morre-o-ex-governador-epitacio-cafeteira-aos-93-anos\/","title":{"rendered":"Morre o ex-governador Epit\u00e1cio Cafeteira, aos 93 anos"},"content":{"rendered":"<figure id=\"attachment_51276\" aria-describedby=\"caption-attachment-51276\" style=\"width: 600px\" class=\"wp-caption aligncenter\"><img fetchpriority=\"high\" decoding=\"async\" class=\"wp-image-51276\" src=\"https:\/\/www.blogsoestado.com\/danielmatos\/files\/2018\/05\/IMG-20180513-WA0061.jpg\" alt=\"\" width=\"600\" height=\"594\" \/><figcaption id=\"caption-attachment-51276\" class=\"wp-caption-text\">Epit\u00e1cio Cafeteira construiu carreira pol\u00edtica marcante em seis d\u00e9cadas de vida p\u00fablica<\/figcaption><\/figure>\n<p>Morreu, na tarde deste domingo, o ex-governador, ex-senador e ex-prefeito de S\u00e3o Lu\u00eds Epit\u00e1cio Cafeteira, aos 93 anos. Com a sa\u00fade extremamente debilitada, o pol\u00edtico estava sob cuidados m\u00e9dicos em casa, em Bras\u00edlia, em uma Unidade de Terapia Intensiva (UTI) domiciliar.<\/p>\n<p>Paraibano de nascimento, Cafeteira fez carreira na vida p\u00fablica no Maranh\u00e3o a partir da d\u00e9cada de 50, quando disputou sua primeira elei\u00e7\u00e3o e ficou na supl\u00eancia.<\/p>\n<p>Na d\u00e9cada de 60, foi eleito prefeito da capital e fez uma gest\u00e3o marcada por avan\u00e7os sociais e algumas pol\u00eamicas. A de maior repercuss\u00e3o foi a proibi\u00e7\u00e3o do uso de m\u00e1scaras em bailes carnavalescas, medida adotada como forma de evitar o aumento criminalidade no per\u00edodo de folia.<\/p>\n<p><strong>Governo<\/strong><\/p>\n<p>Ap\u00f3s deixar a prefeitura, elegeu-se sucessivas vezes deputado federal. Em 1986, ap\u00f3s reconciliar-se com o ent\u00e3o presidente da Rep\u00fablica, Jos\u00e9 Sarney, venceu o pleito para governador com 80% dos votos v\u00e1lidos, tendo como principal advers\u00e1rio o ex-governador Jo\u00e3o Castelo.<\/p>\n<p>Renunciou ao mandato em 1990, para disputar e vencer a elei\u00e7\u00e3o ao Senado Federal, e foi substitu\u00eddo no comando do Poder Executivo estadual pelo vice, Jo\u00e3o Alberto de Souza.<\/p>\n<p>Cafeteira disputou novamente o governo estadual em 1994, mas dessa vez foi derrotado por Roseana Sarney, no segundo turno.<\/p>\n<p>Em 2006, conquistou novamente vaga no Senado, seu \u00faltimo mandato pol\u00edtico, encerrado em 2014.<\/p>\n<p>O corpo de Cafeteira ser\u00e1 velado na Assembleia Legislativa. O presidente da Casa, deputado estadual Othelino Neto, decretou luto oficial por tr\u00eas dias em raz\u00e3o da morte do ex-governador.<\/p>\n<p><strong>NOTA DE FALECIMENTO<\/strong><\/p>\n<p>Com enorme pesar e com imensa tristeza, em nome da fam\u00edlia Cafeteira &#8211; Isabel Cafeteira, Jana\u00edna Cafeteira, Jos\u00e9 Epit\u00e1cio Cafeteira Neto e Jos\u00e9 Afr\u00e2nio &#8211; que comunico a todos o falecimento do meu tio, ex-governador e ex-senador, Epit\u00e1cio Cafeteira.<\/p>\n<p>Ele encontrava-se enfermo e inspirava cuidados, em UTI residencial, decorridos de seu delicado estado de sa\u00fade.<\/p>\n<p>Natural da Para\u00edba, Cafeteira veio ainda pequeno para o Maranh\u00e3o, onde construiu uma admir\u00e1vel hist\u00f3ria pol\u00edtica, dedicando a maior parte de sua vida a este estado, onde constituiu sua fam\u00edlia.<\/p>\n<p>Atualmente ele residia em Bras\u00edlia e estava com 93 anos, deixando vi\u00fava a minha tia Isabel, de filha a minha prima Isabel e netos.<\/p>\n<p>\u00c9 um momento de bastante tristeza para toda a fam\u00edlia. A perda, para mim que o considerava um segundo pai, est\u00e1 sendo muito dif\u00edcil, mas com a certeza que agora ele descansa nos bra\u00e7os do nosso Deus todo poderoso!<\/p>\n<p>Em nome de nossa fam\u00edlia, agrade\u00e7o as mensagens de solidariedade que temos recebido.<\/p>\n<p>S\u00e3o Lu\u00eds, 13 de maio de 2018<\/p>\n<p>Rog\u00e9rio Cafeteira<br \/>\nDeputado Estadual<\/p>\n","protected":false},"excerpt":{"rendered":"<p>Morreu, na tarde deste domingo, o ex-governador, ex-senador e ex-prefeito de S\u00e3o Lu\u00eds Epit\u00e1cio Cafeteira, aos 93 anos. Com a [&hellip;]<\/p>\n","protected":false},"author":0,"featured_media":0,"comment_status":"open","ping_status":"open","sticky":false,"template":"","format":"standard","meta":{"site-sidebar-layout":"default","site-content-layout":"","ast-site-content-layout":"default","site-content-style":"default","site-sidebar-style":"default","ast-global-header-display":"","ast-banner-title-visibility":"","ast-main-header-display":"","ast-hfb-above-header-display":"","ast-hfb-below-header-display":"","ast-hfb-mobile-header-display":"","site-post-title":"","ast-breadcrumbs-content":"","ast-featured-img":"","footer-sml-layout":"","ast-disable-related-posts":"","theme-transparent-header-meta":"","adv-header-id-meta":"","stick-header-meta":"","header-above-stick-meta":"","header-main-stick-meta":"","header-below-stick-meta":"","astra-migrate-meta-layouts":"default","ast-page-background-enabled":"default","ast-page-background-meta":{"desktop":{"background-color":"var(--ast-global-color-5)","background-image":"","background-repeat":"repeat","background-position":"center center","background-size":"auto","background-attachment":"scroll","background-type":"","background-media":"","overlay-type":"","overlay-color":"","overlay-opacity":"","overlay-gradient":""},"tablet":{"background-color":"","background-image":"","background-repeat":"repeat","background-position":"center center","background-size":"auto","background-attachment":"scroll","background-type":"","background-media":"","overlay-type":"","overlay-color":"","overlay-opacity":"","overlay-gradient":""},"mobile":{"background-color":"","background-image":"","background-repeat":"repeat","background-position":"center center","background-size":"auto","background-attachment":"scroll","background-type":"","background-media":"","overlay-type":"","overlay-color":"","overlay-opacity":"","overlay-gradient":""}},"ast-content-background-meta":{"desktop":{"background-color":"var(--ast-global-color-4)","background-image":"","background-repeat":"repeat","background-position":"center center","background-size":"auto","background-attachment":"scroll","background-type":"","background-media":"","overlay-type":"","overlay-color":"","overlay-opacity":"","overlay-gradient":""},"tablet":{"background-color":"var(--ast-global-color-4)","background-image":"","background-repeat":"repeat","background-position":"center center","background-size":"auto","background-attachment":"scroll","background-type":"","background-media":"","overlay-type":"","overlay-color":"","overlay-opacity":"","overlay-gradient":""},"mobile":{"background-color":"var(--ast-global-color-4)","background-image":"","background-repeat":"repeat","background-position":"center center","background-size":"auto","background-attachment":"scroll","background-type":"","background-media":"","overlay-type":"","overlay-color":"","overlay-opacity":"","overlay-gradient":""}},"footnotes":""},"categories":[1],"tags":[],"class_list":["post-51275","post","type-post","status-publish","format-standard","hentry","category-sem-categoria"],"yoast_head":"<!-- This site is optimized with the Yoast SEO plugin v26.6 - https:\/\/yoast.com\/wordpress\/plugins\/seo\/ -->\n<title>Morre o ex-governador Epit\u00e1cio Cafeteira, aos 93 anos - Daniel Matos<\/title>\n<meta name=\"robots\" content=\"index, follow, max-snippet:-1, max-image-preview:large, max-video-preview:-1\" \/>\n<link rel=\"canonical\" href=\"https:\/\/www.blogsoestado.com\/danielmatos\/morre-o-ex-governador-epitacio-cafeteira-aos-93-anos\/\" \/>\n<meta property=\"og:locale\" content=\"pt_BR\" \/>\n<meta property=\"og:type\" content=\"article\" \/>\n<meta property=\"og:title\" content=\"Morre o ex-governador Epit\u00e1cio Cafeteira, aos 93 anos - Daniel Matos\" \/>\n<meta property=\"og:description\" content=\"Morreu, na tarde deste domingo, o ex-governador, ex-senador e ex-prefeito de S\u00e3o Lu\u00eds Epit\u00e1cio Cafeteira, aos 93 anos. Com a [&hellip;]\" \/>\n<meta property=\"og:url\" content=\"https:\/\/www.blogsoestado.com\/danielmatos\/morre-o-ex-governador-epitacio-cafeteira-aos-93-anos\/\" \/>\n<meta property=\"og:site_name\" content=\"Daniel Matos\" \/>\n<meta property=\"article:published_time\" content=\"2018-05-14T00:02:33+00:00\" \/>\n<meta property=\"og:image\" content=\"https:\/\/www.blogsoestado.com\/danielmatos\/files\/2018\/05\/IMG-20180513-WA0061.jpg\" \/>\n<meta name=\"twitter:card\" content=\"summary_large_image\" \/>\n<meta name=\"twitter:label1\" content=\"Est. tempo de leitura\" \/>\n\t<meta name=\"twitter:data1\" content=\"2 minutos\" \/>\n<script type=\"application\/ld+json\" class=\"yoast-schema-graph\">{\"@context\":\"https:\/\/schema.org\",\"@graph\":[{\"@type\":\"WebPage\",\"@id\":\"https:\/\/www.blogsoestado.com\/danielmatos\/morre-o-ex-governador-epitacio-cafeteira-aos-93-anos\/\",\"url\":\"https:\/\/www.blogsoestado.com\/danielmatos\/morre-o-ex-governador-epitacio-cafeteira-aos-93-anos\/\",\"name\":\"Morre o ex-governador Epit\u00e1cio Cafeteira, aos 93 anos - Daniel Matos\",\"isPartOf\":{\"@id\":\"https:\/\/www.blogsoestado.com\/danielmatos\/#website\"},\"primaryImageOfPage\":{\"@id\":\"https:\/\/www.blogsoestado.com\/danielmatos\/morre-o-ex-governador-epitacio-cafeteira-aos-93-anos\/#primaryimage\"},\"image\":{\"@id\":\"https:\/\/www.blogsoestado.com\/danielmatos\/morre-o-ex-governador-epitacio-cafeteira-aos-93-anos\/#primaryimage\"},\"thumbnailUrl\":\"https:\/\/www.blogsoestado.com\/danielmatos\/files\/2018\/05\/IMG-20180513-WA0061.jpg\",\"datePublished\":\"2018-05-14T00:02:33+00:00\",\"author\":{\"@id\":\"\"},\"breadcrumb\":{\"@id\":\"https:\/\/www.blogsoestado.com\/danielmatos\/morre-o-ex-governador-epitacio-cafeteira-aos-93-anos\/#breadcrumb\"},\"inLanguage\":\"pt-BR\",\"potentialAction\":[{\"@type\":\"ReadAction\",\"target\":[\"https:\/\/www.blogsoestado.com\/danielmatos\/morre-o-ex-governador-epitacio-cafeteira-aos-93-anos\/\"]}]},{\"@type\":\"ImageObject\",\"inLanguage\":\"pt-BR\",\"@id\":\"https:\/\/www.blogsoestado.com\/danielmatos\/morre-o-ex-governador-epitacio-cafeteira-aos-93-anos\/#primaryimage\",\"url\":\"https:\/\/www.blogsoestado.com\/danielmatos\/files\/2018\/05\/IMG-20180513-WA0061.jpg\",\"contentUrl\":\"https:\/\/www.blogsoestado.com\/danielmatos\/files\/2018\/05\/IMG-20180513-WA0061.jpg\"},{\"@type\":\"BreadcrumbList\",\"@id\":\"https:\/\/www.blogsoestado.com\/danielmatos\/morre-o-ex-governador-epitacio-cafeteira-aos-93-anos\/#breadcrumb\",\"itemListElement\":[{\"@type\":\"ListItem\",\"position\":1,\"name\":\"In\u00edcio\",\"item\":\"https:\/\/www.blogsoestado.com\/danielmatos\/\"},{\"@type\":\"ListItem\",\"position\":2,\"name\":\"Morre o ex-governador Epit\u00e1cio Cafeteira, aos 93 anos\"}]},{\"@type\":\"WebSite\",\"@id\":\"https:\/\/www.blogsoestado.com\/danielmatos\/#website\",\"url\":\"https:\/\/www.blogsoestado.com\/danielmatos\/\",\"name\":\"Daniel Matos\",\"description\":\"\",\"potentialAction\":[{\"@type\":\"SearchAction\",\"target\":{\"@type\":\"EntryPoint\",\"urlTemplate\":\"https:\/\/www.blogsoestado.com\/danielmatos\/?s={search_term_string}\"},\"query-input\":{\"@type\":\"PropertyValueSpecification\",\"valueRequired\":true,\"valueName\":\"search_term_string\"}}],\"inLanguage\":\"pt-BR\"}]}<\/script>\n<!-- \/ Yoast SEO plugin. -->","yoast_head_json":{"title":"Morre o ex-governador Epit\u00e1cio Cafeteira, aos 93 anos - Daniel Matos","robots":{"index":"index","follow":"follow","max-snippet":"max-snippet:-1","max-image-preview":"max-image-preview:large","max-video-preview":"max-video-preview:-1"},"canonical":"https:\/\/www.blogsoestado.com\/danielmatos\/morre-o-ex-governador-epitacio-cafeteira-aos-93-anos\/","og_locale":"pt_BR","og_type":"article","og_title":"Morre o ex-governador Epit\u00e1cio Cafeteira, aos 93 anos - Daniel Matos","og_description":"Morreu, na tarde deste domingo, o ex-governador, ex-senador e ex-prefeito de S\u00e3o Lu\u00eds Epit\u00e1cio Cafeteira, aos 93 anos. Com a [&hellip;]","og_url":"https:\/\/www.blogsoestado.com\/danielmatos\/morre-o-ex-governador-epitacio-cafeteira-aos-93-anos\/","og_site_name":"Daniel Matos","article_published_time":"2018-05-14T00:02:33+00:00","og_image":[{"url":"https:\/\/www.blogsoestado.com\/danielmatos\/files\/2018\/05\/IMG-20180513-WA0061.jpg","type":"","width":"","height":""}],"twitter_card":"summary_large_image","twitter_misc":{"Est. tempo de leitura":"2 minutos"},"schema":{"@context":"https:\/\/schema.org","@graph":[{"@type":"WebPage","@id":"https:\/\/www.blogsoestado.com\/danielmatos\/morre-o-ex-governador-epitacio-cafeteira-aos-93-anos\/","url":"https:\/\/www.blogsoestado.com\/danielmatos\/morre-o-ex-governador-epitacio-cafeteira-aos-93-anos\/","name":"Morre o ex-governador Epit\u00e1cio Cafeteira, aos 93 anos - Daniel Matos","isPartOf":{"@id":"https:\/\/www.blogsoestado.com\/danielmatos\/#website"},"primaryImageOfPage":{"@id":"https:\/\/www.blogsoestado.com\/danielmatos\/morre-o-ex-governador-epitacio-cafeteira-aos-93-anos\/#primaryimage"},"image":{"@id":"https:\/\/www.blogsoestado.com\/danielmatos\/morre-o-ex-governador-epitacio-cafeteira-aos-93-anos\/#primaryimage"},"thumbnailUrl":"https:\/\/www.blogsoestado.com\/danielmatos\/files\/2018\/05\/IMG-20180513-WA0061.jpg","datePublished":"2018-05-14T00:02:33+00:00","author":{"@id":""},"breadcrumb":{"@id":"https:\/\/www.blogsoestado.com\/danielmatos\/morre-o-ex-governador-epitacio-cafeteira-aos-93-anos\/#breadcrumb"},"inLanguage":"pt-BR","potentialAction":[{"@type":"ReadAction","target":["https:\/\/www.blogsoestado.com\/danielmatos\/morre-o-ex-governador-epitacio-cafeteira-aos-93-anos\/"]}]},{"@type":"ImageObject","inLanguage":"pt-BR","@id":"https:\/\/www.blogsoestado.com\/danielmatos\/morre-o-ex-governador-epitacio-cafeteira-aos-93-anos\/#primaryimage","url":"https:\/\/www.blogsoestado.com\/danielmatos\/files\/2018\/05\/IMG-20180513-WA0061.jpg","contentUrl":"https:\/\/www.blogsoestado.com\/danielmatos\/files\/2018\/05\/IMG-20180513-WA0061.jpg"},{"@type":"BreadcrumbList","@id":"https:\/\/www.blogsoestado.com\/danielmatos\/morre-o-ex-governador-epitacio-cafeteira-aos-93-anos\/#breadcrumb","itemListElement":[{"@type":"ListItem","position":1,"name":"In\u00edcio","item":"https:\/\/www.blogsoestado.com\/danielmatos\/"},{"@type":"ListItem","position":2,"name":"Morre o ex-governador Epit\u00e1cio Cafeteira, aos 93 anos"}]},{"@type":"WebSite","@id":"https:\/\/www.blogsoestado.com\/danielmatos\/#website","url":"https:\/\/www.blogsoestado.com\/danielmatos\/","name":"Daniel Matos","description":"","potentialAction":[{"@type":"SearchAction","target":{"@type":"EntryPoint","urlTemplate":"https:\/\/www.blogsoestado.com\/danielmatos\/?s={search_term_string}"},"query-input":{"@type":"PropertyValueSpecification","valueRequired":true,"valueName":"search_term_string"}}],"inLanguage":"pt-BR"}]}},"jetpack_featured_media_url":"","_links":{"self":[{"href":"https:\/\/www.blogsoestado.com\/danielmatos\/wp-json\/wp\/v2\/posts\/51275","targetHints":{"allow":["GET"]}}],"collection":[{"href":"https:\/\/www.blogsoestado.com\/danielmatos\/wp-json\/wp\/v2\/posts"}],"about":[{"href":"https:\/\/www.blogsoestado.com\/danielmatos\/wp-json\/wp\/v2\/types\/post"}],"replies":[{"embeddable":true,"href":"https:\/\/www.blogsoestado.com\/danielmatos\/wp-json\/wp\/v2\/comments?post=51275"}],"version-history":[{"count":0,"href":"https:\/\/www.blogsoestado.com\/danielmatos\/wp-json\/wp\/v2\/posts\/51275\/revisions"}],"wp:attachment":[{"href":"https:\/\/www.blogsoestado.com\/danielmatos\/wp-json\/wp\/v2\/media?parent=51275"}],"wp:term":[{"taxonomy":"category","embeddable":true,"href":"https:\/\/www.blogsoestado.com\/danielmatos\/wp-json\/wp\/v2\/categories?post=51275"},{"taxonomy":"post_tag","embeddable":true,"href":"https:\/\/www.blogsoestado.com\/danielmatos\/wp-json\/wp\/v2\/tags?post=51275"}],"curies":[{"name":"wp","href":"https:\/\/api.w.org\/{rel}","templated":true}]}}