{"id":51282,"date":"2018-05-14T10:51:43","date_gmt":"2018-05-14T13:51:43","guid":{"rendered":"https:\/\/www.blogsoestado.com\/danielmatos\/?p=51282"},"modified":"2018-05-14T10:51:43","modified_gmt":"2018-05-14T13:51:43","slug":"camara-municipal-de-sao-luis-manifesta-pesar-pela-morte-de-cafeteira-e-decreta-luto","status":"publish","type":"post","link":"https:\/\/www.blogsoestado.com\/danielmatos\/camara-municipal-de-sao-luis-manifesta-pesar-pela-morte-de-cafeteira-e-decreta-luto\/","title":{"rendered":"C\u00e2mara Municipal de S\u00e3o Lu\u00eds manifesta pesar pela morte de Cafeteira e decreta luto"},"content":{"rendered":"<figure id=\"attachment_51283\" aria-describedby=\"caption-attachment-51283\" style=\"width: 448px\" class=\"wp-caption alignleft\"><img fetchpriority=\"high\" decoding=\"async\" class=\"size-full wp-image-51283\" src=\"https:\/\/www.blogsoestado.com\/danielmatos\/files\/2018\/05\/astro-luto.jpg\" alt=\"\" width=\"448\" height=\"297\" \/><figcaption id=\"caption-attachment-51283\" class=\"wp-caption-text\">Presidente da C\u00e2mara Municipal, Astro de Ogum, decretou luto oficial por tr\u00eas dias<\/figcaption><\/figure>\n<p>O presidente da C\u00e2mara Municipal de S\u00e3o Lu\u00eds, Astro de Ogum (PR) divulgou h\u00e1 pouco nota de pesar pelo falecimento do ex-governador Epit\u00e1cio Cafeteira.<\/p>\n<p>Cafeteira, que foi prefeito de S\u00e3o Lu\u00eds, entre 1965 a 1969, morreu aos 93 anos, no fim da tarde deste domingo, em sua resid\u00eancia, em fun\u00e7\u00e3o do seu delicado estado de sa\u00fade.<\/p>\n<p>No momento em que se solidariza a fam\u00edlia do senador Epit\u00e1cio Cafeteira, a C\u00e2mara Municipal de S\u00e3o Lu\u00eds decretou luto oficial de tr\u00eas dias em raz\u00e3o do falecimento desse not\u00e1vel l\u00edder pol\u00edtico, que ocupou os cargos de senador, governador, deputado federal e prefeito da capital.<\/p>\n<p>Ao tempo que manifestar seu sentimento de consterna\u00e7\u00e3o, a Mesa Diretora do Legislativo Ludovicense emitiu uma nota de pesar pelo acontecido, onde destaca a atua\u00e7\u00e3o pol\u00edtica do senador Epit\u00e1cio cafeteira, e apresenta sinceros p\u00easames \u00e0 fam\u00edlia, amigos e correligion\u00e1rios.<\/p>\n<p>Confira a \u00edntegra da nota:<\/p>\n<p><strong>NOTA DE PESAR<\/strong><\/p>\n<p><em>A Mesa Diretora da C\u00e2mara Municipal de S\u00e3o Lu\u00eds (CMSL) vem a p\u00fablico, com profundo pesar, lamentar o falecimento do ex-governador e senador do Maranh\u00e3o, Epit\u00e1cio Cafeteira Afonso Pereira, ocorrida no fim da tarde deste domingo, em sua resid\u00eancia, em fun\u00e7\u00e3o do seu delicado estado de sa\u00fade.<\/em><\/p>\n<p><em>Dos mais destacados l\u00edderes pol\u00edticos maranhenses, Epit\u00e1cio Cafeteira, como era mais conhecido, ocupou v\u00e1rios cargos p\u00fablicos no Estado. Foi prefeito de S\u00e3o Lu\u00eds, entre 1965 a 1969; deputado federal, de 1975 a 1987; governador do Estado, de 15 de mar\u00e7o de 1987 at\u00e9 3 de abril de 1990; e senador por dois mandatos, de 1\u00ba de fevereiro de 1991 a 1\u00ba de fevereiro de 1999 e de 1\u00ba de fevereiro de 2007 a 1\u00ba de fevereiro de 2015.<\/em><\/p>\n<p><em>A morte de Epit\u00e1cio Cafeteira enluta a todos n\u00f3s. Neste momento de dor, nos solidarizamos ao povo maranhense que lamenta a perda. Sua morte deixa uma lacuna irrepar\u00e1vel. Somente Deus para confortar os familiares e amigos neste momento de insuport\u00e1vel dor.<\/em><\/p>\n<p>Generval Martiniano Moreira Leite<br \/>\nPresidente da C\u00e2mara de S\u00e3o Lu\u00eds<\/p>\n","protected":false},"excerpt":{"rendered":"<p>O presidente da C\u00e2mara Municipal de S\u00e3o Lu\u00eds, Astro de Ogum (PR) divulgou h\u00e1 pouco nota de pesar pelo falecimento [&hellip;]<\/p>\n","protected":false},"author":0,"featured_media":0,"comment_status":"open","ping_status":"open","sticky":false,"template":"","format":"standard","meta":{"site-sidebar-layout":"default","site-content-layout":"","ast-site-content-layout":"default","site-content-style":"default","site-sidebar-style":"default","ast-global-header-display":"","ast-banner-title-visibility":"","ast-main-header-display":"","ast-hfb-above-header-display":"","ast-hfb-below-header-display":"","ast-hfb-mobile-header-display":"","site-post-title":"","ast-breadcrumbs-content":"","ast-featured-img":"","footer-sml-layout":"","ast-disable-related-posts":"","theme-transparent-header-meta":"","adv-header-id-meta":"","stick-header-meta":"","header-above-stick-meta":"","header-main-stick-meta":"","header-below-stick-meta":"","astra-migrate-meta-layouts":"default","ast-page-background-enabled":"default","ast-page-background-meta":{"desktop":{"background-color":"var(--ast-global-color-5)","background-image":"","background-repeat":"repeat","background-position":"center center","background-size":"auto","background-attachment":"scroll","background-type":"","background-media":"","overlay-type":"","overlay-color":"","overlay-opacity":"","overlay-gradient":""},"tablet":{"background-color":"","background-image":"","background-repeat":"repeat","background-position":"center center","background-size":"auto","background-attachment":"scroll","background-type":"","background-media":"","overlay-type":"","overlay-color":"","overlay-opacity":"","overlay-gradient":""},"mobile":{"background-color":"","background-image":"","background-repeat":"repeat","background-position":"center center","background-size":"auto","background-attachment":"scroll","background-type":"","background-media":"","overlay-type":"","overlay-color":"","overlay-opacity":"","overlay-gradient":""}},"ast-content-background-meta":{"desktop":{"background-color":"var(--ast-global-color-4)","background-image":"","background-repeat":"repeat","background-position":"center center","background-size":"auto","background-attachment":"scroll","background-type":"","background-media":"","overlay-type":"","overlay-color":"","overlay-opacity":"","overlay-gradient":""},"tablet":{"background-color":"var(--ast-global-color-4)","background-image":"","background-repeat":"repeat","background-position":"center center","background-size":"auto","background-attachment":"scroll","background-type":"","background-media":"","overlay-type":"","overlay-color":"","overlay-opacity":"","overlay-gradient":""},"mobile":{"background-color":"var(--ast-global-color-4)","background-image":"","background-repeat":"repeat","background-position":"center center","background-size":"auto","background-attachment":"scroll","background-type":"","background-media":"","overlay-type":"","overlay-color":"","overlay-opacity":"","overlay-gradient":""}},"footnotes":""},"categories":[1],"tags":[],"class_list":["post-51282","post","type-post","status-publish","format-standard","hentry","category-sem-categoria"],"yoast_head":"<!-- This site is optimized with the Yoast SEO plugin v26.6 - https:\/\/yoast.com\/wordpress\/plugins\/seo\/ -->\n<title>C\u00e2mara Municipal de S\u00e3o Lu\u00eds manifesta pesar pela morte de Cafeteira e decreta luto - Daniel Matos<\/title>\n<meta name=\"robots\" content=\"index, follow, max-snippet:-1, max-image-preview:large, max-video-preview:-1\" \/>\n<link rel=\"canonical\" href=\"https:\/\/www.blogsoestado.com\/danielmatos\/camara-municipal-de-sao-luis-manifesta-pesar-pela-morte-de-cafeteira-e-decreta-luto\/\" \/>\n<meta property=\"og:locale\" content=\"pt_BR\" \/>\n<meta property=\"og:type\" content=\"article\" \/>\n<meta property=\"og:title\" content=\"C\u00e2mara Municipal de S\u00e3o Lu\u00eds manifesta pesar pela morte de Cafeteira e decreta luto - Daniel Matos\" \/>\n<meta property=\"og:description\" content=\"O presidente da C\u00e2mara Municipal de S\u00e3o Lu\u00eds, Astro de Ogum (PR) divulgou h\u00e1 pouco nota de pesar pelo falecimento [&hellip;]\" \/>\n<meta property=\"og:url\" content=\"https:\/\/www.blogsoestado.com\/danielmatos\/camara-municipal-de-sao-luis-manifesta-pesar-pela-morte-de-cafeteira-e-decreta-luto\/\" \/>\n<meta property=\"og:site_name\" content=\"Daniel Matos\" \/>\n<meta property=\"article:published_time\" content=\"2018-05-14T13:51:43+00:00\" \/>\n<meta property=\"og:image\" content=\"https:\/\/www.blogsoestado.com\/danielmatos\/files\/2018\/05\/astro-luto.jpg\" \/>\n<meta name=\"twitter:card\" content=\"summary_large_image\" \/>\n<meta name=\"twitter:label1\" content=\"Est. tempo de leitura\" \/>\n\t<meta name=\"twitter:data1\" content=\"2 minutos\" \/>\n<script type=\"application\/ld+json\" class=\"yoast-schema-graph\">{\"@context\":\"https:\/\/schema.org\",\"@graph\":[{\"@type\":\"WebPage\",\"@id\":\"https:\/\/www.blogsoestado.com\/danielmatos\/camara-municipal-de-sao-luis-manifesta-pesar-pela-morte-de-cafeteira-e-decreta-luto\/\",\"url\":\"https:\/\/www.blogsoestado.com\/danielmatos\/camara-municipal-de-sao-luis-manifesta-pesar-pela-morte-de-cafeteira-e-decreta-luto\/\",\"name\":\"C\u00e2mara Municipal de S\u00e3o Lu\u00eds manifesta pesar pela morte de Cafeteira e decreta luto - Daniel Matos\",\"isPartOf\":{\"@id\":\"https:\/\/www.blogsoestado.com\/danielmatos\/#website\"},\"primaryImageOfPage\":{\"@id\":\"https:\/\/www.blogsoestado.com\/danielmatos\/camara-municipal-de-sao-luis-manifesta-pesar-pela-morte-de-cafeteira-e-decreta-luto\/#primaryimage\"},\"image\":{\"@id\":\"https:\/\/www.blogsoestado.com\/danielmatos\/camara-municipal-de-sao-luis-manifesta-pesar-pela-morte-de-cafeteira-e-decreta-luto\/#primaryimage\"},\"thumbnailUrl\":\"https:\/\/www.blogsoestado.com\/danielmatos\/files\/2018\/05\/astro-luto.jpg\",\"datePublished\":\"2018-05-14T13:51:43+00:00\",\"author\":{\"@id\":\"\"},\"breadcrumb\":{\"@id\":\"https:\/\/www.blogsoestado.com\/danielmatos\/camara-municipal-de-sao-luis-manifesta-pesar-pela-morte-de-cafeteira-e-decreta-luto\/#breadcrumb\"},\"inLanguage\":\"pt-BR\",\"potentialAction\":[{\"@type\":\"ReadAction\",\"target\":[\"https:\/\/www.blogsoestado.com\/danielmatos\/camara-municipal-de-sao-luis-manifesta-pesar-pela-morte-de-cafeteira-e-decreta-luto\/\"]}]},{\"@type\":\"ImageObject\",\"inLanguage\":\"pt-BR\",\"@id\":\"https:\/\/www.blogsoestado.com\/danielmatos\/camara-municipal-de-sao-luis-manifesta-pesar-pela-morte-de-cafeteira-e-decreta-luto\/#primaryimage\",\"url\":\"https:\/\/www.blogsoestado.com\/danielmatos\/files\/2018\/05\/astro-luto.jpg\",\"contentUrl\":\"https:\/\/www.blogsoestado.com\/danielmatos\/files\/2018\/05\/astro-luto.jpg\"},{\"@type\":\"BreadcrumbList\",\"@id\":\"https:\/\/www.blogsoestado.com\/danielmatos\/camara-municipal-de-sao-luis-manifesta-pesar-pela-morte-de-cafeteira-e-decreta-luto\/#breadcrumb\",\"itemListElement\":[{\"@type\":\"ListItem\",\"position\":1,\"name\":\"In\u00edcio\",\"item\":\"https:\/\/www.blogsoestado.com\/danielmatos\/\"},{\"@type\":\"ListItem\",\"position\":2,\"name\":\"C\u00e2mara Municipal de S\u00e3o Lu\u00eds manifesta pesar pela morte de Cafeteira e decreta luto\"}]},{\"@type\":\"WebSite\",\"@id\":\"https:\/\/www.blogsoestado.com\/danielmatos\/#website\",\"url\":\"https:\/\/www.blogsoestado.com\/danielmatos\/\",\"name\":\"Daniel Matos\",\"description\":\"\",\"potentialAction\":[{\"@type\":\"SearchAction\",\"target\":{\"@type\":\"EntryPoint\",\"urlTemplate\":\"https:\/\/www.blogsoestado.com\/danielmatos\/?s={search_term_string}\"},\"query-input\":{\"@type\":\"PropertyValueSpecification\",\"valueRequired\":true,\"valueName\":\"search_term_string\"}}],\"inLanguage\":\"pt-BR\"}]}<\/script>\n<!-- \/ Yoast SEO plugin. -->","yoast_head_json":{"title":"C\u00e2mara Municipal de S\u00e3o Lu\u00eds manifesta pesar pela morte de Cafeteira e decreta luto - Daniel Matos","robots":{"index":"index","follow":"follow","max-snippet":"max-snippet:-1","max-image-preview":"max-image-preview:large","max-video-preview":"max-video-preview:-1"},"canonical":"https:\/\/www.blogsoestado.com\/danielmatos\/camara-municipal-de-sao-luis-manifesta-pesar-pela-morte-de-cafeteira-e-decreta-luto\/","og_locale":"pt_BR","og_type":"article","og_title":"C\u00e2mara Municipal de S\u00e3o Lu\u00eds manifesta pesar pela morte de Cafeteira e decreta luto - Daniel Matos","og_description":"O presidente da C\u00e2mara Municipal de S\u00e3o Lu\u00eds, Astro de Ogum (PR) divulgou h\u00e1 pouco nota de pesar pelo falecimento [&hellip;]","og_url":"https:\/\/www.blogsoestado.com\/danielmatos\/camara-municipal-de-sao-luis-manifesta-pesar-pela-morte-de-cafeteira-e-decreta-luto\/","og_site_name":"Daniel Matos","article_published_time":"2018-05-14T13:51:43+00:00","og_image":[{"url":"https:\/\/www.blogsoestado.com\/danielmatos\/files\/2018\/05\/astro-luto.jpg","type":"","width":"","height":""}],"twitter_card":"summary_large_image","twitter_misc":{"Est. tempo de leitura":"2 minutos"},"schema":{"@context":"https:\/\/schema.org","@graph":[{"@type":"WebPage","@id":"https:\/\/www.blogsoestado.com\/danielmatos\/camara-municipal-de-sao-luis-manifesta-pesar-pela-morte-de-cafeteira-e-decreta-luto\/","url":"https:\/\/www.blogsoestado.com\/danielmatos\/camara-municipal-de-sao-luis-manifesta-pesar-pela-morte-de-cafeteira-e-decreta-luto\/","name":"C\u00e2mara Municipal de S\u00e3o Lu\u00eds manifesta pesar pela morte de Cafeteira e decreta luto - Daniel Matos","isPartOf":{"@id":"https:\/\/www.blogsoestado.com\/danielmatos\/#website"},"primaryImageOfPage":{"@id":"https:\/\/www.blogsoestado.com\/danielmatos\/camara-municipal-de-sao-luis-manifesta-pesar-pela-morte-de-cafeteira-e-decreta-luto\/#primaryimage"},"image":{"@id":"https:\/\/www.blogsoestado.com\/danielmatos\/camara-municipal-de-sao-luis-manifesta-pesar-pela-morte-de-cafeteira-e-decreta-luto\/#primaryimage"},"thumbnailUrl":"https:\/\/www.blogsoestado.com\/danielmatos\/files\/2018\/05\/astro-luto.jpg","datePublished":"2018-05-14T13:51:43+00:00","author":{"@id":""},"breadcrumb":{"@id":"https:\/\/www.blogsoestado.com\/danielmatos\/camara-municipal-de-sao-luis-manifesta-pesar-pela-morte-de-cafeteira-e-decreta-luto\/#breadcrumb"},"inLanguage":"pt-BR","potentialAction":[{"@type":"ReadAction","target":["https:\/\/www.blogsoestado.com\/danielmatos\/camara-municipal-de-sao-luis-manifesta-pesar-pela-morte-de-cafeteira-e-decreta-luto\/"]}]},{"@type":"ImageObject","inLanguage":"pt-BR","@id":"https:\/\/www.blogsoestado.com\/danielmatos\/camara-municipal-de-sao-luis-manifesta-pesar-pela-morte-de-cafeteira-e-decreta-luto\/#primaryimage","url":"https:\/\/www.blogsoestado.com\/danielmatos\/files\/2018\/05\/astro-luto.jpg","contentUrl":"https:\/\/www.blogsoestado.com\/danielmatos\/files\/2018\/05\/astro-luto.jpg"},{"@type":"BreadcrumbList","@id":"https:\/\/www.blogsoestado.com\/danielmatos\/camara-municipal-de-sao-luis-manifesta-pesar-pela-morte-de-cafeteira-e-decreta-luto\/#breadcrumb","itemListElement":[{"@type":"ListItem","position":1,"name":"In\u00edcio","item":"https:\/\/www.blogsoestado.com\/danielmatos\/"},{"@type":"ListItem","position":2,"name":"C\u00e2mara Municipal de S\u00e3o Lu\u00eds manifesta pesar pela morte de Cafeteira e decreta luto"}]},{"@type":"WebSite","@id":"https:\/\/www.blogsoestado.com\/danielmatos\/#website","url":"https:\/\/www.blogsoestado.com\/danielmatos\/","name":"Daniel Matos","description":"","potentialAction":[{"@type":"SearchAction","target":{"@type":"EntryPoint","urlTemplate":"https:\/\/www.blogsoestado.com\/danielmatos\/?s={search_term_string}"},"query-input":{"@type":"PropertyValueSpecification","valueRequired":true,"valueName":"search_term_string"}}],"inLanguage":"pt-BR"}]}},"jetpack_featured_media_url":"","_links":{"self":[{"href":"https:\/\/www.blogsoestado.com\/danielmatos\/wp-json\/wp\/v2\/posts\/51282","targetHints":{"allow":["GET"]}}],"collection":[{"href":"https:\/\/www.blogsoestado.com\/danielmatos\/wp-json\/wp\/v2\/posts"}],"about":[{"href":"https:\/\/www.blogsoestado.com\/danielmatos\/wp-json\/wp\/v2\/types\/post"}],"replies":[{"embeddable":true,"href":"https:\/\/www.blogsoestado.com\/danielmatos\/wp-json\/wp\/v2\/comments?post=51282"}],"version-history":[{"count":0,"href":"https:\/\/www.blogsoestado.com\/danielmatos\/wp-json\/wp\/v2\/posts\/51282\/revisions"}],"wp:attachment":[{"href":"https:\/\/www.blogsoestado.com\/danielmatos\/wp-json\/wp\/v2\/media?parent=51282"}],"wp:term":[{"taxonomy":"category","embeddable":true,"href":"https:\/\/www.blogsoestado.com\/danielmatos\/wp-json\/wp\/v2\/categories?post=51282"},{"taxonomy":"post_tag","embeddable":true,"href":"https:\/\/www.blogsoestado.com\/danielmatos\/wp-json\/wp\/v2\/tags?post=51282"}],"curies":[{"name":"wp","href":"https:\/\/api.w.org\/{rel}","templated":true}]}}