{"id":51286,"date":"2018-05-14T11:02:10","date_gmt":"2018-05-14T14:02:10","guid":{"rendered":"https:\/\/www.blogsoestado.com\/danielmatos\/?p=51286"},"modified":"2018-05-14T11:02:10","modified_gmt":"2018-05-14T14:02:10","slug":"penha-visita-bairros-de-sao-luis-e-participa-de-festas-do-dia-das-maes","status":"publish","type":"post","link":"https:\/\/www.blogsoestado.com\/danielmatos\/penha-visita-bairros-de-sao-luis-e-participa-de-festas-do-dia-das-maes\/","title":{"rendered":"Penha visita bairros de S\u00e3o Lu\u00eds e participa de festas do Dia das M\u00e3es"},"content":{"rendered":"<figure id=\"attachment_51287\" aria-describedby=\"caption-attachment-51287\" style=\"width: 640px\" class=\"wp-caption aligncenter\"><img fetchpriority=\"high\" decoding=\"async\" class=\"size-full wp-image-51287\" src=\"https:\/\/www.blogsoestado.com\/danielmatos\/files\/2018\/05\/penha-maes.jpg\" alt=\"\" width=\"640\" height=\"429\" \/><figcaption id=\"caption-attachment-51287\" class=\"wp-caption-text\">Raimundo Penha em tr\u00eas momentos de carinho com m\u00e3es em diferentes bairros de S\u00e3o Lu\u00eds<\/figcaption><\/figure>\n<p>O vereador Raimundo Penha (PDT) cumpriu uma extensa agenda de visitas a v\u00e1rios bairros de S\u00e3o Lu\u00eds nos quais ele prestigiou festas em homenagem ao Dia das M\u00e3es promovidas por grupos de moradores; integrantes do projeto Supera\u00e7\u00e3o; e grupos de idosos apoiados pelo parlamentar.<\/p>\n<p>\u201cForam momentos maravilhosos nos quais pudemos rever amigos e amigas, nos confraternizar e, de forma especial, homenagear todas as m\u00e3es de nosso Maranh\u00e3o\u201d, disse o vereador.<\/p>\n<p>A maratona come\u00e7ou na \u00faltima quarta-feira, quando Penha se confraternizou com as m\u00e3es dos bairros Bequim\u00e3o e Rio Anil que participam das atividades do projeto.<\/p>\n<p>O Supera\u00e7\u00e3o, \u00e9 importante destacar, \u00e9 uma iniciativa apoiada por Raimundo Penha que vem melhorando a qualidade de vida de centenas de pessoas que passaram a ter contato direto com atividades gratuitas esportivas e de lazer, como treinamento funcional, aulas de zumba e dan\u00e7a.<\/p>\n<figure id=\"attachment_51288\" aria-describedby=\"caption-attachment-51288\" style=\"width: 480px\" class=\"wp-caption aligncenter\"><img decoding=\"async\" class=\"size-full wp-image-51288\" src=\"https:\/\/www.blogsoestado.com\/danielmatos\/files\/2018\/05\/penha-maes2.jpg\" alt=\"\" width=\"480\" height=\"506\" \/><figcaption id=\"caption-attachment-51288\" class=\"wp-caption-text\">Deputado federal Weverton Rocha juntou-se a Raimundo Penha em homenagens \u00e0s m\u00e3es ludovicenses<\/figcaption><\/figure>\n<p>No dia seguinte, o vereador esteve no Bairro de F\u00e1tima e no polo do projeto implantado na Liberdade.<\/p>\n<p>Na sexta-feira, Penha participou das festas das mam\u00e3es do Parque dos S\u00e1bias e do S\u00e3o Bernardo, bairro que tamb\u00e9m possui um n\u00facleo do Supera\u00e7\u00e3o.<\/p>\n<p>No s\u00e1bado, acompanhado do deputado federal Weverton Rocha (PDT), o vereador prestigiou a festa das integrantes do projeto S\u00e3o Lu\u00eds Saud\u00e1vel, no polo do Parque do Bom Menino, no Centro da capital.<\/p>\n<p>No s\u00e1bado ainda participou das festas no Coroadinho e P\u00e3o de A\u00e7\u00facar.<\/p>\n<p>&#8220;Foi positivo tanto pelas festividades, como tamb\u00e9m pela oportunidade de reencontrar amigos e ouvir a popula\u00e7\u00e3o. Percorri quase 20 bairros em menos de uma semana&#8221;, afirmou.<\/p>\n<p>No domingo as festividades ocorreram nos bairros Vila Isabel, Jo\u00e3o Paulo, Alemanha, Izabel Cafeteira,Lira, Barreto e Liberdade.<\/p>\n","protected":false},"excerpt":{"rendered":"<p>O vereador Raimundo Penha (PDT) cumpriu uma extensa agenda de visitas a v\u00e1rios bairros de S\u00e3o Lu\u00eds nos quais ele [&hellip;]<\/p>\n","protected":false},"author":0,"featured_media":0,"comment_status":"open","ping_status":"open","sticky":false,"template":"","format":"standard","meta":{"site-sidebar-layout":"default","site-content-layout":"","ast-site-content-layout":"default","site-content-style":"default","site-sidebar-style":"default","ast-global-header-display":"","ast-banner-title-visibility":"","ast-main-header-display":"","ast-hfb-above-header-display":"","ast-hfb-below-header-display":"","ast-hfb-mobile-header-display":"","site-post-title":"","ast-breadcrumbs-content":"","ast-featured-img":"","footer-sml-layout":"","ast-disable-related-posts":"","theme-transparent-header-meta":"","adv-header-id-meta":"","stick-header-meta":"","header-above-stick-meta":"","header-main-stick-meta":"","header-below-stick-meta":"","astra-migrate-meta-layouts":"default","ast-page-background-enabled":"default","ast-page-background-meta":{"desktop":{"background-color":"var(--ast-global-color-5)","background-image":"","background-repeat":"repeat","background-position":"center center","background-size":"auto","background-attachment":"scroll","background-type":"","background-media":"","overlay-type":"","overlay-color":"","overlay-opacity":"","overlay-gradient":""},"tablet":{"background-color":"","background-image":"","background-repeat":"repeat","background-position":"center center","background-size":"auto","background-attachment":"scroll","background-type":"","background-media":"","overlay-type":"","overlay-color":"","overlay-opacity":"","overlay-gradient":""},"mobile":{"background-color":"","background-image":"","background-repeat":"repeat","background-position":"center center","background-size":"auto","background-attachment":"scroll","background-type":"","background-media":"","overlay-type":"","overlay-color":"","overlay-opacity":"","overlay-gradient":""}},"ast-content-background-meta":{"desktop":{"background-color":"var(--ast-global-color-4)","background-image":"","background-repeat":"repeat","background-position":"center center","background-size":"auto","background-attachment":"scroll","background-type":"","background-media":"","overlay-type":"","overlay-color":"","overlay-opacity":"","overlay-gradient":""},"tablet":{"background-color":"var(--ast-global-color-4)","background-image":"","background-repeat":"repeat","background-position":"center center","background-size":"auto","background-attachment":"scroll","background-type":"","background-media":"","overlay-type":"","overlay-color":"","overlay-opacity":"","overlay-gradient":""},"mobile":{"background-color":"var(--ast-global-color-4)","background-image":"","background-repeat":"repeat","background-position":"center center","background-size":"auto","background-attachment":"scroll","background-type":"","background-media":"","overlay-type":"","overlay-color":"","overlay-opacity":"","overlay-gradient":""}},"footnotes":""},"categories":[1],"tags":[],"class_list":["post-51286","post","type-post","status-publish","format-standard","hentry","category-sem-categoria"],"yoast_head":"<!-- This site is optimized with the Yoast SEO plugin v26.6 - https:\/\/yoast.com\/wordpress\/plugins\/seo\/ -->\n<title>Penha visita bairros de S\u00e3o Lu\u00eds e participa de festas do Dia das M\u00e3es - Daniel Matos<\/title>\n<meta name=\"robots\" content=\"index, follow, max-snippet:-1, max-image-preview:large, max-video-preview:-1\" \/>\n<link rel=\"canonical\" href=\"https:\/\/www.blogsoestado.com\/danielmatos\/penha-visita-bairros-de-sao-luis-e-participa-de-festas-do-dia-das-maes\/\" \/>\n<meta property=\"og:locale\" content=\"pt_BR\" \/>\n<meta property=\"og:type\" content=\"article\" \/>\n<meta property=\"og:title\" content=\"Penha visita bairros de S\u00e3o Lu\u00eds e participa de festas do Dia das M\u00e3es - Daniel Matos\" \/>\n<meta property=\"og:description\" content=\"O vereador Raimundo Penha (PDT) cumpriu uma extensa agenda de visitas a v\u00e1rios bairros de S\u00e3o Lu\u00eds nos quais ele [&hellip;]\" \/>\n<meta property=\"og:url\" content=\"https:\/\/www.blogsoestado.com\/danielmatos\/penha-visita-bairros-de-sao-luis-e-participa-de-festas-do-dia-das-maes\/\" \/>\n<meta property=\"og:site_name\" content=\"Daniel Matos\" \/>\n<meta property=\"article:published_time\" content=\"2018-05-14T14:02:10+00:00\" \/>\n<meta property=\"og:image\" content=\"https:\/\/www.blogsoestado.com\/danielmatos\/files\/2018\/05\/penha-maes.jpg\" \/>\n<meta name=\"twitter:card\" content=\"summary_large_image\" \/>\n<meta name=\"twitter:label1\" content=\"Est. tempo de leitura\" \/>\n\t<meta name=\"twitter:data1\" content=\"2 minutos\" \/>\n<script type=\"application\/ld+json\" class=\"yoast-schema-graph\">{\"@context\":\"https:\/\/schema.org\",\"@graph\":[{\"@type\":\"WebPage\",\"@id\":\"https:\/\/www.blogsoestado.com\/danielmatos\/penha-visita-bairros-de-sao-luis-e-participa-de-festas-do-dia-das-maes\/\",\"url\":\"https:\/\/www.blogsoestado.com\/danielmatos\/penha-visita-bairros-de-sao-luis-e-participa-de-festas-do-dia-das-maes\/\",\"name\":\"Penha visita bairros de S\u00e3o Lu\u00eds e participa de festas do Dia das M\u00e3es - Daniel Matos\",\"isPartOf\":{\"@id\":\"https:\/\/www.blogsoestado.com\/danielmatos\/#website\"},\"primaryImageOfPage\":{\"@id\":\"https:\/\/www.blogsoestado.com\/danielmatos\/penha-visita-bairros-de-sao-luis-e-participa-de-festas-do-dia-das-maes\/#primaryimage\"},\"image\":{\"@id\":\"https:\/\/www.blogsoestado.com\/danielmatos\/penha-visita-bairros-de-sao-luis-e-participa-de-festas-do-dia-das-maes\/#primaryimage\"},\"thumbnailUrl\":\"https:\/\/www.blogsoestado.com\/danielmatos\/files\/2018\/05\/penha-maes.jpg\",\"datePublished\":\"2018-05-14T14:02:10+00:00\",\"author\":{\"@id\":\"\"},\"breadcrumb\":{\"@id\":\"https:\/\/www.blogsoestado.com\/danielmatos\/penha-visita-bairros-de-sao-luis-e-participa-de-festas-do-dia-das-maes\/#breadcrumb\"},\"inLanguage\":\"pt-BR\",\"potentialAction\":[{\"@type\":\"ReadAction\",\"target\":[\"https:\/\/www.blogsoestado.com\/danielmatos\/penha-visita-bairros-de-sao-luis-e-participa-de-festas-do-dia-das-maes\/\"]}]},{\"@type\":\"ImageObject\",\"inLanguage\":\"pt-BR\",\"@id\":\"https:\/\/www.blogsoestado.com\/danielmatos\/penha-visita-bairros-de-sao-luis-e-participa-de-festas-do-dia-das-maes\/#primaryimage\",\"url\":\"https:\/\/www.blogsoestado.com\/danielmatos\/files\/2018\/05\/penha-maes.jpg\",\"contentUrl\":\"https:\/\/www.blogsoestado.com\/danielmatos\/files\/2018\/05\/penha-maes.jpg\"},{\"@type\":\"BreadcrumbList\",\"@id\":\"https:\/\/www.blogsoestado.com\/danielmatos\/penha-visita-bairros-de-sao-luis-e-participa-de-festas-do-dia-das-maes\/#breadcrumb\",\"itemListElement\":[{\"@type\":\"ListItem\",\"position\":1,\"name\":\"In\u00edcio\",\"item\":\"https:\/\/www.blogsoestado.com\/danielmatos\/\"},{\"@type\":\"ListItem\",\"position\":2,\"name\":\"Penha visita bairros de S\u00e3o Lu\u00eds e participa de festas do Dia das M\u00e3es\"}]},{\"@type\":\"WebSite\",\"@id\":\"https:\/\/www.blogsoestado.com\/danielmatos\/#website\",\"url\":\"https:\/\/www.blogsoestado.com\/danielmatos\/\",\"name\":\"Daniel Matos\",\"description\":\"\",\"potentialAction\":[{\"@type\":\"SearchAction\",\"target\":{\"@type\":\"EntryPoint\",\"urlTemplate\":\"https:\/\/www.blogsoestado.com\/danielmatos\/?s={search_term_string}\"},\"query-input\":{\"@type\":\"PropertyValueSpecification\",\"valueRequired\":true,\"valueName\":\"search_term_string\"}}],\"inLanguage\":\"pt-BR\"}]}<\/script>\n<!-- \/ Yoast SEO plugin. -->","yoast_head_json":{"title":"Penha visita bairros de S\u00e3o Lu\u00eds e participa de festas do Dia das M\u00e3es - Daniel Matos","robots":{"index":"index","follow":"follow","max-snippet":"max-snippet:-1","max-image-preview":"max-image-preview:large","max-video-preview":"max-video-preview:-1"},"canonical":"https:\/\/www.blogsoestado.com\/danielmatos\/penha-visita-bairros-de-sao-luis-e-participa-de-festas-do-dia-das-maes\/","og_locale":"pt_BR","og_type":"article","og_title":"Penha visita bairros de S\u00e3o Lu\u00eds e participa de festas do Dia das M\u00e3es - Daniel Matos","og_description":"O vereador Raimundo Penha (PDT) cumpriu uma extensa agenda de visitas a v\u00e1rios bairros de S\u00e3o Lu\u00eds nos quais ele [&hellip;]","og_url":"https:\/\/www.blogsoestado.com\/danielmatos\/penha-visita-bairros-de-sao-luis-e-participa-de-festas-do-dia-das-maes\/","og_site_name":"Daniel Matos","article_published_time":"2018-05-14T14:02:10+00:00","og_image":[{"url":"https:\/\/www.blogsoestado.com\/danielmatos\/files\/2018\/05\/penha-maes.jpg","type":"","width":"","height":""}],"twitter_card":"summary_large_image","twitter_misc":{"Est. tempo de leitura":"2 minutos"},"schema":{"@context":"https:\/\/schema.org","@graph":[{"@type":"WebPage","@id":"https:\/\/www.blogsoestado.com\/danielmatos\/penha-visita-bairros-de-sao-luis-e-participa-de-festas-do-dia-das-maes\/","url":"https:\/\/www.blogsoestado.com\/danielmatos\/penha-visita-bairros-de-sao-luis-e-participa-de-festas-do-dia-das-maes\/","name":"Penha visita bairros de S\u00e3o Lu\u00eds e participa de festas do Dia das M\u00e3es - Daniel Matos","isPartOf":{"@id":"https:\/\/www.blogsoestado.com\/danielmatos\/#website"},"primaryImageOfPage":{"@id":"https:\/\/www.blogsoestado.com\/danielmatos\/penha-visita-bairros-de-sao-luis-e-participa-de-festas-do-dia-das-maes\/#primaryimage"},"image":{"@id":"https:\/\/www.blogsoestado.com\/danielmatos\/penha-visita-bairros-de-sao-luis-e-participa-de-festas-do-dia-das-maes\/#primaryimage"},"thumbnailUrl":"https:\/\/www.blogsoestado.com\/danielmatos\/files\/2018\/05\/penha-maes.jpg","datePublished":"2018-05-14T14:02:10+00:00","author":{"@id":""},"breadcrumb":{"@id":"https:\/\/www.blogsoestado.com\/danielmatos\/penha-visita-bairros-de-sao-luis-e-participa-de-festas-do-dia-das-maes\/#breadcrumb"},"inLanguage":"pt-BR","potentialAction":[{"@type":"ReadAction","target":["https:\/\/www.blogsoestado.com\/danielmatos\/penha-visita-bairros-de-sao-luis-e-participa-de-festas-do-dia-das-maes\/"]}]},{"@type":"ImageObject","inLanguage":"pt-BR","@id":"https:\/\/www.blogsoestado.com\/danielmatos\/penha-visita-bairros-de-sao-luis-e-participa-de-festas-do-dia-das-maes\/#primaryimage","url":"https:\/\/www.blogsoestado.com\/danielmatos\/files\/2018\/05\/penha-maes.jpg","contentUrl":"https:\/\/www.blogsoestado.com\/danielmatos\/files\/2018\/05\/penha-maes.jpg"},{"@type":"BreadcrumbList","@id":"https:\/\/www.blogsoestado.com\/danielmatos\/penha-visita-bairros-de-sao-luis-e-participa-de-festas-do-dia-das-maes\/#breadcrumb","itemListElement":[{"@type":"ListItem","position":1,"name":"In\u00edcio","item":"https:\/\/www.blogsoestado.com\/danielmatos\/"},{"@type":"ListItem","position":2,"name":"Penha visita bairros de S\u00e3o Lu\u00eds e participa de festas do Dia das M\u00e3es"}]},{"@type":"WebSite","@id":"https:\/\/www.blogsoestado.com\/danielmatos\/#website","url":"https:\/\/www.blogsoestado.com\/danielmatos\/","name":"Daniel Matos","description":"","potentialAction":[{"@type":"SearchAction","target":{"@type":"EntryPoint","urlTemplate":"https:\/\/www.blogsoestado.com\/danielmatos\/?s={search_term_string}"},"query-input":{"@type":"PropertyValueSpecification","valueRequired":true,"valueName":"search_term_string"}}],"inLanguage":"pt-BR"}]}},"jetpack_featured_media_url":"","_links":{"self":[{"href":"https:\/\/www.blogsoestado.com\/danielmatos\/wp-json\/wp\/v2\/posts\/51286","targetHints":{"allow":["GET"]}}],"collection":[{"href":"https:\/\/www.blogsoestado.com\/danielmatos\/wp-json\/wp\/v2\/posts"}],"about":[{"href":"https:\/\/www.blogsoestado.com\/danielmatos\/wp-json\/wp\/v2\/types\/post"}],"replies":[{"embeddable":true,"href":"https:\/\/www.blogsoestado.com\/danielmatos\/wp-json\/wp\/v2\/comments?post=51286"}],"version-history":[{"count":0,"href":"https:\/\/www.blogsoestado.com\/danielmatos\/wp-json\/wp\/v2\/posts\/51286\/revisions"}],"wp:attachment":[{"href":"https:\/\/www.blogsoestado.com\/danielmatos\/wp-json\/wp\/v2\/media?parent=51286"}],"wp:term":[{"taxonomy":"category","embeddable":true,"href":"https:\/\/www.blogsoestado.com\/danielmatos\/wp-json\/wp\/v2\/categories?post=51286"},{"taxonomy":"post_tag","embeddable":true,"href":"https:\/\/www.blogsoestado.com\/danielmatos\/wp-json\/wp\/v2\/tags?post=51286"}],"curies":[{"name":"wp","href":"https:\/\/api.w.org\/{rel}","templated":true}]}}