{"id":51294,"date":"2018-05-14T13:18:45","date_gmt":"2018-05-14T16:18:45","guid":{"rendered":"https:\/\/www.blogsoestado.com\/danielmatos\/?p=51294"},"modified":"2018-05-14T13:18:45","modified_gmt":"2018-05-14T16:18:45","slug":"tema-afirma-que-politica-do-maranhao-esta-de-luto-com-morte-de-cafeteira","status":"publish","type":"post","link":"https:\/\/www.blogsoestado.com\/danielmatos\/tema-afirma-que-politica-do-maranhao-esta-de-luto-com-morte-de-cafeteira\/","title":{"rendered":"Tema afirma que a pol\u00edtica do Maranh\u00e3o est\u00e1 de luto com a morte de Cafeteira"},"content":{"rendered":"<figure id=\"attachment_51295\" aria-describedby=\"caption-attachment-51295\" style=\"width: 448px\" class=\"wp-caption alignright\"><img fetchpriority=\"high\" decoding=\"async\" class=\"size-full wp-image-51295\" src=\"https:\/\/www.blogsoestado.com\/danielmatos\/files\/2018\/05\/tema-luto.jpeg\" alt=\"\" width=\"448\" height=\"297\" \/><figcaption id=\"caption-attachment-51295\" class=\"wp-caption-text\">Tema lembrou que Cafeteira atuou com extrema desenvoltura em todos os cargos que exerceu<\/figcaption><\/figure>\n<p>O presidente da Federa\u00e7\u00e3o dos Munic\u00edpios do Estado do Maranh\u00e3o-FAMEM, Cleomar Tema, lamentou profundamente o falecimento do ex-senador Epit\u00e1cio Cafeteira, ocorrido na tarde do \u00faltimo domingo, em Bras\u00edlia. De acordo com Cleomar Tema, Cafeteira foi um pol\u00edtico que deixou uma marca indel\u00e9vel na pol\u00edtica do M aranh\u00e3o.<\/p>\n<p>-Ele foi um prefeito que realizou um grande conjunto de obras em S\u00e3o Luis e, como governador, tamb\u00e9m imprimiu a marac\u00e1 de seu trabalho, deixando obras em praticamente todos os munic\u00edpios do Estado. Ele foi um tocador de obras, de sua gera\u00e7\u00e3o, foi um dos mais importantes l\u00edderes da pol\u00edtica maranhense-, assinalou o l\u00edder municipalista.<\/p>\n<p>Segundo o dirigente da FAMEM, o municipalismo do Maranh\u00e3o est\u00e1 de luto com a morte desse importante e carism\u00e1tico l\u00edder.<\/p>\n<p>\u201cA pol\u00edtica maranhense fica desfalcada com a morte de Epit\u00e1cio Cafeteira, que foi deputado federal, prefeito de S\u00e3o Luis, governador e senador, atuando com extrema desenvoltura em todos os cargos\u201d, acrescentou.<\/p>\n","protected":false},"excerpt":{"rendered":"<p>O presidente da Federa\u00e7\u00e3o dos Munic\u00edpios do Estado do Maranh\u00e3o-FAMEM, Cleomar Tema, lamentou profundamente o falecimento do ex-senador Epit\u00e1cio Cafeteira, [&hellip;]<\/p>\n","protected":false},"author":0,"featured_media":0,"comment_status":"open","ping_status":"open","sticky":false,"template":"","format":"standard","meta":{"site-sidebar-layout":"default","site-content-layout":"","ast-site-content-layout":"default","site-content-style":"default","site-sidebar-style":"default","ast-global-header-display":"","ast-banner-title-visibility":"","ast-main-header-display":"","ast-hfb-above-header-display":"","ast-hfb-below-header-display":"","ast-hfb-mobile-header-display":"","site-post-title":"","ast-breadcrumbs-content":"","ast-featured-img":"","footer-sml-layout":"","ast-disable-related-posts":"","theme-transparent-header-meta":"","adv-header-id-meta":"","stick-header-meta":"","header-above-stick-meta":"","header-main-stick-meta":"","header-below-stick-meta":"","astra-migrate-meta-layouts":"default","ast-page-background-enabled":"default","ast-page-background-meta":{"desktop":{"background-color":"var(--ast-global-color-5)","background-image":"","background-repeat":"repeat","background-position":"center center","background-size":"auto","background-attachment":"scroll","background-type":"","background-media":"","overlay-type":"","overlay-color":"","overlay-opacity":"","overlay-gradient":""},"tablet":{"background-color":"","background-image":"","background-repeat":"repeat","background-position":"center center","background-size":"auto","background-attachment":"scroll","background-type":"","background-media":"","overlay-type":"","overlay-color":"","overlay-opacity":"","overlay-gradient":""},"mobile":{"background-color":"","background-image":"","background-repeat":"repeat","background-position":"center center","background-size":"auto","background-attachment":"scroll","background-type":"","background-media":"","overlay-type":"","overlay-color":"","overlay-opacity":"","overlay-gradient":""}},"ast-content-background-meta":{"desktop":{"background-color":"var(--ast-global-color-4)","background-image":"","background-repeat":"repeat","background-position":"center center","background-size":"auto","background-attachment":"scroll","background-type":"","background-media":"","overlay-type":"","overlay-color":"","overlay-opacity":"","overlay-gradient":""},"tablet":{"background-color":"var(--ast-global-color-4)","background-image":"","background-repeat":"repeat","background-position":"center center","background-size":"auto","background-attachment":"scroll","background-type":"","background-media":"","overlay-type":"","overlay-color":"","overlay-opacity":"","overlay-gradient":""},"mobile":{"background-color":"var(--ast-global-color-4)","background-image":"","background-repeat":"repeat","background-position":"center center","background-size":"auto","background-attachment":"scroll","background-type":"","background-media":"","overlay-type":"","overlay-color":"","overlay-opacity":"","overlay-gradient":""}},"footnotes":""},"categories":[1],"tags":[],"class_list":["post-51294","post","type-post","status-publish","format-standard","hentry","category-sem-categoria"],"yoast_head":"<!-- This site is optimized with the Yoast SEO plugin v26.6 - https:\/\/yoast.com\/wordpress\/plugins\/seo\/ -->\n<title>Tema afirma que a pol\u00edtica do Maranh\u00e3o est\u00e1 de luto com a morte de Cafeteira - Daniel Matos<\/title>\n<meta name=\"robots\" content=\"index, follow, max-snippet:-1, max-image-preview:large, max-video-preview:-1\" \/>\n<link rel=\"canonical\" href=\"https:\/\/www.blogsoestado.com\/danielmatos\/tema-afirma-que-politica-do-maranhao-esta-de-luto-com-morte-de-cafeteira\/\" \/>\n<meta property=\"og:locale\" content=\"pt_BR\" \/>\n<meta property=\"og:type\" content=\"article\" \/>\n<meta property=\"og:title\" content=\"Tema afirma que a pol\u00edtica do Maranh\u00e3o est\u00e1 de luto com a morte de Cafeteira - Daniel Matos\" \/>\n<meta property=\"og:description\" content=\"O presidente da Federa\u00e7\u00e3o dos Munic\u00edpios do Estado do Maranh\u00e3o-FAMEM, Cleomar Tema, lamentou profundamente o falecimento do ex-senador Epit\u00e1cio Cafeteira, [&hellip;]\" \/>\n<meta property=\"og:url\" content=\"https:\/\/www.blogsoestado.com\/danielmatos\/tema-afirma-que-politica-do-maranhao-esta-de-luto-com-morte-de-cafeteira\/\" \/>\n<meta property=\"og:site_name\" content=\"Daniel Matos\" \/>\n<meta property=\"article:published_time\" content=\"2018-05-14T16:18:45+00:00\" \/>\n<meta property=\"og:image\" content=\"https:\/\/www.blogsoestado.com\/danielmatos\/files\/2018\/05\/tema-luto.jpeg\" \/>\n<meta name=\"twitter:card\" content=\"summary_large_image\" \/>\n<meta name=\"twitter:label1\" content=\"Est. tempo de leitura\" \/>\n\t<meta name=\"twitter:data1\" content=\"1 minuto\" \/>\n<script type=\"application\/ld+json\" class=\"yoast-schema-graph\">{\"@context\":\"https:\/\/schema.org\",\"@graph\":[{\"@type\":\"WebPage\",\"@id\":\"https:\/\/www.blogsoestado.com\/danielmatos\/tema-afirma-que-politica-do-maranhao-esta-de-luto-com-morte-de-cafeteira\/\",\"url\":\"https:\/\/www.blogsoestado.com\/danielmatos\/tema-afirma-que-politica-do-maranhao-esta-de-luto-com-morte-de-cafeteira\/\",\"name\":\"Tema afirma que a pol\u00edtica do Maranh\u00e3o est\u00e1 de luto com a morte de Cafeteira - Daniel Matos\",\"isPartOf\":{\"@id\":\"https:\/\/www.blogsoestado.com\/danielmatos\/#website\"},\"primaryImageOfPage\":{\"@id\":\"https:\/\/www.blogsoestado.com\/danielmatos\/tema-afirma-que-politica-do-maranhao-esta-de-luto-com-morte-de-cafeteira\/#primaryimage\"},\"image\":{\"@id\":\"https:\/\/www.blogsoestado.com\/danielmatos\/tema-afirma-que-politica-do-maranhao-esta-de-luto-com-morte-de-cafeteira\/#primaryimage\"},\"thumbnailUrl\":\"https:\/\/www.blogsoestado.com\/danielmatos\/files\/2018\/05\/tema-luto.jpeg\",\"datePublished\":\"2018-05-14T16:18:45+00:00\",\"author\":{\"@id\":\"\"},\"breadcrumb\":{\"@id\":\"https:\/\/www.blogsoestado.com\/danielmatos\/tema-afirma-que-politica-do-maranhao-esta-de-luto-com-morte-de-cafeteira\/#breadcrumb\"},\"inLanguage\":\"pt-BR\",\"potentialAction\":[{\"@type\":\"ReadAction\",\"target\":[\"https:\/\/www.blogsoestado.com\/danielmatos\/tema-afirma-que-politica-do-maranhao-esta-de-luto-com-morte-de-cafeteira\/\"]}]},{\"@type\":\"ImageObject\",\"inLanguage\":\"pt-BR\",\"@id\":\"https:\/\/www.blogsoestado.com\/danielmatos\/tema-afirma-que-politica-do-maranhao-esta-de-luto-com-morte-de-cafeteira\/#primaryimage\",\"url\":\"https:\/\/www.blogsoestado.com\/danielmatos\/files\/2018\/05\/tema-luto.jpeg\",\"contentUrl\":\"https:\/\/www.blogsoestado.com\/danielmatos\/files\/2018\/05\/tema-luto.jpeg\"},{\"@type\":\"BreadcrumbList\",\"@id\":\"https:\/\/www.blogsoestado.com\/danielmatos\/tema-afirma-que-politica-do-maranhao-esta-de-luto-com-morte-de-cafeteira\/#breadcrumb\",\"itemListElement\":[{\"@type\":\"ListItem\",\"position\":1,\"name\":\"In\u00edcio\",\"item\":\"https:\/\/www.blogsoestado.com\/danielmatos\/\"},{\"@type\":\"ListItem\",\"position\":2,\"name\":\"Tema afirma que a pol\u00edtica do Maranh\u00e3o est\u00e1 de luto com a morte de Cafeteira\"}]},{\"@type\":\"WebSite\",\"@id\":\"https:\/\/www.blogsoestado.com\/danielmatos\/#website\",\"url\":\"https:\/\/www.blogsoestado.com\/danielmatos\/\",\"name\":\"Daniel Matos\",\"description\":\"\",\"potentialAction\":[{\"@type\":\"SearchAction\",\"target\":{\"@type\":\"EntryPoint\",\"urlTemplate\":\"https:\/\/www.blogsoestado.com\/danielmatos\/?s={search_term_string}\"},\"query-input\":{\"@type\":\"PropertyValueSpecification\",\"valueRequired\":true,\"valueName\":\"search_term_string\"}}],\"inLanguage\":\"pt-BR\"}]}<\/script>\n<!-- \/ Yoast SEO plugin. -->","yoast_head_json":{"title":"Tema afirma que a pol\u00edtica do Maranh\u00e3o est\u00e1 de luto com a morte de Cafeteira - Daniel Matos","robots":{"index":"index","follow":"follow","max-snippet":"max-snippet:-1","max-image-preview":"max-image-preview:large","max-video-preview":"max-video-preview:-1"},"canonical":"https:\/\/www.blogsoestado.com\/danielmatos\/tema-afirma-que-politica-do-maranhao-esta-de-luto-com-morte-de-cafeteira\/","og_locale":"pt_BR","og_type":"article","og_title":"Tema afirma que a pol\u00edtica do Maranh\u00e3o est\u00e1 de luto com a morte de Cafeteira - Daniel Matos","og_description":"O presidente da Federa\u00e7\u00e3o dos Munic\u00edpios do Estado do Maranh\u00e3o-FAMEM, Cleomar Tema, lamentou profundamente o falecimento do ex-senador Epit\u00e1cio Cafeteira, [&hellip;]","og_url":"https:\/\/www.blogsoestado.com\/danielmatos\/tema-afirma-que-politica-do-maranhao-esta-de-luto-com-morte-de-cafeteira\/","og_site_name":"Daniel Matos","article_published_time":"2018-05-14T16:18:45+00:00","og_image":[{"url":"https:\/\/www.blogsoestado.com\/danielmatos\/files\/2018\/05\/tema-luto.jpeg","type":"","width":"","height":""}],"twitter_card":"summary_large_image","twitter_misc":{"Est. tempo de leitura":"1 minuto"},"schema":{"@context":"https:\/\/schema.org","@graph":[{"@type":"WebPage","@id":"https:\/\/www.blogsoestado.com\/danielmatos\/tema-afirma-que-politica-do-maranhao-esta-de-luto-com-morte-de-cafeteira\/","url":"https:\/\/www.blogsoestado.com\/danielmatos\/tema-afirma-que-politica-do-maranhao-esta-de-luto-com-morte-de-cafeteira\/","name":"Tema afirma que a pol\u00edtica do Maranh\u00e3o est\u00e1 de luto com a morte de Cafeteira - Daniel Matos","isPartOf":{"@id":"https:\/\/www.blogsoestado.com\/danielmatos\/#website"},"primaryImageOfPage":{"@id":"https:\/\/www.blogsoestado.com\/danielmatos\/tema-afirma-que-politica-do-maranhao-esta-de-luto-com-morte-de-cafeteira\/#primaryimage"},"image":{"@id":"https:\/\/www.blogsoestado.com\/danielmatos\/tema-afirma-que-politica-do-maranhao-esta-de-luto-com-morte-de-cafeteira\/#primaryimage"},"thumbnailUrl":"https:\/\/www.blogsoestado.com\/danielmatos\/files\/2018\/05\/tema-luto.jpeg","datePublished":"2018-05-14T16:18:45+00:00","author":{"@id":""},"breadcrumb":{"@id":"https:\/\/www.blogsoestado.com\/danielmatos\/tema-afirma-que-politica-do-maranhao-esta-de-luto-com-morte-de-cafeteira\/#breadcrumb"},"inLanguage":"pt-BR","potentialAction":[{"@type":"ReadAction","target":["https:\/\/www.blogsoestado.com\/danielmatos\/tema-afirma-que-politica-do-maranhao-esta-de-luto-com-morte-de-cafeteira\/"]}]},{"@type":"ImageObject","inLanguage":"pt-BR","@id":"https:\/\/www.blogsoestado.com\/danielmatos\/tema-afirma-que-politica-do-maranhao-esta-de-luto-com-morte-de-cafeteira\/#primaryimage","url":"https:\/\/www.blogsoestado.com\/danielmatos\/files\/2018\/05\/tema-luto.jpeg","contentUrl":"https:\/\/www.blogsoestado.com\/danielmatos\/files\/2018\/05\/tema-luto.jpeg"},{"@type":"BreadcrumbList","@id":"https:\/\/www.blogsoestado.com\/danielmatos\/tema-afirma-que-politica-do-maranhao-esta-de-luto-com-morte-de-cafeteira\/#breadcrumb","itemListElement":[{"@type":"ListItem","position":1,"name":"In\u00edcio","item":"https:\/\/www.blogsoestado.com\/danielmatos\/"},{"@type":"ListItem","position":2,"name":"Tema afirma que a pol\u00edtica do Maranh\u00e3o est\u00e1 de luto com a morte de Cafeteira"}]},{"@type":"WebSite","@id":"https:\/\/www.blogsoestado.com\/danielmatos\/#website","url":"https:\/\/www.blogsoestado.com\/danielmatos\/","name":"Daniel Matos","description":"","potentialAction":[{"@type":"SearchAction","target":{"@type":"EntryPoint","urlTemplate":"https:\/\/www.blogsoestado.com\/danielmatos\/?s={search_term_string}"},"query-input":{"@type":"PropertyValueSpecification","valueRequired":true,"valueName":"search_term_string"}}],"inLanguage":"pt-BR"}]}},"jetpack_featured_media_url":"","_links":{"self":[{"href":"https:\/\/www.blogsoestado.com\/danielmatos\/wp-json\/wp\/v2\/posts\/51294","targetHints":{"allow":["GET"]}}],"collection":[{"href":"https:\/\/www.blogsoestado.com\/danielmatos\/wp-json\/wp\/v2\/posts"}],"about":[{"href":"https:\/\/www.blogsoestado.com\/danielmatos\/wp-json\/wp\/v2\/types\/post"}],"replies":[{"embeddable":true,"href":"https:\/\/www.blogsoestado.com\/danielmatos\/wp-json\/wp\/v2\/comments?post=51294"}],"version-history":[{"count":0,"href":"https:\/\/www.blogsoestado.com\/danielmatos\/wp-json\/wp\/v2\/posts\/51294\/revisions"}],"wp:attachment":[{"href":"https:\/\/www.blogsoestado.com\/danielmatos\/wp-json\/wp\/v2\/media?parent=51294"}],"wp:term":[{"taxonomy":"category","embeddable":true,"href":"https:\/\/www.blogsoestado.com\/danielmatos\/wp-json\/wp\/v2\/categories?post=51294"},{"taxonomy":"post_tag","embeddable":true,"href":"https:\/\/www.blogsoestado.com\/danielmatos\/wp-json\/wp\/v2\/tags?post=51294"}],"curies":[{"name":"wp","href":"https:\/\/api.w.org\/{rel}","templated":true}]}}