{"id":51321,"date":"2018-05-15T09:32:02","date_gmt":"2018-05-15T12:32:02","guid":{"rendered":"https:\/\/www.blogsoestado.com\/danielmatos\/?p=51321"},"modified":"2018-05-15T09:32:02","modified_gmt":"2018-05-15T12:32:02","slug":"ate-quando-vamos-assistir-ao-descuido-do-governo-com-saude-questiona-deputada","status":"publish","type":"post","link":"https:\/\/www.blogsoestado.com\/danielmatos\/ate-quando-vamos-assistir-ao-descuido-do-governo-com-saude-questiona-deputada\/","title":{"rendered":"\u201cAt\u00e9 quando vamos assistir ao descuido do governo com a sa\u00fade?\u201d, questiona deputada"},"content":{"rendered":"<figure id=\"attachment_51322\" aria-describedby=\"caption-attachment-51322\" style=\"width: 448px\" class=\"wp-caption alignright\"><img fetchpriority=\"high\" decoding=\"async\" class=\"wp-image-51322 size-full\" src=\"https:\/\/www.blogsoestado.com\/danielmatos\/files\/2018\/05\/andrea-saude.jpg\" alt=\"\" width=\"448\" height=\"299\" \/><figcaption id=\"caption-attachment-51322\" class=\"wp-caption-text\">Andrea Murad relatou v\u00e1rios epis\u00f3dios de neglig\u00eancia no servi\u00e7o p\u00fablico de sa\u00fade, por meio de sua rede social<\/figcaption><\/figure>\n<p>A deputada estadual Andrea Murad (PRP) relatou v\u00e1rios epis\u00f3dios de neglig\u00eancia no servi\u00e7o p\u00fablico de sa\u00fade, atrav\u00e9s de sua rede social. P\u00e9ssimo atendimento, falta de medicamentos e materiais e at\u00e9 desperd\u00edcios est\u00e3o ocorrendo nas unidades administradas pelo governo Fl\u00e1vio Dino.<\/p>\n<p>\u201cA cada dia, novos relatos de neglig\u00eancia na rede estadual de sa\u00fade do Maranh\u00e3o. \u00c9 monstruoso como os gestores de Fl\u00e1vio Dino lidam com o atendimento nas unidades. Em Coroat\u00e1, Ant\u00f4nia de Sousa Nascimento, de 83 anos, sofreu um acidente, quebrou o ombro e a perna, e deu entrada no hospital macrorregional no dia 29 de abril, onde passou um tempo no corredor do hospital e s\u00f3 depois foi para um leito. At\u00e9 hoje aguarda para fazer uma cirurgia. E o mais ABSURDO: o hospital est\u00e1 sem os equipamentos para realizar o procedimento como furadeira, m\u00e1quina de esteriliza\u00e7\u00e3o de ferramentas e outros materiais. O Minist\u00e9rio P\u00fablico deve intervir imediatamente, porque familiares de Ant\u00f4nia alegam que ela n\u00e3o \u00e9 caso isolado, tem v\u00e1rias pessoas que est\u00e3o na fila de espera h\u00e1 mais de 4 meses por uma cirurgia\u201d, relatou Andrea.<\/p>\n<p>A parlamentar tamb\u00e9m relatou o caso da senhora Leoc\u00e1dia Diniz, 79 anos. Ela estava com pneumonia, mesmo diab\u00e9tica e hipertensa, n\u00e3o recebeu a aten\u00e7\u00e3o necess\u00e1ria e imediata, passando 1 semana em uma cadeira na UPA do Bacanga e s\u00f3 depois de ter seu quadro agravado foi transferida para Ala Vermelha, mas faleceu na manh\u00e3 desta segunda-feira.<\/p>\n<p>\u201cN\u00e3o bastassem os \u00f3bitos que devem estar ocorrendo em muitas outras unidades do estado, por todo esse desleixo do governador Fl\u00e1vio Dino, h\u00e1 desperd\u00edcios com o pouco que tem e a falta de materiais \u00e9 frequente. Isso \u00e9 um absurdo. Toda semana recebo reclama\u00e7\u00f5es de falta de tudo nos hospitais. O hospital Geral, em S\u00e3o Lu\u00eds, falta medica\u00e7\u00e3o, falta soro fisiol\u00f3gico de 100 ml e 250 ml, restando apenas os de 500 ml que s\u00e3o usados para aplicar apenas 100 ml com medica\u00e7\u00e3o e depois \u00e9 jogado fora. Um completo desperd\u00edcio. Quando n\u00e3o se estraga, falta! Pacientes que recebem insulina pelo Estado, est\u00e3o com mais de m\u00eas sem receber a medica\u00e7\u00e3o. At\u00e9 quando vamos assistir esse descuido do governo do estado????\u201d, questionou Andrea.<\/p>\n","protected":false},"excerpt":{"rendered":"<p>A deputada estadual Andrea Murad (PRP) relatou v\u00e1rios epis\u00f3dios de neglig\u00eancia no servi\u00e7o p\u00fablico de sa\u00fade, atrav\u00e9s de sua rede [&hellip;]<\/p>\n","protected":false},"author":0,"featured_media":0,"comment_status":"open","ping_status":"open","sticky":false,"template":"","format":"standard","meta":{"site-sidebar-layout":"default","site-content-layout":"","ast-site-content-layout":"default","site-content-style":"default","site-sidebar-style":"default","ast-global-header-display":"","ast-banner-title-visibility":"","ast-main-header-display":"","ast-hfb-above-header-display":"","ast-hfb-below-header-display":"","ast-hfb-mobile-header-display":"","site-post-title":"","ast-breadcrumbs-content":"","ast-featured-img":"","footer-sml-layout":"","ast-disable-related-posts":"","theme-transparent-header-meta":"","adv-header-id-meta":"","stick-header-meta":"","header-above-stick-meta":"","header-main-stick-meta":"","header-below-stick-meta":"","astra-migrate-meta-layouts":"default","ast-page-background-enabled":"default","ast-page-background-meta":{"desktop":{"background-color":"var(--ast-global-color-5)","background-image":"","background-repeat":"repeat","background-position":"center center","background-size":"auto","background-attachment":"scroll","background-type":"","background-media":"","overlay-type":"","overlay-color":"","overlay-opacity":"","overlay-gradient":""},"tablet":{"background-color":"","background-image":"","background-repeat":"repeat","background-position":"center center","background-size":"auto","background-attachment":"scroll","background-type":"","background-media":"","overlay-type":"","overlay-color":"","overlay-opacity":"","overlay-gradient":""},"mobile":{"background-color":"","background-image":"","background-repeat":"repeat","background-position":"center center","background-size":"auto","background-attachment":"scroll","background-type":"","background-media":"","overlay-type":"","overlay-color":"","overlay-opacity":"","overlay-gradient":""}},"ast-content-background-meta":{"desktop":{"background-color":"var(--ast-global-color-4)","background-image":"","background-repeat":"repeat","background-position":"center center","background-size":"auto","background-attachment":"scroll","background-type":"","background-media":"","overlay-type":"","overlay-color":"","overlay-opacity":"","overlay-gradient":""},"tablet":{"background-color":"var(--ast-global-color-4)","background-image":"","background-repeat":"repeat","background-position":"center center","background-size":"auto","background-attachment":"scroll","background-type":"","background-media":"","overlay-type":"","overlay-color":"","overlay-opacity":"","overlay-gradient":""},"mobile":{"background-color":"var(--ast-global-color-4)","background-image":"","background-repeat":"repeat","background-position":"center center","background-size":"auto","background-attachment":"scroll","background-type":"","background-media":"","overlay-type":"","overlay-color":"","overlay-opacity":"","overlay-gradient":""}},"footnotes":""},"categories":[1],"tags":[],"class_list":["post-51321","post","type-post","status-publish","format-standard","hentry","category-sem-categoria"],"yoast_head":"<!-- This site is optimized with the Yoast SEO plugin v26.6 - https:\/\/yoast.com\/wordpress\/plugins\/seo\/ -->\n<title>\u201cAt\u00e9 quando vamos assistir ao descuido do governo com a sa\u00fade?\u201d, questiona deputada - Daniel Matos<\/title>\n<meta name=\"robots\" content=\"index, follow, max-snippet:-1, max-image-preview:large, max-video-preview:-1\" \/>\n<link rel=\"canonical\" href=\"https:\/\/www.blogsoestado.com\/danielmatos\/ate-quando-vamos-assistir-ao-descuido-do-governo-com-saude-questiona-deputada\/\" \/>\n<meta property=\"og:locale\" content=\"pt_BR\" \/>\n<meta property=\"og:type\" content=\"article\" \/>\n<meta property=\"og:title\" content=\"\u201cAt\u00e9 quando vamos assistir ao descuido do governo com a sa\u00fade?\u201d, questiona deputada - Daniel Matos\" \/>\n<meta property=\"og:description\" content=\"A deputada estadual Andrea Murad (PRP) relatou v\u00e1rios epis\u00f3dios de neglig\u00eancia no servi\u00e7o p\u00fablico de sa\u00fade, atrav\u00e9s de sua rede [&hellip;]\" \/>\n<meta property=\"og:url\" content=\"https:\/\/www.blogsoestado.com\/danielmatos\/ate-quando-vamos-assistir-ao-descuido-do-governo-com-saude-questiona-deputada\/\" \/>\n<meta property=\"og:site_name\" content=\"Daniel Matos\" \/>\n<meta property=\"article:published_time\" content=\"2018-05-15T12:32:02+00:00\" \/>\n<meta property=\"og:image\" content=\"https:\/\/www.blogsoestado.com\/danielmatos\/files\/2018\/05\/andrea-saude.jpg\" \/>\n<meta name=\"twitter:card\" content=\"summary_large_image\" \/>\n<meta name=\"twitter:label1\" content=\"Est. tempo de leitura\" \/>\n\t<meta name=\"twitter:data1\" content=\"2 minutos\" \/>\n<script type=\"application\/ld+json\" class=\"yoast-schema-graph\">{\"@context\":\"https:\/\/schema.org\",\"@graph\":[{\"@type\":\"WebPage\",\"@id\":\"https:\/\/www.blogsoestado.com\/danielmatos\/ate-quando-vamos-assistir-ao-descuido-do-governo-com-saude-questiona-deputada\/\",\"url\":\"https:\/\/www.blogsoestado.com\/danielmatos\/ate-quando-vamos-assistir-ao-descuido-do-governo-com-saude-questiona-deputada\/\",\"name\":\"\u201cAt\u00e9 quando vamos assistir ao descuido do governo com a sa\u00fade?\u201d, questiona deputada - Daniel Matos\",\"isPartOf\":{\"@id\":\"https:\/\/www.blogsoestado.com\/danielmatos\/#website\"},\"primaryImageOfPage\":{\"@id\":\"https:\/\/www.blogsoestado.com\/danielmatos\/ate-quando-vamos-assistir-ao-descuido-do-governo-com-saude-questiona-deputada\/#primaryimage\"},\"image\":{\"@id\":\"https:\/\/www.blogsoestado.com\/danielmatos\/ate-quando-vamos-assistir-ao-descuido-do-governo-com-saude-questiona-deputada\/#primaryimage\"},\"thumbnailUrl\":\"https:\/\/www.blogsoestado.com\/danielmatos\/files\/2018\/05\/andrea-saude.jpg\",\"datePublished\":\"2018-05-15T12:32:02+00:00\",\"author\":{\"@id\":\"\"},\"breadcrumb\":{\"@id\":\"https:\/\/www.blogsoestado.com\/danielmatos\/ate-quando-vamos-assistir-ao-descuido-do-governo-com-saude-questiona-deputada\/#breadcrumb\"},\"inLanguage\":\"pt-BR\",\"potentialAction\":[{\"@type\":\"ReadAction\",\"target\":[\"https:\/\/www.blogsoestado.com\/danielmatos\/ate-quando-vamos-assistir-ao-descuido-do-governo-com-saude-questiona-deputada\/\"]}]},{\"@type\":\"ImageObject\",\"inLanguage\":\"pt-BR\",\"@id\":\"https:\/\/www.blogsoestado.com\/danielmatos\/ate-quando-vamos-assistir-ao-descuido-do-governo-com-saude-questiona-deputada\/#primaryimage\",\"url\":\"https:\/\/www.blogsoestado.com\/danielmatos\/files\/2018\/05\/andrea-saude.jpg\",\"contentUrl\":\"https:\/\/www.blogsoestado.com\/danielmatos\/files\/2018\/05\/andrea-saude.jpg\"},{\"@type\":\"BreadcrumbList\",\"@id\":\"https:\/\/www.blogsoestado.com\/danielmatos\/ate-quando-vamos-assistir-ao-descuido-do-governo-com-saude-questiona-deputada\/#breadcrumb\",\"itemListElement\":[{\"@type\":\"ListItem\",\"position\":1,\"name\":\"In\u00edcio\",\"item\":\"https:\/\/www.blogsoestado.com\/danielmatos\/\"},{\"@type\":\"ListItem\",\"position\":2,\"name\":\"\u201cAt\u00e9 quando vamos assistir ao descuido do governo com a sa\u00fade?\u201d, questiona deputada\"}]},{\"@type\":\"WebSite\",\"@id\":\"https:\/\/www.blogsoestado.com\/danielmatos\/#website\",\"url\":\"https:\/\/www.blogsoestado.com\/danielmatos\/\",\"name\":\"Daniel Matos\",\"description\":\"\",\"potentialAction\":[{\"@type\":\"SearchAction\",\"target\":{\"@type\":\"EntryPoint\",\"urlTemplate\":\"https:\/\/www.blogsoestado.com\/danielmatos\/?s={search_term_string}\"},\"query-input\":{\"@type\":\"PropertyValueSpecification\",\"valueRequired\":true,\"valueName\":\"search_term_string\"}}],\"inLanguage\":\"pt-BR\"}]}<\/script>\n<!-- \/ Yoast SEO plugin. -->","yoast_head_json":{"title":"\u201cAt\u00e9 quando vamos assistir ao descuido do governo com a sa\u00fade?\u201d, questiona deputada - Daniel Matos","robots":{"index":"index","follow":"follow","max-snippet":"max-snippet:-1","max-image-preview":"max-image-preview:large","max-video-preview":"max-video-preview:-1"},"canonical":"https:\/\/www.blogsoestado.com\/danielmatos\/ate-quando-vamos-assistir-ao-descuido-do-governo-com-saude-questiona-deputada\/","og_locale":"pt_BR","og_type":"article","og_title":"\u201cAt\u00e9 quando vamos assistir ao descuido do governo com a sa\u00fade?\u201d, questiona deputada - Daniel Matos","og_description":"A deputada estadual Andrea Murad (PRP) relatou v\u00e1rios epis\u00f3dios de neglig\u00eancia no servi\u00e7o p\u00fablico de sa\u00fade, atrav\u00e9s de sua rede [&hellip;]","og_url":"https:\/\/www.blogsoestado.com\/danielmatos\/ate-quando-vamos-assistir-ao-descuido-do-governo-com-saude-questiona-deputada\/","og_site_name":"Daniel Matos","article_published_time":"2018-05-15T12:32:02+00:00","og_image":[{"url":"https:\/\/www.blogsoestado.com\/danielmatos\/files\/2018\/05\/andrea-saude.jpg","type":"","width":"","height":""}],"twitter_card":"summary_large_image","twitter_misc":{"Est. tempo de leitura":"2 minutos"},"schema":{"@context":"https:\/\/schema.org","@graph":[{"@type":"WebPage","@id":"https:\/\/www.blogsoestado.com\/danielmatos\/ate-quando-vamos-assistir-ao-descuido-do-governo-com-saude-questiona-deputada\/","url":"https:\/\/www.blogsoestado.com\/danielmatos\/ate-quando-vamos-assistir-ao-descuido-do-governo-com-saude-questiona-deputada\/","name":"\u201cAt\u00e9 quando vamos assistir ao descuido do governo com a sa\u00fade?\u201d, questiona deputada - Daniel Matos","isPartOf":{"@id":"https:\/\/www.blogsoestado.com\/danielmatos\/#website"},"primaryImageOfPage":{"@id":"https:\/\/www.blogsoestado.com\/danielmatos\/ate-quando-vamos-assistir-ao-descuido-do-governo-com-saude-questiona-deputada\/#primaryimage"},"image":{"@id":"https:\/\/www.blogsoestado.com\/danielmatos\/ate-quando-vamos-assistir-ao-descuido-do-governo-com-saude-questiona-deputada\/#primaryimage"},"thumbnailUrl":"https:\/\/www.blogsoestado.com\/danielmatos\/files\/2018\/05\/andrea-saude.jpg","datePublished":"2018-05-15T12:32:02+00:00","author":{"@id":""},"breadcrumb":{"@id":"https:\/\/www.blogsoestado.com\/danielmatos\/ate-quando-vamos-assistir-ao-descuido-do-governo-com-saude-questiona-deputada\/#breadcrumb"},"inLanguage":"pt-BR","potentialAction":[{"@type":"ReadAction","target":["https:\/\/www.blogsoestado.com\/danielmatos\/ate-quando-vamos-assistir-ao-descuido-do-governo-com-saude-questiona-deputada\/"]}]},{"@type":"ImageObject","inLanguage":"pt-BR","@id":"https:\/\/www.blogsoestado.com\/danielmatos\/ate-quando-vamos-assistir-ao-descuido-do-governo-com-saude-questiona-deputada\/#primaryimage","url":"https:\/\/www.blogsoestado.com\/danielmatos\/files\/2018\/05\/andrea-saude.jpg","contentUrl":"https:\/\/www.blogsoestado.com\/danielmatos\/files\/2018\/05\/andrea-saude.jpg"},{"@type":"BreadcrumbList","@id":"https:\/\/www.blogsoestado.com\/danielmatos\/ate-quando-vamos-assistir-ao-descuido-do-governo-com-saude-questiona-deputada\/#breadcrumb","itemListElement":[{"@type":"ListItem","position":1,"name":"In\u00edcio","item":"https:\/\/www.blogsoestado.com\/danielmatos\/"},{"@type":"ListItem","position":2,"name":"\u201cAt\u00e9 quando vamos assistir ao descuido do governo com a sa\u00fade?\u201d, questiona deputada"}]},{"@type":"WebSite","@id":"https:\/\/www.blogsoestado.com\/danielmatos\/#website","url":"https:\/\/www.blogsoestado.com\/danielmatos\/","name":"Daniel Matos","description":"","potentialAction":[{"@type":"SearchAction","target":{"@type":"EntryPoint","urlTemplate":"https:\/\/www.blogsoestado.com\/danielmatos\/?s={search_term_string}"},"query-input":{"@type":"PropertyValueSpecification","valueRequired":true,"valueName":"search_term_string"}}],"inLanguage":"pt-BR"}]}},"jetpack_featured_media_url":"","_links":{"self":[{"href":"https:\/\/www.blogsoestado.com\/danielmatos\/wp-json\/wp\/v2\/posts\/51321","targetHints":{"allow":["GET"]}}],"collection":[{"href":"https:\/\/www.blogsoestado.com\/danielmatos\/wp-json\/wp\/v2\/posts"}],"about":[{"href":"https:\/\/www.blogsoestado.com\/danielmatos\/wp-json\/wp\/v2\/types\/post"}],"replies":[{"embeddable":true,"href":"https:\/\/www.blogsoestado.com\/danielmatos\/wp-json\/wp\/v2\/comments?post=51321"}],"version-history":[{"count":0,"href":"https:\/\/www.blogsoestado.com\/danielmatos\/wp-json\/wp\/v2\/posts\/51321\/revisions"}],"wp:attachment":[{"href":"https:\/\/www.blogsoestado.com\/danielmatos\/wp-json\/wp\/v2\/media?parent=51321"}],"wp:term":[{"taxonomy":"category","embeddable":true,"href":"https:\/\/www.blogsoestado.com\/danielmatos\/wp-json\/wp\/v2\/categories?post=51321"},{"taxonomy":"post_tag","embeddable":true,"href":"https:\/\/www.blogsoestado.com\/danielmatos\/wp-json\/wp\/v2\/tags?post=51321"}],"curies":[{"name":"wp","href":"https:\/\/api.w.org\/{rel}","templated":true}]}}