{"id":51329,"date":"2018-05-15T12:07:56","date_gmt":"2018-05-15T15:07:56","guid":{"rendered":"https:\/\/www.blogsoestado.com\/danielmatos\/?p=51329"},"modified":"2018-05-15T12:07:56","modified_gmt":"2018-05-15T15:07:56","slug":"cezar-bombeiro-cafeteira-foi-bom-governador-para-os-servidores-publicos-e-excelente-comunicador-de-massa","status":"publish","type":"post","link":"https:\/\/www.blogsoestado.com\/danielmatos\/cezar-bombeiro-cafeteira-foi-bom-governador-para-os-servidores-publicos-e-excelente-comunicador-de-massa\/","title":{"rendered":"C\u00e9zar Bombeiro: Cafeteira foi bom governador para os servidores p\u00fablicos e excelente comunicador de massa"},"content":{"rendered":"<figure id=\"attachment_51330\" aria-describedby=\"caption-attachment-51330\" style=\"width: 448px\" class=\"wp-caption alignleft\"><img fetchpriority=\"high\" decoding=\"async\" class=\"wp-image-51330 size-full\" src=\"https:\/\/www.blogsoestado.com\/danielmatos\/files\/2018\/05\/bombeiro-cafeteira.jpg\" alt=\"\" width=\"448\" height=\"298\" \/><figcaption id=\"caption-attachment-51330\" class=\"wp-caption-text\">Bombeiro afirmou que de Cafeteira tivesse sa\u00fade, com certeza estaria exercendo um mandato pol\u00edtico, poi seu eleitorado era fiel<\/figcaption><\/figure>\n<p>O vereador C\u00e9zar Bombeiro (PSD), lamentou o passamento do ex-governador Epit\u00e1cio Cafeteira, dizendo que ele foi um bom governador e um nato comunicador de massa. \u201cEle tinha uma habilidade natural de falar e fazer o povo ouvi-lo e defender as suas mensagens, em qualquer lugar desse imenso Maranh\u00e3o\u201d, reconhece o parlamentar do PSD.<\/p>\n<p>O vereador afirma que \u201cpara os servidores p\u00fablicos estaduais, foi um importante administrador e deu dignidade a todos com reajustes salariais e condi\u00e7\u00f5es de trabalho. Tamb\u00e9m durante o seu governo \u00e9 que foram realizados os primeiros concursos p\u00fablicos para agente penitenci\u00e1rio e soldado do Corpo de Bombeiros.<\/p>\n<p>Se Cafeteira tivesse sa\u00fade, com certeza estaria exercendo um mandato politico, uma vez que eleitorado tinha e o seu capital politico era pr\u00f3prio e n\u00e3o teve sucessor, por ter sido \u00fanico, acentua C\u00e9zar Bombeiro.<\/p>\n<p>O vereador C\u00e9zar Bombeiro, registrou o seu pesar pelo passamento de Cafeteira \u00e0 sua fam\u00edlia e salientou ser ele, um politico que soube como poucos construir a sua hist\u00f3ria como deputado federal, prefeito de S\u00e3o Lu\u00eds, governador do Maranh\u00e3o e senador, que com certeza, tem importante espa\u00e7o no contexto da politica do nosso Estado.<\/p>\n","protected":false},"excerpt":{"rendered":"<p>O vereador C\u00e9zar Bombeiro (PSD), lamentou o passamento do ex-governador Epit\u00e1cio Cafeteira, dizendo que ele foi um bom governador e [&hellip;]<\/p>\n","protected":false},"author":0,"featured_media":0,"comment_status":"open","ping_status":"open","sticky":false,"template":"","format":"standard","meta":{"site-sidebar-layout":"default","site-content-layout":"","ast-site-content-layout":"default","site-content-style":"default","site-sidebar-style":"default","ast-global-header-display":"","ast-banner-title-visibility":"","ast-main-header-display":"","ast-hfb-above-header-display":"","ast-hfb-below-header-display":"","ast-hfb-mobile-header-display":"","site-post-title":"","ast-breadcrumbs-content":"","ast-featured-img":"","footer-sml-layout":"","ast-disable-related-posts":"","theme-transparent-header-meta":"","adv-header-id-meta":"","stick-header-meta":"","header-above-stick-meta":"","header-main-stick-meta":"","header-below-stick-meta":"","astra-migrate-meta-layouts":"default","ast-page-background-enabled":"default","ast-page-background-meta":{"desktop":{"background-color":"var(--ast-global-color-5)","background-image":"","background-repeat":"repeat","background-position":"center center","background-size":"auto","background-attachment":"scroll","background-type":"","background-media":"","overlay-type":"","overlay-color":"","overlay-opacity":"","overlay-gradient":""},"tablet":{"background-color":"","background-image":"","background-repeat":"repeat","background-position":"center center","background-size":"auto","background-attachment":"scroll","background-type":"","background-media":"","overlay-type":"","overlay-color":"","overlay-opacity":"","overlay-gradient":""},"mobile":{"background-color":"","background-image":"","background-repeat":"repeat","background-position":"center center","background-size":"auto","background-attachment":"scroll","background-type":"","background-media":"","overlay-type":"","overlay-color":"","overlay-opacity":"","overlay-gradient":""}},"ast-content-background-meta":{"desktop":{"background-color":"var(--ast-global-color-4)","background-image":"","background-repeat":"repeat","background-position":"center center","background-size":"auto","background-attachment":"scroll","background-type":"","background-media":"","overlay-type":"","overlay-color":"","overlay-opacity":"","overlay-gradient":""},"tablet":{"background-color":"var(--ast-global-color-4)","background-image":"","background-repeat":"repeat","background-position":"center center","background-size":"auto","background-attachment":"scroll","background-type":"","background-media":"","overlay-type":"","overlay-color":"","overlay-opacity":"","overlay-gradient":""},"mobile":{"background-color":"var(--ast-global-color-4)","background-image":"","background-repeat":"repeat","background-position":"center center","background-size":"auto","background-attachment":"scroll","background-type":"","background-media":"","overlay-type":"","overlay-color":"","overlay-opacity":"","overlay-gradient":""}},"footnotes":""},"categories":[1],"tags":[],"class_list":["post-51329","post","type-post","status-publish","format-standard","hentry","category-sem-categoria"],"yoast_head":"<!-- This site is optimized with the Yoast SEO plugin v26.6 - https:\/\/yoast.com\/wordpress\/plugins\/seo\/ -->\n<title>C\u00e9zar Bombeiro: Cafeteira foi bom governador para os servidores p\u00fablicos e excelente comunicador de massa - Daniel Matos<\/title>\n<meta name=\"robots\" content=\"index, follow, max-snippet:-1, max-image-preview:large, max-video-preview:-1\" \/>\n<link rel=\"canonical\" href=\"https:\/\/www.blogsoestado.com\/danielmatos\/cezar-bombeiro-cafeteira-foi-bom-governador-para-os-servidores-publicos-e-excelente-comunicador-de-massa\/\" \/>\n<meta property=\"og:locale\" content=\"pt_BR\" \/>\n<meta property=\"og:type\" content=\"article\" \/>\n<meta property=\"og:title\" content=\"C\u00e9zar Bombeiro: Cafeteira foi bom governador para os servidores p\u00fablicos e excelente comunicador de massa - Daniel Matos\" \/>\n<meta property=\"og:description\" content=\"O vereador C\u00e9zar Bombeiro (PSD), lamentou o passamento do ex-governador Epit\u00e1cio Cafeteira, dizendo que ele foi um bom governador e [&hellip;]\" \/>\n<meta property=\"og:url\" content=\"https:\/\/www.blogsoestado.com\/danielmatos\/cezar-bombeiro-cafeteira-foi-bom-governador-para-os-servidores-publicos-e-excelente-comunicador-de-massa\/\" \/>\n<meta property=\"og:site_name\" content=\"Daniel Matos\" \/>\n<meta property=\"article:published_time\" content=\"2018-05-15T15:07:56+00:00\" \/>\n<meta property=\"og:image\" content=\"https:\/\/www.blogsoestado.com\/danielmatos\/files\/2018\/05\/bombeiro-cafeteira.jpg\" \/>\n<meta name=\"twitter:card\" content=\"summary_large_image\" \/>\n<meta name=\"twitter:label1\" content=\"Est. tempo de leitura\" \/>\n\t<meta name=\"twitter:data1\" content=\"1 minuto\" \/>\n<script type=\"application\/ld+json\" class=\"yoast-schema-graph\">{\"@context\":\"https:\/\/schema.org\",\"@graph\":[{\"@type\":\"WebPage\",\"@id\":\"https:\/\/www.blogsoestado.com\/danielmatos\/cezar-bombeiro-cafeteira-foi-bom-governador-para-os-servidores-publicos-e-excelente-comunicador-de-massa\/\",\"url\":\"https:\/\/www.blogsoestado.com\/danielmatos\/cezar-bombeiro-cafeteira-foi-bom-governador-para-os-servidores-publicos-e-excelente-comunicador-de-massa\/\",\"name\":\"C\u00e9zar Bombeiro: Cafeteira foi bom governador para os servidores p\u00fablicos e excelente comunicador de massa - Daniel Matos\",\"isPartOf\":{\"@id\":\"https:\/\/www.blogsoestado.com\/danielmatos\/#website\"},\"primaryImageOfPage\":{\"@id\":\"https:\/\/www.blogsoestado.com\/danielmatos\/cezar-bombeiro-cafeteira-foi-bom-governador-para-os-servidores-publicos-e-excelente-comunicador-de-massa\/#primaryimage\"},\"image\":{\"@id\":\"https:\/\/www.blogsoestado.com\/danielmatos\/cezar-bombeiro-cafeteira-foi-bom-governador-para-os-servidores-publicos-e-excelente-comunicador-de-massa\/#primaryimage\"},\"thumbnailUrl\":\"https:\/\/www.blogsoestado.com\/danielmatos\/files\/2018\/05\/bombeiro-cafeteira.jpg\",\"datePublished\":\"2018-05-15T15:07:56+00:00\",\"author\":{\"@id\":\"\"},\"breadcrumb\":{\"@id\":\"https:\/\/www.blogsoestado.com\/danielmatos\/cezar-bombeiro-cafeteira-foi-bom-governador-para-os-servidores-publicos-e-excelente-comunicador-de-massa\/#breadcrumb\"},\"inLanguage\":\"pt-BR\",\"potentialAction\":[{\"@type\":\"ReadAction\",\"target\":[\"https:\/\/www.blogsoestado.com\/danielmatos\/cezar-bombeiro-cafeteira-foi-bom-governador-para-os-servidores-publicos-e-excelente-comunicador-de-massa\/\"]}]},{\"@type\":\"ImageObject\",\"inLanguage\":\"pt-BR\",\"@id\":\"https:\/\/www.blogsoestado.com\/danielmatos\/cezar-bombeiro-cafeteira-foi-bom-governador-para-os-servidores-publicos-e-excelente-comunicador-de-massa\/#primaryimage\",\"url\":\"https:\/\/www.blogsoestado.com\/danielmatos\/files\/2018\/05\/bombeiro-cafeteira.jpg\",\"contentUrl\":\"https:\/\/www.blogsoestado.com\/danielmatos\/files\/2018\/05\/bombeiro-cafeteira.jpg\"},{\"@type\":\"BreadcrumbList\",\"@id\":\"https:\/\/www.blogsoestado.com\/danielmatos\/cezar-bombeiro-cafeteira-foi-bom-governador-para-os-servidores-publicos-e-excelente-comunicador-de-massa\/#breadcrumb\",\"itemListElement\":[{\"@type\":\"ListItem\",\"position\":1,\"name\":\"In\u00edcio\",\"item\":\"https:\/\/www.blogsoestado.com\/danielmatos\/\"},{\"@type\":\"ListItem\",\"position\":2,\"name\":\"C\u00e9zar Bombeiro: Cafeteira foi bom governador para os servidores p\u00fablicos e excelente comunicador de massa\"}]},{\"@type\":\"WebSite\",\"@id\":\"https:\/\/www.blogsoestado.com\/danielmatos\/#website\",\"url\":\"https:\/\/www.blogsoestado.com\/danielmatos\/\",\"name\":\"Daniel Matos\",\"description\":\"\",\"potentialAction\":[{\"@type\":\"SearchAction\",\"target\":{\"@type\":\"EntryPoint\",\"urlTemplate\":\"https:\/\/www.blogsoestado.com\/danielmatos\/?s={search_term_string}\"},\"query-input\":{\"@type\":\"PropertyValueSpecification\",\"valueRequired\":true,\"valueName\":\"search_term_string\"}}],\"inLanguage\":\"pt-BR\"}]}<\/script>\n<!-- \/ Yoast SEO plugin. -->","yoast_head_json":{"title":"C\u00e9zar Bombeiro: Cafeteira foi bom governador para os servidores p\u00fablicos e excelente comunicador de massa - Daniel Matos","robots":{"index":"index","follow":"follow","max-snippet":"max-snippet:-1","max-image-preview":"max-image-preview:large","max-video-preview":"max-video-preview:-1"},"canonical":"https:\/\/www.blogsoestado.com\/danielmatos\/cezar-bombeiro-cafeteira-foi-bom-governador-para-os-servidores-publicos-e-excelente-comunicador-de-massa\/","og_locale":"pt_BR","og_type":"article","og_title":"C\u00e9zar Bombeiro: Cafeteira foi bom governador para os servidores p\u00fablicos e excelente comunicador de massa - Daniel Matos","og_description":"O vereador C\u00e9zar Bombeiro (PSD), lamentou o passamento do ex-governador Epit\u00e1cio Cafeteira, dizendo que ele foi um bom governador e [&hellip;]","og_url":"https:\/\/www.blogsoestado.com\/danielmatos\/cezar-bombeiro-cafeteira-foi-bom-governador-para-os-servidores-publicos-e-excelente-comunicador-de-massa\/","og_site_name":"Daniel Matos","article_published_time":"2018-05-15T15:07:56+00:00","og_image":[{"url":"https:\/\/www.blogsoestado.com\/danielmatos\/files\/2018\/05\/bombeiro-cafeteira.jpg","type":"","width":"","height":""}],"twitter_card":"summary_large_image","twitter_misc":{"Est. tempo de leitura":"1 minuto"},"schema":{"@context":"https:\/\/schema.org","@graph":[{"@type":"WebPage","@id":"https:\/\/www.blogsoestado.com\/danielmatos\/cezar-bombeiro-cafeteira-foi-bom-governador-para-os-servidores-publicos-e-excelente-comunicador-de-massa\/","url":"https:\/\/www.blogsoestado.com\/danielmatos\/cezar-bombeiro-cafeteira-foi-bom-governador-para-os-servidores-publicos-e-excelente-comunicador-de-massa\/","name":"C\u00e9zar Bombeiro: Cafeteira foi bom governador para os servidores p\u00fablicos e excelente comunicador de massa - Daniel Matos","isPartOf":{"@id":"https:\/\/www.blogsoestado.com\/danielmatos\/#website"},"primaryImageOfPage":{"@id":"https:\/\/www.blogsoestado.com\/danielmatos\/cezar-bombeiro-cafeteira-foi-bom-governador-para-os-servidores-publicos-e-excelente-comunicador-de-massa\/#primaryimage"},"image":{"@id":"https:\/\/www.blogsoestado.com\/danielmatos\/cezar-bombeiro-cafeteira-foi-bom-governador-para-os-servidores-publicos-e-excelente-comunicador-de-massa\/#primaryimage"},"thumbnailUrl":"https:\/\/www.blogsoestado.com\/danielmatos\/files\/2018\/05\/bombeiro-cafeteira.jpg","datePublished":"2018-05-15T15:07:56+00:00","author":{"@id":""},"breadcrumb":{"@id":"https:\/\/www.blogsoestado.com\/danielmatos\/cezar-bombeiro-cafeteira-foi-bom-governador-para-os-servidores-publicos-e-excelente-comunicador-de-massa\/#breadcrumb"},"inLanguage":"pt-BR","potentialAction":[{"@type":"ReadAction","target":["https:\/\/www.blogsoestado.com\/danielmatos\/cezar-bombeiro-cafeteira-foi-bom-governador-para-os-servidores-publicos-e-excelente-comunicador-de-massa\/"]}]},{"@type":"ImageObject","inLanguage":"pt-BR","@id":"https:\/\/www.blogsoestado.com\/danielmatos\/cezar-bombeiro-cafeteira-foi-bom-governador-para-os-servidores-publicos-e-excelente-comunicador-de-massa\/#primaryimage","url":"https:\/\/www.blogsoestado.com\/danielmatos\/files\/2018\/05\/bombeiro-cafeteira.jpg","contentUrl":"https:\/\/www.blogsoestado.com\/danielmatos\/files\/2018\/05\/bombeiro-cafeteira.jpg"},{"@type":"BreadcrumbList","@id":"https:\/\/www.blogsoestado.com\/danielmatos\/cezar-bombeiro-cafeteira-foi-bom-governador-para-os-servidores-publicos-e-excelente-comunicador-de-massa\/#breadcrumb","itemListElement":[{"@type":"ListItem","position":1,"name":"In\u00edcio","item":"https:\/\/www.blogsoestado.com\/danielmatos\/"},{"@type":"ListItem","position":2,"name":"C\u00e9zar Bombeiro: Cafeteira foi bom governador para os servidores p\u00fablicos e excelente comunicador de massa"}]},{"@type":"WebSite","@id":"https:\/\/www.blogsoestado.com\/danielmatos\/#website","url":"https:\/\/www.blogsoestado.com\/danielmatos\/","name":"Daniel Matos","description":"","potentialAction":[{"@type":"SearchAction","target":{"@type":"EntryPoint","urlTemplate":"https:\/\/www.blogsoestado.com\/danielmatos\/?s={search_term_string}"},"query-input":{"@type":"PropertyValueSpecification","valueRequired":true,"valueName":"search_term_string"}}],"inLanguage":"pt-BR"}]}},"jetpack_featured_media_url":"","_links":{"self":[{"href":"https:\/\/www.blogsoestado.com\/danielmatos\/wp-json\/wp\/v2\/posts\/51329","targetHints":{"allow":["GET"]}}],"collection":[{"href":"https:\/\/www.blogsoestado.com\/danielmatos\/wp-json\/wp\/v2\/posts"}],"about":[{"href":"https:\/\/www.blogsoestado.com\/danielmatos\/wp-json\/wp\/v2\/types\/post"}],"replies":[{"embeddable":true,"href":"https:\/\/www.blogsoestado.com\/danielmatos\/wp-json\/wp\/v2\/comments?post=51329"}],"version-history":[{"count":0,"href":"https:\/\/www.blogsoestado.com\/danielmatos\/wp-json\/wp\/v2\/posts\/51329\/revisions"}],"wp:attachment":[{"href":"https:\/\/www.blogsoestado.com\/danielmatos\/wp-json\/wp\/v2\/media?parent=51329"}],"wp:term":[{"taxonomy":"category","embeddable":true,"href":"https:\/\/www.blogsoestado.com\/danielmatos\/wp-json\/wp\/v2\/categories?post=51329"},{"taxonomy":"post_tag","embeddable":true,"href":"https:\/\/www.blogsoestado.com\/danielmatos\/wp-json\/wp\/v2\/tags?post=51329"}],"curies":[{"name":"wp","href":"https:\/\/api.w.org\/{rel}","templated":true}]}}