{"id":51332,"date":"2018-05-15T13:42:00","date_gmt":"2018-05-15T16:42:00","guid":{"rendered":"https:\/\/www.blogsoestado.com\/danielmatos\/?p=51332"},"modified":"2018-05-15T13:42:00","modified_gmt":"2018-05-15T16:42:00","slug":"imagem-do-dia-ultimo-adeus-a-cafeteira","status":"publish","type":"post","link":"https:\/\/www.blogsoestado.com\/danielmatos\/imagem-do-dia-ultimo-adeus-a-cafeteira\/","title":{"rendered":"Imagem do dia: \u00faltimo adeus a Cafeteira"},"content":{"rendered":"<figure id=\"attachment_51333\" aria-describedby=\"caption-attachment-51333\" style=\"width: 636px\" class=\"wp-caption aligncenter\"><img fetchpriority=\"high\" decoding=\"async\" class=\"wp-image-51333 size-full\" src=\"https:\/\/www.blogsoestado.com\/danielmatos\/files\/2018\/05\/cafeteira-adeus.png\" alt=\"\" width=\"636\" height=\"480\" \/><figcaption id=\"caption-attachment-51333\" class=\"wp-caption-text\">Coveiro veda com tijolos a sepultura de Epit\u00e1cio Cafeteira (<strong>Foto:<\/strong> Ag\u00eancia Assembleia)<\/figcaption><\/figure>\n<p>Familiares, entre os quais a esposa Isabel, a filha Jana\u00edna e o sobrinho Rog\u00e9rio (deputado estadual, l\u00edder do governo na Assembleia Legislativa), e dezenas de amigos e admiradores acompanham, desolados, o fechamento do t\u00famulo do ex-governador, ex-senador, ex-prefeito de S\u00e3o Lu\u00eds e ex-deputado federal Epit\u00e1cio Cafeteira, que morreu no \u00faltimo domingo, em Bras\u00edlia, aos 93 anos, em decorr\u00eancia de problemas de sa\u00fade e de complica\u00e7\u00f5es da idade avan\u00e7ada. O pol\u00edtico foi sepultado no Cemit\u00e9rio do Gavi\u00e3o, na manh\u00e3 desta ter\u00e7a-feira, em clima de extrema como\u00e7\u00e3o. O funeral foi marcado por diversas homenagens e manifesta\u00e7\u00f5es de reconhecimento a Cafeteira, figura humana extraordin\u00e1ria e homem p\u00fablico de elevada estatura.<\/p>\n","protected":false},"excerpt":{"rendered":"<p>Familiares, entre os quais a esposa Isabel, a filha Jana\u00edna e o sobrinho Rog\u00e9rio (deputado estadual, l\u00edder do governo na [&hellip;]<\/p>\n","protected":false},"author":0,"featured_media":0,"comment_status":"open","ping_status":"open","sticky":false,"template":"","format":"standard","meta":{"site-sidebar-layout":"default","site-content-layout":"","ast-site-content-layout":"default","site-content-style":"default","site-sidebar-style":"default","ast-global-header-display":"","ast-banner-title-visibility":"","ast-main-header-display":"","ast-hfb-above-header-display":"","ast-hfb-below-header-display":"","ast-hfb-mobile-header-display":"","site-post-title":"","ast-breadcrumbs-content":"","ast-featured-img":"","footer-sml-layout":"","ast-disable-related-posts":"","theme-transparent-header-meta":"","adv-header-id-meta":"","stick-header-meta":"","header-above-stick-meta":"","header-main-stick-meta":"","header-below-stick-meta":"","astra-migrate-meta-layouts":"default","ast-page-background-enabled":"default","ast-page-background-meta":{"desktop":{"background-color":"var(--ast-global-color-5)","background-image":"","background-repeat":"repeat","background-position":"center center","background-size":"auto","background-attachment":"scroll","background-type":"","background-media":"","overlay-type":"","overlay-color":"","overlay-opacity":"","overlay-gradient":""},"tablet":{"background-color":"","background-image":"","background-repeat":"repeat","background-position":"center center","background-size":"auto","background-attachment":"scroll","background-type":"","background-media":"","overlay-type":"","overlay-color":"","overlay-opacity":"","overlay-gradient":""},"mobile":{"background-color":"","background-image":"","background-repeat":"repeat","background-position":"center center","background-size":"auto","background-attachment":"scroll","background-type":"","background-media":"","overlay-type":"","overlay-color":"","overlay-opacity":"","overlay-gradient":""}},"ast-content-background-meta":{"desktop":{"background-color":"var(--ast-global-color-4)","background-image":"","background-repeat":"repeat","background-position":"center center","background-size":"auto","background-attachment":"scroll","background-type":"","background-media":"","overlay-type":"","overlay-color":"","overlay-opacity":"","overlay-gradient":""},"tablet":{"background-color":"var(--ast-global-color-4)","background-image":"","background-repeat":"repeat","background-position":"center center","background-size":"auto","background-attachment":"scroll","background-type":"","background-media":"","overlay-type":"","overlay-color":"","overlay-opacity":"","overlay-gradient":""},"mobile":{"background-color":"var(--ast-global-color-4)","background-image":"","background-repeat":"repeat","background-position":"center center","background-size":"auto","background-attachment":"scroll","background-type":"","background-media":"","overlay-type":"","overlay-color":"","overlay-opacity":"","overlay-gradient":""}},"footnotes":""},"categories":[1],"tags":[],"class_list":["post-51332","post","type-post","status-publish","format-standard","hentry","category-sem-categoria"],"yoast_head":"<!-- This site is optimized with the Yoast SEO plugin v26.6 - https:\/\/yoast.com\/wordpress\/plugins\/seo\/ -->\n<title>Imagem do dia: \u00faltimo adeus a Cafeteira - Daniel Matos<\/title>\n<meta name=\"robots\" content=\"index, follow, max-snippet:-1, max-image-preview:large, max-video-preview:-1\" \/>\n<link rel=\"canonical\" href=\"https:\/\/www.blogsoestado.com\/danielmatos\/imagem-do-dia-ultimo-adeus-a-cafeteira\/\" \/>\n<meta property=\"og:locale\" content=\"pt_BR\" \/>\n<meta property=\"og:type\" content=\"article\" \/>\n<meta property=\"og:title\" content=\"Imagem do dia: \u00faltimo adeus a Cafeteira - Daniel Matos\" \/>\n<meta property=\"og:description\" content=\"Familiares, entre os quais a esposa Isabel, a filha Jana\u00edna e o sobrinho Rog\u00e9rio (deputado estadual, l\u00edder do governo na [&hellip;]\" \/>\n<meta property=\"og:url\" content=\"https:\/\/www.blogsoestado.com\/danielmatos\/imagem-do-dia-ultimo-adeus-a-cafeteira\/\" \/>\n<meta property=\"og:site_name\" content=\"Daniel Matos\" \/>\n<meta property=\"article:published_time\" content=\"2018-05-15T16:42:00+00:00\" \/>\n<meta property=\"og:image\" content=\"https:\/\/www.blogsoestado.com\/danielmatos\/files\/2018\/05\/cafeteira-adeus.png\" \/>\n<meta name=\"twitter:card\" content=\"summary_large_image\" \/>\n<meta name=\"twitter:label1\" content=\"Est. tempo de leitura\" \/>\n\t<meta name=\"twitter:data1\" content=\"1 minuto\" \/>\n<script type=\"application\/ld+json\" class=\"yoast-schema-graph\">{\"@context\":\"https:\/\/schema.org\",\"@graph\":[{\"@type\":\"WebPage\",\"@id\":\"https:\/\/www.blogsoestado.com\/danielmatos\/imagem-do-dia-ultimo-adeus-a-cafeteira\/\",\"url\":\"https:\/\/www.blogsoestado.com\/danielmatos\/imagem-do-dia-ultimo-adeus-a-cafeteira\/\",\"name\":\"Imagem do dia: \u00faltimo adeus a Cafeteira - Daniel Matos\",\"isPartOf\":{\"@id\":\"https:\/\/www.blogsoestado.com\/danielmatos\/#website\"},\"primaryImageOfPage\":{\"@id\":\"https:\/\/www.blogsoestado.com\/danielmatos\/imagem-do-dia-ultimo-adeus-a-cafeteira\/#primaryimage\"},\"image\":{\"@id\":\"https:\/\/www.blogsoestado.com\/danielmatos\/imagem-do-dia-ultimo-adeus-a-cafeteira\/#primaryimage\"},\"thumbnailUrl\":\"https:\/\/www.blogsoestado.com\/danielmatos\/files\/2018\/05\/cafeteira-adeus.png\",\"datePublished\":\"2018-05-15T16:42:00+00:00\",\"author\":{\"@id\":\"\"},\"breadcrumb\":{\"@id\":\"https:\/\/www.blogsoestado.com\/danielmatos\/imagem-do-dia-ultimo-adeus-a-cafeteira\/#breadcrumb\"},\"inLanguage\":\"pt-BR\",\"potentialAction\":[{\"@type\":\"ReadAction\",\"target\":[\"https:\/\/www.blogsoestado.com\/danielmatos\/imagem-do-dia-ultimo-adeus-a-cafeteira\/\"]}]},{\"@type\":\"ImageObject\",\"inLanguage\":\"pt-BR\",\"@id\":\"https:\/\/www.blogsoestado.com\/danielmatos\/imagem-do-dia-ultimo-adeus-a-cafeteira\/#primaryimage\",\"url\":\"https:\/\/www.blogsoestado.com\/danielmatos\/files\/2018\/05\/cafeteira-adeus.png\",\"contentUrl\":\"https:\/\/www.blogsoestado.com\/danielmatos\/files\/2018\/05\/cafeteira-adeus.png\"},{\"@type\":\"BreadcrumbList\",\"@id\":\"https:\/\/www.blogsoestado.com\/danielmatos\/imagem-do-dia-ultimo-adeus-a-cafeteira\/#breadcrumb\",\"itemListElement\":[{\"@type\":\"ListItem\",\"position\":1,\"name\":\"In\u00edcio\",\"item\":\"https:\/\/www.blogsoestado.com\/danielmatos\/\"},{\"@type\":\"ListItem\",\"position\":2,\"name\":\"Imagem do dia: \u00faltimo adeus a Cafeteira\"}]},{\"@type\":\"WebSite\",\"@id\":\"https:\/\/www.blogsoestado.com\/danielmatos\/#website\",\"url\":\"https:\/\/www.blogsoestado.com\/danielmatos\/\",\"name\":\"Daniel Matos\",\"description\":\"\",\"potentialAction\":[{\"@type\":\"SearchAction\",\"target\":{\"@type\":\"EntryPoint\",\"urlTemplate\":\"https:\/\/www.blogsoestado.com\/danielmatos\/?s={search_term_string}\"},\"query-input\":{\"@type\":\"PropertyValueSpecification\",\"valueRequired\":true,\"valueName\":\"search_term_string\"}}],\"inLanguage\":\"pt-BR\"}]}<\/script>\n<!-- \/ Yoast SEO plugin. -->","yoast_head_json":{"title":"Imagem do dia: \u00faltimo adeus a Cafeteira - Daniel Matos","robots":{"index":"index","follow":"follow","max-snippet":"max-snippet:-1","max-image-preview":"max-image-preview:large","max-video-preview":"max-video-preview:-1"},"canonical":"https:\/\/www.blogsoestado.com\/danielmatos\/imagem-do-dia-ultimo-adeus-a-cafeteira\/","og_locale":"pt_BR","og_type":"article","og_title":"Imagem do dia: \u00faltimo adeus a Cafeteira - Daniel Matos","og_description":"Familiares, entre os quais a esposa Isabel, a filha Jana\u00edna e o sobrinho Rog\u00e9rio (deputado estadual, l\u00edder do governo na [&hellip;]","og_url":"https:\/\/www.blogsoestado.com\/danielmatos\/imagem-do-dia-ultimo-adeus-a-cafeteira\/","og_site_name":"Daniel Matos","article_published_time":"2018-05-15T16:42:00+00:00","og_image":[{"url":"https:\/\/www.blogsoestado.com\/danielmatos\/files\/2018\/05\/cafeteira-adeus.png","type":"","width":"","height":""}],"twitter_card":"summary_large_image","twitter_misc":{"Est. tempo de leitura":"1 minuto"},"schema":{"@context":"https:\/\/schema.org","@graph":[{"@type":"WebPage","@id":"https:\/\/www.blogsoestado.com\/danielmatos\/imagem-do-dia-ultimo-adeus-a-cafeteira\/","url":"https:\/\/www.blogsoestado.com\/danielmatos\/imagem-do-dia-ultimo-adeus-a-cafeteira\/","name":"Imagem do dia: \u00faltimo adeus a Cafeteira - Daniel Matos","isPartOf":{"@id":"https:\/\/www.blogsoestado.com\/danielmatos\/#website"},"primaryImageOfPage":{"@id":"https:\/\/www.blogsoestado.com\/danielmatos\/imagem-do-dia-ultimo-adeus-a-cafeteira\/#primaryimage"},"image":{"@id":"https:\/\/www.blogsoestado.com\/danielmatos\/imagem-do-dia-ultimo-adeus-a-cafeteira\/#primaryimage"},"thumbnailUrl":"https:\/\/www.blogsoestado.com\/danielmatos\/files\/2018\/05\/cafeteira-adeus.png","datePublished":"2018-05-15T16:42:00+00:00","author":{"@id":""},"breadcrumb":{"@id":"https:\/\/www.blogsoestado.com\/danielmatos\/imagem-do-dia-ultimo-adeus-a-cafeteira\/#breadcrumb"},"inLanguage":"pt-BR","potentialAction":[{"@type":"ReadAction","target":["https:\/\/www.blogsoestado.com\/danielmatos\/imagem-do-dia-ultimo-adeus-a-cafeteira\/"]}]},{"@type":"ImageObject","inLanguage":"pt-BR","@id":"https:\/\/www.blogsoestado.com\/danielmatos\/imagem-do-dia-ultimo-adeus-a-cafeteira\/#primaryimage","url":"https:\/\/www.blogsoestado.com\/danielmatos\/files\/2018\/05\/cafeteira-adeus.png","contentUrl":"https:\/\/www.blogsoestado.com\/danielmatos\/files\/2018\/05\/cafeteira-adeus.png"},{"@type":"BreadcrumbList","@id":"https:\/\/www.blogsoestado.com\/danielmatos\/imagem-do-dia-ultimo-adeus-a-cafeteira\/#breadcrumb","itemListElement":[{"@type":"ListItem","position":1,"name":"In\u00edcio","item":"https:\/\/www.blogsoestado.com\/danielmatos\/"},{"@type":"ListItem","position":2,"name":"Imagem do dia: \u00faltimo adeus a Cafeteira"}]},{"@type":"WebSite","@id":"https:\/\/www.blogsoestado.com\/danielmatos\/#website","url":"https:\/\/www.blogsoestado.com\/danielmatos\/","name":"Daniel Matos","description":"","potentialAction":[{"@type":"SearchAction","target":{"@type":"EntryPoint","urlTemplate":"https:\/\/www.blogsoestado.com\/danielmatos\/?s={search_term_string}"},"query-input":{"@type":"PropertyValueSpecification","valueRequired":true,"valueName":"search_term_string"}}],"inLanguage":"pt-BR"}]}},"jetpack_featured_media_url":"","_links":{"self":[{"href":"https:\/\/www.blogsoestado.com\/danielmatos\/wp-json\/wp\/v2\/posts\/51332","targetHints":{"allow":["GET"]}}],"collection":[{"href":"https:\/\/www.blogsoestado.com\/danielmatos\/wp-json\/wp\/v2\/posts"}],"about":[{"href":"https:\/\/www.blogsoestado.com\/danielmatos\/wp-json\/wp\/v2\/types\/post"}],"replies":[{"embeddable":true,"href":"https:\/\/www.blogsoestado.com\/danielmatos\/wp-json\/wp\/v2\/comments?post=51332"}],"version-history":[{"count":0,"href":"https:\/\/www.blogsoestado.com\/danielmatos\/wp-json\/wp\/v2\/posts\/51332\/revisions"}],"wp:attachment":[{"href":"https:\/\/www.blogsoestado.com\/danielmatos\/wp-json\/wp\/v2\/media?parent=51332"}],"wp:term":[{"taxonomy":"category","embeddable":true,"href":"https:\/\/www.blogsoestado.com\/danielmatos\/wp-json\/wp\/v2\/categories?post=51332"},{"taxonomy":"post_tag","embeddable":true,"href":"https:\/\/www.blogsoestado.com\/danielmatos\/wp-json\/wp\/v2\/tags?post=51332"}],"curies":[{"name":"wp","href":"https:\/\/api.w.org\/{rel}","templated":true}]}}