{"id":51335,"date":"2018-05-15T15:40:27","date_gmt":"2018-05-15T18:40:27","guid":{"rendered":"https:\/\/www.blogsoestado.com\/danielmatos\/?p=51335"},"modified":"2018-05-15T15:40:27","modified_gmt":"2018-05-15T18:40:27","slug":"deputado-wellington-assume-presidencia-geral-do-parlamento-amazonico-no-brasil","status":"publish","type":"post","link":"https:\/\/www.blogsoestado.com\/danielmatos\/deputado-wellington-assume-presidencia-geral-do-parlamento-amazonico-no-brasil\/","title":{"rendered":"Deputado Wellington assume presid\u00eancia geral do Parlamento Amaz\u00f4nico no Brasil"},"content":{"rendered":"<figure id=\"attachment_51336\" aria-describedby=\"caption-attachment-51336\" style=\"width: 640px\" class=\"wp-caption aligncenter\"><img fetchpriority=\"high\" decoding=\"async\" class=\"wp-image-51336 size-full\" src=\"https:\/\/www.blogsoestado.com\/danielmatos\/files\/2018\/05\/w-amazonico3.jpg\" alt=\"\" width=\"640\" height=\"480\" \/><figcaption id=\"caption-attachment-51336\" class=\"wp-caption-text\">Wellington destacou que em seu mandato a participa\u00e7\u00e3o popular e a defesa do meio ambiente sustent\u00e1vel s\u00e3o prioridades<\/figcaption><\/figure>\n<p>O deputado estadual Wellington do Curso (PSDB) foi eleito presidente do Parlamento Amaz\u00f4nico, durante o 22\u00ba Congresso Nacional da Uni\u00e3o Nacional dos Legisladores e Legislativos Estaduais (Unale). Ao ser eleito presidente do Parlamento Amaz\u00f4nico, Wellington destacou a responsabilidade e reafirmou seu compromisso na luta por melhorias para garantir um meio ambiente sustent\u00e1vel e com preserva\u00e7\u00e3o da vida. A entidade foi presidida de 2017 para 2018 pelo deputado Estadual Coronel Chagas, de Roraima.<\/p>\n<p>\u201cEm nosso mandato como deputado estadual na Assembleia Legislativa do Maranh\u00e3o, a participa\u00e7\u00e3o popular e a luta por meio ambiente sustent\u00e1vel s\u00e3o prioridades. \u00c9 uma grande responsabilidade presidir o Parlamento Amaz\u00f4nico. Afinal, essa fun\u00e7\u00e3o refletir\u00e1 em todo o Brasil, mas encararei essa miss\u00e3o com um s\u00f3 objetivo: o de trazer melhorias para o Maranh\u00e3o e demais estados\u201d, pontuou Wellington.<\/p>\n<p>Al\u00e9m do deputado Wellington, foram tamb\u00e9m eleitos como secret\u00e1rio geral, o deputado J\u00fanior Verde (PRB); como tesoureiro, o deputado Rafael Leitoa (PDT); e como membro do Conselho Fiscal, o deputado C\u00e9sar Pires (PV).<\/p>\n<p><strong>O Parlamento Amaz\u00f4nico<\/strong><\/p>\n<p>O Parlamento Amaz\u00f4nico \u00e9 formado por deputados estaduais dos nove estados que comp\u00f5em a Amaz\u00f4nia Legal brasileira: Amazonas, Acre, Amap\u00e1, Roraima, Rond\u00f4nia, Mato Grosso, Par\u00e1, Maranh\u00e3o e Tocantins. O grupo busca solu\u00e7\u00f5es para problemas vivenciados na Amaz\u00f4nia, com alternativas que aliem desenvolvimento sustent\u00e1vel e crescimento econ\u00f4mico.<\/p>\n","protected":false},"excerpt":{"rendered":"<p>O deputado estadual Wellington do Curso (PSDB) foi eleito presidente do Parlamento Amaz\u00f4nico, durante o 22\u00ba Congresso Nacional da Uni\u00e3o [&hellip;]<\/p>\n","protected":false},"author":0,"featured_media":0,"comment_status":"open","ping_status":"open","sticky":false,"template":"","format":"standard","meta":{"site-sidebar-layout":"default","site-content-layout":"","ast-site-content-layout":"default","site-content-style":"default","site-sidebar-style":"default","ast-global-header-display":"","ast-banner-title-visibility":"","ast-main-header-display":"","ast-hfb-above-header-display":"","ast-hfb-below-header-display":"","ast-hfb-mobile-header-display":"","site-post-title":"","ast-breadcrumbs-content":"","ast-featured-img":"","footer-sml-layout":"","ast-disable-related-posts":"","theme-transparent-header-meta":"","adv-header-id-meta":"","stick-header-meta":"","header-above-stick-meta":"","header-main-stick-meta":"","header-below-stick-meta":"","astra-migrate-meta-layouts":"default","ast-page-background-enabled":"default","ast-page-background-meta":{"desktop":{"background-color":"var(--ast-global-color-5)","background-image":"","background-repeat":"repeat","background-position":"center center","background-size":"auto","background-attachment":"scroll","background-type":"","background-media":"","overlay-type":"","overlay-color":"","overlay-opacity":"","overlay-gradient":""},"tablet":{"background-color":"","background-image":"","background-repeat":"repeat","background-position":"center center","background-size":"auto","background-attachment":"scroll","background-type":"","background-media":"","overlay-type":"","overlay-color":"","overlay-opacity":"","overlay-gradient":""},"mobile":{"background-color":"","background-image":"","background-repeat":"repeat","background-position":"center center","background-size":"auto","background-attachment":"scroll","background-type":"","background-media":"","overlay-type":"","overlay-color":"","overlay-opacity":"","overlay-gradient":""}},"ast-content-background-meta":{"desktop":{"background-color":"var(--ast-global-color-4)","background-image":"","background-repeat":"repeat","background-position":"center center","background-size":"auto","background-attachment":"scroll","background-type":"","background-media":"","overlay-type":"","overlay-color":"","overlay-opacity":"","overlay-gradient":""},"tablet":{"background-color":"var(--ast-global-color-4)","background-image":"","background-repeat":"repeat","background-position":"center center","background-size":"auto","background-attachment":"scroll","background-type":"","background-media":"","overlay-type":"","overlay-color":"","overlay-opacity":"","overlay-gradient":""},"mobile":{"background-color":"var(--ast-global-color-4)","background-image":"","background-repeat":"repeat","background-position":"center center","background-size":"auto","background-attachment":"scroll","background-type":"","background-media":"","overlay-type":"","overlay-color":"","overlay-opacity":"","overlay-gradient":""}},"footnotes":""},"categories":[1],"tags":[],"class_list":["post-51335","post","type-post","status-publish","format-standard","hentry","category-sem-categoria"],"yoast_head":"<!-- This site is optimized with the Yoast SEO plugin v26.6 - https:\/\/yoast.com\/wordpress\/plugins\/seo\/ -->\n<title>Deputado Wellington assume presid\u00eancia geral do Parlamento Amaz\u00f4nico no Brasil - Daniel Matos<\/title>\n<meta name=\"robots\" content=\"index, follow, max-snippet:-1, max-image-preview:large, max-video-preview:-1\" \/>\n<link rel=\"canonical\" href=\"https:\/\/www.blogsoestado.com\/danielmatos\/deputado-wellington-assume-presidencia-geral-do-parlamento-amazonico-no-brasil\/\" \/>\n<meta property=\"og:locale\" content=\"pt_BR\" \/>\n<meta property=\"og:type\" content=\"article\" \/>\n<meta property=\"og:title\" content=\"Deputado Wellington assume presid\u00eancia geral do Parlamento Amaz\u00f4nico no Brasil - Daniel Matos\" \/>\n<meta property=\"og:description\" content=\"O deputado estadual Wellington do Curso (PSDB) foi eleito presidente do Parlamento Amaz\u00f4nico, durante o 22\u00ba Congresso Nacional da Uni\u00e3o [&hellip;]\" \/>\n<meta property=\"og:url\" content=\"https:\/\/www.blogsoestado.com\/danielmatos\/deputado-wellington-assume-presidencia-geral-do-parlamento-amazonico-no-brasil\/\" \/>\n<meta property=\"og:site_name\" content=\"Daniel Matos\" \/>\n<meta property=\"article:published_time\" content=\"2018-05-15T18:40:27+00:00\" \/>\n<meta property=\"og:image\" content=\"https:\/\/www.blogsoestado.com\/danielmatos\/files\/2018\/05\/w-amazonico3.jpg\" \/>\n<meta name=\"twitter:card\" content=\"summary_large_image\" \/>\n<meta name=\"twitter:label1\" content=\"Est. tempo de leitura\" \/>\n\t<meta name=\"twitter:data1\" content=\"1 minuto\" \/>\n<script type=\"application\/ld+json\" class=\"yoast-schema-graph\">{\"@context\":\"https:\/\/schema.org\",\"@graph\":[{\"@type\":\"WebPage\",\"@id\":\"https:\/\/www.blogsoestado.com\/danielmatos\/deputado-wellington-assume-presidencia-geral-do-parlamento-amazonico-no-brasil\/\",\"url\":\"https:\/\/www.blogsoestado.com\/danielmatos\/deputado-wellington-assume-presidencia-geral-do-parlamento-amazonico-no-brasil\/\",\"name\":\"Deputado Wellington assume presid\u00eancia geral do Parlamento Amaz\u00f4nico no Brasil - Daniel Matos\",\"isPartOf\":{\"@id\":\"https:\/\/www.blogsoestado.com\/danielmatos\/#website\"},\"primaryImageOfPage\":{\"@id\":\"https:\/\/www.blogsoestado.com\/danielmatos\/deputado-wellington-assume-presidencia-geral-do-parlamento-amazonico-no-brasil\/#primaryimage\"},\"image\":{\"@id\":\"https:\/\/www.blogsoestado.com\/danielmatos\/deputado-wellington-assume-presidencia-geral-do-parlamento-amazonico-no-brasil\/#primaryimage\"},\"thumbnailUrl\":\"https:\/\/www.blogsoestado.com\/danielmatos\/files\/2018\/05\/w-amazonico3.jpg\",\"datePublished\":\"2018-05-15T18:40:27+00:00\",\"author\":{\"@id\":\"\"},\"breadcrumb\":{\"@id\":\"https:\/\/www.blogsoestado.com\/danielmatos\/deputado-wellington-assume-presidencia-geral-do-parlamento-amazonico-no-brasil\/#breadcrumb\"},\"inLanguage\":\"pt-BR\",\"potentialAction\":[{\"@type\":\"ReadAction\",\"target\":[\"https:\/\/www.blogsoestado.com\/danielmatos\/deputado-wellington-assume-presidencia-geral-do-parlamento-amazonico-no-brasil\/\"]}]},{\"@type\":\"ImageObject\",\"inLanguage\":\"pt-BR\",\"@id\":\"https:\/\/www.blogsoestado.com\/danielmatos\/deputado-wellington-assume-presidencia-geral-do-parlamento-amazonico-no-brasil\/#primaryimage\",\"url\":\"https:\/\/www.blogsoestado.com\/danielmatos\/files\/2018\/05\/w-amazonico3.jpg\",\"contentUrl\":\"https:\/\/www.blogsoestado.com\/danielmatos\/files\/2018\/05\/w-amazonico3.jpg\"},{\"@type\":\"BreadcrumbList\",\"@id\":\"https:\/\/www.blogsoestado.com\/danielmatos\/deputado-wellington-assume-presidencia-geral-do-parlamento-amazonico-no-brasil\/#breadcrumb\",\"itemListElement\":[{\"@type\":\"ListItem\",\"position\":1,\"name\":\"In\u00edcio\",\"item\":\"https:\/\/www.blogsoestado.com\/danielmatos\/\"},{\"@type\":\"ListItem\",\"position\":2,\"name\":\"Deputado Wellington assume presid\u00eancia geral do Parlamento Amaz\u00f4nico no Brasil\"}]},{\"@type\":\"WebSite\",\"@id\":\"https:\/\/www.blogsoestado.com\/danielmatos\/#website\",\"url\":\"https:\/\/www.blogsoestado.com\/danielmatos\/\",\"name\":\"Daniel Matos\",\"description\":\"\",\"potentialAction\":[{\"@type\":\"SearchAction\",\"target\":{\"@type\":\"EntryPoint\",\"urlTemplate\":\"https:\/\/www.blogsoestado.com\/danielmatos\/?s={search_term_string}\"},\"query-input\":{\"@type\":\"PropertyValueSpecification\",\"valueRequired\":true,\"valueName\":\"search_term_string\"}}],\"inLanguage\":\"pt-BR\"}]}<\/script>\n<!-- \/ Yoast SEO plugin. -->","yoast_head_json":{"title":"Deputado Wellington assume presid\u00eancia geral do Parlamento Amaz\u00f4nico no Brasil - Daniel Matos","robots":{"index":"index","follow":"follow","max-snippet":"max-snippet:-1","max-image-preview":"max-image-preview:large","max-video-preview":"max-video-preview:-1"},"canonical":"https:\/\/www.blogsoestado.com\/danielmatos\/deputado-wellington-assume-presidencia-geral-do-parlamento-amazonico-no-brasil\/","og_locale":"pt_BR","og_type":"article","og_title":"Deputado Wellington assume presid\u00eancia geral do Parlamento Amaz\u00f4nico no Brasil - Daniel Matos","og_description":"O deputado estadual Wellington do Curso (PSDB) foi eleito presidente do Parlamento Amaz\u00f4nico, durante o 22\u00ba Congresso Nacional da Uni\u00e3o [&hellip;]","og_url":"https:\/\/www.blogsoestado.com\/danielmatos\/deputado-wellington-assume-presidencia-geral-do-parlamento-amazonico-no-brasil\/","og_site_name":"Daniel Matos","article_published_time":"2018-05-15T18:40:27+00:00","og_image":[{"url":"https:\/\/www.blogsoestado.com\/danielmatos\/files\/2018\/05\/w-amazonico3.jpg","type":"","width":"","height":""}],"twitter_card":"summary_large_image","twitter_misc":{"Est. tempo de leitura":"1 minuto"},"schema":{"@context":"https:\/\/schema.org","@graph":[{"@type":"WebPage","@id":"https:\/\/www.blogsoestado.com\/danielmatos\/deputado-wellington-assume-presidencia-geral-do-parlamento-amazonico-no-brasil\/","url":"https:\/\/www.blogsoestado.com\/danielmatos\/deputado-wellington-assume-presidencia-geral-do-parlamento-amazonico-no-brasil\/","name":"Deputado Wellington assume presid\u00eancia geral do Parlamento Amaz\u00f4nico no Brasil - Daniel Matos","isPartOf":{"@id":"https:\/\/www.blogsoestado.com\/danielmatos\/#website"},"primaryImageOfPage":{"@id":"https:\/\/www.blogsoestado.com\/danielmatos\/deputado-wellington-assume-presidencia-geral-do-parlamento-amazonico-no-brasil\/#primaryimage"},"image":{"@id":"https:\/\/www.blogsoestado.com\/danielmatos\/deputado-wellington-assume-presidencia-geral-do-parlamento-amazonico-no-brasil\/#primaryimage"},"thumbnailUrl":"https:\/\/www.blogsoestado.com\/danielmatos\/files\/2018\/05\/w-amazonico3.jpg","datePublished":"2018-05-15T18:40:27+00:00","author":{"@id":""},"breadcrumb":{"@id":"https:\/\/www.blogsoestado.com\/danielmatos\/deputado-wellington-assume-presidencia-geral-do-parlamento-amazonico-no-brasil\/#breadcrumb"},"inLanguage":"pt-BR","potentialAction":[{"@type":"ReadAction","target":["https:\/\/www.blogsoestado.com\/danielmatos\/deputado-wellington-assume-presidencia-geral-do-parlamento-amazonico-no-brasil\/"]}]},{"@type":"ImageObject","inLanguage":"pt-BR","@id":"https:\/\/www.blogsoestado.com\/danielmatos\/deputado-wellington-assume-presidencia-geral-do-parlamento-amazonico-no-brasil\/#primaryimage","url":"https:\/\/www.blogsoestado.com\/danielmatos\/files\/2018\/05\/w-amazonico3.jpg","contentUrl":"https:\/\/www.blogsoestado.com\/danielmatos\/files\/2018\/05\/w-amazonico3.jpg"},{"@type":"BreadcrumbList","@id":"https:\/\/www.blogsoestado.com\/danielmatos\/deputado-wellington-assume-presidencia-geral-do-parlamento-amazonico-no-brasil\/#breadcrumb","itemListElement":[{"@type":"ListItem","position":1,"name":"In\u00edcio","item":"https:\/\/www.blogsoestado.com\/danielmatos\/"},{"@type":"ListItem","position":2,"name":"Deputado Wellington assume presid\u00eancia geral do Parlamento Amaz\u00f4nico no Brasil"}]},{"@type":"WebSite","@id":"https:\/\/www.blogsoestado.com\/danielmatos\/#website","url":"https:\/\/www.blogsoestado.com\/danielmatos\/","name":"Daniel Matos","description":"","potentialAction":[{"@type":"SearchAction","target":{"@type":"EntryPoint","urlTemplate":"https:\/\/www.blogsoestado.com\/danielmatos\/?s={search_term_string}"},"query-input":{"@type":"PropertyValueSpecification","valueRequired":true,"valueName":"search_term_string"}}],"inLanguage":"pt-BR"}]}},"jetpack_featured_media_url":"","_links":{"self":[{"href":"https:\/\/www.blogsoestado.com\/danielmatos\/wp-json\/wp\/v2\/posts\/51335","targetHints":{"allow":["GET"]}}],"collection":[{"href":"https:\/\/www.blogsoestado.com\/danielmatos\/wp-json\/wp\/v2\/posts"}],"about":[{"href":"https:\/\/www.blogsoestado.com\/danielmatos\/wp-json\/wp\/v2\/types\/post"}],"replies":[{"embeddable":true,"href":"https:\/\/www.blogsoestado.com\/danielmatos\/wp-json\/wp\/v2\/comments?post=51335"}],"version-history":[{"count":0,"href":"https:\/\/www.blogsoestado.com\/danielmatos\/wp-json\/wp\/v2\/posts\/51335\/revisions"}],"wp:attachment":[{"href":"https:\/\/www.blogsoestado.com\/danielmatos\/wp-json\/wp\/v2\/media?parent=51335"}],"wp:term":[{"taxonomy":"category","embeddable":true,"href":"https:\/\/www.blogsoestado.com\/danielmatos\/wp-json\/wp\/v2\/categories?post=51335"},{"taxonomy":"post_tag","embeddable":true,"href":"https:\/\/www.blogsoestado.com\/danielmatos\/wp-json\/wp\/v2\/tags?post=51335"}],"curies":[{"name":"wp","href":"https:\/\/api.w.org\/{rel}","templated":true}]}}