{"id":51338,"date":"2018-05-15T16:38:21","date_gmt":"2018-05-15T19:38:21","guid":{"rendered":"https:\/\/www.blogsoestado.com\/danielmatos\/?p=51338"},"modified":"2018-05-15T16:38:21","modified_gmt":"2018-05-15T19:38:21","slug":"paralisacao-no-itaqui-alerta-para-caos-crimes-ambientais-e-mortes-no-porto-que-a-propaganda-comunista-esconde","status":"publish","type":"post","link":"https:\/\/www.blogsoestado.com\/danielmatos\/paralisacao-no-itaqui-alerta-para-caos-crimes-ambientais-e-mortes-no-porto-que-a-propaganda-comunista-esconde\/","title":{"rendered":"Paralisa\u00e7\u00e3o no Itaqui alerta para caos, crimes ambientais e mortes no porto que a propaganda comunista esconde"},"content":{"rendered":"<figure id=\"attachment_51341\" aria-describedby=\"caption-attachment-51341\" style=\"width: 640px\" class=\"wp-caption aligncenter\"><img fetchpriority=\"high\" decoding=\"async\" class=\"wp-image-51341 size-full\" src=\"https:\/\/www.blogsoestado.com\/danielmatos\/files\/2018\/05\/itaqui-parado.jpg\" alt=\"\" width=\"640\" height=\"360\" \/><figcaption id=\"caption-attachment-51341\" class=\"wp-caption-text\">Navio Star Fuji, de bandeira norueguesa, est\u00e1 atracado no Ber\u00e7o 100 do Porto do Itaqui com opera\u00e7\u00e3o de carga suspensa<\/figcaption><\/figure>\n<p>Sindicatos que representam categorias profissionais que atuam no Porto do Itaqui enumeram uma s\u00e9rie de irregularidades e pr\u00e1ticas de m\u00e1 gest\u00e3o que desmentem categoricamente a propaganda do governo Fl\u00e1vio Dino (PCdoB) que apresenta o terminal como modelo de organiza\u00e7\u00e3o, efici\u00eancia e produtividade. Um dos exemplos da incompet\u00eancia administrativa que impera no porto, segundo as entidades, \u00e9 a paralisa\u00e7\u00e3o da opera\u00e7\u00e3o de carga do navio Star Fuji, de bandeira norueguesa, por causa de uma greve de trabalhadores portu\u00e1rios avulsos.\u00a0A embarca\u00e7\u00e3o est\u00e1 atracada no Ber\u00e7o 100, desde o \u00faltimo s\u00e1bado (12), para receber 35,5 mil toneladas de celulose provenientes da f\u00e1brica maranhense da Suzano.<\/p>\n<p>A paralisa\u00e7\u00e3o \u00e9 motivada pela quebra de um acordo firmado em 20 de maio de 2016 entre o Sindicato dos Arrumadores de S\u00e3o Lu\u00eds, \u00e0 qual s\u00e3o associados os portu\u00e1rios que executam o servi\u00e7o de carga em terra, e a empresa G5 Solu\u00e7\u00f5es Log\u00edstica e Transporte LTDA., que pretende firmar v\u00ednculo com a m\u00e3o de obra contratada para suas opera\u00e7\u00f5es no porto, contrariando o par\u00e1grafo 13 do referido acordo, cuja vig\u00eancia foi prorrogada por mais dois anos.<\/p>\n<p>Os portu\u00e1rios recusam o v\u00ednculo empregat\u00edcio para n\u00e3o de submeter \u00e0s normas das empresas, consideradas impr\u00f3prias, e para ter liberdade para negociar seus servi\u00e7os. Entre os abusos apontados na rela\u00e7\u00e3o formal de trabalho est\u00e3o baixa remunera\u00e7\u00e3o, n\u00e3o condizente com as tarefas executadas, jornada excessiva e maior vulnerabilidade aos riscos da atividade. Na condi\u00e7\u00e3o de avulsos, os trabalhadores podem optar pelas propostas que acharem mais vantajosas, al\u00e9m de se sentirem protegidos, com o devido amparo do sindicato que os representa.<\/p>\n<p><strong>Press\u00e3o, crimes ambientais e mortes<\/strong><\/p>\n<p>O presidente do Sindicato dos Arrumadores de S\u00e3o Lu\u00eds, Carlos Magno Mais Castro, o Lixa, lista problemas graves na rotina portu\u00e1ria, como equipamentos sucateados, crimes ambientais ocultados pela gest\u00e3o, acidentes constantes abafados pela administra\u00e7\u00e3o portu\u00e1ria, uso de mecanismos de press\u00e3o contra os trabalhadores, a exemplo de investiga\u00e7\u00f5es, mortes de trabalhadores sem provid\u00eancias efetivas para cess\u00e1-las, poder de mando excessivos das empresas apontadas como influentes no atual governo.<\/p>\n<p>Outra pr\u00e1tica irregular apontada pelo sindicalista \u00e9 a falta de requisi\u00e7\u00e3o, pelo Terminal de Gr\u00e3os (Tegram), de m\u00e3o de obra para o seu devido fim, como determina expressamente o artigo 40 da Lei n\u00ba 12.815, de 5 de junho de 2013, que disp\u00f5e sobre a explora\u00e7\u00e3o direta e indireta pela Uni\u00e3o de portos e instala\u00e7\u00f5es portu\u00e1rias e sobre as atividades desempenhadas pelos operadores portu\u00e1rios.<\/p>\n<p>O blog confirmou, \u00e0s 15h57, com uma fonte do porto, que a opera\u00e7\u00e3o de carregamento do navio, suspensa quando haviam sido embarcadas apenas tr\u00eas lingadas de celulose, continua parada. N\u00e3o foi informado o preju\u00edzo em dinheiro acumulado. O que se sabe \u00e9 que j\u00e1 ultrapassa a casa dos milhares de d\u00f3lares.<\/p>\n<p><strong>Emap diz que n\u00e3o interv\u00e9m nas rela\u00e7\u00f5es de trabalhadores com empresas<\/strong><\/p>\n<p>A Empresa Maranhense de Administra\u00e7\u00e3o Portu\u00e1ria (Emap) informa que desde a manh\u00e3 deste s\u00e1bado, 12, os trabalhadores avulsos da categoria arrumadores de carga paralisaram a opera\u00e7\u00e3o de embarque celulose no Ber\u00e7o 100 do Porto do Itaqui.<\/p>\n<p>Na qualidade de Autoridade Portu\u00e1ria, a Emap est\u00e1 acompanhando a\u00e7\u00e3o para garantir a seguran\u00e7a das pessoas e do patrim\u00f4nio p\u00fablico, e esclarece que as rela\u00e7\u00f5es de trabalho portu\u00e1rio s\u00e3o regulamentadas pela Lei 12.815\/2013, cujo texto determina que essas rela\u00e7\u00f5es de trabalhadores com empresas com sede no porto sejam estabelecidas livremente entre empregadores e empregados, por meio de seus sindicatos, observando a legisla\u00e7\u00e3o em vigor, n\u00e3o cabendo inger\u00eancias externas nessa rela\u00e7\u00e3o.<\/p>\n<p>O blog manteve contato, por telefone e por e-mail, com a empresa G5 Solu\u00e7\u00f5es Log\u00edstica e Transporte LTDA. para tentar obter esclarecimento sobre o impasse com os operadores portu\u00e1rios avulsos, mas n\u00e3o obteve resposta.<\/p>\n","protected":false},"excerpt":{"rendered":"<p>Sindicatos que representam categorias profissionais que atuam no Porto do Itaqui enumeram uma s\u00e9rie de irregularidades e pr\u00e1ticas de m\u00e1 [&hellip;]<\/p>\n","protected":false},"author":0,"featured_media":0,"comment_status":"open","ping_status":"open","sticky":false,"template":"","format":"standard","meta":{"site-sidebar-layout":"default","site-content-layout":"","ast-site-content-layout":"default","site-content-style":"default","site-sidebar-style":"default","ast-global-header-display":"","ast-banner-title-visibility":"","ast-main-header-display":"","ast-hfb-above-header-display":"","ast-hfb-below-header-display":"","ast-hfb-mobile-header-display":"","site-post-title":"","ast-breadcrumbs-content":"","ast-featured-img":"","footer-sml-layout":"","ast-disable-related-posts":"","theme-transparent-header-meta":"","adv-header-id-meta":"","stick-header-meta":"","header-above-stick-meta":"","header-main-stick-meta":"","header-below-stick-meta":"","astra-migrate-meta-layouts":"default","ast-page-background-enabled":"default","ast-page-background-meta":{"desktop":{"background-color":"var(--ast-global-color-5)","background-image":"","background-repeat":"repeat","background-position":"center center","background-size":"auto","background-attachment":"scroll","background-type":"","background-media":"","overlay-type":"","overlay-color":"","overlay-opacity":"","overlay-gradient":""},"tablet":{"background-color":"","background-image":"","background-repeat":"repeat","background-position":"center center","background-size":"auto","background-attachment":"scroll","background-type":"","background-media":"","overlay-type":"","overlay-color":"","overlay-opacity":"","overlay-gradient":""},"mobile":{"background-color":"","background-image":"","background-repeat":"repeat","background-position":"center center","background-size":"auto","background-attachment":"scroll","background-type":"","background-media":"","overlay-type":"","overlay-color":"","overlay-opacity":"","overlay-gradient":""}},"ast-content-background-meta":{"desktop":{"background-color":"var(--ast-global-color-4)","background-image":"","background-repeat":"repeat","background-position":"center center","background-size":"auto","background-attachment":"scroll","background-type":"","background-media":"","overlay-type":"","overlay-color":"","overlay-opacity":"","overlay-gradient":""},"tablet":{"background-color":"var(--ast-global-color-4)","background-image":"","background-repeat":"repeat","background-position":"center center","background-size":"auto","background-attachment":"scroll","background-type":"","background-media":"","overlay-type":"","overlay-color":"","overlay-opacity":"","overlay-gradient":""},"mobile":{"background-color":"var(--ast-global-color-4)","background-image":"","background-repeat":"repeat","background-position":"center center","background-size":"auto","background-attachment":"scroll","background-type":"","background-media":"","overlay-type":"","overlay-color":"","overlay-opacity":"","overlay-gradient":""}},"footnotes":""},"categories":[1],"tags":[],"class_list":["post-51338","post","type-post","status-publish","format-standard","hentry","category-sem-categoria"],"yoast_head":"<!-- This site is optimized with the Yoast SEO plugin v26.6 - https:\/\/yoast.com\/wordpress\/plugins\/seo\/ -->\n<title>Paralisa\u00e7\u00e3o no Itaqui alerta para caos, crimes ambientais e mortes no porto que a propaganda comunista esconde - Daniel Matos<\/title>\n<meta name=\"robots\" content=\"index, follow, max-snippet:-1, max-image-preview:large, max-video-preview:-1\" \/>\n<link rel=\"canonical\" href=\"https:\/\/www.blogsoestado.com\/danielmatos\/paralisacao-no-itaqui-alerta-para-caos-crimes-ambientais-e-mortes-no-porto-que-a-propaganda-comunista-esconde\/\" \/>\n<meta property=\"og:locale\" content=\"pt_BR\" \/>\n<meta property=\"og:type\" content=\"article\" \/>\n<meta property=\"og:title\" content=\"Paralisa\u00e7\u00e3o no Itaqui alerta para caos, crimes ambientais e mortes no porto que a propaganda comunista esconde - Daniel Matos\" \/>\n<meta property=\"og:description\" content=\"Sindicatos que representam categorias profissionais que atuam no Porto do Itaqui enumeram uma s\u00e9rie de irregularidades e pr\u00e1ticas de m\u00e1 [&hellip;]\" \/>\n<meta property=\"og:url\" content=\"https:\/\/www.blogsoestado.com\/danielmatos\/paralisacao-no-itaqui-alerta-para-caos-crimes-ambientais-e-mortes-no-porto-que-a-propaganda-comunista-esconde\/\" \/>\n<meta property=\"og:site_name\" content=\"Daniel Matos\" \/>\n<meta property=\"article:published_time\" content=\"2018-05-15T19:38:21+00:00\" \/>\n<meta property=\"og:image\" content=\"https:\/\/www.blogsoestado.com\/danielmatos\/files\/2018\/05\/itaqui-parado.jpg\" \/>\n<meta name=\"twitter:card\" content=\"summary_large_image\" \/>\n<meta name=\"twitter:label1\" content=\"Est. tempo de leitura\" \/>\n\t<meta name=\"twitter:data1\" content=\"3 minutos\" \/>\n<script type=\"application\/ld+json\" class=\"yoast-schema-graph\">{\"@context\":\"https:\/\/schema.org\",\"@graph\":[{\"@type\":\"WebPage\",\"@id\":\"https:\/\/www.blogsoestado.com\/danielmatos\/paralisacao-no-itaqui-alerta-para-caos-crimes-ambientais-e-mortes-no-porto-que-a-propaganda-comunista-esconde\/\",\"url\":\"https:\/\/www.blogsoestado.com\/danielmatos\/paralisacao-no-itaqui-alerta-para-caos-crimes-ambientais-e-mortes-no-porto-que-a-propaganda-comunista-esconde\/\",\"name\":\"Paralisa\u00e7\u00e3o no Itaqui alerta para caos, crimes ambientais e mortes no porto que a propaganda comunista esconde - Daniel Matos\",\"isPartOf\":{\"@id\":\"https:\/\/www.blogsoestado.com\/danielmatos\/#website\"},\"primaryImageOfPage\":{\"@id\":\"https:\/\/www.blogsoestado.com\/danielmatos\/paralisacao-no-itaqui-alerta-para-caos-crimes-ambientais-e-mortes-no-porto-que-a-propaganda-comunista-esconde\/#primaryimage\"},\"image\":{\"@id\":\"https:\/\/www.blogsoestado.com\/danielmatos\/paralisacao-no-itaqui-alerta-para-caos-crimes-ambientais-e-mortes-no-porto-que-a-propaganda-comunista-esconde\/#primaryimage\"},\"thumbnailUrl\":\"https:\/\/www.blogsoestado.com\/danielmatos\/files\/2018\/05\/itaqui-parado.jpg\",\"datePublished\":\"2018-05-15T19:38:21+00:00\",\"author\":{\"@id\":\"\"},\"breadcrumb\":{\"@id\":\"https:\/\/www.blogsoestado.com\/danielmatos\/paralisacao-no-itaqui-alerta-para-caos-crimes-ambientais-e-mortes-no-porto-que-a-propaganda-comunista-esconde\/#breadcrumb\"},\"inLanguage\":\"pt-BR\",\"potentialAction\":[{\"@type\":\"ReadAction\",\"target\":[\"https:\/\/www.blogsoestado.com\/danielmatos\/paralisacao-no-itaqui-alerta-para-caos-crimes-ambientais-e-mortes-no-porto-que-a-propaganda-comunista-esconde\/\"]}]},{\"@type\":\"ImageObject\",\"inLanguage\":\"pt-BR\",\"@id\":\"https:\/\/www.blogsoestado.com\/danielmatos\/paralisacao-no-itaqui-alerta-para-caos-crimes-ambientais-e-mortes-no-porto-que-a-propaganda-comunista-esconde\/#primaryimage\",\"url\":\"https:\/\/www.blogsoestado.com\/danielmatos\/files\/2018\/05\/itaqui-parado.jpg\",\"contentUrl\":\"https:\/\/www.blogsoestado.com\/danielmatos\/files\/2018\/05\/itaqui-parado.jpg\"},{\"@type\":\"BreadcrumbList\",\"@id\":\"https:\/\/www.blogsoestado.com\/danielmatos\/paralisacao-no-itaqui-alerta-para-caos-crimes-ambientais-e-mortes-no-porto-que-a-propaganda-comunista-esconde\/#breadcrumb\",\"itemListElement\":[{\"@type\":\"ListItem\",\"position\":1,\"name\":\"In\u00edcio\",\"item\":\"https:\/\/www.blogsoestado.com\/danielmatos\/\"},{\"@type\":\"ListItem\",\"position\":2,\"name\":\"Paralisa\u00e7\u00e3o no Itaqui alerta para caos, crimes ambientais e mortes no porto que a propaganda comunista esconde\"}]},{\"@type\":\"WebSite\",\"@id\":\"https:\/\/www.blogsoestado.com\/danielmatos\/#website\",\"url\":\"https:\/\/www.blogsoestado.com\/danielmatos\/\",\"name\":\"Daniel Matos\",\"description\":\"\",\"potentialAction\":[{\"@type\":\"SearchAction\",\"target\":{\"@type\":\"EntryPoint\",\"urlTemplate\":\"https:\/\/www.blogsoestado.com\/danielmatos\/?s={search_term_string}\"},\"query-input\":{\"@type\":\"PropertyValueSpecification\",\"valueRequired\":true,\"valueName\":\"search_term_string\"}}],\"inLanguage\":\"pt-BR\"}]}<\/script>\n<!-- \/ Yoast SEO plugin. -->","yoast_head_json":{"title":"Paralisa\u00e7\u00e3o no Itaqui alerta para caos, crimes ambientais e mortes no porto que a propaganda comunista esconde - Daniel Matos","robots":{"index":"index","follow":"follow","max-snippet":"max-snippet:-1","max-image-preview":"max-image-preview:large","max-video-preview":"max-video-preview:-1"},"canonical":"https:\/\/www.blogsoestado.com\/danielmatos\/paralisacao-no-itaqui-alerta-para-caos-crimes-ambientais-e-mortes-no-porto-que-a-propaganda-comunista-esconde\/","og_locale":"pt_BR","og_type":"article","og_title":"Paralisa\u00e7\u00e3o no Itaqui alerta para caos, crimes ambientais e mortes no porto que a propaganda comunista esconde - Daniel Matos","og_description":"Sindicatos que representam categorias profissionais que atuam no Porto do Itaqui enumeram uma s\u00e9rie de irregularidades e pr\u00e1ticas de m\u00e1 [&hellip;]","og_url":"https:\/\/www.blogsoestado.com\/danielmatos\/paralisacao-no-itaqui-alerta-para-caos-crimes-ambientais-e-mortes-no-porto-que-a-propaganda-comunista-esconde\/","og_site_name":"Daniel Matos","article_published_time":"2018-05-15T19:38:21+00:00","og_image":[{"url":"https:\/\/www.blogsoestado.com\/danielmatos\/files\/2018\/05\/itaqui-parado.jpg","type":"","width":"","height":""}],"twitter_card":"summary_large_image","twitter_misc":{"Est. tempo de leitura":"3 minutos"},"schema":{"@context":"https:\/\/schema.org","@graph":[{"@type":"WebPage","@id":"https:\/\/www.blogsoestado.com\/danielmatos\/paralisacao-no-itaqui-alerta-para-caos-crimes-ambientais-e-mortes-no-porto-que-a-propaganda-comunista-esconde\/","url":"https:\/\/www.blogsoestado.com\/danielmatos\/paralisacao-no-itaqui-alerta-para-caos-crimes-ambientais-e-mortes-no-porto-que-a-propaganda-comunista-esconde\/","name":"Paralisa\u00e7\u00e3o no Itaqui alerta para caos, crimes ambientais e mortes no porto que a propaganda comunista esconde - Daniel Matos","isPartOf":{"@id":"https:\/\/www.blogsoestado.com\/danielmatos\/#website"},"primaryImageOfPage":{"@id":"https:\/\/www.blogsoestado.com\/danielmatos\/paralisacao-no-itaqui-alerta-para-caos-crimes-ambientais-e-mortes-no-porto-que-a-propaganda-comunista-esconde\/#primaryimage"},"image":{"@id":"https:\/\/www.blogsoestado.com\/danielmatos\/paralisacao-no-itaqui-alerta-para-caos-crimes-ambientais-e-mortes-no-porto-que-a-propaganda-comunista-esconde\/#primaryimage"},"thumbnailUrl":"https:\/\/www.blogsoestado.com\/danielmatos\/files\/2018\/05\/itaqui-parado.jpg","datePublished":"2018-05-15T19:38:21+00:00","author":{"@id":""},"breadcrumb":{"@id":"https:\/\/www.blogsoestado.com\/danielmatos\/paralisacao-no-itaqui-alerta-para-caos-crimes-ambientais-e-mortes-no-porto-que-a-propaganda-comunista-esconde\/#breadcrumb"},"inLanguage":"pt-BR","potentialAction":[{"@type":"ReadAction","target":["https:\/\/www.blogsoestado.com\/danielmatos\/paralisacao-no-itaqui-alerta-para-caos-crimes-ambientais-e-mortes-no-porto-que-a-propaganda-comunista-esconde\/"]}]},{"@type":"ImageObject","inLanguage":"pt-BR","@id":"https:\/\/www.blogsoestado.com\/danielmatos\/paralisacao-no-itaqui-alerta-para-caos-crimes-ambientais-e-mortes-no-porto-que-a-propaganda-comunista-esconde\/#primaryimage","url":"https:\/\/www.blogsoestado.com\/danielmatos\/files\/2018\/05\/itaqui-parado.jpg","contentUrl":"https:\/\/www.blogsoestado.com\/danielmatos\/files\/2018\/05\/itaqui-parado.jpg"},{"@type":"BreadcrumbList","@id":"https:\/\/www.blogsoestado.com\/danielmatos\/paralisacao-no-itaqui-alerta-para-caos-crimes-ambientais-e-mortes-no-porto-que-a-propaganda-comunista-esconde\/#breadcrumb","itemListElement":[{"@type":"ListItem","position":1,"name":"In\u00edcio","item":"https:\/\/www.blogsoestado.com\/danielmatos\/"},{"@type":"ListItem","position":2,"name":"Paralisa\u00e7\u00e3o no Itaqui alerta para caos, crimes ambientais e mortes no porto que a propaganda comunista esconde"}]},{"@type":"WebSite","@id":"https:\/\/www.blogsoestado.com\/danielmatos\/#website","url":"https:\/\/www.blogsoestado.com\/danielmatos\/","name":"Daniel Matos","description":"","potentialAction":[{"@type":"SearchAction","target":{"@type":"EntryPoint","urlTemplate":"https:\/\/www.blogsoestado.com\/danielmatos\/?s={search_term_string}"},"query-input":{"@type":"PropertyValueSpecification","valueRequired":true,"valueName":"search_term_string"}}],"inLanguage":"pt-BR"}]}},"jetpack_featured_media_url":"","_links":{"self":[{"href":"https:\/\/www.blogsoestado.com\/danielmatos\/wp-json\/wp\/v2\/posts\/51338","targetHints":{"allow":["GET"]}}],"collection":[{"href":"https:\/\/www.blogsoestado.com\/danielmatos\/wp-json\/wp\/v2\/posts"}],"about":[{"href":"https:\/\/www.blogsoestado.com\/danielmatos\/wp-json\/wp\/v2\/types\/post"}],"replies":[{"embeddable":true,"href":"https:\/\/www.blogsoestado.com\/danielmatos\/wp-json\/wp\/v2\/comments?post=51338"}],"version-history":[{"count":0,"href":"https:\/\/www.blogsoestado.com\/danielmatos\/wp-json\/wp\/v2\/posts\/51338\/revisions"}],"wp:attachment":[{"href":"https:\/\/www.blogsoestado.com\/danielmatos\/wp-json\/wp\/v2\/media?parent=51338"}],"wp:term":[{"taxonomy":"category","embeddable":true,"href":"https:\/\/www.blogsoestado.com\/danielmatos\/wp-json\/wp\/v2\/categories?post=51338"},{"taxonomy":"post_tag","embeddable":true,"href":"https:\/\/www.blogsoestado.com\/danielmatos\/wp-json\/wp\/v2\/tags?post=51338"}],"curies":[{"name":"wp","href":"https:\/\/api.w.org\/{rel}","templated":true}]}}