{"id":51352,"date":"2018-05-15T19:45:17","date_gmt":"2018-05-15T22:45:17","guid":{"rendered":"https:\/\/www.blogsoestado.com\/danielmatos\/?p=51352"},"modified":"2018-05-15T19:45:17","modified_gmt":"2018-05-15T22:45:17","slug":"vandalos-sabotam-rede-de-fibra-otica-e-deixam-regiao-do-alto-turi-sem-internet","status":"publish","type":"post","link":"https:\/\/www.blogsoestado.com\/danielmatos\/vandalos-sabotam-rede-de-fibra-otica-e-deixam-regiao-do-alto-turi-sem-internet\/","title":{"rendered":"V\u00e2ndalos sabotam rede de fibra \u00f3tica e deixam regi\u00e3o do Alto Turi sem internet"},"content":{"rendered":"<figure id=\"attachment_51353\" aria-describedby=\"caption-attachment-51353\" style=\"width: 600px\" class=\"wp-caption aligncenter\"><img fetchpriority=\"high\" decoding=\"async\" class=\"wp-image-51353\" src=\"https:\/\/www.blogsoestado.com\/danielmatos\/files\/2018\/05\/upnet-300x169.jpg\" alt=\"\" width=\"600\" height=\"338\" \/><figcaption id=\"caption-attachment-51353\" class=\"wp-caption-text\">Equipe t\u00e9cnica altamente capacitada foi enviada \u00e0 regi\u00e3o para restabelecer o sinal de internet<\/figcaption><\/figure>\n<p>A popula\u00e7\u00e3o da regi\u00e3o do Alto Turi tem sofrido,\u00a0nos \u00faltimos dias, com a falta de internet. Isso porque v\u00e2ndalos sabotaram parte da rede de fibra \u00f3ptica da empresa UPNET, que leva internet para Santa Luzia do Paru\u00e1 e varias cidades vizinhas, como mostram as fotos e v\u00eddeos desta mat\u00e9ria.<\/p>\n<p>Essa n\u00e3o \u00e9 a primeira vez que essa situa\u00e7\u00e3o acontece. Em outras tr\u00eas ocasi\u00f5es, o mesmo problema deixou outras centenas de clientes sem acesso, prejudicando a empresa, que preza pela qualidade em seu sinal e atendimento. Uma equipe t\u00e9cnica muito bem capacitada est\u00e1 solucionando todos os problemas e religando a fibra. Chamados pelos clientes de InvejaNet, os concorrentes est\u00e3o tentando, a todo custo, desqualificar o trabalho de uma empresa s\u00e9ria e que em um ano de trabalho trouxe desenvolvimento tecnol\u00f3gico e social para o munic\u00edpio.<\/p>\n<figure id=\"attachment_51357\" aria-describedby=\"caption-attachment-51357\" style=\"width: 640px\" class=\"wp-caption aligncenter\"><img decoding=\"async\" class=\"wp-image-51357 size-full\" src=\"https:\/\/www.blogsoestado.com\/danielmatos\/files\/2018\/05\/upnet2.jpg\" alt=\"\" width=\"640\" height=\"360\" \/><figcaption id=\"caption-attachment-51357\" class=\"wp-caption-text\">Upnet montou seu aparato \u00e0 margem da estrada para resolver o problema de conex\u00e3o \u00e0 internet no Alto Turi<\/figcaption><\/figure>\n<p>Segundo Francineide Lima, cliente da UPNET, a empresa oferece aquilo que vende, diferentemente de outras empresas da cidade. \u201cEu assinei a UPNET porque eles entregam o que oferecem, diferente de outras empresas de internet que a gente tem na cidade. Al\u00e9m de terem um suporte \u00f3timo, que resolve nossas demandas nos servi\u00e7os. Fico triste pela atitude essas pessoas, que na verdade demonstram n\u00e3o ter car\u00e1ter, e querem crescer a qualquer custo. Quem sai prejudicado nisso tudo somos n\u00f3s\u201d, lamentou.<\/p>\n<p>A UPNET \u00e9 a primeira empresa da regi\u00e3o do Turi a investir grandes montantes em tecnologia de ponta, equipamentos para trazer ao munic\u00edpio de Santa Luzia do Paru\u00e1 internet e cidadania.<\/p>\n<p><strong>O v\u00eddeo abaixo mostra um dos t\u00e9cnicos iniciando reparos na rede:<\/strong><\/p>\n<div class=\"ast-oembed-container \" style=\"height: 100%;\"><iframe title=\"Sabotagem deixa Alto Turi sem internet\" width=\"500\" height=\"281\" src=\"https:\/\/www.youtube.com\/embed\/yPjUvOObAkU?feature=oembed\" frameborder=\"0\" allow=\"accelerometer; autoplay; clipboard-write; encrypted-media; gyroscope; picture-in-picture; web-share\" referrerpolicy=\"strict-origin-when-cross-origin\" allowfullscreen><\/iframe><\/div>\n","protected":false},"excerpt":{"rendered":"<p>A popula\u00e7\u00e3o da regi\u00e3o do Alto Turi tem sofrido,\u00a0nos \u00faltimos dias, com a falta de internet. Isso porque v\u00e2ndalos sabotaram [&hellip;]<\/p>\n","protected":false},"author":0,"featured_media":0,"comment_status":"open","ping_status":"open","sticky":false,"template":"","format":"standard","meta":{"site-sidebar-layout":"default","site-content-layout":"","ast-site-content-layout":"default","site-content-style":"default","site-sidebar-style":"default","ast-global-header-display":"","ast-banner-title-visibility":"","ast-main-header-display":"","ast-hfb-above-header-display":"","ast-hfb-below-header-display":"","ast-hfb-mobile-header-display":"","site-post-title":"","ast-breadcrumbs-content":"","ast-featured-img":"","footer-sml-layout":"","ast-disable-related-posts":"","theme-transparent-header-meta":"","adv-header-id-meta":"","stick-header-meta":"","header-above-stick-meta":"","header-main-stick-meta":"","header-below-stick-meta":"","astra-migrate-meta-layouts":"default","ast-page-background-enabled":"default","ast-page-background-meta":{"desktop":{"background-color":"var(--ast-global-color-5)","background-image":"","background-repeat":"repeat","background-position":"center center","background-size":"auto","background-attachment":"scroll","background-type":"","background-media":"","overlay-type":"","overlay-color":"","overlay-opacity":"","overlay-gradient":""},"tablet":{"background-color":"","background-image":"","background-repeat":"repeat","background-position":"center center","background-size":"auto","background-attachment":"scroll","background-type":"","background-media":"","overlay-type":"","overlay-color":"","overlay-opacity":"","overlay-gradient":""},"mobile":{"background-color":"","background-image":"","background-repeat":"repeat","background-position":"center center","background-size":"auto","background-attachment":"scroll","background-type":"","background-media":"","overlay-type":"","overlay-color":"","overlay-opacity":"","overlay-gradient":""}},"ast-content-background-meta":{"desktop":{"background-color":"var(--ast-global-color-4)","background-image":"","background-repeat":"repeat","background-position":"center center","background-size":"auto","background-attachment":"scroll","background-type":"","background-media":"","overlay-type":"","overlay-color":"","overlay-opacity":"","overlay-gradient":""},"tablet":{"background-color":"var(--ast-global-color-4)","background-image":"","background-repeat":"repeat","background-position":"center center","background-size":"auto","background-attachment":"scroll","background-type":"","background-media":"","overlay-type":"","overlay-color":"","overlay-opacity":"","overlay-gradient":""},"mobile":{"background-color":"var(--ast-global-color-4)","background-image":"","background-repeat":"repeat","background-position":"center center","background-size":"auto","background-attachment":"scroll","background-type":"","background-media":"","overlay-type":"","overlay-color":"","overlay-opacity":"","overlay-gradient":""}},"footnotes":""},"categories":[1],"tags":[],"class_list":["post-51352","post","type-post","status-publish","format-standard","hentry","category-sem-categoria"],"yoast_head":"<!-- This site is optimized with the Yoast SEO plugin v26.6 - https:\/\/yoast.com\/wordpress\/plugins\/seo\/ -->\n<title>V\u00e2ndalos sabotam rede de fibra \u00f3tica e deixam regi\u00e3o do Alto Turi sem internet - Daniel Matos<\/title>\n<meta name=\"robots\" content=\"index, follow, max-snippet:-1, max-image-preview:large, max-video-preview:-1\" \/>\n<link rel=\"canonical\" href=\"https:\/\/www.blogsoestado.com\/danielmatos\/vandalos-sabotam-rede-de-fibra-otica-e-deixam-regiao-do-alto-turi-sem-internet\/\" \/>\n<meta property=\"og:locale\" content=\"pt_BR\" \/>\n<meta property=\"og:type\" content=\"article\" \/>\n<meta property=\"og:title\" content=\"V\u00e2ndalos sabotam rede de fibra \u00f3tica e deixam regi\u00e3o do Alto Turi sem internet - Daniel Matos\" \/>\n<meta property=\"og:description\" content=\"A popula\u00e7\u00e3o da regi\u00e3o do Alto Turi tem sofrido,\u00a0nos \u00faltimos dias, com a falta de internet. Isso porque v\u00e2ndalos sabotaram [&hellip;]\" \/>\n<meta property=\"og:url\" content=\"https:\/\/www.blogsoestado.com\/danielmatos\/vandalos-sabotam-rede-de-fibra-otica-e-deixam-regiao-do-alto-turi-sem-internet\/\" \/>\n<meta property=\"og:site_name\" content=\"Daniel Matos\" \/>\n<meta property=\"article:published_time\" content=\"2018-05-15T22:45:17+00:00\" \/>\n<meta property=\"og:image\" content=\"https:\/\/www.blogsoestado.com\/danielmatos\/files\/2018\/05\/upnet-300x169.jpg\" \/>\n<meta name=\"twitter:card\" content=\"summary_large_image\" \/>\n<meta name=\"twitter:label1\" content=\"Est. tempo de leitura\" \/>\n\t<meta name=\"twitter:data1\" content=\"2 minutos\" \/>\n<script type=\"application\/ld+json\" class=\"yoast-schema-graph\">{\"@context\":\"https:\/\/schema.org\",\"@graph\":[{\"@type\":\"WebPage\",\"@id\":\"https:\/\/www.blogsoestado.com\/danielmatos\/vandalos-sabotam-rede-de-fibra-otica-e-deixam-regiao-do-alto-turi-sem-internet\/\",\"url\":\"https:\/\/www.blogsoestado.com\/danielmatos\/vandalos-sabotam-rede-de-fibra-otica-e-deixam-regiao-do-alto-turi-sem-internet\/\",\"name\":\"V\u00e2ndalos sabotam rede de fibra \u00f3tica e deixam regi\u00e3o do Alto Turi sem internet - Daniel Matos\",\"isPartOf\":{\"@id\":\"https:\/\/www.blogsoestado.com\/danielmatos\/#website\"},\"primaryImageOfPage\":{\"@id\":\"https:\/\/www.blogsoestado.com\/danielmatos\/vandalos-sabotam-rede-de-fibra-otica-e-deixam-regiao-do-alto-turi-sem-internet\/#primaryimage\"},\"image\":{\"@id\":\"https:\/\/www.blogsoestado.com\/danielmatos\/vandalos-sabotam-rede-de-fibra-otica-e-deixam-regiao-do-alto-turi-sem-internet\/#primaryimage\"},\"thumbnailUrl\":\"https:\/\/www.blogsoestado.com\/danielmatos\/files\/2018\/05\/upnet-300x169.jpg\",\"datePublished\":\"2018-05-15T22:45:17+00:00\",\"author\":{\"@id\":\"\"},\"breadcrumb\":{\"@id\":\"https:\/\/www.blogsoestado.com\/danielmatos\/vandalos-sabotam-rede-de-fibra-otica-e-deixam-regiao-do-alto-turi-sem-internet\/#breadcrumb\"},\"inLanguage\":\"pt-BR\",\"potentialAction\":[{\"@type\":\"ReadAction\",\"target\":[\"https:\/\/www.blogsoestado.com\/danielmatos\/vandalos-sabotam-rede-de-fibra-otica-e-deixam-regiao-do-alto-turi-sem-internet\/\"]}]},{\"@type\":\"ImageObject\",\"inLanguage\":\"pt-BR\",\"@id\":\"https:\/\/www.blogsoestado.com\/danielmatos\/vandalos-sabotam-rede-de-fibra-otica-e-deixam-regiao-do-alto-turi-sem-internet\/#primaryimage\",\"url\":\"https:\/\/www.blogsoestado.com\/danielmatos\/files\/2018\/05\/upnet-300x169.jpg\",\"contentUrl\":\"https:\/\/www.blogsoestado.com\/danielmatos\/files\/2018\/05\/upnet-300x169.jpg\"},{\"@type\":\"BreadcrumbList\",\"@id\":\"https:\/\/www.blogsoestado.com\/danielmatos\/vandalos-sabotam-rede-de-fibra-otica-e-deixam-regiao-do-alto-turi-sem-internet\/#breadcrumb\",\"itemListElement\":[{\"@type\":\"ListItem\",\"position\":1,\"name\":\"In\u00edcio\",\"item\":\"https:\/\/www.blogsoestado.com\/danielmatos\/\"},{\"@type\":\"ListItem\",\"position\":2,\"name\":\"V\u00e2ndalos sabotam rede de fibra \u00f3tica e deixam regi\u00e3o do Alto Turi sem internet\"}]},{\"@type\":\"WebSite\",\"@id\":\"https:\/\/www.blogsoestado.com\/danielmatos\/#website\",\"url\":\"https:\/\/www.blogsoestado.com\/danielmatos\/\",\"name\":\"Daniel Matos\",\"description\":\"\",\"potentialAction\":[{\"@type\":\"SearchAction\",\"target\":{\"@type\":\"EntryPoint\",\"urlTemplate\":\"https:\/\/www.blogsoestado.com\/danielmatos\/?s={search_term_string}\"},\"query-input\":{\"@type\":\"PropertyValueSpecification\",\"valueRequired\":true,\"valueName\":\"search_term_string\"}}],\"inLanguage\":\"pt-BR\"}]}<\/script>\n<!-- \/ Yoast SEO plugin. -->","yoast_head_json":{"title":"V\u00e2ndalos sabotam rede de fibra \u00f3tica e deixam regi\u00e3o do Alto Turi sem internet - Daniel Matos","robots":{"index":"index","follow":"follow","max-snippet":"max-snippet:-1","max-image-preview":"max-image-preview:large","max-video-preview":"max-video-preview:-1"},"canonical":"https:\/\/www.blogsoestado.com\/danielmatos\/vandalos-sabotam-rede-de-fibra-otica-e-deixam-regiao-do-alto-turi-sem-internet\/","og_locale":"pt_BR","og_type":"article","og_title":"V\u00e2ndalos sabotam rede de fibra \u00f3tica e deixam regi\u00e3o do Alto Turi sem internet - Daniel Matos","og_description":"A popula\u00e7\u00e3o da regi\u00e3o do Alto Turi tem sofrido,\u00a0nos \u00faltimos dias, com a falta de internet. Isso porque v\u00e2ndalos sabotaram [&hellip;]","og_url":"https:\/\/www.blogsoestado.com\/danielmatos\/vandalos-sabotam-rede-de-fibra-otica-e-deixam-regiao-do-alto-turi-sem-internet\/","og_site_name":"Daniel Matos","article_published_time":"2018-05-15T22:45:17+00:00","og_image":[{"url":"https:\/\/www.blogsoestado.com\/danielmatos\/files\/2018\/05\/upnet-300x169.jpg","type":"","width":"","height":""}],"twitter_card":"summary_large_image","twitter_misc":{"Est. tempo de leitura":"2 minutos"},"schema":{"@context":"https:\/\/schema.org","@graph":[{"@type":"WebPage","@id":"https:\/\/www.blogsoestado.com\/danielmatos\/vandalos-sabotam-rede-de-fibra-otica-e-deixam-regiao-do-alto-turi-sem-internet\/","url":"https:\/\/www.blogsoestado.com\/danielmatos\/vandalos-sabotam-rede-de-fibra-otica-e-deixam-regiao-do-alto-turi-sem-internet\/","name":"V\u00e2ndalos sabotam rede de fibra \u00f3tica e deixam regi\u00e3o do Alto Turi sem internet - Daniel Matos","isPartOf":{"@id":"https:\/\/www.blogsoestado.com\/danielmatos\/#website"},"primaryImageOfPage":{"@id":"https:\/\/www.blogsoestado.com\/danielmatos\/vandalos-sabotam-rede-de-fibra-otica-e-deixam-regiao-do-alto-turi-sem-internet\/#primaryimage"},"image":{"@id":"https:\/\/www.blogsoestado.com\/danielmatos\/vandalos-sabotam-rede-de-fibra-otica-e-deixam-regiao-do-alto-turi-sem-internet\/#primaryimage"},"thumbnailUrl":"https:\/\/www.blogsoestado.com\/danielmatos\/files\/2018\/05\/upnet-300x169.jpg","datePublished":"2018-05-15T22:45:17+00:00","author":{"@id":""},"breadcrumb":{"@id":"https:\/\/www.blogsoestado.com\/danielmatos\/vandalos-sabotam-rede-de-fibra-otica-e-deixam-regiao-do-alto-turi-sem-internet\/#breadcrumb"},"inLanguage":"pt-BR","potentialAction":[{"@type":"ReadAction","target":["https:\/\/www.blogsoestado.com\/danielmatos\/vandalos-sabotam-rede-de-fibra-otica-e-deixam-regiao-do-alto-turi-sem-internet\/"]}]},{"@type":"ImageObject","inLanguage":"pt-BR","@id":"https:\/\/www.blogsoestado.com\/danielmatos\/vandalos-sabotam-rede-de-fibra-otica-e-deixam-regiao-do-alto-turi-sem-internet\/#primaryimage","url":"https:\/\/www.blogsoestado.com\/danielmatos\/files\/2018\/05\/upnet-300x169.jpg","contentUrl":"https:\/\/www.blogsoestado.com\/danielmatos\/files\/2018\/05\/upnet-300x169.jpg"},{"@type":"BreadcrumbList","@id":"https:\/\/www.blogsoestado.com\/danielmatos\/vandalos-sabotam-rede-de-fibra-otica-e-deixam-regiao-do-alto-turi-sem-internet\/#breadcrumb","itemListElement":[{"@type":"ListItem","position":1,"name":"In\u00edcio","item":"https:\/\/www.blogsoestado.com\/danielmatos\/"},{"@type":"ListItem","position":2,"name":"V\u00e2ndalos sabotam rede de fibra \u00f3tica e deixam regi\u00e3o do Alto Turi sem internet"}]},{"@type":"WebSite","@id":"https:\/\/www.blogsoestado.com\/danielmatos\/#website","url":"https:\/\/www.blogsoestado.com\/danielmatos\/","name":"Daniel Matos","description":"","potentialAction":[{"@type":"SearchAction","target":{"@type":"EntryPoint","urlTemplate":"https:\/\/www.blogsoestado.com\/danielmatos\/?s={search_term_string}"},"query-input":{"@type":"PropertyValueSpecification","valueRequired":true,"valueName":"search_term_string"}}],"inLanguage":"pt-BR"}]}},"jetpack_featured_media_url":"","_links":{"self":[{"href":"https:\/\/www.blogsoestado.com\/danielmatos\/wp-json\/wp\/v2\/posts\/51352","targetHints":{"allow":["GET"]}}],"collection":[{"href":"https:\/\/www.blogsoestado.com\/danielmatos\/wp-json\/wp\/v2\/posts"}],"about":[{"href":"https:\/\/www.blogsoestado.com\/danielmatos\/wp-json\/wp\/v2\/types\/post"}],"replies":[{"embeddable":true,"href":"https:\/\/www.blogsoestado.com\/danielmatos\/wp-json\/wp\/v2\/comments?post=51352"}],"version-history":[{"count":0,"href":"https:\/\/www.blogsoestado.com\/danielmatos\/wp-json\/wp\/v2\/posts\/51352\/revisions"}],"wp:attachment":[{"href":"https:\/\/www.blogsoestado.com\/danielmatos\/wp-json\/wp\/v2\/media?parent=51352"}],"wp:term":[{"taxonomy":"category","embeddable":true,"href":"https:\/\/www.blogsoestado.com\/danielmatos\/wp-json\/wp\/v2\/categories?post=51352"},{"taxonomy":"post_tag","embeddable":true,"href":"https:\/\/www.blogsoestado.com\/danielmatos\/wp-json\/wp\/v2\/tags?post=51352"}],"curies":[{"name":"wp","href":"https:\/\/api.w.org\/{rel}","templated":true}]}}