{"id":51360,"date":"2018-05-15T19:00:38","date_gmt":"2018-05-15T22:00:38","guid":{"rendered":"https:\/\/www.blogsoestado.com\/danielmatos\/?p=51360"},"modified":"2018-05-15T19:00:38","modified_gmt":"2018-05-15T22:00:38","slug":"volta-dos-que-nao-foram-marqueteiro-carlos-alberto-ressurge-das-cinzas-para-comandar-midia-oposicionista-contra-fabio-gentil","status":"publish","type":"post","link":"https:\/\/www.blogsoestado.com\/danielmatos\/volta-dos-que-nao-foram-marqueteiro-carlos-alberto-ressurge-das-cinzas-para-comandar-midia-oposicionista-contra-fabio-gentil\/","title":{"rendered":"A VOLTA DOS QUE N\u00c3O FORAM!!! Marqueteiro Carlos Alberto ressurge das cinzas para comandar m\u00eddia oposicionista contra F\u00e1bio Gentil"},"content":{"rendered":"<p><strong>Do <a href=\"http:\/\/www.blogdosaba.com.br\/2018\/05\/a-volta-dos-que-nao-foram-marqueteiro.html\">Blog do Sab\u00e1<\/a><\/strong><\/p>\n<figure id=\"attachment_51361\" aria-describedby=\"caption-attachment-51361\" style=\"width: 467px\" class=\"wp-caption alignleft\"><img fetchpriority=\"high\" decoding=\"async\" class=\"wp-image-51361 size-full\" src=\"https:\/\/www.blogsoestado.com\/danielmatos\/files\/2018\/05\/calberto.jpg\" alt=\"\" width=\"467\" height=\"271\" \/><figcaption id=\"caption-attachment-51361\" class=\"wp-caption-text\">SEM SENTIDO: Carlos Alberto re\u00fane-se quinzenalmente com blogueiros oposicionistas e o resultado \u00e9 uma aprova\u00e7\u00e3o de 72% do governo F\u00e1bio Gentil<\/figcaption><\/figure>\n<p>Depois de colecionar muitos dissabores em Caxias desde o fim da segunda gest\u00e3o de Humberto Coutinho na Prefeitura, o marqueteiro Carlos Alberto est\u00e1 de volta \u00e0 cidade para prestar seus servi\u00e7os de assessoria pol\u00edtica para a oposi\u00e7\u00e3o comandada pela ex-deputada Cleide Coutinho, que agora \u00e9 novamente pr\u00e9-candidata ao mesmo cargo exercido entre 2006 e 2014.<\/p>\n<p>Tendo sido dispensado pelo ent\u00e3o prefeito L\u00e9o Coutinho logo no in\u00edcio da sua administra\u00e7\u00e3o, Carlos Alberto viveu num limbo publicit\u00e1rio que o levou a mudar de ramo, se desfazer da sua moderna gr\u00e1fica em S\u00e3o Lu\u00eds e abandonar o Maranh\u00e3o. Em seguida, se aventurou em montar uma rede de pizzarias em S\u00e3o Paulo, cujo neg\u00f3cio se mostrava promissor at\u00e9 o destino sorrir novamente para ele e traz\u00ea-lo mais uma vez ao Estado.<\/p>\n<p>Com o c\u00e2ncer diagnosticado em 2013, e ap\u00f3s iniciado o delicado tratamento quimioter\u00e1pico, eis que Humberto Coutinho, novamente candidato a deputado estadual em 2014, estende a m\u00e3o para o antigo pupilo e o resgata para assessorar sua campanha de retorno \u00e0 Assembleia. Era o fim da aventura de empres\u00e1rio em S\u00e3o Paulo e a garantia de comandar a poderosa diretoria de comunica\u00e7\u00e3o do legislativo maranhense, que j\u00e1 estava prometida pelo patr\u00e3o, pois a presid\u00eancia do Poder Rangedor era favas contadas com a iminente vit\u00f3ria de Fl\u00e1vio Dino naquele ano.<\/p>\n<p>Humberto Coutinho deputado estadual e presidente da Assembleia; Fl\u00e1vio Dino um governador amigo e parceiro, eis que no meio do caminho tinha um prefeito L\u00e9o Coutinho com \u00edndices de aprova\u00e7\u00e3o desesperadores, o que merecia esfor\u00e7o redobrado de HC para tentar reverter o quadro de uma derrota do sobrinho esperando para acontecer nas elei\u00e7\u00f5es municipais.<\/p>\n<p>Embora forte e com todas as b\u00ean\u00e7\u00e3os e apadrinhamentos poss\u00edveis, Carlos Alberto tentou repetir a m\u00eddia insossa que produzia nas gest\u00f5es do \u201cgrand\u00e3o\u201d, mas seus servi\u00e7os como chefe da comunica\u00e7\u00e3o de L\u00e9o Coutinho demoraram poucos meses. Foi dispensado e o ex-prefeito tentou fabricar v\u00e1rios assessores de comunica\u00e7\u00e3o para conseguir melhorar os \u00edndices da sua administra\u00e7\u00e3o, no que todos j\u00e1 sabem o desfecho da hist\u00f3ria.<\/p>\n<p>Mas o tempo passou e junto com a morte do padrinho veio tamb\u00e9m a perda do poder na Assembleia, haja vista que foi demitido do cargo de diretor de comunica\u00e7\u00e3o da Casa e teve que se contentar com um cargo menor obtido nem tanto por m\u00e9ritos, mas por considera\u00e7\u00e3o que o atual presidente Othelino tem pela mem\u00f3ria do seu antecessor.<\/p>\n<p>Presente em Caxias a cada 15 dias, Carlos Alberto d\u00e1 expediente no atual QG oposicionista do munic\u00edpio, situado na Rua Senador Costa Rodrigues, no centro da cidade, local onde funcionava o antigo pr\u00e9dio da Ascom na gest\u00e3o L\u00e9o Coutinho e onde d\u00e1 expediente o ex-vereador e ex-secret\u00e1rio de Finan\u00e7as do munic\u00edpio, Berilo Ara\u00fajo, e tamb\u00e9m os advogados James Lobo e M\u00e1rio Bayma, que cuidam dos assuntos jur\u00eddicos da turma.<\/p>\n<p>A agenda do marqueteiro Carlos Alberto nas visitas quinzenais ao \u2018bunker\u2019 oposicionista resume-se em uma reuni\u00e3o com os blogueiros Irm\u00e3o Inaldo, Z\u00e9 M\u00e1rio J\u00fanior, Caio Motta e Fernando Portela para fazerem uma esp\u00e9cie de presta\u00e7\u00e3o de contas do trabalho desenvolvido no per\u00edodo e tamb\u00e9m para tra\u00e7arem estrat\u00e9gias que possam desgastar o governo F\u00e1bio Gentil onde, cada um a seu modo, s\u00e3o incans\u00e1veis em procurar detalhes na administra\u00e7\u00e3o municipal ou qualquer coment\u00e1rio irrespons\u00e1vel nas redes sociais para usarem como mat\u00e9ria-prima nas suas tarefas, e que n\u00e3o surtem nenhum efeito a n\u00e3o ser demonstrar os efeitos da crise de abstin\u00eancia que os acomete. Ontem, segunda-feira, 14, uma nova rodada de bate-papo com o marqueteiro serviu para produzir as \u00faltimas pautas da turma, onde o desespero de um e a pregui\u00e7a dos demais mostra que o \u00e2nimo por l\u00e1 n\u00e3o \u00e9 dos melhores.<\/p>\n<p>Assim como tentou repetir com L\u00e9o Coutinho o que fez com Humberto, e que acabou n\u00e3o dando certo, Carlos Alberto demonstra que suas estrat\u00e9gias contra o prefeito F\u00e1bio Gentil na m\u00eddia s\u00e3o infrut\u00edferas, uma vez que a aprova\u00e7\u00e3o do governo F\u00e1bio Gentil, que passou de 72% na pesquisa do Instituto Amostragem divulgada recentemente, ultrapassou aquelas apresentadas nos tempos \u00e1ureos de Humberto Coutinho, que alcan\u00e7aram no m\u00e1ximo 68% no sempre solid\u00e1rio Instituto Escutec.<\/p>\n<p>V\u00ea-se ent\u00e3o que a comunica\u00e7\u00e3o oposicionista precisa de outro \u2018diretor\u2019, pois a produ\u00e7\u00e3o do material da rapaziada s\u00f3 conseguiu at\u00e9 agora deixar o prefeito de Caxias com 72% de aprova\u00e7\u00e3o.<\/p>\n<p>For\u00e7a, rapaziada! Quem sabe um dia voc\u00eas conseguem voltar ao comando do munic\u00edpio.<\/p>\n<p>Sonhem, sonhem&#8230;<\/p>\n","protected":false},"excerpt":{"rendered":"<p>Do Blog do Sab\u00e1 Depois de colecionar muitos dissabores em Caxias desde o fim da segunda gest\u00e3o de Humberto Coutinho [&hellip;]<\/p>\n","protected":false},"author":0,"featured_media":0,"comment_status":"open","ping_status":"open","sticky":false,"template":"","format":"standard","meta":{"site-sidebar-layout":"default","site-content-layout":"","ast-site-content-layout":"default","site-content-style":"default","site-sidebar-style":"default","ast-global-header-display":"","ast-banner-title-visibility":"","ast-main-header-display":"","ast-hfb-above-header-display":"","ast-hfb-below-header-display":"","ast-hfb-mobile-header-display":"","site-post-title":"","ast-breadcrumbs-content":"","ast-featured-img":"","footer-sml-layout":"","ast-disable-related-posts":"","theme-transparent-header-meta":"","adv-header-id-meta":"","stick-header-meta":"","header-above-stick-meta":"","header-main-stick-meta":"","header-below-stick-meta":"","astra-migrate-meta-layouts":"default","ast-page-background-enabled":"default","ast-page-background-meta":{"desktop":{"background-color":"var(--ast-global-color-5)","background-image":"","background-repeat":"repeat","background-position":"center center","background-size":"auto","background-attachment":"scroll","background-type":"","background-media":"","overlay-type":"","overlay-color":"","overlay-opacity":"","overlay-gradient":""},"tablet":{"background-color":"","background-image":"","background-repeat":"repeat","background-position":"center center","background-size":"auto","background-attachment":"scroll","background-type":"","background-media":"","overlay-type":"","overlay-color":"","overlay-opacity":"","overlay-gradient":""},"mobile":{"background-color":"","background-image":"","background-repeat":"repeat","background-position":"center center","background-size":"auto","background-attachment":"scroll","background-type":"","background-media":"","overlay-type":"","overlay-color":"","overlay-opacity":"","overlay-gradient":""}},"ast-content-background-meta":{"desktop":{"background-color":"var(--ast-global-color-4)","background-image":"","background-repeat":"repeat","background-position":"center center","background-size":"auto","background-attachment":"scroll","background-type":"","background-media":"","overlay-type":"","overlay-color":"","overlay-opacity":"","overlay-gradient":""},"tablet":{"background-color":"var(--ast-global-color-4)","background-image":"","background-repeat":"repeat","background-position":"center center","background-size":"auto","background-attachment":"scroll","background-type":"","background-media":"","overlay-type":"","overlay-color":"","overlay-opacity":"","overlay-gradient":""},"mobile":{"background-color":"var(--ast-global-color-4)","background-image":"","background-repeat":"repeat","background-position":"center center","background-size":"auto","background-attachment":"scroll","background-type":"","background-media":"","overlay-type":"","overlay-color":"","overlay-opacity":"","overlay-gradient":""}},"footnotes":""},"categories":[1],"tags":[],"class_list":["post-51360","post","type-post","status-publish","format-standard","hentry","category-sem-categoria"],"yoast_head":"<!-- This site is optimized with the Yoast SEO plugin v26.6 - https:\/\/yoast.com\/wordpress\/plugins\/seo\/ -->\n<title>A VOLTA DOS QUE N\u00c3O FORAM!!! Marqueteiro Carlos Alberto ressurge das cinzas para comandar m\u00eddia oposicionista contra F\u00e1bio Gentil - Daniel Matos<\/title>\n<meta name=\"robots\" content=\"index, follow, max-snippet:-1, max-image-preview:large, max-video-preview:-1\" \/>\n<link rel=\"canonical\" href=\"https:\/\/www.blogsoestado.com\/danielmatos\/volta-dos-que-nao-foram-marqueteiro-carlos-alberto-ressurge-das-cinzas-para-comandar-midia-oposicionista-contra-fabio-gentil\/\" \/>\n<meta property=\"og:locale\" content=\"pt_BR\" \/>\n<meta property=\"og:type\" content=\"article\" \/>\n<meta property=\"og:title\" content=\"A VOLTA DOS QUE N\u00c3O FORAM!!! Marqueteiro Carlos Alberto ressurge das cinzas para comandar m\u00eddia oposicionista contra F\u00e1bio Gentil - Daniel Matos\" \/>\n<meta property=\"og:description\" content=\"Do Blog do Sab\u00e1 Depois de colecionar muitos dissabores em Caxias desde o fim da segunda gest\u00e3o de Humberto Coutinho [&hellip;]\" \/>\n<meta property=\"og:url\" content=\"https:\/\/www.blogsoestado.com\/danielmatos\/volta-dos-que-nao-foram-marqueteiro-carlos-alberto-ressurge-das-cinzas-para-comandar-midia-oposicionista-contra-fabio-gentil\/\" \/>\n<meta property=\"og:site_name\" content=\"Daniel Matos\" \/>\n<meta property=\"article:published_time\" content=\"2018-05-15T22:00:38+00:00\" \/>\n<meta property=\"og:image\" content=\"https:\/\/www.blogsoestado.com\/danielmatos\/files\/2018\/05\/calberto.jpg\" \/>\n<meta name=\"twitter:card\" content=\"summary_large_image\" \/>\n<meta name=\"twitter:label1\" content=\"Est. tempo de leitura\" \/>\n\t<meta name=\"twitter:data1\" content=\"4 minutos\" \/>\n<script type=\"application\/ld+json\" class=\"yoast-schema-graph\">{\"@context\":\"https:\/\/schema.org\",\"@graph\":[{\"@type\":\"WebPage\",\"@id\":\"https:\/\/www.blogsoestado.com\/danielmatos\/volta-dos-que-nao-foram-marqueteiro-carlos-alberto-ressurge-das-cinzas-para-comandar-midia-oposicionista-contra-fabio-gentil\/\",\"url\":\"https:\/\/www.blogsoestado.com\/danielmatos\/volta-dos-que-nao-foram-marqueteiro-carlos-alberto-ressurge-das-cinzas-para-comandar-midia-oposicionista-contra-fabio-gentil\/\",\"name\":\"A VOLTA DOS QUE N\u00c3O FORAM!!! Marqueteiro Carlos Alberto ressurge das cinzas para comandar m\u00eddia oposicionista contra F\u00e1bio Gentil - Daniel Matos\",\"isPartOf\":{\"@id\":\"https:\/\/www.blogsoestado.com\/danielmatos\/#website\"},\"primaryImageOfPage\":{\"@id\":\"https:\/\/www.blogsoestado.com\/danielmatos\/volta-dos-que-nao-foram-marqueteiro-carlos-alberto-ressurge-das-cinzas-para-comandar-midia-oposicionista-contra-fabio-gentil\/#primaryimage\"},\"image\":{\"@id\":\"https:\/\/www.blogsoestado.com\/danielmatos\/volta-dos-que-nao-foram-marqueteiro-carlos-alberto-ressurge-das-cinzas-para-comandar-midia-oposicionista-contra-fabio-gentil\/#primaryimage\"},\"thumbnailUrl\":\"https:\/\/www.blogsoestado.com\/danielmatos\/files\/2018\/05\/calberto.jpg\",\"datePublished\":\"2018-05-15T22:00:38+00:00\",\"author\":{\"@id\":\"\"},\"breadcrumb\":{\"@id\":\"https:\/\/www.blogsoestado.com\/danielmatos\/volta-dos-que-nao-foram-marqueteiro-carlos-alberto-ressurge-das-cinzas-para-comandar-midia-oposicionista-contra-fabio-gentil\/#breadcrumb\"},\"inLanguage\":\"pt-BR\",\"potentialAction\":[{\"@type\":\"ReadAction\",\"target\":[\"https:\/\/www.blogsoestado.com\/danielmatos\/volta-dos-que-nao-foram-marqueteiro-carlos-alberto-ressurge-das-cinzas-para-comandar-midia-oposicionista-contra-fabio-gentil\/\"]}]},{\"@type\":\"ImageObject\",\"inLanguage\":\"pt-BR\",\"@id\":\"https:\/\/www.blogsoestado.com\/danielmatos\/volta-dos-que-nao-foram-marqueteiro-carlos-alberto-ressurge-das-cinzas-para-comandar-midia-oposicionista-contra-fabio-gentil\/#primaryimage\",\"url\":\"https:\/\/www.blogsoestado.com\/danielmatos\/files\/2018\/05\/calberto.jpg\",\"contentUrl\":\"https:\/\/www.blogsoestado.com\/danielmatos\/files\/2018\/05\/calberto.jpg\"},{\"@type\":\"BreadcrumbList\",\"@id\":\"https:\/\/www.blogsoestado.com\/danielmatos\/volta-dos-que-nao-foram-marqueteiro-carlos-alberto-ressurge-das-cinzas-para-comandar-midia-oposicionista-contra-fabio-gentil\/#breadcrumb\",\"itemListElement\":[{\"@type\":\"ListItem\",\"position\":1,\"name\":\"In\u00edcio\",\"item\":\"https:\/\/www.blogsoestado.com\/danielmatos\/\"},{\"@type\":\"ListItem\",\"position\":2,\"name\":\"A VOLTA DOS QUE N\u00c3O FORAM!!! Marqueteiro Carlos Alberto ressurge das cinzas para comandar m\u00eddia oposicionista contra F\u00e1bio Gentil\"}]},{\"@type\":\"WebSite\",\"@id\":\"https:\/\/www.blogsoestado.com\/danielmatos\/#website\",\"url\":\"https:\/\/www.blogsoestado.com\/danielmatos\/\",\"name\":\"Daniel Matos\",\"description\":\"\",\"potentialAction\":[{\"@type\":\"SearchAction\",\"target\":{\"@type\":\"EntryPoint\",\"urlTemplate\":\"https:\/\/www.blogsoestado.com\/danielmatos\/?s={search_term_string}\"},\"query-input\":{\"@type\":\"PropertyValueSpecification\",\"valueRequired\":true,\"valueName\":\"search_term_string\"}}],\"inLanguage\":\"pt-BR\"}]}<\/script>\n<!-- \/ Yoast SEO plugin. -->","yoast_head_json":{"title":"A VOLTA DOS QUE N\u00c3O FORAM!!! Marqueteiro Carlos Alberto ressurge das cinzas para comandar m\u00eddia oposicionista contra F\u00e1bio Gentil - Daniel Matos","robots":{"index":"index","follow":"follow","max-snippet":"max-snippet:-1","max-image-preview":"max-image-preview:large","max-video-preview":"max-video-preview:-1"},"canonical":"https:\/\/www.blogsoestado.com\/danielmatos\/volta-dos-que-nao-foram-marqueteiro-carlos-alberto-ressurge-das-cinzas-para-comandar-midia-oposicionista-contra-fabio-gentil\/","og_locale":"pt_BR","og_type":"article","og_title":"A VOLTA DOS QUE N\u00c3O FORAM!!! Marqueteiro Carlos Alberto ressurge das cinzas para comandar m\u00eddia oposicionista contra F\u00e1bio Gentil - Daniel Matos","og_description":"Do Blog do Sab\u00e1 Depois de colecionar muitos dissabores em Caxias desde o fim da segunda gest\u00e3o de Humberto Coutinho [&hellip;]","og_url":"https:\/\/www.blogsoestado.com\/danielmatos\/volta-dos-que-nao-foram-marqueteiro-carlos-alberto-ressurge-das-cinzas-para-comandar-midia-oposicionista-contra-fabio-gentil\/","og_site_name":"Daniel Matos","article_published_time":"2018-05-15T22:00:38+00:00","og_image":[{"url":"https:\/\/www.blogsoestado.com\/danielmatos\/files\/2018\/05\/calberto.jpg","type":"","width":"","height":""}],"twitter_card":"summary_large_image","twitter_misc":{"Est. tempo de leitura":"4 minutos"},"schema":{"@context":"https:\/\/schema.org","@graph":[{"@type":"WebPage","@id":"https:\/\/www.blogsoestado.com\/danielmatos\/volta-dos-que-nao-foram-marqueteiro-carlos-alberto-ressurge-das-cinzas-para-comandar-midia-oposicionista-contra-fabio-gentil\/","url":"https:\/\/www.blogsoestado.com\/danielmatos\/volta-dos-que-nao-foram-marqueteiro-carlos-alberto-ressurge-das-cinzas-para-comandar-midia-oposicionista-contra-fabio-gentil\/","name":"A VOLTA DOS QUE N\u00c3O FORAM!!! Marqueteiro Carlos Alberto ressurge das cinzas para comandar m\u00eddia oposicionista contra F\u00e1bio Gentil - Daniel Matos","isPartOf":{"@id":"https:\/\/www.blogsoestado.com\/danielmatos\/#website"},"primaryImageOfPage":{"@id":"https:\/\/www.blogsoestado.com\/danielmatos\/volta-dos-que-nao-foram-marqueteiro-carlos-alberto-ressurge-das-cinzas-para-comandar-midia-oposicionista-contra-fabio-gentil\/#primaryimage"},"image":{"@id":"https:\/\/www.blogsoestado.com\/danielmatos\/volta-dos-que-nao-foram-marqueteiro-carlos-alberto-ressurge-das-cinzas-para-comandar-midia-oposicionista-contra-fabio-gentil\/#primaryimage"},"thumbnailUrl":"https:\/\/www.blogsoestado.com\/danielmatos\/files\/2018\/05\/calberto.jpg","datePublished":"2018-05-15T22:00:38+00:00","author":{"@id":""},"breadcrumb":{"@id":"https:\/\/www.blogsoestado.com\/danielmatos\/volta-dos-que-nao-foram-marqueteiro-carlos-alberto-ressurge-das-cinzas-para-comandar-midia-oposicionista-contra-fabio-gentil\/#breadcrumb"},"inLanguage":"pt-BR","potentialAction":[{"@type":"ReadAction","target":["https:\/\/www.blogsoestado.com\/danielmatos\/volta-dos-que-nao-foram-marqueteiro-carlos-alberto-ressurge-das-cinzas-para-comandar-midia-oposicionista-contra-fabio-gentil\/"]}]},{"@type":"ImageObject","inLanguage":"pt-BR","@id":"https:\/\/www.blogsoestado.com\/danielmatos\/volta-dos-que-nao-foram-marqueteiro-carlos-alberto-ressurge-das-cinzas-para-comandar-midia-oposicionista-contra-fabio-gentil\/#primaryimage","url":"https:\/\/www.blogsoestado.com\/danielmatos\/files\/2018\/05\/calberto.jpg","contentUrl":"https:\/\/www.blogsoestado.com\/danielmatos\/files\/2018\/05\/calberto.jpg"},{"@type":"BreadcrumbList","@id":"https:\/\/www.blogsoestado.com\/danielmatos\/volta-dos-que-nao-foram-marqueteiro-carlos-alberto-ressurge-das-cinzas-para-comandar-midia-oposicionista-contra-fabio-gentil\/#breadcrumb","itemListElement":[{"@type":"ListItem","position":1,"name":"In\u00edcio","item":"https:\/\/www.blogsoestado.com\/danielmatos\/"},{"@type":"ListItem","position":2,"name":"A VOLTA DOS QUE N\u00c3O FORAM!!! Marqueteiro Carlos Alberto ressurge das cinzas para comandar m\u00eddia oposicionista contra F\u00e1bio Gentil"}]},{"@type":"WebSite","@id":"https:\/\/www.blogsoestado.com\/danielmatos\/#website","url":"https:\/\/www.blogsoestado.com\/danielmatos\/","name":"Daniel Matos","description":"","potentialAction":[{"@type":"SearchAction","target":{"@type":"EntryPoint","urlTemplate":"https:\/\/www.blogsoestado.com\/danielmatos\/?s={search_term_string}"},"query-input":{"@type":"PropertyValueSpecification","valueRequired":true,"valueName":"search_term_string"}}],"inLanguage":"pt-BR"}]}},"jetpack_featured_media_url":"","_links":{"self":[{"href":"https:\/\/www.blogsoestado.com\/danielmatos\/wp-json\/wp\/v2\/posts\/51360","targetHints":{"allow":["GET"]}}],"collection":[{"href":"https:\/\/www.blogsoestado.com\/danielmatos\/wp-json\/wp\/v2\/posts"}],"about":[{"href":"https:\/\/www.blogsoestado.com\/danielmatos\/wp-json\/wp\/v2\/types\/post"}],"replies":[{"embeddable":true,"href":"https:\/\/www.blogsoestado.com\/danielmatos\/wp-json\/wp\/v2\/comments?post=51360"}],"version-history":[{"count":0,"href":"https:\/\/www.blogsoestado.com\/danielmatos\/wp-json\/wp\/v2\/posts\/51360\/revisions"}],"wp:attachment":[{"href":"https:\/\/www.blogsoestado.com\/danielmatos\/wp-json\/wp\/v2\/media?parent=51360"}],"wp:term":[{"taxonomy":"category","embeddable":true,"href":"https:\/\/www.blogsoestado.com\/danielmatos\/wp-json\/wp\/v2\/categories?post=51360"},{"taxonomy":"post_tag","embeddable":true,"href":"https:\/\/www.blogsoestado.com\/danielmatos\/wp-json\/wp\/v2\/tags?post=51360"}],"curies":[{"name":"wp","href":"https:\/\/api.w.org\/{rel}","templated":true}]}}