{"id":51364,"date":"2018-05-16T09:46:09","date_gmt":"2018-05-16T12:46:09","guid":{"rendered":"https:\/\/www.blogsoestado.com\/danielmatos\/?p=51364"},"modified":"2018-05-16T09:46:09","modified_gmt":"2018-05-16T12:46:09","slug":"prp-representa-contra-flavio-dino-no-tre-ma-por-propaganda-eleitoral-antecipada","status":"publish","type":"post","link":"https:\/\/www.blogsoestado.com\/danielmatos\/prp-representa-contra-flavio-dino-no-tre-ma-por-propaganda-eleitoral-antecipada\/","title":{"rendered":"PRP representa contra Fl\u00e1vio Dino no TRE-MA por propaganda eleitoral antecipada"},"content":{"rendered":"<figure id=\"attachment_51365\" aria-describedby=\"caption-attachment-51365\" style=\"width: 640px\" class=\"wp-caption aligncenter\"><img fetchpriority=\"high\" decoding=\"async\" class=\"wp-image-51365 size-full\" src=\"https:\/\/www.blogsoestado.com\/danielmatos\/files\/2018\/05\/dino-antecipado.png\" alt=\"\" width=\"640\" height=\"367\" \/><figcaption id=\"caption-attachment-51365\" class=\"wp-caption-text\">Fl\u00e1vio Dino \u00e9 acusado, em a\u00e7\u00e3o ajuizada pelo PRP, de fazer campanha eleitoral antecipada em evento do Solidariedade<\/figcaption><\/figure>\n<p>O Partido Republicano Progressista (PRP) protocolou nesta ter\u00e7a-feira (15) uma representa\u00e7\u00e3o com pedido de liminar contra o governador Fl\u00e1vio Dino (PCdoB) e contra o Partido Solidariedade (SDD), legenda que realizou um evento no dia 12\/05 onde o comunista pediu explicitamente por votos para ele e para terceiros, o que \u00e9 proibido pela legisla\u00e7\u00e3o eleitoral (lei n\u00ba. 9.504\/97).<\/p>\n<p>O flagrante ainda foi transmitido ao vivo pela internet e ficou publicado na conta pessoal do pr\u00e9-candidato. O mesmo v\u00eddeo tamb\u00e9m pode ser acessado pelo perfil oficial do Solidariedade no Facebook (@solidariedadema).<\/p>\n<p>\u201cO ato do Representado Fl\u00e1vio Dino \u00e9 pr\u00e1tica desonesta, pois priva os outros pr\u00e9-candidatos de participar de uma elei\u00e7\u00e3o limpa, sem m\u00e1cula. \u00c9, a bem da verdade, um convite \u00e0 ilicitude, pois, se n\u00e3o houver puni\u00e7\u00e3o, a igualdade e a paridade de armas somente ser\u00e3o alcan\u00e7adas quando os outros candidatos se utilizarem das mesmas pr\u00e1ticas, ou seja, quando cometerem os mesmos il\u00edcitos perpetrados pelo Representado\u201d, diz a pe\u00e7a.<\/p>\n<p>A Representa\u00e7\u00e3o alega que os pr\u00e9-candidatos repetem o ato por manter o v\u00eddeo publicado nas redes sociais, usando as plataformas como verdadeiros com\u00edcios, violando as normas eleitorais. E pede que a Justi\u00e7a Eleitoral determine a exclus\u00e3o das m\u00eddias de clara propaganda antecipada.<\/p>\n<p>\u201cDiante de todo o exposto e ponderado, requer que V. Ex\u00aa. Se digne de receber a presente Representa\u00e7\u00e3o e, initio litis e inaudita altera pars, conceda LIMINAR para determinar que os Representados cessem os atos de propaganda eleitoral antecipada e, para o fiel cumprimento da decis\u00e3o liminar, determine excluam das suas redes sociais o v\u00eddeo do ato pol\u00edtico-eleitoral il\u00edcito. Requer, a final, julgue procedente julgue procedente o pedido para condenar os Representados, cada um, a pagar multa no valor R$ 25.000,00 (vinte cinco mil reais)\u201d, pede a Representa\u00e7\u00e3o.<\/p>\n","protected":false},"excerpt":{"rendered":"<p>O Partido Republicano Progressista (PRP) protocolou nesta ter\u00e7a-feira (15) uma representa\u00e7\u00e3o com pedido de liminar contra o governador Fl\u00e1vio Dino [&hellip;]<\/p>\n","protected":false},"author":0,"featured_media":0,"comment_status":"open","ping_status":"open","sticky":false,"template":"","format":"standard","meta":{"site-sidebar-layout":"default","site-content-layout":"","ast-site-content-layout":"default","site-content-style":"default","site-sidebar-style":"default","ast-global-header-display":"","ast-banner-title-visibility":"","ast-main-header-display":"","ast-hfb-above-header-display":"","ast-hfb-below-header-display":"","ast-hfb-mobile-header-display":"","site-post-title":"","ast-breadcrumbs-content":"","ast-featured-img":"","footer-sml-layout":"","ast-disable-related-posts":"","theme-transparent-header-meta":"","adv-header-id-meta":"","stick-header-meta":"","header-above-stick-meta":"","header-main-stick-meta":"","header-below-stick-meta":"","astra-migrate-meta-layouts":"default","ast-page-background-enabled":"default","ast-page-background-meta":{"desktop":{"background-color":"var(--ast-global-color-5)","background-image":"","background-repeat":"repeat","background-position":"center center","background-size":"auto","background-attachment":"scroll","background-type":"","background-media":"","overlay-type":"","overlay-color":"","overlay-opacity":"","overlay-gradient":""},"tablet":{"background-color":"","background-image":"","background-repeat":"repeat","background-position":"center center","background-size":"auto","background-attachment":"scroll","background-type":"","background-media":"","overlay-type":"","overlay-color":"","overlay-opacity":"","overlay-gradient":""},"mobile":{"background-color":"","background-image":"","background-repeat":"repeat","background-position":"center center","background-size":"auto","background-attachment":"scroll","background-type":"","background-media":"","overlay-type":"","overlay-color":"","overlay-opacity":"","overlay-gradient":""}},"ast-content-background-meta":{"desktop":{"background-color":"var(--ast-global-color-4)","background-image":"","background-repeat":"repeat","background-position":"center center","background-size":"auto","background-attachment":"scroll","background-type":"","background-media":"","overlay-type":"","overlay-color":"","overlay-opacity":"","overlay-gradient":""},"tablet":{"background-color":"var(--ast-global-color-4)","background-image":"","background-repeat":"repeat","background-position":"center center","background-size":"auto","background-attachment":"scroll","background-type":"","background-media":"","overlay-type":"","overlay-color":"","overlay-opacity":"","overlay-gradient":""},"mobile":{"background-color":"var(--ast-global-color-4)","background-image":"","background-repeat":"repeat","background-position":"center center","background-size":"auto","background-attachment":"scroll","background-type":"","background-media":"","overlay-type":"","overlay-color":"","overlay-opacity":"","overlay-gradient":""}},"footnotes":""},"categories":[1],"tags":[],"class_list":["post-51364","post","type-post","status-publish","format-standard","hentry","category-sem-categoria"],"yoast_head":"<!-- This site is optimized with the Yoast SEO plugin v26.6 - https:\/\/yoast.com\/wordpress\/plugins\/seo\/ -->\n<title>PRP representa contra Fl\u00e1vio Dino no TRE-MA por propaganda eleitoral antecipada - Daniel Matos<\/title>\n<meta name=\"robots\" content=\"index, follow, max-snippet:-1, max-image-preview:large, max-video-preview:-1\" \/>\n<link rel=\"canonical\" href=\"https:\/\/www.blogsoestado.com\/danielmatos\/prp-representa-contra-flavio-dino-no-tre-ma-por-propaganda-eleitoral-antecipada\/\" \/>\n<meta property=\"og:locale\" content=\"pt_BR\" \/>\n<meta property=\"og:type\" content=\"article\" \/>\n<meta property=\"og:title\" content=\"PRP representa contra Fl\u00e1vio Dino no TRE-MA por propaganda eleitoral antecipada - Daniel Matos\" \/>\n<meta property=\"og:description\" content=\"O Partido Republicano Progressista (PRP) protocolou nesta ter\u00e7a-feira (15) uma representa\u00e7\u00e3o com pedido de liminar contra o governador Fl\u00e1vio Dino [&hellip;]\" \/>\n<meta property=\"og:url\" content=\"https:\/\/www.blogsoestado.com\/danielmatos\/prp-representa-contra-flavio-dino-no-tre-ma-por-propaganda-eleitoral-antecipada\/\" \/>\n<meta property=\"og:site_name\" content=\"Daniel Matos\" \/>\n<meta property=\"article:published_time\" content=\"2018-05-16T12:46:09+00:00\" \/>\n<meta property=\"og:image\" content=\"https:\/\/www.blogsoestado.com\/danielmatos\/files\/2018\/05\/dino-antecipado.png\" \/>\n<meta name=\"twitter:card\" content=\"summary_large_image\" \/>\n<meta name=\"twitter:label1\" content=\"Est. tempo de leitura\" \/>\n\t<meta name=\"twitter:data1\" content=\"2 minutos\" \/>\n<script type=\"application\/ld+json\" class=\"yoast-schema-graph\">{\"@context\":\"https:\/\/schema.org\",\"@graph\":[{\"@type\":\"WebPage\",\"@id\":\"https:\/\/www.blogsoestado.com\/danielmatos\/prp-representa-contra-flavio-dino-no-tre-ma-por-propaganda-eleitoral-antecipada\/\",\"url\":\"https:\/\/www.blogsoestado.com\/danielmatos\/prp-representa-contra-flavio-dino-no-tre-ma-por-propaganda-eleitoral-antecipada\/\",\"name\":\"PRP representa contra Fl\u00e1vio Dino no TRE-MA por propaganda eleitoral antecipada - Daniel Matos\",\"isPartOf\":{\"@id\":\"https:\/\/www.blogsoestado.com\/danielmatos\/#website\"},\"primaryImageOfPage\":{\"@id\":\"https:\/\/www.blogsoestado.com\/danielmatos\/prp-representa-contra-flavio-dino-no-tre-ma-por-propaganda-eleitoral-antecipada\/#primaryimage\"},\"image\":{\"@id\":\"https:\/\/www.blogsoestado.com\/danielmatos\/prp-representa-contra-flavio-dino-no-tre-ma-por-propaganda-eleitoral-antecipada\/#primaryimage\"},\"thumbnailUrl\":\"https:\/\/www.blogsoestado.com\/danielmatos\/files\/2018\/05\/dino-antecipado.png\",\"datePublished\":\"2018-05-16T12:46:09+00:00\",\"author\":{\"@id\":\"\"},\"breadcrumb\":{\"@id\":\"https:\/\/www.blogsoestado.com\/danielmatos\/prp-representa-contra-flavio-dino-no-tre-ma-por-propaganda-eleitoral-antecipada\/#breadcrumb\"},\"inLanguage\":\"pt-BR\",\"potentialAction\":[{\"@type\":\"ReadAction\",\"target\":[\"https:\/\/www.blogsoestado.com\/danielmatos\/prp-representa-contra-flavio-dino-no-tre-ma-por-propaganda-eleitoral-antecipada\/\"]}]},{\"@type\":\"ImageObject\",\"inLanguage\":\"pt-BR\",\"@id\":\"https:\/\/www.blogsoestado.com\/danielmatos\/prp-representa-contra-flavio-dino-no-tre-ma-por-propaganda-eleitoral-antecipada\/#primaryimage\",\"url\":\"https:\/\/www.blogsoestado.com\/danielmatos\/files\/2018\/05\/dino-antecipado.png\",\"contentUrl\":\"https:\/\/www.blogsoestado.com\/danielmatos\/files\/2018\/05\/dino-antecipado.png\"},{\"@type\":\"BreadcrumbList\",\"@id\":\"https:\/\/www.blogsoestado.com\/danielmatos\/prp-representa-contra-flavio-dino-no-tre-ma-por-propaganda-eleitoral-antecipada\/#breadcrumb\",\"itemListElement\":[{\"@type\":\"ListItem\",\"position\":1,\"name\":\"In\u00edcio\",\"item\":\"https:\/\/www.blogsoestado.com\/danielmatos\/\"},{\"@type\":\"ListItem\",\"position\":2,\"name\":\"PRP representa contra Fl\u00e1vio Dino no TRE-MA por propaganda eleitoral antecipada\"}]},{\"@type\":\"WebSite\",\"@id\":\"https:\/\/www.blogsoestado.com\/danielmatos\/#website\",\"url\":\"https:\/\/www.blogsoestado.com\/danielmatos\/\",\"name\":\"Daniel Matos\",\"description\":\"\",\"potentialAction\":[{\"@type\":\"SearchAction\",\"target\":{\"@type\":\"EntryPoint\",\"urlTemplate\":\"https:\/\/www.blogsoestado.com\/danielmatos\/?s={search_term_string}\"},\"query-input\":{\"@type\":\"PropertyValueSpecification\",\"valueRequired\":true,\"valueName\":\"search_term_string\"}}],\"inLanguage\":\"pt-BR\"}]}<\/script>\n<!-- \/ Yoast SEO plugin. -->","yoast_head_json":{"title":"PRP representa contra Fl\u00e1vio Dino no TRE-MA por propaganda eleitoral antecipada - Daniel Matos","robots":{"index":"index","follow":"follow","max-snippet":"max-snippet:-1","max-image-preview":"max-image-preview:large","max-video-preview":"max-video-preview:-1"},"canonical":"https:\/\/www.blogsoestado.com\/danielmatos\/prp-representa-contra-flavio-dino-no-tre-ma-por-propaganda-eleitoral-antecipada\/","og_locale":"pt_BR","og_type":"article","og_title":"PRP representa contra Fl\u00e1vio Dino no TRE-MA por propaganda eleitoral antecipada - Daniel Matos","og_description":"O Partido Republicano Progressista (PRP) protocolou nesta ter\u00e7a-feira (15) uma representa\u00e7\u00e3o com pedido de liminar contra o governador Fl\u00e1vio Dino [&hellip;]","og_url":"https:\/\/www.blogsoestado.com\/danielmatos\/prp-representa-contra-flavio-dino-no-tre-ma-por-propaganda-eleitoral-antecipada\/","og_site_name":"Daniel Matos","article_published_time":"2018-05-16T12:46:09+00:00","og_image":[{"url":"https:\/\/www.blogsoestado.com\/danielmatos\/files\/2018\/05\/dino-antecipado.png","type":"","width":"","height":""}],"twitter_card":"summary_large_image","twitter_misc":{"Est. tempo de leitura":"2 minutos"},"schema":{"@context":"https:\/\/schema.org","@graph":[{"@type":"WebPage","@id":"https:\/\/www.blogsoestado.com\/danielmatos\/prp-representa-contra-flavio-dino-no-tre-ma-por-propaganda-eleitoral-antecipada\/","url":"https:\/\/www.blogsoestado.com\/danielmatos\/prp-representa-contra-flavio-dino-no-tre-ma-por-propaganda-eleitoral-antecipada\/","name":"PRP representa contra Fl\u00e1vio Dino no TRE-MA por propaganda eleitoral antecipada - Daniel Matos","isPartOf":{"@id":"https:\/\/www.blogsoestado.com\/danielmatos\/#website"},"primaryImageOfPage":{"@id":"https:\/\/www.blogsoestado.com\/danielmatos\/prp-representa-contra-flavio-dino-no-tre-ma-por-propaganda-eleitoral-antecipada\/#primaryimage"},"image":{"@id":"https:\/\/www.blogsoestado.com\/danielmatos\/prp-representa-contra-flavio-dino-no-tre-ma-por-propaganda-eleitoral-antecipada\/#primaryimage"},"thumbnailUrl":"https:\/\/www.blogsoestado.com\/danielmatos\/files\/2018\/05\/dino-antecipado.png","datePublished":"2018-05-16T12:46:09+00:00","author":{"@id":""},"breadcrumb":{"@id":"https:\/\/www.blogsoestado.com\/danielmatos\/prp-representa-contra-flavio-dino-no-tre-ma-por-propaganda-eleitoral-antecipada\/#breadcrumb"},"inLanguage":"pt-BR","potentialAction":[{"@type":"ReadAction","target":["https:\/\/www.blogsoestado.com\/danielmatos\/prp-representa-contra-flavio-dino-no-tre-ma-por-propaganda-eleitoral-antecipada\/"]}]},{"@type":"ImageObject","inLanguage":"pt-BR","@id":"https:\/\/www.blogsoestado.com\/danielmatos\/prp-representa-contra-flavio-dino-no-tre-ma-por-propaganda-eleitoral-antecipada\/#primaryimage","url":"https:\/\/www.blogsoestado.com\/danielmatos\/files\/2018\/05\/dino-antecipado.png","contentUrl":"https:\/\/www.blogsoestado.com\/danielmatos\/files\/2018\/05\/dino-antecipado.png"},{"@type":"BreadcrumbList","@id":"https:\/\/www.blogsoestado.com\/danielmatos\/prp-representa-contra-flavio-dino-no-tre-ma-por-propaganda-eleitoral-antecipada\/#breadcrumb","itemListElement":[{"@type":"ListItem","position":1,"name":"In\u00edcio","item":"https:\/\/www.blogsoestado.com\/danielmatos\/"},{"@type":"ListItem","position":2,"name":"PRP representa contra Fl\u00e1vio Dino no TRE-MA por propaganda eleitoral antecipada"}]},{"@type":"WebSite","@id":"https:\/\/www.blogsoestado.com\/danielmatos\/#website","url":"https:\/\/www.blogsoestado.com\/danielmatos\/","name":"Daniel Matos","description":"","potentialAction":[{"@type":"SearchAction","target":{"@type":"EntryPoint","urlTemplate":"https:\/\/www.blogsoestado.com\/danielmatos\/?s={search_term_string}"},"query-input":{"@type":"PropertyValueSpecification","valueRequired":true,"valueName":"search_term_string"}}],"inLanguage":"pt-BR"}]}},"jetpack_featured_media_url":"","_links":{"self":[{"href":"https:\/\/www.blogsoestado.com\/danielmatos\/wp-json\/wp\/v2\/posts\/51364","targetHints":{"allow":["GET"]}}],"collection":[{"href":"https:\/\/www.blogsoestado.com\/danielmatos\/wp-json\/wp\/v2\/posts"}],"about":[{"href":"https:\/\/www.blogsoestado.com\/danielmatos\/wp-json\/wp\/v2\/types\/post"}],"replies":[{"embeddable":true,"href":"https:\/\/www.blogsoestado.com\/danielmatos\/wp-json\/wp\/v2\/comments?post=51364"}],"version-history":[{"count":0,"href":"https:\/\/www.blogsoestado.com\/danielmatos\/wp-json\/wp\/v2\/posts\/51364\/revisions"}],"wp:attachment":[{"href":"https:\/\/www.blogsoestado.com\/danielmatos\/wp-json\/wp\/v2\/media?parent=51364"}],"wp:term":[{"taxonomy":"category","embeddable":true,"href":"https:\/\/www.blogsoestado.com\/danielmatos\/wp-json\/wp\/v2\/categories?post=51364"},{"taxonomy":"post_tag","embeddable":true,"href":"https:\/\/www.blogsoestado.com\/danielmatos\/wp-json\/wp\/v2\/tags?post=51364"}],"curies":[{"name":"wp","href":"https:\/\/api.w.org\/{rel}","templated":true}]}}