{"id":51367,"date":"2018-05-16T11:18:32","date_gmt":"2018-05-16T14:18:32","guid":{"rendered":"https:\/\/www.blogsoestado.com\/danielmatos\/?p=51367"},"modified":"2018-05-16T11:18:32","modified_gmt":"2018-05-16T14:18:32","slug":"professores-de-escolas-dignas-de-flavio-dino-protestam-na-al-por-cumprimento-da-lei-do-piso","status":"publish","type":"post","link":"https:\/\/www.blogsoestado.com\/danielmatos\/professores-de-escolas-dignas-de-flavio-dino-protestam-na-al-por-cumprimento-da-lei-do-piso\/","title":{"rendered":"Professores de &#8220;escolas dignas&#8221; de Fl\u00e1vio Dino protestam na AL por cumprimento da Lei do Piso"},"content":{"rendered":"<figure id=\"attachment_51368\" aria-describedby=\"caption-attachment-51368\" style=\"width: 640px\" class=\"wp-caption aligncenter\"><img fetchpriority=\"high\" decoding=\"async\" class=\"wp-image-51368 size-full\" src=\"https:\/\/www.blogsoestado.com\/danielmatos\/files\/2018\/05\/teachers-al.jpg\" alt=\"\" width=\"640\" height=\"309\" \/><figcaption id=\"caption-attachment-51368\" class=\"wp-caption-text\">Mobilizados na sede do Legislativo, professores exibiram faixa com mensagem de protesto contra descumprimento da Lei do Piso<\/figcaption><\/figure>\n<p>Dezenas de professores protestou, na manh\u00e3 desta quarta-feira (16), nas galerias da Assembleia Legislativa, contra o descumprimento da Lei do Piso salarial da categoria pelo governador Fl\u00e1vio Dino (PCdoB). Eles tentam pressionar o parlamento a n\u00e3o aprovar a Medida Provis\u00f3ria 272, enviada pelo Governo do Estado \u00e0 Casa, que trata da remunera\u00e7\u00e3o da categoria. Os educadores que participaram da manifesta mant\u00eam postura independente, ou seja, n\u00e3o s\u00e3o vinculados ao\u00a0Sindicato dos Trabalhadores em Educa\u00e7\u00e3o B\u00e1sica das Redes P\u00fablicas Estadual e Municipais do Estado do Maranh\u00e3o (SINPROESEMMA), bra\u00e7o do comunismo no movimento sindical, portanto, atrelado e subserviente ao Pal\u00e1cio dos Le\u00f5es.<\/p>\n<p>Os professores exibiram uma faixa com a seguinte mensagem de protesto: &#8220;Educa\u00e7\u00e3o sem valoriza\u00e7\u00e3o \u00e9 fraude. Governador Fl\u00e1vio Dino, cumpra a Lei do Piso&#8221;. O ato chamou a aten\u00e7\u00e3o dos deputados estaduais presentes no plen\u00e1rio. Enquanto alguns parlamentares externaram apoio aos docentes mobilizados, a maioria simplesmente ignorou o manifesto, por integrar a base aliado ao governo de Fl\u00e1vio Dino.<\/p>\n<figure id=\"attachment_51369\" aria-describedby=\"caption-attachment-51369\" style=\"width: 640px\" class=\"wp-caption aligncenter\"><img decoding=\"async\" class=\"wp-image-51369 size-full\" src=\"https:\/\/www.blogsoestado.com\/danielmatos\/files\/2018\/05\/teachers-al2.jpg\" alt=\"\" width=\"640\" height=\"384\" \/><figcaption id=\"caption-attachment-51369\" class=\"wp-caption-text\">Dezenas de professores ocuparam a galeria do plen\u00e1rio da Assembleia Legislativa<\/figcaption><\/figure>\n<p>O ato ocorreu um dia depois da s\u00e9rie de cinco inaugura\u00e7\u00f5es de reformas de pr\u00e9dios escolares em S\u00e3o Lu\u00eds, programa batizado pelos comunistas de &#8220;Escola Digna&#8221; e apresentado por eles como revolu\u00e7\u00e3o do p\u00fablico estadual.<\/p>\n<p>A mobiliza\u00e7\u00e3o dos professores por melhores sal\u00e1rios exp\u00f4s mais uma contradi\u00e7\u00e3o do governo comunista, que investe na estrutura f\u00edsica da rede educacional, mas nega dignidade aos educadores, protagonistas, junto com os alunos, do processo ensino-aprendizagem.<\/p>\n","protected":false},"excerpt":{"rendered":"<p>Dezenas de professores protestou, na manh\u00e3 desta quarta-feira (16), nas galerias da Assembleia Legislativa, contra o descumprimento da Lei do [&hellip;]<\/p>\n","protected":false},"author":0,"featured_media":0,"comment_status":"open","ping_status":"open","sticky":false,"template":"","format":"standard","meta":{"site-sidebar-layout":"default","site-content-layout":"","ast-site-content-layout":"default","site-content-style":"default","site-sidebar-style":"default","ast-global-header-display":"","ast-banner-title-visibility":"","ast-main-header-display":"","ast-hfb-above-header-display":"","ast-hfb-below-header-display":"","ast-hfb-mobile-header-display":"","site-post-title":"","ast-breadcrumbs-content":"","ast-featured-img":"","footer-sml-layout":"","ast-disable-related-posts":"","theme-transparent-header-meta":"","adv-header-id-meta":"","stick-header-meta":"","header-above-stick-meta":"","header-main-stick-meta":"","header-below-stick-meta":"","astra-migrate-meta-layouts":"default","ast-page-background-enabled":"default","ast-page-background-meta":{"desktop":{"background-color":"var(--ast-global-color-5)","background-image":"","background-repeat":"repeat","background-position":"center center","background-size":"auto","background-attachment":"scroll","background-type":"","background-media":"","overlay-type":"","overlay-color":"","overlay-opacity":"","overlay-gradient":""},"tablet":{"background-color":"","background-image":"","background-repeat":"repeat","background-position":"center center","background-size":"auto","background-attachment":"scroll","background-type":"","background-media":"","overlay-type":"","overlay-color":"","overlay-opacity":"","overlay-gradient":""},"mobile":{"background-color":"","background-image":"","background-repeat":"repeat","background-position":"center center","background-size":"auto","background-attachment":"scroll","background-type":"","background-media":"","overlay-type":"","overlay-color":"","overlay-opacity":"","overlay-gradient":""}},"ast-content-background-meta":{"desktop":{"background-color":"var(--ast-global-color-4)","background-image":"","background-repeat":"repeat","background-position":"center center","background-size":"auto","background-attachment":"scroll","background-type":"","background-media":"","overlay-type":"","overlay-color":"","overlay-opacity":"","overlay-gradient":""},"tablet":{"background-color":"var(--ast-global-color-4)","background-image":"","background-repeat":"repeat","background-position":"center center","background-size":"auto","background-attachment":"scroll","background-type":"","background-media":"","overlay-type":"","overlay-color":"","overlay-opacity":"","overlay-gradient":""},"mobile":{"background-color":"var(--ast-global-color-4)","background-image":"","background-repeat":"repeat","background-position":"center center","background-size":"auto","background-attachment":"scroll","background-type":"","background-media":"","overlay-type":"","overlay-color":"","overlay-opacity":"","overlay-gradient":""}},"footnotes":""},"categories":[1],"tags":[],"class_list":["post-51367","post","type-post","status-publish","format-standard","hentry","category-sem-categoria"],"yoast_head":"<!-- This site is optimized with the Yoast SEO plugin v26.6 - https:\/\/yoast.com\/wordpress\/plugins\/seo\/ -->\n<title>Professores de &quot;escolas dignas&quot; de Fl\u00e1vio Dino protestam na AL por cumprimento da Lei do Piso - Daniel Matos<\/title>\n<meta name=\"robots\" content=\"index, follow, max-snippet:-1, max-image-preview:large, max-video-preview:-1\" \/>\n<link rel=\"canonical\" href=\"https:\/\/www.blogsoestado.com\/danielmatos\/professores-de-escolas-dignas-de-flavio-dino-protestam-na-al-por-cumprimento-da-lei-do-piso\/\" \/>\n<meta property=\"og:locale\" content=\"pt_BR\" \/>\n<meta property=\"og:type\" content=\"article\" \/>\n<meta property=\"og:title\" content=\"Professores de &quot;escolas dignas&quot; de Fl\u00e1vio Dino protestam na AL por cumprimento da Lei do Piso - Daniel Matos\" \/>\n<meta property=\"og:description\" content=\"Dezenas de professores protestou, na manh\u00e3 desta quarta-feira (16), nas galerias da Assembleia Legislativa, contra o descumprimento da Lei do [&hellip;]\" \/>\n<meta property=\"og:url\" content=\"https:\/\/www.blogsoestado.com\/danielmatos\/professores-de-escolas-dignas-de-flavio-dino-protestam-na-al-por-cumprimento-da-lei-do-piso\/\" \/>\n<meta property=\"og:site_name\" content=\"Daniel Matos\" \/>\n<meta property=\"article:published_time\" content=\"2018-05-16T14:18:32+00:00\" \/>\n<meta property=\"og:image\" content=\"https:\/\/www.blogsoestado.com\/danielmatos\/files\/2018\/05\/teachers-al.jpg\" \/>\n<meta name=\"twitter:card\" content=\"summary_large_image\" \/>\n<meta name=\"twitter:label1\" content=\"Est. tempo de leitura\" \/>\n\t<meta name=\"twitter:data1\" content=\"2 minutos\" \/>\n<script type=\"application\/ld+json\" class=\"yoast-schema-graph\">{\"@context\":\"https:\/\/schema.org\",\"@graph\":[{\"@type\":\"WebPage\",\"@id\":\"https:\/\/www.blogsoestado.com\/danielmatos\/professores-de-escolas-dignas-de-flavio-dino-protestam-na-al-por-cumprimento-da-lei-do-piso\/\",\"url\":\"https:\/\/www.blogsoestado.com\/danielmatos\/professores-de-escolas-dignas-de-flavio-dino-protestam-na-al-por-cumprimento-da-lei-do-piso\/\",\"name\":\"Professores de \\\"escolas dignas\\\" de Fl\u00e1vio Dino protestam na AL por cumprimento da Lei do Piso - Daniel Matos\",\"isPartOf\":{\"@id\":\"https:\/\/www.blogsoestado.com\/danielmatos\/#website\"},\"primaryImageOfPage\":{\"@id\":\"https:\/\/www.blogsoestado.com\/danielmatos\/professores-de-escolas-dignas-de-flavio-dino-protestam-na-al-por-cumprimento-da-lei-do-piso\/#primaryimage\"},\"image\":{\"@id\":\"https:\/\/www.blogsoestado.com\/danielmatos\/professores-de-escolas-dignas-de-flavio-dino-protestam-na-al-por-cumprimento-da-lei-do-piso\/#primaryimage\"},\"thumbnailUrl\":\"https:\/\/www.blogsoestado.com\/danielmatos\/files\/2018\/05\/teachers-al.jpg\",\"datePublished\":\"2018-05-16T14:18:32+00:00\",\"author\":{\"@id\":\"\"},\"breadcrumb\":{\"@id\":\"https:\/\/www.blogsoestado.com\/danielmatos\/professores-de-escolas-dignas-de-flavio-dino-protestam-na-al-por-cumprimento-da-lei-do-piso\/#breadcrumb\"},\"inLanguage\":\"pt-BR\",\"potentialAction\":[{\"@type\":\"ReadAction\",\"target\":[\"https:\/\/www.blogsoestado.com\/danielmatos\/professores-de-escolas-dignas-de-flavio-dino-protestam-na-al-por-cumprimento-da-lei-do-piso\/\"]}]},{\"@type\":\"ImageObject\",\"inLanguage\":\"pt-BR\",\"@id\":\"https:\/\/www.blogsoestado.com\/danielmatos\/professores-de-escolas-dignas-de-flavio-dino-protestam-na-al-por-cumprimento-da-lei-do-piso\/#primaryimage\",\"url\":\"https:\/\/www.blogsoestado.com\/danielmatos\/files\/2018\/05\/teachers-al.jpg\",\"contentUrl\":\"https:\/\/www.blogsoestado.com\/danielmatos\/files\/2018\/05\/teachers-al.jpg\"},{\"@type\":\"BreadcrumbList\",\"@id\":\"https:\/\/www.blogsoestado.com\/danielmatos\/professores-de-escolas-dignas-de-flavio-dino-protestam-na-al-por-cumprimento-da-lei-do-piso\/#breadcrumb\",\"itemListElement\":[{\"@type\":\"ListItem\",\"position\":1,\"name\":\"In\u00edcio\",\"item\":\"https:\/\/www.blogsoestado.com\/danielmatos\/\"},{\"@type\":\"ListItem\",\"position\":2,\"name\":\"Professores de &#8220;escolas dignas&#8221; de Fl\u00e1vio Dino protestam na AL por cumprimento da Lei do Piso\"}]},{\"@type\":\"WebSite\",\"@id\":\"https:\/\/www.blogsoestado.com\/danielmatos\/#website\",\"url\":\"https:\/\/www.blogsoestado.com\/danielmatos\/\",\"name\":\"Daniel Matos\",\"description\":\"\",\"potentialAction\":[{\"@type\":\"SearchAction\",\"target\":{\"@type\":\"EntryPoint\",\"urlTemplate\":\"https:\/\/www.blogsoestado.com\/danielmatos\/?s={search_term_string}\"},\"query-input\":{\"@type\":\"PropertyValueSpecification\",\"valueRequired\":true,\"valueName\":\"search_term_string\"}}],\"inLanguage\":\"pt-BR\"}]}<\/script>\n<!-- \/ Yoast SEO plugin. -->","yoast_head_json":{"title":"Professores de \"escolas dignas\" de Fl\u00e1vio Dino protestam na AL por cumprimento da Lei do Piso - Daniel Matos","robots":{"index":"index","follow":"follow","max-snippet":"max-snippet:-1","max-image-preview":"max-image-preview:large","max-video-preview":"max-video-preview:-1"},"canonical":"https:\/\/www.blogsoestado.com\/danielmatos\/professores-de-escolas-dignas-de-flavio-dino-protestam-na-al-por-cumprimento-da-lei-do-piso\/","og_locale":"pt_BR","og_type":"article","og_title":"Professores de \"escolas dignas\" de Fl\u00e1vio Dino protestam na AL por cumprimento da Lei do Piso - Daniel Matos","og_description":"Dezenas de professores protestou, na manh\u00e3 desta quarta-feira (16), nas galerias da Assembleia Legislativa, contra o descumprimento da Lei do [&hellip;]","og_url":"https:\/\/www.blogsoestado.com\/danielmatos\/professores-de-escolas-dignas-de-flavio-dino-protestam-na-al-por-cumprimento-da-lei-do-piso\/","og_site_name":"Daniel Matos","article_published_time":"2018-05-16T14:18:32+00:00","og_image":[{"url":"https:\/\/www.blogsoestado.com\/danielmatos\/files\/2018\/05\/teachers-al.jpg","type":"","width":"","height":""}],"twitter_card":"summary_large_image","twitter_misc":{"Est. tempo de leitura":"2 minutos"},"schema":{"@context":"https:\/\/schema.org","@graph":[{"@type":"WebPage","@id":"https:\/\/www.blogsoestado.com\/danielmatos\/professores-de-escolas-dignas-de-flavio-dino-protestam-na-al-por-cumprimento-da-lei-do-piso\/","url":"https:\/\/www.blogsoestado.com\/danielmatos\/professores-de-escolas-dignas-de-flavio-dino-protestam-na-al-por-cumprimento-da-lei-do-piso\/","name":"Professores de \"escolas dignas\" de Fl\u00e1vio Dino protestam na AL por cumprimento da Lei do Piso - Daniel Matos","isPartOf":{"@id":"https:\/\/www.blogsoestado.com\/danielmatos\/#website"},"primaryImageOfPage":{"@id":"https:\/\/www.blogsoestado.com\/danielmatos\/professores-de-escolas-dignas-de-flavio-dino-protestam-na-al-por-cumprimento-da-lei-do-piso\/#primaryimage"},"image":{"@id":"https:\/\/www.blogsoestado.com\/danielmatos\/professores-de-escolas-dignas-de-flavio-dino-protestam-na-al-por-cumprimento-da-lei-do-piso\/#primaryimage"},"thumbnailUrl":"https:\/\/www.blogsoestado.com\/danielmatos\/files\/2018\/05\/teachers-al.jpg","datePublished":"2018-05-16T14:18:32+00:00","author":{"@id":""},"breadcrumb":{"@id":"https:\/\/www.blogsoestado.com\/danielmatos\/professores-de-escolas-dignas-de-flavio-dino-protestam-na-al-por-cumprimento-da-lei-do-piso\/#breadcrumb"},"inLanguage":"pt-BR","potentialAction":[{"@type":"ReadAction","target":["https:\/\/www.blogsoestado.com\/danielmatos\/professores-de-escolas-dignas-de-flavio-dino-protestam-na-al-por-cumprimento-da-lei-do-piso\/"]}]},{"@type":"ImageObject","inLanguage":"pt-BR","@id":"https:\/\/www.blogsoestado.com\/danielmatos\/professores-de-escolas-dignas-de-flavio-dino-protestam-na-al-por-cumprimento-da-lei-do-piso\/#primaryimage","url":"https:\/\/www.blogsoestado.com\/danielmatos\/files\/2018\/05\/teachers-al.jpg","contentUrl":"https:\/\/www.blogsoestado.com\/danielmatos\/files\/2018\/05\/teachers-al.jpg"},{"@type":"BreadcrumbList","@id":"https:\/\/www.blogsoestado.com\/danielmatos\/professores-de-escolas-dignas-de-flavio-dino-protestam-na-al-por-cumprimento-da-lei-do-piso\/#breadcrumb","itemListElement":[{"@type":"ListItem","position":1,"name":"In\u00edcio","item":"https:\/\/www.blogsoestado.com\/danielmatos\/"},{"@type":"ListItem","position":2,"name":"Professores de &#8220;escolas dignas&#8221; de Fl\u00e1vio Dino protestam na AL por cumprimento da Lei do Piso"}]},{"@type":"WebSite","@id":"https:\/\/www.blogsoestado.com\/danielmatos\/#website","url":"https:\/\/www.blogsoestado.com\/danielmatos\/","name":"Daniel Matos","description":"","potentialAction":[{"@type":"SearchAction","target":{"@type":"EntryPoint","urlTemplate":"https:\/\/www.blogsoestado.com\/danielmatos\/?s={search_term_string}"},"query-input":{"@type":"PropertyValueSpecification","valueRequired":true,"valueName":"search_term_string"}}],"inLanguage":"pt-BR"}]}},"jetpack_featured_media_url":"","_links":{"self":[{"href":"https:\/\/www.blogsoestado.com\/danielmatos\/wp-json\/wp\/v2\/posts\/51367","targetHints":{"allow":["GET"]}}],"collection":[{"href":"https:\/\/www.blogsoestado.com\/danielmatos\/wp-json\/wp\/v2\/posts"}],"about":[{"href":"https:\/\/www.blogsoestado.com\/danielmatos\/wp-json\/wp\/v2\/types\/post"}],"replies":[{"embeddable":true,"href":"https:\/\/www.blogsoestado.com\/danielmatos\/wp-json\/wp\/v2\/comments?post=51367"}],"version-history":[{"count":0,"href":"https:\/\/www.blogsoestado.com\/danielmatos\/wp-json\/wp\/v2\/posts\/51367\/revisions"}],"wp:attachment":[{"href":"https:\/\/www.blogsoestado.com\/danielmatos\/wp-json\/wp\/v2\/media?parent=51367"}],"wp:term":[{"taxonomy":"category","embeddable":true,"href":"https:\/\/www.blogsoestado.com\/danielmatos\/wp-json\/wp\/v2\/categories?post=51367"},{"taxonomy":"post_tag","embeddable":true,"href":"https:\/\/www.blogsoestado.com\/danielmatos\/wp-json\/wp\/v2\/tags?post=51367"}],"curies":[{"name":"wp","href":"https:\/\/api.w.org\/{rel}","templated":true}]}}