{"id":51374,"date":"2018-05-16T18:06:59","date_gmt":"2018-05-16T21:06:59","guid":{"rendered":"https:\/\/www.blogsoestado.com\/danielmatos\/?p=51374"},"modified":"2018-05-16T18:06:59","modified_gmt":"2018-05-16T21:06:59","slug":"navio-parado-desde-sabado-no-porto-do-itaqui-acumula-prejuizo-u-15-milhao","status":"publish","type":"post","link":"https:\/\/www.blogsoestado.com\/danielmatos\/navio-parado-desde-sabado-no-porto-do-itaqui-acumula-prejuizo-u-15-milhao\/","title":{"rendered":"Navio cargueiro parado h\u00e1 5 dias no Porto do Itaqui acumula preju\u00edzo de U$ 1,5 milh\u00e3o"},"content":{"rendered":"<h2><span style=\"color: #ff0000;\">Empresa respons\u00e1vel pela embarca\u00e7\u00e3o come\u00e7a a dispensar portu\u00e1rios avulsos contratados para executar opera\u00e7\u00e3o de carga<\/span><\/h2>\n<figure id=\"attachment_51389\" aria-describedby=\"caption-attachment-51389\" style=\"width: 640px\" class=\"wp-caption aligncenter\"><img fetchpriority=\"high\" decoding=\"async\" class=\"wp-image-51389 size-full\" src=\"https:\/\/www.blogsoestado.com\/danielmatos\/files\/2018\/05\/porto-ca\u00e7ambas.jpg\" alt=\"\" width=\"640\" height=\"360\" \/><figcaption id=\"caption-attachment-51389\" class=\"wp-caption-text\">Ca\u00e7ambas carregadas com dezenas de milhares de toneladas de celulose enfileiradas no cais, junto ao navio Star Fuji<\/figcaption><\/figure>\n<p><span style=\"color: #ff0000;\"><span style=\"color: #000000;\">J\u00e1 chega a U$ 1,5 milh\u00e3o (hum milh\u00e3o e meio de d\u00f3lares) o preju\u00edzo acumulado em decorr\u00eancia da suspens\u00e3o do carregamento do navio Star Fuji, de bandeira norueguesa, por causa de uma paralisa\u00e7\u00e3o de operadores portu\u00e1rios avulsos contratados para executar o servi\u00e7o. O cargueiro est\u00e1 atracado desde o \u00faltimo s\u00e1bado (12), no Porto do Itaqui, para receber 35,5 mil toneladas de celulose provenientes da f\u00e1brica maranhense da Suzano Papel e Celulose. Em retalia\u00e7\u00e3o \u00e0 paralisa\u00e7\u00e3o deflagrada por orienta\u00e7\u00e3o do Sindicato dos Arrumadores de S\u00e3o Lu\u00eds, a empresa\u00a0G5 Solu\u00e7\u00f5es Log\u00edstica e Transporte LTDA. come\u00e7ou a dispensar dezenas de trabalhadores.<\/span><\/span><\/p>\n<p><span style=\"color: #ff0000;\"><span style=\"color: #000000;\">C\u00f3pias de informativos de corte encaminhados ao sindicato pelo \u00d3rg\u00e3o de Gest\u00e3o de M\u00e3o de Obra Portu\u00e1ria (OGMO) obtidas com exclusividade pelo blog revelam que j\u00e1 foram dispensados 41 operadores portu\u00e1rios avulsos que haviam sido recrutados para descarregar o navio noruegu\u00eas. A justificativa apresentada pela empresa\u00a0para o corte da folha de pagamento \u00e9 que os trabalhadores se recusaram a executar os servi\u00e7os para os quais foram escalados.<\/span><\/span><\/p>\n<p>O desligamento dos operadores portu\u00e1rios avulsos agrava o impasse, que, ao que tudo indica, ser\u00e1 resolvido na Justi\u00e7a. O presidente do Sindicato dos Arrumadores, Carlos Magno Maia Castro, o Lixa, informa que vem sendo pressionado pela G5, que obteve decis\u00f5es liminares para obrigar a entidade a encerrar a paralisa\u00e7\u00e3o. Em um \u00e1udio enviado ao blog, via Whatsapp, um portu\u00e1rio reuni\u00e3o conta que um dirigente da empresa amea\u00e7ou, durante uma reuni\u00e3o para tratar do assunto, &#8220;acabar com o Lixa&#8221;.<\/p>\n<p><span style=\"color: #ff0000;\"><span style=\"color: #000000;\"><strong>Quebra de acordo<\/strong>\u00a0 \u00a0<\/span><\/span><\/p>\n<figure id=\"attachment_51394\" aria-describedby=\"caption-attachment-51394\" style=\"width: 640px\" class=\"wp-caption aligncenter\"><img decoding=\"async\" class=\"wp-image-51394 size-full\" src=\"https:\/\/www.blogsoestado.com\/danielmatos\/files\/2018\/05\/corte-porto.jpg\" alt=\"\" width=\"640\" height=\"443\" \/><figcaption id=\"caption-attachment-51394\" class=\"wp-caption-text\">Informativo de corte de trabalhador avulso encaminhado pelo \u00d3rg\u00e3o Gestor de M\u00e3o de Obra Portu\u00e1ria (OGMO) ao Sindicato dos Arrumadores<\/figcaption><\/figure>\n<p>O Sindicato dos Arrumadores de S\u00e3o Lu\u00eds acusa a G5 de quebrar um acordo que veda a vincula\u00e7\u00e3o dos trabalhadores \u00e0 empresa, para deix\u00e1-los livres para negociar sua m\u00e3o de obra. Por isso, orientou os seus associados que interrompessem o carregamento do navio ainda no \u00faltimo s\u00e1bado, quando haviam sido embarcados apenas tr\u00eas lingadas de celulose. Desde ent\u00e3o, o Star Fuji, que deveria ter desatracado dia 14, permanece parado no Ber\u00e7o 100 do Porto do Itaqui, sem previs\u00e3o para deixar o cais.<\/p>\n<p>Enquanto o imbr\u00f3glio n\u00e3o \u00e9 resolvido, uma frota de ca\u00e7ambas carregada com dezenas de milhares de toneladas de celulose permanece enfileirada na \u00e1rea portu\u00e1ria, relegada ao \u00f3cio, quando deveria estar gerando produtividade e lucro.<\/p>\n<p>O blog entrou em contato com a G5, por telefone e via e-mail, para tentar obter o posicionamento oficial da empresa sobre a quest\u00e3o, mas at\u00e9 o momento n\u00e3o obteve resposta.<\/p>\n","protected":false},"excerpt":{"rendered":"<p>Empresa respons\u00e1vel pela embarca\u00e7\u00e3o come\u00e7a a dispensar portu\u00e1rios avulsos contratados para executar opera\u00e7\u00e3o de carga J\u00e1 chega a U$ 1,5 [&hellip;]<\/p>\n","protected":false},"author":0,"featured_media":0,"comment_status":"open","ping_status":"open","sticky":false,"template":"","format":"standard","meta":{"site-sidebar-layout":"default","site-content-layout":"","ast-site-content-layout":"default","site-content-style":"default","site-sidebar-style":"default","ast-global-header-display":"","ast-banner-title-visibility":"","ast-main-header-display":"","ast-hfb-above-header-display":"","ast-hfb-below-header-display":"","ast-hfb-mobile-header-display":"","site-post-title":"","ast-breadcrumbs-content":"","ast-featured-img":"","footer-sml-layout":"","ast-disable-related-posts":"","theme-transparent-header-meta":"","adv-header-id-meta":"","stick-header-meta":"","header-above-stick-meta":"","header-main-stick-meta":"","header-below-stick-meta":"","astra-migrate-meta-layouts":"default","ast-page-background-enabled":"default","ast-page-background-meta":{"desktop":{"background-color":"var(--ast-global-color-5)","background-image":"","background-repeat":"repeat","background-position":"center center","background-size":"auto","background-attachment":"scroll","background-type":"","background-media":"","overlay-type":"","overlay-color":"","overlay-opacity":"","overlay-gradient":""},"tablet":{"background-color":"","background-image":"","background-repeat":"repeat","background-position":"center center","background-size":"auto","background-attachment":"scroll","background-type":"","background-media":"","overlay-type":"","overlay-color":"","overlay-opacity":"","overlay-gradient":""},"mobile":{"background-color":"","background-image":"","background-repeat":"repeat","background-position":"center center","background-size":"auto","background-attachment":"scroll","background-type":"","background-media":"","overlay-type":"","overlay-color":"","overlay-opacity":"","overlay-gradient":""}},"ast-content-background-meta":{"desktop":{"background-color":"var(--ast-global-color-4)","background-image":"","background-repeat":"repeat","background-position":"center center","background-size":"auto","background-attachment":"scroll","background-type":"","background-media":"","overlay-type":"","overlay-color":"","overlay-opacity":"","overlay-gradient":""},"tablet":{"background-color":"var(--ast-global-color-4)","background-image":"","background-repeat":"repeat","background-position":"center center","background-size":"auto","background-attachment":"scroll","background-type":"","background-media":"","overlay-type":"","overlay-color":"","overlay-opacity":"","overlay-gradient":""},"mobile":{"background-color":"var(--ast-global-color-4)","background-image":"","background-repeat":"repeat","background-position":"center center","background-size":"auto","background-attachment":"scroll","background-type":"","background-media":"","overlay-type":"","overlay-color":"","overlay-opacity":"","overlay-gradient":""}},"footnotes":""},"categories":[1],"tags":[],"class_list":["post-51374","post","type-post","status-publish","format-standard","hentry","category-sem-categoria"],"yoast_head":"<!-- This site is optimized with the Yoast SEO plugin v26.6 - https:\/\/yoast.com\/wordpress\/plugins\/seo\/ -->\n<title>Navio cargueiro parado h\u00e1 5 dias no Porto do Itaqui acumula preju\u00edzo de U$ 1,5 milh\u00e3o - Daniel Matos<\/title>\n<meta name=\"robots\" content=\"index, follow, max-snippet:-1, max-image-preview:large, max-video-preview:-1\" \/>\n<link rel=\"canonical\" href=\"https:\/\/www.blogsoestado.com\/danielmatos\/navio-parado-desde-sabado-no-porto-do-itaqui-acumula-prejuizo-u-15-milhao\/\" \/>\n<meta property=\"og:locale\" content=\"pt_BR\" \/>\n<meta property=\"og:type\" content=\"article\" \/>\n<meta property=\"og:title\" content=\"Navio cargueiro parado h\u00e1 5 dias no Porto do Itaqui acumula preju\u00edzo de U$ 1,5 milh\u00e3o - Daniel Matos\" \/>\n<meta property=\"og:description\" content=\"Empresa respons\u00e1vel pela embarca\u00e7\u00e3o come\u00e7a a dispensar portu\u00e1rios avulsos contratados para executar opera\u00e7\u00e3o de carga J\u00e1 chega a U$ 1,5 [&hellip;]\" \/>\n<meta property=\"og:url\" content=\"https:\/\/www.blogsoestado.com\/danielmatos\/navio-parado-desde-sabado-no-porto-do-itaqui-acumula-prejuizo-u-15-milhao\/\" \/>\n<meta property=\"og:site_name\" content=\"Daniel Matos\" \/>\n<meta property=\"article:published_time\" content=\"2018-05-16T21:06:59+00:00\" \/>\n<meta property=\"og:image\" content=\"https:\/\/www.blogsoestado.com\/danielmatos\/files\/2018\/05\/corte-porto.jpg\" \/>\n<meta name=\"twitter:card\" content=\"summary_large_image\" \/>\n<meta name=\"twitter:label1\" content=\"Est. tempo de leitura\" \/>\n\t<meta name=\"twitter:data1\" content=\"3 minutos\" \/>\n<script type=\"application\/ld+json\" class=\"yoast-schema-graph\">{\"@context\":\"https:\/\/schema.org\",\"@graph\":[{\"@type\":\"WebPage\",\"@id\":\"https:\/\/www.blogsoestado.com\/danielmatos\/navio-parado-desde-sabado-no-porto-do-itaqui-acumula-prejuizo-u-15-milhao\/\",\"url\":\"https:\/\/www.blogsoestado.com\/danielmatos\/navio-parado-desde-sabado-no-porto-do-itaqui-acumula-prejuizo-u-15-milhao\/\",\"name\":\"Navio cargueiro parado h\u00e1 5 dias no Porto do Itaqui acumula preju\u00edzo de U$ 1,5 milh\u00e3o - Daniel Matos\",\"isPartOf\":{\"@id\":\"https:\/\/www.blogsoestado.com\/danielmatos\/#website\"},\"primaryImageOfPage\":{\"@id\":\"https:\/\/www.blogsoestado.com\/danielmatos\/navio-parado-desde-sabado-no-porto-do-itaqui-acumula-prejuizo-u-15-milhao\/#primaryimage\"},\"image\":{\"@id\":\"https:\/\/www.blogsoestado.com\/danielmatos\/navio-parado-desde-sabado-no-porto-do-itaqui-acumula-prejuizo-u-15-milhao\/#primaryimage\"},\"thumbnailUrl\":\"https:\/\/www.blogsoestado.com\/danielmatos\/files\/2018\/05\/corte-porto.jpg\",\"datePublished\":\"2018-05-16T21:06:59+00:00\",\"author\":{\"@id\":\"\"},\"breadcrumb\":{\"@id\":\"https:\/\/www.blogsoestado.com\/danielmatos\/navio-parado-desde-sabado-no-porto-do-itaqui-acumula-prejuizo-u-15-milhao\/#breadcrumb\"},\"inLanguage\":\"pt-BR\",\"potentialAction\":[{\"@type\":\"ReadAction\",\"target\":[\"https:\/\/www.blogsoestado.com\/danielmatos\/navio-parado-desde-sabado-no-porto-do-itaqui-acumula-prejuizo-u-15-milhao\/\"]}]},{\"@type\":\"ImageObject\",\"inLanguage\":\"pt-BR\",\"@id\":\"https:\/\/www.blogsoestado.com\/danielmatos\/navio-parado-desde-sabado-no-porto-do-itaqui-acumula-prejuizo-u-15-milhao\/#primaryimage\",\"url\":\"https:\/\/www.blogsoestado.com\/danielmatos\/files\/2018\/05\/corte-porto.jpg\",\"contentUrl\":\"https:\/\/www.blogsoestado.com\/danielmatos\/files\/2018\/05\/corte-porto.jpg\"},{\"@type\":\"BreadcrumbList\",\"@id\":\"https:\/\/www.blogsoestado.com\/danielmatos\/navio-parado-desde-sabado-no-porto-do-itaqui-acumula-prejuizo-u-15-milhao\/#breadcrumb\",\"itemListElement\":[{\"@type\":\"ListItem\",\"position\":1,\"name\":\"In\u00edcio\",\"item\":\"https:\/\/www.blogsoestado.com\/danielmatos\/\"},{\"@type\":\"ListItem\",\"position\":2,\"name\":\"Navio cargueiro parado h\u00e1 5 dias no Porto do Itaqui acumula preju\u00edzo de U$ 1,5 milh\u00e3o\"}]},{\"@type\":\"WebSite\",\"@id\":\"https:\/\/www.blogsoestado.com\/danielmatos\/#website\",\"url\":\"https:\/\/www.blogsoestado.com\/danielmatos\/\",\"name\":\"Daniel Matos\",\"description\":\"\",\"potentialAction\":[{\"@type\":\"SearchAction\",\"target\":{\"@type\":\"EntryPoint\",\"urlTemplate\":\"https:\/\/www.blogsoestado.com\/danielmatos\/?s={search_term_string}\"},\"query-input\":{\"@type\":\"PropertyValueSpecification\",\"valueRequired\":true,\"valueName\":\"search_term_string\"}}],\"inLanguage\":\"pt-BR\"}]}<\/script>\n<!-- \/ Yoast SEO plugin. -->","yoast_head_json":{"title":"Navio cargueiro parado h\u00e1 5 dias no Porto do Itaqui acumula preju\u00edzo de U$ 1,5 milh\u00e3o - Daniel Matos","robots":{"index":"index","follow":"follow","max-snippet":"max-snippet:-1","max-image-preview":"max-image-preview:large","max-video-preview":"max-video-preview:-1"},"canonical":"https:\/\/www.blogsoestado.com\/danielmatos\/navio-parado-desde-sabado-no-porto-do-itaqui-acumula-prejuizo-u-15-milhao\/","og_locale":"pt_BR","og_type":"article","og_title":"Navio cargueiro parado h\u00e1 5 dias no Porto do Itaqui acumula preju\u00edzo de U$ 1,5 milh\u00e3o - Daniel Matos","og_description":"Empresa respons\u00e1vel pela embarca\u00e7\u00e3o come\u00e7a a dispensar portu\u00e1rios avulsos contratados para executar opera\u00e7\u00e3o de carga J\u00e1 chega a U$ 1,5 [&hellip;]","og_url":"https:\/\/www.blogsoestado.com\/danielmatos\/navio-parado-desde-sabado-no-porto-do-itaqui-acumula-prejuizo-u-15-milhao\/","og_site_name":"Daniel Matos","article_published_time":"2018-05-16T21:06:59+00:00","og_image":[{"url":"https:\/\/www.blogsoestado.com\/danielmatos\/files\/2018\/05\/corte-porto.jpg","type":"","width":"","height":""}],"twitter_card":"summary_large_image","twitter_misc":{"Est. tempo de leitura":"3 minutos"},"schema":{"@context":"https:\/\/schema.org","@graph":[{"@type":"WebPage","@id":"https:\/\/www.blogsoestado.com\/danielmatos\/navio-parado-desde-sabado-no-porto-do-itaqui-acumula-prejuizo-u-15-milhao\/","url":"https:\/\/www.blogsoestado.com\/danielmatos\/navio-parado-desde-sabado-no-porto-do-itaqui-acumula-prejuizo-u-15-milhao\/","name":"Navio cargueiro parado h\u00e1 5 dias no Porto do Itaqui acumula preju\u00edzo de U$ 1,5 milh\u00e3o - Daniel Matos","isPartOf":{"@id":"https:\/\/www.blogsoestado.com\/danielmatos\/#website"},"primaryImageOfPage":{"@id":"https:\/\/www.blogsoestado.com\/danielmatos\/navio-parado-desde-sabado-no-porto-do-itaqui-acumula-prejuizo-u-15-milhao\/#primaryimage"},"image":{"@id":"https:\/\/www.blogsoestado.com\/danielmatos\/navio-parado-desde-sabado-no-porto-do-itaqui-acumula-prejuizo-u-15-milhao\/#primaryimage"},"thumbnailUrl":"https:\/\/www.blogsoestado.com\/danielmatos\/files\/2018\/05\/corte-porto.jpg","datePublished":"2018-05-16T21:06:59+00:00","author":{"@id":""},"breadcrumb":{"@id":"https:\/\/www.blogsoestado.com\/danielmatos\/navio-parado-desde-sabado-no-porto-do-itaqui-acumula-prejuizo-u-15-milhao\/#breadcrumb"},"inLanguage":"pt-BR","potentialAction":[{"@type":"ReadAction","target":["https:\/\/www.blogsoestado.com\/danielmatos\/navio-parado-desde-sabado-no-porto-do-itaqui-acumula-prejuizo-u-15-milhao\/"]}]},{"@type":"ImageObject","inLanguage":"pt-BR","@id":"https:\/\/www.blogsoestado.com\/danielmatos\/navio-parado-desde-sabado-no-porto-do-itaqui-acumula-prejuizo-u-15-milhao\/#primaryimage","url":"https:\/\/www.blogsoestado.com\/danielmatos\/files\/2018\/05\/corte-porto.jpg","contentUrl":"https:\/\/www.blogsoestado.com\/danielmatos\/files\/2018\/05\/corte-porto.jpg"},{"@type":"BreadcrumbList","@id":"https:\/\/www.blogsoestado.com\/danielmatos\/navio-parado-desde-sabado-no-porto-do-itaqui-acumula-prejuizo-u-15-milhao\/#breadcrumb","itemListElement":[{"@type":"ListItem","position":1,"name":"In\u00edcio","item":"https:\/\/www.blogsoestado.com\/danielmatos\/"},{"@type":"ListItem","position":2,"name":"Navio cargueiro parado h\u00e1 5 dias no Porto do Itaqui acumula preju\u00edzo de U$ 1,5 milh\u00e3o"}]},{"@type":"WebSite","@id":"https:\/\/www.blogsoestado.com\/danielmatos\/#website","url":"https:\/\/www.blogsoestado.com\/danielmatos\/","name":"Daniel Matos","description":"","potentialAction":[{"@type":"SearchAction","target":{"@type":"EntryPoint","urlTemplate":"https:\/\/www.blogsoestado.com\/danielmatos\/?s={search_term_string}"},"query-input":{"@type":"PropertyValueSpecification","valueRequired":true,"valueName":"search_term_string"}}],"inLanguage":"pt-BR"}]}},"jetpack_featured_media_url":"","_links":{"self":[{"href":"https:\/\/www.blogsoestado.com\/danielmatos\/wp-json\/wp\/v2\/posts\/51374","targetHints":{"allow":["GET"]}}],"collection":[{"href":"https:\/\/www.blogsoestado.com\/danielmatos\/wp-json\/wp\/v2\/posts"}],"about":[{"href":"https:\/\/www.blogsoestado.com\/danielmatos\/wp-json\/wp\/v2\/types\/post"}],"replies":[{"embeddable":true,"href":"https:\/\/www.blogsoestado.com\/danielmatos\/wp-json\/wp\/v2\/comments?post=51374"}],"version-history":[{"count":0,"href":"https:\/\/www.blogsoestado.com\/danielmatos\/wp-json\/wp\/v2\/posts\/51374\/revisions"}],"wp:attachment":[{"href":"https:\/\/www.blogsoestado.com\/danielmatos\/wp-json\/wp\/v2\/media?parent=51374"}],"wp:term":[{"taxonomy":"category","embeddable":true,"href":"https:\/\/www.blogsoestado.com\/danielmatos\/wp-json\/wp\/v2\/categories?post=51374"},{"taxonomy":"post_tag","embeddable":true,"href":"https:\/\/www.blogsoestado.com\/danielmatos\/wp-json\/wp\/v2\/tags?post=51374"}],"curies":[{"name":"wp","href":"https:\/\/api.w.org\/{rel}","templated":true}]}}