{"id":51377,"date":"2018-05-16T15:33:43","date_gmt":"2018-05-16T18:33:43","guid":{"rendered":"https:\/\/www.blogsoestado.com\/danielmatos\/?p=51377"},"modified":"2018-05-16T15:33:43","modified_gmt":"2018-05-16T18:33:43","slug":"adriano-sarney-apoia-luta-de-professores-e-anuncia-acao-no-stf-contra-o-governo-comunista","status":"publish","type":"post","link":"https:\/\/www.blogsoestado.com\/danielmatos\/adriano-sarney-apoia-luta-de-professores-e-anuncia-acao-no-stf-contra-o-governo-comunista\/","title":{"rendered":"Adriano Sarney apoia luta de professores e anuncia a\u00e7\u00e3o no STF contra o governo comunista"},"content":{"rendered":"<figure id=\"attachment_51378\" aria-describedby=\"caption-attachment-51378\" style=\"width: 448px\" class=\"wp-caption alignright\"><img fetchpriority=\"high\" decoding=\"async\" class=\"wp-image-51378 size-full\" src=\"https:\/\/www.blogsoestado.com\/danielmatos\/files\/2018\/05\/adriano-teachers.jpg\" alt=\"\" width=\"448\" height=\"299\" \/><figcaption id=\"caption-attachment-51378\" class=\"wp-caption-text\">Adriano disse que a MP de Fl\u00e1vio Dino afronta a Constitui\u00e7\u00e3o e colocou o PV \u00e0 disposi\u00e7\u00e3o para ingressar com ADIN<\/figcaption><\/figure>\n<p>O deputado estadual Adriano Sarney (PV) anunciou que vai ingressar com A\u00e7\u00e3o Direta de Inconstitucionalidade (ADIN) no Supremo Tribunal Federal (STF), contra a Medida Provis\u00f3ria n\u00ba 272\/2018 que trata dos vencimentos dos professores da rede p\u00fablica estadual, aprovada no plen\u00e1rio da Assembleia Legislativa nesta quarta-feira (16), com vota\u00e7\u00e3o maci\u00e7a da base governista, mas com votos contr\u00e1rios de Adriano e dos demais parlamentares de oposi\u00e7\u00e3o. Professores lotaram a galeria em protesto contra a MP, afirmando que a medida do governo comunista prejudica a categoria.<\/p>\n<p>\u201cEsta medida \u00e9 uma afronta \u00e0 Constitui\u00e7\u00e3o e por isso ponho \u00e0 disposi\u00e7\u00e3o o Partido Verde para ingressar com uma ADIN junto ao STF. Al\u00e9m disso, n\u00f3s vamos \u00e0 Bras\u00edlia (DF) procurar a bancada maranhense e pedir que nos apoiem na luta contra esta medida provis\u00f3ria que n\u00e3o tem p\u00e9 nem cabe\u00e7a, assinada por um ex-juiz federal que deveria ter mais conhecimento das nossas leis, ou talvez n\u00e3o queira proceder de forma correta\u201d, assinalou Adriano.<\/p>\n<p>O parlamentar destacou a forte mobiliza\u00e7\u00e3o dos professores em manifesta\u00e7\u00e3o na galeria da Assembleia Legislativa, organizados em movimento apartid\u00e1rio em busca de seus direitos, ressaltando as vit\u00f3rias da categoria ao longo de d\u00e9cadas como fruto de muita luta, enaltecendo cada conquista trabalhista alcan\u00e7ada.<\/p>\n<div class=\"ast-oembed-container \" style=\"height: 100%;\"><iframe title=\"Discurso do deputado Adriano Sarney 16 05 2018\" width=\"500\" height=\"281\" src=\"https:\/\/www.youtube.com\/embed\/-GD6D-pz7Dk?feature=oembed\" frameborder=\"0\" allow=\"accelerometer; autoplay; clipboard-write; encrypted-media; gyroscope; picture-in-picture; web-share\" referrerpolicy=\"strict-origin-when-cross-origin\" allowfullscreen><\/iframe><\/div>\n","protected":false},"excerpt":{"rendered":"<p>O deputado estadual Adriano Sarney (PV) anunciou que vai ingressar com A\u00e7\u00e3o Direta de Inconstitucionalidade (ADIN) no Supremo Tribunal Federal [&hellip;]<\/p>\n","protected":false},"author":0,"featured_media":0,"comment_status":"open","ping_status":"open","sticky":false,"template":"","format":"standard","meta":{"site-sidebar-layout":"default","site-content-layout":"","ast-site-content-layout":"default","site-content-style":"default","site-sidebar-style":"default","ast-global-header-display":"","ast-banner-title-visibility":"","ast-main-header-display":"","ast-hfb-above-header-display":"","ast-hfb-below-header-display":"","ast-hfb-mobile-header-display":"","site-post-title":"","ast-breadcrumbs-content":"","ast-featured-img":"","footer-sml-layout":"","ast-disable-related-posts":"","theme-transparent-header-meta":"","adv-header-id-meta":"","stick-header-meta":"","header-above-stick-meta":"","header-main-stick-meta":"","header-below-stick-meta":"","astra-migrate-meta-layouts":"default","ast-page-background-enabled":"default","ast-page-background-meta":{"desktop":{"background-color":"var(--ast-global-color-5)","background-image":"","background-repeat":"repeat","background-position":"center center","background-size":"auto","background-attachment":"scroll","background-type":"","background-media":"","overlay-type":"","overlay-color":"","overlay-opacity":"","overlay-gradient":""},"tablet":{"background-color":"","background-image":"","background-repeat":"repeat","background-position":"center center","background-size":"auto","background-attachment":"scroll","background-type":"","background-media":"","overlay-type":"","overlay-color":"","overlay-opacity":"","overlay-gradient":""},"mobile":{"background-color":"","background-image":"","background-repeat":"repeat","background-position":"center center","background-size":"auto","background-attachment":"scroll","background-type":"","background-media":"","overlay-type":"","overlay-color":"","overlay-opacity":"","overlay-gradient":""}},"ast-content-background-meta":{"desktop":{"background-color":"var(--ast-global-color-4)","background-image":"","background-repeat":"repeat","background-position":"center center","background-size":"auto","background-attachment":"scroll","background-type":"","background-media":"","overlay-type":"","overlay-color":"","overlay-opacity":"","overlay-gradient":""},"tablet":{"background-color":"var(--ast-global-color-4)","background-image":"","background-repeat":"repeat","background-position":"center center","background-size":"auto","background-attachment":"scroll","background-type":"","background-media":"","overlay-type":"","overlay-color":"","overlay-opacity":"","overlay-gradient":""},"mobile":{"background-color":"var(--ast-global-color-4)","background-image":"","background-repeat":"repeat","background-position":"center center","background-size":"auto","background-attachment":"scroll","background-type":"","background-media":"","overlay-type":"","overlay-color":"","overlay-opacity":"","overlay-gradient":""}},"footnotes":""},"categories":[1],"tags":[],"class_list":["post-51377","post","type-post","status-publish","format-standard","hentry","category-sem-categoria"],"yoast_head":"<!-- This site is optimized with the Yoast SEO plugin v26.6 - https:\/\/yoast.com\/wordpress\/plugins\/seo\/ -->\n<title>Adriano Sarney apoia luta de professores e anuncia a\u00e7\u00e3o no STF contra o governo comunista - Daniel Matos<\/title>\n<meta name=\"robots\" content=\"index, follow, max-snippet:-1, max-image-preview:large, max-video-preview:-1\" \/>\n<link rel=\"canonical\" href=\"https:\/\/www.blogsoestado.com\/danielmatos\/adriano-sarney-apoia-luta-de-professores-e-anuncia-acao-no-stf-contra-o-governo-comunista\/\" \/>\n<meta property=\"og:locale\" content=\"pt_BR\" \/>\n<meta property=\"og:type\" content=\"article\" \/>\n<meta property=\"og:title\" content=\"Adriano Sarney apoia luta de professores e anuncia a\u00e7\u00e3o no STF contra o governo comunista - Daniel Matos\" \/>\n<meta property=\"og:description\" content=\"O deputado estadual Adriano Sarney (PV) anunciou que vai ingressar com A\u00e7\u00e3o Direta de Inconstitucionalidade (ADIN) no Supremo Tribunal Federal [&hellip;]\" \/>\n<meta property=\"og:url\" content=\"https:\/\/www.blogsoestado.com\/danielmatos\/adriano-sarney-apoia-luta-de-professores-e-anuncia-acao-no-stf-contra-o-governo-comunista\/\" \/>\n<meta property=\"og:site_name\" content=\"Daniel Matos\" \/>\n<meta property=\"article:published_time\" content=\"2018-05-16T18:33:43+00:00\" \/>\n<meta property=\"og:image\" content=\"https:\/\/www.blogsoestado.com\/danielmatos\/files\/2018\/05\/adriano-teachers.jpg\" \/>\n<meta name=\"twitter:card\" content=\"summary_large_image\" \/>\n<meta name=\"twitter:label1\" content=\"Est. tempo de leitura\" \/>\n\t<meta name=\"twitter:data1\" content=\"1 minuto\" \/>\n<script type=\"application\/ld+json\" class=\"yoast-schema-graph\">{\"@context\":\"https:\/\/schema.org\",\"@graph\":[{\"@type\":\"WebPage\",\"@id\":\"https:\/\/www.blogsoestado.com\/danielmatos\/adriano-sarney-apoia-luta-de-professores-e-anuncia-acao-no-stf-contra-o-governo-comunista\/\",\"url\":\"https:\/\/www.blogsoestado.com\/danielmatos\/adriano-sarney-apoia-luta-de-professores-e-anuncia-acao-no-stf-contra-o-governo-comunista\/\",\"name\":\"Adriano Sarney apoia luta de professores e anuncia a\u00e7\u00e3o no STF contra o governo comunista - Daniel Matos\",\"isPartOf\":{\"@id\":\"https:\/\/www.blogsoestado.com\/danielmatos\/#website\"},\"primaryImageOfPage\":{\"@id\":\"https:\/\/www.blogsoestado.com\/danielmatos\/adriano-sarney-apoia-luta-de-professores-e-anuncia-acao-no-stf-contra-o-governo-comunista\/#primaryimage\"},\"image\":{\"@id\":\"https:\/\/www.blogsoestado.com\/danielmatos\/adriano-sarney-apoia-luta-de-professores-e-anuncia-acao-no-stf-contra-o-governo-comunista\/#primaryimage\"},\"thumbnailUrl\":\"https:\/\/www.blogsoestado.com\/danielmatos\/files\/2018\/05\/adriano-teachers.jpg\",\"datePublished\":\"2018-05-16T18:33:43+00:00\",\"author\":{\"@id\":\"\"},\"breadcrumb\":{\"@id\":\"https:\/\/www.blogsoestado.com\/danielmatos\/adriano-sarney-apoia-luta-de-professores-e-anuncia-acao-no-stf-contra-o-governo-comunista\/#breadcrumb\"},\"inLanguage\":\"pt-BR\",\"potentialAction\":[{\"@type\":\"ReadAction\",\"target\":[\"https:\/\/www.blogsoestado.com\/danielmatos\/adriano-sarney-apoia-luta-de-professores-e-anuncia-acao-no-stf-contra-o-governo-comunista\/\"]}]},{\"@type\":\"ImageObject\",\"inLanguage\":\"pt-BR\",\"@id\":\"https:\/\/www.blogsoestado.com\/danielmatos\/adriano-sarney-apoia-luta-de-professores-e-anuncia-acao-no-stf-contra-o-governo-comunista\/#primaryimage\",\"url\":\"https:\/\/www.blogsoestado.com\/danielmatos\/files\/2018\/05\/adriano-teachers.jpg\",\"contentUrl\":\"https:\/\/www.blogsoestado.com\/danielmatos\/files\/2018\/05\/adriano-teachers.jpg\"},{\"@type\":\"BreadcrumbList\",\"@id\":\"https:\/\/www.blogsoestado.com\/danielmatos\/adriano-sarney-apoia-luta-de-professores-e-anuncia-acao-no-stf-contra-o-governo-comunista\/#breadcrumb\",\"itemListElement\":[{\"@type\":\"ListItem\",\"position\":1,\"name\":\"In\u00edcio\",\"item\":\"https:\/\/www.blogsoestado.com\/danielmatos\/\"},{\"@type\":\"ListItem\",\"position\":2,\"name\":\"Adriano Sarney apoia luta de professores e anuncia a\u00e7\u00e3o no STF contra o governo comunista\"}]},{\"@type\":\"WebSite\",\"@id\":\"https:\/\/www.blogsoestado.com\/danielmatos\/#website\",\"url\":\"https:\/\/www.blogsoestado.com\/danielmatos\/\",\"name\":\"Daniel Matos\",\"description\":\"\",\"potentialAction\":[{\"@type\":\"SearchAction\",\"target\":{\"@type\":\"EntryPoint\",\"urlTemplate\":\"https:\/\/www.blogsoestado.com\/danielmatos\/?s={search_term_string}\"},\"query-input\":{\"@type\":\"PropertyValueSpecification\",\"valueRequired\":true,\"valueName\":\"search_term_string\"}}],\"inLanguage\":\"pt-BR\"}]}<\/script>\n<!-- \/ Yoast SEO plugin. -->","yoast_head_json":{"title":"Adriano Sarney apoia luta de professores e anuncia a\u00e7\u00e3o no STF contra o governo comunista - Daniel Matos","robots":{"index":"index","follow":"follow","max-snippet":"max-snippet:-1","max-image-preview":"max-image-preview:large","max-video-preview":"max-video-preview:-1"},"canonical":"https:\/\/www.blogsoestado.com\/danielmatos\/adriano-sarney-apoia-luta-de-professores-e-anuncia-acao-no-stf-contra-o-governo-comunista\/","og_locale":"pt_BR","og_type":"article","og_title":"Adriano Sarney apoia luta de professores e anuncia a\u00e7\u00e3o no STF contra o governo comunista - Daniel Matos","og_description":"O deputado estadual Adriano Sarney (PV) anunciou que vai ingressar com A\u00e7\u00e3o Direta de Inconstitucionalidade (ADIN) no Supremo Tribunal Federal [&hellip;]","og_url":"https:\/\/www.blogsoestado.com\/danielmatos\/adriano-sarney-apoia-luta-de-professores-e-anuncia-acao-no-stf-contra-o-governo-comunista\/","og_site_name":"Daniel Matos","article_published_time":"2018-05-16T18:33:43+00:00","og_image":[{"url":"https:\/\/www.blogsoestado.com\/danielmatos\/files\/2018\/05\/adriano-teachers.jpg","type":"","width":"","height":""}],"twitter_card":"summary_large_image","twitter_misc":{"Est. tempo de leitura":"1 minuto"},"schema":{"@context":"https:\/\/schema.org","@graph":[{"@type":"WebPage","@id":"https:\/\/www.blogsoestado.com\/danielmatos\/adriano-sarney-apoia-luta-de-professores-e-anuncia-acao-no-stf-contra-o-governo-comunista\/","url":"https:\/\/www.blogsoestado.com\/danielmatos\/adriano-sarney-apoia-luta-de-professores-e-anuncia-acao-no-stf-contra-o-governo-comunista\/","name":"Adriano Sarney apoia luta de professores e anuncia a\u00e7\u00e3o no STF contra o governo comunista - Daniel Matos","isPartOf":{"@id":"https:\/\/www.blogsoestado.com\/danielmatos\/#website"},"primaryImageOfPage":{"@id":"https:\/\/www.blogsoestado.com\/danielmatos\/adriano-sarney-apoia-luta-de-professores-e-anuncia-acao-no-stf-contra-o-governo-comunista\/#primaryimage"},"image":{"@id":"https:\/\/www.blogsoestado.com\/danielmatos\/adriano-sarney-apoia-luta-de-professores-e-anuncia-acao-no-stf-contra-o-governo-comunista\/#primaryimage"},"thumbnailUrl":"https:\/\/www.blogsoestado.com\/danielmatos\/files\/2018\/05\/adriano-teachers.jpg","datePublished":"2018-05-16T18:33:43+00:00","author":{"@id":""},"breadcrumb":{"@id":"https:\/\/www.blogsoestado.com\/danielmatos\/adriano-sarney-apoia-luta-de-professores-e-anuncia-acao-no-stf-contra-o-governo-comunista\/#breadcrumb"},"inLanguage":"pt-BR","potentialAction":[{"@type":"ReadAction","target":["https:\/\/www.blogsoestado.com\/danielmatos\/adriano-sarney-apoia-luta-de-professores-e-anuncia-acao-no-stf-contra-o-governo-comunista\/"]}]},{"@type":"ImageObject","inLanguage":"pt-BR","@id":"https:\/\/www.blogsoestado.com\/danielmatos\/adriano-sarney-apoia-luta-de-professores-e-anuncia-acao-no-stf-contra-o-governo-comunista\/#primaryimage","url":"https:\/\/www.blogsoestado.com\/danielmatos\/files\/2018\/05\/adriano-teachers.jpg","contentUrl":"https:\/\/www.blogsoestado.com\/danielmatos\/files\/2018\/05\/adriano-teachers.jpg"},{"@type":"BreadcrumbList","@id":"https:\/\/www.blogsoestado.com\/danielmatos\/adriano-sarney-apoia-luta-de-professores-e-anuncia-acao-no-stf-contra-o-governo-comunista\/#breadcrumb","itemListElement":[{"@type":"ListItem","position":1,"name":"In\u00edcio","item":"https:\/\/www.blogsoestado.com\/danielmatos\/"},{"@type":"ListItem","position":2,"name":"Adriano Sarney apoia luta de professores e anuncia a\u00e7\u00e3o no STF contra o governo comunista"}]},{"@type":"WebSite","@id":"https:\/\/www.blogsoestado.com\/danielmatos\/#website","url":"https:\/\/www.blogsoestado.com\/danielmatos\/","name":"Daniel Matos","description":"","potentialAction":[{"@type":"SearchAction","target":{"@type":"EntryPoint","urlTemplate":"https:\/\/www.blogsoestado.com\/danielmatos\/?s={search_term_string}"},"query-input":{"@type":"PropertyValueSpecification","valueRequired":true,"valueName":"search_term_string"}}],"inLanguage":"pt-BR"}]}},"jetpack_featured_media_url":"","_links":{"self":[{"href":"https:\/\/www.blogsoestado.com\/danielmatos\/wp-json\/wp\/v2\/posts\/51377","targetHints":{"allow":["GET"]}}],"collection":[{"href":"https:\/\/www.blogsoestado.com\/danielmatos\/wp-json\/wp\/v2\/posts"}],"about":[{"href":"https:\/\/www.blogsoestado.com\/danielmatos\/wp-json\/wp\/v2\/types\/post"}],"replies":[{"embeddable":true,"href":"https:\/\/www.blogsoestado.com\/danielmatos\/wp-json\/wp\/v2\/comments?post=51377"}],"version-history":[{"count":0,"href":"https:\/\/www.blogsoestado.com\/danielmatos\/wp-json\/wp\/v2\/posts\/51377\/revisions"}],"wp:attachment":[{"href":"https:\/\/www.blogsoestado.com\/danielmatos\/wp-json\/wp\/v2\/media?parent=51377"}],"wp:term":[{"taxonomy":"category","embeddable":true,"href":"https:\/\/www.blogsoestado.com\/danielmatos\/wp-json\/wp\/v2\/categories?post=51377"},{"taxonomy":"post_tag","embeddable":true,"href":"https:\/\/www.blogsoestado.com\/danielmatos\/wp-json\/wp\/v2\/tags?post=51377"}],"curies":[{"name":"wp","href":"https:\/\/api.w.org\/{rel}","templated":true}]}}