{"id":51408,"date":"2018-05-17T09:36:38","date_gmt":"2018-05-17T12:36:38","guid":{"rendered":"https:\/\/www.blogsoestado.com\/danielmatos\/?p=51408"},"modified":"2018-05-17T09:36:38","modified_gmt":"2018-05-17T12:36:38","slug":"mpf-representa-contra-flavio-dino-por-propaganda-eleitoral-antecipada","status":"publish","type":"post","link":"https:\/\/www.blogsoestado.com\/danielmatos\/mpf-representa-contra-flavio-dino-por-propaganda-eleitoral-antecipada\/","title":{"rendered":"MPF representa contra Fl\u00e1vio Dino por propaganda eleitoral antecipada"},"content":{"rendered":"<figure id=\"attachment_51365\" aria-describedby=\"caption-attachment-51365\" style=\"width: 640px\" class=\"wp-caption aligncenter\"><img fetchpriority=\"high\" decoding=\"async\" class=\"size-full wp-image-51365\" src=\"https:\/\/www.blogsoestado.com\/danielmatos\/files\/2018\/05\/dino-antecipado.png\" alt=\"\" width=\"640\" height=\"367\" \/><figcaption id=\"caption-attachment-51365\" class=\"wp-caption-text\">Fl\u00e1vio Dino \u00e9 alvo de representa\u00e7\u00e3o no MPF por fazer campanha eleitoral antecipada em evento do Solidariedade<\/figcaption><\/figure>\n<p>O Minist\u00e9rio P\u00fablico Eleitoral no Maranh\u00e3o protocolou, nessa ter\u00e7a-feira (15), no Tribunal Regional Eleitoral do Estado (TRE\/MA), representa\u00e7\u00e3o contra Fl\u00e1vio Dino de Castro e Costa, atual governador do estado e pr\u00e9-candidato \u00e0 reelei\u00e7\u00e3o em 2018, por supostamente ter realizado propaganda eleitoral antes do prazo de 16 de agosto, estabelecido no artigo 2\u00ba da Resolu\u00e7\u00e3o TSE n\u00ba 23.551\/2017.<\/p>\n<p>Para o Minist\u00e9rio P\u00fablico Eleitoral, Fl\u00e1vio Dino teria realizado propaganda eleitoral antecipada ao pedir explicitamente votos para si e para outros pr\u00e9-candidatos \u00e0s elei\u00e7\u00f5es de 2018 durante um evento do Partido Solidariedade (SD), realizado no audit\u00f3rio do &#8220;Rio Poty Hotel&#8221;, no dia 12 de maio.<\/p>\n<p>Ao mencionar a presen\u00e7a da pr\u00e9-candidata Helena Maria Duailibe Ferreira, que foi muito aplaudida por seus apoiadores, Fl\u00e1vio Dino comentou: &#8220;Espero que todos voc\u00eas transformem isso em voto, viu? Claro que n\u00e3o s\u00f3 pra Helena\u2026 Voc\u00eas lembrem do crist\u00e3o que t\u00e1 aqui, tamb\u00e9m. Do Aldo e de todo mundo&#8221;. Para o MP Eleitoral, o trecho pode configurar propaganda eleitoral antecipada, com expl\u00edcito pedido de voto em benef\u00edcio pr\u00f3prio, bem como em favor dos pr\u00e9-candidatos Helena Maria Duailibe Ferreira e Jos\u00e9 Aldo Rebelo Figueiredo.<\/p>\n<p>Segundo o procurador Pedro Henrique Castelo Branco, \u00e9 poss\u00edvel notar ainda que o pedido de votos realizado durante o evento, aberto ao p\u00fablico, dirigiu-se \u00e0 popula\u00e7\u00e3o em geral, n\u00e3o se tendo limitado ao \u00e2mbito intrapartid\u00e1rio, de acordo com muitos v\u00eddeos que circulam na internet e com a pr\u00f3pria transmiss\u00e3o ao vivo na conta de Fl\u00e1vio Dino na rede social Instagram.<\/p>\n<p>A partir disso, o Minist\u00e9rio P\u00fablico Eleitoral, requer que seja aplicada multa prevista no artigo 4\u00ba da Resolu\u00e7\u00e3o TSE n\u00ba 23.551\/2017, entre R$ 5 mil e R$ 20 mil.<\/p>\n<p><strong>Fonte:<\/strong> Minist\u00e9rio P\u00fablico Federal<\/p>\n","protected":false},"excerpt":{"rendered":"<p>O Minist\u00e9rio P\u00fablico Eleitoral no Maranh\u00e3o protocolou, nessa ter\u00e7a-feira (15), no Tribunal Regional Eleitoral do Estado (TRE\/MA), representa\u00e7\u00e3o contra Fl\u00e1vio [&hellip;]<\/p>\n","protected":false},"author":0,"featured_media":0,"comment_status":"open","ping_status":"open","sticky":false,"template":"","format":"standard","meta":{"site-sidebar-layout":"default","site-content-layout":"","ast-site-content-layout":"default","site-content-style":"default","site-sidebar-style":"default","ast-global-header-display":"","ast-banner-title-visibility":"","ast-main-header-display":"","ast-hfb-above-header-display":"","ast-hfb-below-header-display":"","ast-hfb-mobile-header-display":"","site-post-title":"","ast-breadcrumbs-content":"","ast-featured-img":"","footer-sml-layout":"","ast-disable-related-posts":"","theme-transparent-header-meta":"","adv-header-id-meta":"","stick-header-meta":"","header-above-stick-meta":"","header-main-stick-meta":"","header-below-stick-meta":"","astra-migrate-meta-layouts":"default","ast-page-background-enabled":"default","ast-page-background-meta":{"desktop":{"background-color":"var(--ast-global-color-5)","background-image":"","background-repeat":"repeat","background-position":"center center","background-size":"auto","background-attachment":"scroll","background-type":"","background-media":"","overlay-type":"","overlay-color":"","overlay-opacity":"","overlay-gradient":""},"tablet":{"background-color":"","background-image":"","background-repeat":"repeat","background-position":"center center","background-size":"auto","background-attachment":"scroll","background-type":"","background-media":"","overlay-type":"","overlay-color":"","overlay-opacity":"","overlay-gradient":""},"mobile":{"background-color":"","background-image":"","background-repeat":"repeat","background-position":"center center","background-size":"auto","background-attachment":"scroll","background-type":"","background-media":"","overlay-type":"","overlay-color":"","overlay-opacity":"","overlay-gradient":""}},"ast-content-background-meta":{"desktop":{"background-color":"var(--ast-global-color-4)","background-image":"","background-repeat":"repeat","background-position":"center center","background-size":"auto","background-attachment":"scroll","background-type":"","background-media":"","overlay-type":"","overlay-color":"","overlay-opacity":"","overlay-gradient":""},"tablet":{"background-color":"var(--ast-global-color-4)","background-image":"","background-repeat":"repeat","background-position":"center center","background-size":"auto","background-attachment":"scroll","background-type":"","background-media":"","overlay-type":"","overlay-color":"","overlay-opacity":"","overlay-gradient":""},"mobile":{"background-color":"var(--ast-global-color-4)","background-image":"","background-repeat":"repeat","background-position":"center center","background-size":"auto","background-attachment":"scroll","background-type":"","background-media":"","overlay-type":"","overlay-color":"","overlay-opacity":"","overlay-gradient":""}},"footnotes":""},"categories":[1],"tags":[],"class_list":["post-51408","post","type-post","status-publish","format-standard","hentry","category-sem-categoria"],"yoast_head":"<!-- This site is optimized with the Yoast SEO plugin v26.6 - https:\/\/yoast.com\/wordpress\/plugins\/seo\/ -->\n<title>MPF representa contra Fl\u00e1vio Dino por propaganda eleitoral antecipada - Daniel Matos<\/title>\n<meta name=\"robots\" content=\"index, follow, max-snippet:-1, max-image-preview:large, max-video-preview:-1\" \/>\n<link rel=\"canonical\" href=\"https:\/\/www.blogsoestado.com\/danielmatos\/mpf-representa-contra-flavio-dino-por-propaganda-eleitoral-antecipada\/\" \/>\n<meta property=\"og:locale\" content=\"pt_BR\" \/>\n<meta property=\"og:type\" content=\"article\" \/>\n<meta property=\"og:title\" content=\"MPF representa contra Fl\u00e1vio Dino por propaganda eleitoral antecipada - Daniel Matos\" \/>\n<meta property=\"og:description\" content=\"O Minist\u00e9rio P\u00fablico Eleitoral no Maranh\u00e3o protocolou, nessa ter\u00e7a-feira (15), no Tribunal Regional Eleitoral do Estado (TRE\/MA), representa\u00e7\u00e3o contra Fl\u00e1vio [&hellip;]\" \/>\n<meta property=\"og:url\" content=\"https:\/\/www.blogsoestado.com\/danielmatos\/mpf-representa-contra-flavio-dino-por-propaganda-eleitoral-antecipada\/\" \/>\n<meta property=\"og:site_name\" content=\"Daniel Matos\" \/>\n<meta property=\"article:published_time\" content=\"2018-05-17T12:36:38+00:00\" \/>\n<meta property=\"og:image\" content=\"https:\/\/www.blogsoestado.com\/danielmatos\/files\/2018\/05\/dino-antecipado.png\" \/>\n<meta name=\"twitter:card\" content=\"summary_large_image\" \/>\n<meta name=\"twitter:label1\" content=\"Est. tempo de leitura\" \/>\n\t<meta name=\"twitter:data1\" content=\"2 minutos\" \/>\n<script type=\"application\/ld+json\" class=\"yoast-schema-graph\">{\"@context\":\"https:\/\/schema.org\",\"@graph\":[{\"@type\":\"WebPage\",\"@id\":\"https:\/\/www.blogsoestado.com\/danielmatos\/mpf-representa-contra-flavio-dino-por-propaganda-eleitoral-antecipada\/\",\"url\":\"https:\/\/www.blogsoestado.com\/danielmatos\/mpf-representa-contra-flavio-dino-por-propaganda-eleitoral-antecipada\/\",\"name\":\"MPF representa contra Fl\u00e1vio Dino por propaganda eleitoral antecipada - Daniel Matos\",\"isPartOf\":{\"@id\":\"https:\/\/www.blogsoestado.com\/danielmatos\/#website\"},\"primaryImageOfPage\":{\"@id\":\"https:\/\/www.blogsoestado.com\/danielmatos\/mpf-representa-contra-flavio-dino-por-propaganda-eleitoral-antecipada\/#primaryimage\"},\"image\":{\"@id\":\"https:\/\/www.blogsoestado.com\/danielmatos\/mpf-representa-contra-flavio-dino-por-propaganda-eleitoral-antecipada\/#primaryimage\"},\"thumbnailUrl\":\"https:\/\/www.blogsoestado.com\/danielmatos\/files\/2018\/05\/dino-antecipado.png\",\"datePublished\":\"2018-05-17T12:36:38+00:00\",\"author\":{\"@id\":\"\"},\"breadcrumb\":{\"@id\":\"https:\/\/www.blogsoestado.com\/danielmatos\/mpf-representa-contra-flavio-dino-por-propaganda-eleitoral-antecipada\/#breadcrumb\"},\"inLanguage\":\"pt-BR\",\"potentialAction\":[{\"@type\":\"ReadAction\",\"target\":[\"https:\/\/www.blogsoestado.com\/danielmatos\/mpf-representa-contra-flavio-dino-por-propaganda-eleitoral-antecipada\/\"]}]},{\"@type\":\"ImageObject\",\"inLanguage\":\"pt-BR\",\"@id\":\"https:\/\/www.blogsoestado.com\/danielmatos\/mpf-representa-contra-flavio-dino-por-propaganda-eleitoral-antecipada\/#primaryimage\",\"url\":\"https:\/\/www.blogsoestado.com\/danielmatos\/files\/2018\/05\/dino-antecipado.png\",\"contentUrl\":\"https:\/\/www.blogsoestado.com\/danielmatos\/files\/2018\/05\/dino-antecipado.png\"},{\"@type\":\"BreadcrumbList\",\"@id\":\"https:\/\/www.blogsoestado.com\/danielmatos\/mpf-representa-contra-flavio-dino-por-propaganda-eleitoral-antecipada\/#breadcrumb\",\"itemListElement\":[{\"@type\":\"ListItem\",\"position\":1,\"name\":\"In\u00edcio\",\"item\":\"https:\/\/www.blogsoestado.com\/danielmatos\/\"},{\"@type\":\"ListItem\",\"position\":2,\"name\":\"MPF representa contra Fl\u00e1vio Dino por propaganda eleitoral antecipada\"}]},{\"@type\":\"WebSite\",\"@id\":\"https:\/\/www.blogsoestado.com\/danielmatos\/#website\",\"url\":\"https:\/\/www.blogsoestado.com\/danielmatos\/\",\"name\":\"Daniel Matos\",\"description\":\"\",\"potentialAction\":[{\"@type\":\"SearchAction\",\"target\":{\"@type\":\"EntryPoint\",\"urlTemplate\":\"https:\/\/www.blogsoestado.com\/danielmatos\/?s={search_term_string}\"},\"query-input\":{\"@type\":\"PropertyValueSpecification\",\"valueRequired\":true,\"valueName\":\"search_term_string\"}}],\"inLanguage\":\"pt-BR\"}]}<\/script>\n<!-- \/ Yoast SEO plugin. -->","yoast_head_json":{"title":"MPF representa contra Fl\u00e1vio Dino por propaganda eleitoral antecipada - Daniel Matos","robots":{"index":"index","follow":"follow","max-snippet":"max-snippet:-1","max-image-preview":"max-image-preview:large","max-video-preview":"max-video-preview:-1"},"canonical":"https:\/\/www.blogsoestado.com\/danielmatos\/mpf-representa-contra-flavio-dino-por-propaganda-eleitoral-antecipada\/","og_locale":"pt_BR","og_type":"article","og_title":"MPF representa contra Fl\u00e1vio Dino por propaganda eleitoral antecipada - Daniel Matos","og_description":"O Minist\u00e9rio P\u00fablico Eleitoral no Maranh\u00e3o protocolou, nessa ter\u00e7a-feira (15), no Tribunal Regional Eleitoral do Estado (TRE\/MA), representa\u00e7\u00e3o contra Fl\u00e1vio [&hellip;]","og_url":"https:\/\/www.blogsoestado.com\/danielmatos\/mpf-representa-contra-flavio-dino-por-propaganda-eleitoral-antecipada\/","og_site_name":"Daniel Matos","article_published_time":"2018-05-17T12:36:38+00:00","og_image":[{"url":"https:\/\/www.blogsoestado.com\/danielmatos\/files\/2018\/05\/dino-antecipado.png","type":"","width":"","height":""}],"twitter_card":"summary_large_image","twitter_misc":{"Est. tempo de leitura":"2 minutos"},"schema":{"@context":"https:\/\/schema.org","@graph":[{"@type":"WebPage","@id":"https:\/\/www.blogsoestado.com\/danielmatos\/mpf-representa-contra-flavio-dino-por-propaganda-eleitoral-antecipada\/","url":"https:\/\/www.blogsoestado.com\/danielmatos\/mpf-representa-contra-flavio-dino-por-propaganda-eleitoral-antecipada\/","name":"MPF representa contra Fl\u00e1vio Dino por propaganda eleitoral antecipada - Daniel Matos","isPartOf":{"@id":"https:\/\/www.blogsoestado.com\/danielmatos\/#website"},"primaryImageOfPage":{"@id":"https:\/\/www.blogsoestado.com\/danielmatos\/mpf-representa-contra-flavio-dino-por-propaganda-eleitoral-antecipada\/#primaryimage"},"image":{"@id":"https:\/\/www.blogsoestado.com\/danielmatos\/mpf-representa-contra-flavio-dino-por-propaganda-eleitoral-antecipada\/#primaryimage"},"thumbnailUrl":"https:\/\/www.blogsoestado.com\/danielmatos\/files\/2018\/05\/dino-antecipado.png","datePublished":"2018-05-17T12:36:38+00:00","author":{"@id":""},"breadcrumb":{"@id":"https:\/\/www.blogsoestado.com\/danielmatos\/mpf-representa-contra-flavio-dino-por-propaganda-eleitoral-antecipada\/#breadcrumb"},"inLanguage":"pt-BR","potentialAction":[{"@type":"ReadAction","target":["https:\/\/www.blogsoestado.com\/danielmatos\/mpf-representa-contra-flavio-dino-por-propaganda-eleitoral-antecipada\/"]}]},{"@type":"ImageObject","inLanguage":"pt-BR","@id":"https:\/\/www.blogsoestado.com\/danielmatos\/mpf-representa-contra-flavio-dino-por-propaganda-eleitoral-antecipada\/#primaryimage","url":"https:\/\/www.blogsoestado.com\/danielmatos\/files\/2018\/05\/dino-antecipado.png","contentUrl":"https:\/\/www.blogsoestado.com\/danielmatos\/files\/2018\/05\/dino-antecipado.png"},{"@type":"BreadcrumbList","@id":"https:\/\/www.blogsoestado.com\/danielmatos\/mpf-representa-contra-flavio-dino-por-propaganda-eleitoral-antecipada\/#breadcrumb","itemListElement":[{"@type":"ListItem","position":1,"name":"In\u00edcio","item":"https:\/\/www.blogsoestado.com\/danielmatos\/"},{"@type":"ListItem","position":2,"name":"MPF representa contra Fl\u00e1vio Dino por propaganda eleitoral antecipada"}]},{"@type":"WebSite","@id":"https:\/\/www.blogsoestado.com\/danielmatos\/#website","url":"https:\/\/www.blogsoestado.com\/danielmatos\/","name":"Daniel Matos","description":"","potentialAction":[{"@type":"SearchAction","target":{"@type":"EntryPoint","urlTemplate":"https:\/\/www.blogsoestado.com\/danielmatos\/?s={search_term_string}"},"query-input":{"@type":"PropertyValueSpecification","valueRequired":true,"valueName":"search_term_string"}}],"inLanguage":"pt-BR"}]}},"jetpack_featured_media_url":"","_links":{"self":[{"href":"https:\/\/www.blogsoestado.com\/danielmatos\/wp-json\/wp\/v2\/posts\/51408","targetHints":{"allow":["GET"]}}],"collection":[{"href":"https:\/\/www.blogsoestado.com\/danielmatos\/wp-json\/wp\/v2\/posts"}],"about":[{"href":"https:\/\/www.blogsoestado.com\/danielmatos\/wp-json\/wp\/v2\/types\/post"}],"replies":[{"embeddable":true,"href":"https:\/\/www.blogsoestado.com\/danielmatos\/wp-json\/wp\/v2\/comments?post=51408"}],"version-history":[{"count":0,"href":"https:\/\/www.blogsoestado.com\/danielmatos\/wp-json\/wp\/v2\/posts\/51408\/revisions"}],"wp:attachment":[{"href":"https:\/\/www.blogsoestado.com\/danielmatos\/wp-json\/wp\/v2\/media?parent=51408"}],"wp:term":[{"taxonomy":"category","embeddable":true,"href":"https:\/\/www.blogsoestado.com\/danielmatos\/wp-json\/wp\/v2\/categories?post=51408"},{"taxonomy":"post_tag","embeddable":true,"href":"https:\/\/www.blogsoestado.com\/danielmatos\/wp-json\/wp\/v2\/tags?post=51408"}],"curies":[{"name":"wp","href":"https:\/\/api.w.org\/{rel}","templated":true}]}}