{"id":51410,"date":"2018-05-17T10:17:43","date_gmt":"2018-05-17T13:17:43","guid":{"rendered":"https:\/\/www.blogsoestado.com\/danielmatos\/?p=51410"},"modified":"2018-05-17T10:17:43","modified_gmt":"2018-05-17T13:17:43","slug":"universidade-ceuma-recebe-ministro-do-stf-luis-roberto-barroso","status":"publish","type":"post","link":"https:\/\/www.blogsoestado.com\/danielmatos\/universidade-ceuma-recebe-ministro-do-stf-luis-roberto-barroso\/","title":{"rendered":"Universidade Ceuma recebe ministro do STF Lu\u00eds Roberto Barroso"},"content":{"rendered":"<p><img fetchpriority=\"high\" decoding=\"async\" class=\"aligncenter wp-image-51411 size-full\" src=\"https:\/\/www.blogsoestado.com\/danielmatos\/files\/2018\/05\/barroso-ceuma28.jpg\" alt=\"\" width=\"411\" height=\"572\" \/><\/p>\n<p>Como parte da programa\u00e7\u00e3o de atividades dos 28 anos da Universidade Ceuma, ser\u00e1 realizada, no dia 18 de maio, no Espa\u00e7o Renascen\u00e7a, \u00e0s 9h30, a palestra com o tema: 30 anos da Constitui\u00e7\u00e3o Federal Brasileira, proferida pelo ministro do Supremo Tribunal Federal (STF) Lu\u00eds Roberto Barroso.<\/p>\n<p>O evento contar\u00e1 com a participa\u00e7\u00e3o dos alunos de Direito da UniCeuma e autoridades, que ter\u00e3o a oportunidade de acompanhar, de perto, a palestra do ministro e participar de um momento de intera\u00e7\u00e3o com o convidado.<\/p>\n<p>A confer\u00eancia ter\u00e1 transmiss\u00e3o, ao vivo, para todos os campi da Universidade Ceuma e no canal do Youtube e Facebook da Institui\u00e7\u00e3o. Durante o evento, n\u00e3o haver\u00e1 momento de entrevista com o Ministro, sendo liberada apenas a cobertura. Os blogueiros e jornalistas, que tiverem interesse em participar do evento poder\u00e3o realizar o credenciamento pelo email: <a href=\"comunicacao@ceuma.br\">comunicacao@ceuma.br<\/a><\/p>\n<p>Contamos com a compreens\u00e3o de todos.<\/p>\n","protected":false},"excerpt":{"rendered":"<p>Como parte da programa\u00e7\u00e3o de atividades dos 28 anos da Universidade Ceuma, ser\u00e1 realizada, no dia 18 de maio, no [&hellip;]<\/p>\n","protected":false},"author":0,"featured_media":0,"comment_status":"open","ping_status":"open","sticky":false,"template":"","format":"standard","meta":{"site-sidebar-layout":"default","site-content-layout":"","ast-site-content-layout":"default","site-content-style":"default","site-sidebar-style":"default","ast-global-header-display":"","ast-banner-title-visibility":"","ast-main-header-display":"","ast-hfb-above-header-display":"","ast-hfb-below-header-display":"","ast-hfb-mobile-header-display":"","site-post-title":"","ast-breadcrumbs-content":"","ast-featured-img":"","footer-sml-layout":"","ast-disable-related-posts":"","theme-transparent-header-meta":"","adv-header-id-meta":"","stick-header-meta":"","header-above-stick-meta":"","header-main-stick-meta":"","header-below-stick-meta":"","astra-migrate-meta-layouts":"default","ast-page-background-enabled":"default","ast-page-background-meta":{"desktop":{"background-color":"var(--ast-global-color-5)","background-image":"","background-repeat":"repeat","background-position":"center center","background-size":"auto","background-attachment":"scroll","background-type":"","background-media":"","overlay-type":"","overlay-color":"","overlay-opacity":"","overlay-gradient":""},"tablet":{"background-color":"","background-image":"","background-repeat":"repeat","background-position":"center center","background-size":"auto","background-attachment":"scroll","background-type":"","background-media":"","overlay-type":"","overlay-color":"","overlay-opacity":"","overlay-gradient":""},"mobile":{"background-color":"","background-image":"","background-repeat":"repeat","background-position":"center center","background-size":"auto","background-attachment":"scroll","background-type":"","background-media":"","overlay-type":"","overlay-color":"","overlay-opacity":"","overlay-gradient":""}},"ast-content-background-meta":{"desktop":{"background-color":"var(--ast-global-color-4)","background-image":"","background-repeat":"repeat","background-position":"center center","background-size":"auto","background-attachment":"scroll","background-type":"","background-media":"","overlay-type":"","overlay-color":"","overlay-opacity":"","overlay-gradient":""},"tablet":{"background-color":"var(--ast-global-color-4)","background-image":"","background-repeat":"repeat","background-position":"center center","background-size":"auto","background-attachment":"scroll","background-type":"","background-media":"","overlay-type":"","overlay-color":"","overlay-opacity":"","overlay-gradient":""},"mobile":{"background-color":"var(--ast-global-color-4)","background-image":"","background-repeat":"repeat","background-position":"center center","background-size":"auto","background-attachment":"scroll","background-type":"","background-media":"","overlay-type":"","overlay-color":"","overlay-opacity":"","overlay-gradient":""}},"footnotes":""},"categories":[1],"tags":[],"class_list":["post-51410","post","type-post","status-publish","format-standard","hentry","category-sem-categoria"],"yoast_head":"<!-- This site is optimized with the Yoast SEO plugin v26.6 - https:\/\/yoast.com\/wordpress\/plugins\/seo\/ -->\n<title>Universidade Ceuma recebe ministro do STF Lu\u00eds Roberto Barroso - Daniel Matos<\/title>\n<meta name=\"robots\" content=\"index, follow, max-snippet:-1, max-image-preview:large, max-video-preview:-1\" \/>\n<link rel=\"canonical\" href=\"https:\/\/www.blogsoestado.com\/danielmatos\/universidade-ceuma-recebe-ministro-do-stf-luis-roberto-barroso\/\" \/>\n<meta property=\"og:locale\" content=\"pt_BR\" \/>\n<meta property=\"og:type\" content=\"article\" \/>\n<meta property=\"og:title\" content=\"Universidade Ceuma recebe ministro do STF Lu\u00eds Roberto Barroso - Daniel Matos\" \/>\n<meta property=\"og:description\" content=\"Como parte da programa\u00e7\u00e3o de atividades dos 28 anos da Universidade Ceuma, ser\u00e1 realizada, no dia 18 de maio, no [&hellip;]\" \/>\n<meta property=\"og:url\" content=\"https:\/\/www.blogsoestado.com\/danielmatos\/universidade-ceuma-recebe-ministro-do-stf-luis-roberto-barroso\/\" \/>\n<meta property=\"og:site_name\" content=\"Daniel Matos\" \/>\n<meta property=\"article:published_time\" content=\"2018-05-17T13:17:43+00:00\" \/>\n<meta property=\"og:image\" content=\"https:\/\/www.blogsoestado.com\/danielmatos\/files\/2018\/05\/barroso-ceuma28.jpg\" \/>\n<meta name=\"twitter:card\" content=\"summary_large_image\" \/>\n<meta name=\"twitter:label1\" content=\"Est. tempo de leitura\" \/>\n\t<meta name=\"twitter:data1\" content=\"1 minuto\" \/>\n<script type=\"application\/ld+json\" class=\"yoast-schema-graph\">{\"@context\":\"https:\/\/schema.org\",\"@graph\":[{\"@type\":\"WebPage\",\"@id\":\"https:\/\/www.blogsoestado.com\/danielmatos\/universidade-ceuma-recebe-ministro-do-stf-luis-roberto-barroso\/\",\"url\":\"https:\/\/www.blogsoestado.com\/danielmatos\/universidade-ceuma-recebe-ministro-do-stf-luis-roberto-barroso\/\",\"name\":\"Universidade Ceuma recebe ministro do STF Lu\u00eds Roberto Barroso - Daniel Matos\",\"isPartOf\":{\"@id\":\"https:\/\/www.blogsoestado.com\/danielmatos\/#website\"},\"primaryImageOfPage\":{\"@id\":\"https:\/\/www.blogsoestado.com\/danielmatos\/universidade-ceuma-recebe-ministro-do-stf-luis-roberto-barroso\/#primaryimage\"},\"image\":{\"@id\":\"https:\/\/www.blogsoestado.com\/danielmatos\/universidade-ceuma-recebe-ministro-do-stf-luis-roberto-barroso\/#primaryimage\"},\"thumbnailUrl\":\"https:\/\/www.blogsoestado.com\/danielmatos\/files\/2018\/05\/barroso-ceuma28.jpg\",\"datePublished\":\"2018-05-17T13:17:43+00:00\",\"author\":{\"@id\":\"\"},\"breadcrumb\":{\"@id\":\"https:\/\/www.blogsoestado.com\/danielmatos\/universidade-ceuma-recebe-ministro-do-stf-luis-roberto-barroso\/#breadcrumb\"},\"inLanguage\":\"pt-BR\",\"potentialAction\":[{\"@type\":\"ReadAction\",\"target\":[\"https:\/\/www.blogsoestado.com\/danielmatos\/universidade-ceuma-recebe-ministro-do-stf-luis-roberto-barroso\/\"]}]},{\"@type\":\"ImageObject\",\"inLanguage\":\"pt-BR\",\"@id\":\"https:\/\/www.blogsoestado.com\/danielmatos\/universidade-ceuma-recebe-ministro-do-stf-luis-roberto-barroso\/#primaryimage\",\"url\":\"https:\/\/www.blogsoestado.com\/danielmatos\/files\/2018\/05\/barroso-ceuma28.jpg\",\"contentUrl\":\"https:\/\/www.blogsoestado.com\/danielmatos\/files\/2018\/05\/barroso-ceuma28.jpg\"},{\"@type\":\"BreadcrumbList\",\"@id\":\"https:\/\/www.blogsoestado.com\/danielmatos\/universidade-ceuma-recebe-ministro-do-stf-luis-roberto-barroso\/#breadcrumb\",\"itemListElement\":[{\"@type\":\"ListItem\",\"position\":1,\"name\":\"In\u00edcio\",\"item\":\"https:\/\/www.blogsoestado.com\/danielmatos\/\"},{\"@type\":\"ListItem\",\"position\":2,\"name\":\"Universidade Ceuma recebe ministro do STF Lu\u00eds Roberto Barroso\"}]},{\"@type\":\"WebSite\",\"@id\":\"https:\/\/www.blogsoestado.com\/danielmatos\/#website\",\"url\":\"https:\/\/www.blogsoestado.com\/danielmatos\/\",\"name\":\"Daniel Matos\",\"description\":\"\",\"potentialAction\":[{\"@type\":\"SearchAction\",\"target\":{\"@type\":\"EntryPoint\",\"urlTemplate\":\"https:\/\/www.blogsoestado.com\/danielmatos\/?s={search_term_string}\"},\"query-input\":{\"@type\":\"PropertyValueSpecification\",\"valueRequired\":true,\"valueName\":\"search_term_string\"}}],\"inLanguage\":\"pt-BR\"}]}<\/script>\n<!-- \/ Yoast SEO plugin. -->","yoast_head_json":{"title":"Universidade Ceuma recebe ministro do STF Lu\u00eds Roberto Barroso - Daniel Matos","robots":{"index":"index","follow":"follow","max-snippet":"max-snippet:-1","max-image-preview":"max-image-preview:large","max-video-preview":"max-video-preview:-1"},"canonical":"https:\/\/www.blogsoestado.com\/danielmatos\/universidade-ceuma-recebe-ministro-do-stf-luis-roberto-barroso\/","og_locale":"pt_BR","og_type":"article","og_title":"Universidade Ceuma recebe ministro do STF Lu\u00eds Roberto Barroso - Daniel Matos","og_description":"Como parte da programa\u00e7\u00e3o de atividades dos 28 anos da Universidade Ceuma, ser\u00e1 realizada, no dia 18 de maio, no [&hellip;]","og_url":"https:\/\/www.blogsoestado.com\/danielmatos\/universidade-ceuma-recebe-ministro-do-stf-luis-roberto-barroso\/","og_site_name":"Daniel Matos","article_published_time":"2018-05-17T13:17:43+00:00","og_image":[{"url":"https:\/\/www.blogsoestado.com\/danielmatos\/files\/2018\/05\/barroso-ceuma28.jpg","type":"","width":"","height":""}],"twitter_card":"summary_large_image","twitter_misc":{"Est. tempo de leitura":"1 minuto"},"schema":{"@context":"https:\/\/schema.org","@graph":[{"@type":"WebPage","@id":"https:\/\/www.blogsoestado.com\/danielmatos\/universidade-ceuma-recebe-ministro-do-stf-luis-roberto-barroso\/","url":"https:\/\/www.blogsoestado.com\/danielmatos\/universidade-ceuma-recebe-ministro-do-stf-luis-roberto-barroso\/","name":"Universidade Ceuma recebe ministro do STF Lu\u00eds Roberto Barroso - Daniel Matos","isPartOf":{"@id":"https:\/\/www.blogsoestado.com\/danielmatos\/#website"},"primaryImageOfPage":{"@id":"https:\/\/www.blogsoestado.com\/danielmatos\/universidade-ceuma-recebe-ministro-do-stf-luis-roberto-barroso\/#primaryimage"},"image":{"@id":"https:\/\/www.blogsoestado.com\/danielmatos\/universidade-ceuma-recebe-ministro-do-stf-luis-roberto-barroso\/#primaryimage"},"thumbnailUrl":"https:\/\/www.blogsoestado.com\/danielmatos\/files\/2018\/05\/barroso-ceuma28.jpg","datePublished":"2018-05-17T13:17:43+00:00","author":{"@id":""},"breadcrumb":{"@id":"https:\/\/www.blogsoestado.com\/danielmatos\/universidade-ceuma-recebe-ministro-do-stf-luis-roberto-barroso\/#breadcrumb"},"inLanguage":"pt-BR","potentialAction":[{"@type":"ReadAction","target":["https:\/\/www.blogsoestado.com\/danielmatos\/universidade-ceuma-recebe-ministro-do-stf-luis-roberto-barroso\/"]}]},{"@type":"ImageObject","inLanguage":"pt-BR","@id":"https:\/\/www.blogsoestado.com\/danielmatos\/universidade-ceuma-recebe-ministro-do-stf-luis-roberto-barroso\/#primaryimage","url":"https:\/\/www.blogsoestado.com\/danielmatos\/files\/2018\/05\/barroso-ceuma28.jpg","contentUrl":"https:\/\/www.blogsoestado.com\/danielmatos\/files\/2018\/05\/barroso-ceuma28.jpg"},{"@type":"BreadcrumbList","@id":"https:\/\/www.blogsoestado.com\/danielmatos\/universidade-ceuma-recebe-ministro-do-stf-luis-roberto-barroso\/#breadcrumb","itemListElement":[{"@type":"ListItem","position":1,"name":"In\u00edcio","item":"https:\/\/www.blogsoestado.com\/danielmatos\/"},{"@type":"ListItem","position":2,"name":"Universidade Ceuma recebe ministro do STF Lu\u00eds Roberto Barroso"}]},{"@type":"WebSite","@id":"https:\/\/www.blogsoestado.com\/danielmatos\/#website","url":"https:\/\/www.blogsoestado.com\/danielmatos\/","name":"Daniel Matos","description":"","potentialAction":[{"@type":"SearchAction","target":{"@type":"EntryPoint","urlTemplate":"https:\/\/www.blogsoestado.com\/danielmatos\/?s={search_term_string}"},"query-input":{"@type":"PropertyValueSpecification","valueRequired":true,"valueName":"search_term_string"}}],"inLanguage":"pt-BR"}]}},"jetpack_featured_media_url":"","_links":{"self":[{"href":"https:\/\/www.blogsoestado.com\/danielmatos\/wp-json\/wp\/v2\/posts\/51410","targetHints":{"allow":["GET"]}}],"collection":[{"href":"https:\/\/www.blogsoestado.com\/danielmatos\/wp-json\/wp\/v2\/posts"}],"about":[{"href":"https:\/\/www.blogsoestado.com\/danielmatos\/wp-json\/wp\/v2\/types\/post"}],"replies":[{"embeddable":true,"href":"https:\/\/www.blogsoestado.com\/danielmatos\/wp-json\/wp\/v2\/comments?post=51410"}],"version-history":[{"count":0,"href":"https:\/\/www.blogsoestado.com\/danielmatos\/wp-json\/wp\/v2\/posts\/51410\/revisions"}],"wp:attachment":[{"href":"https:\/\/www.blogsoestado.com\/danielmatos\/wp-json\/wp\/v2\/media?parent=51410"}],"wp:term":[{"taxonomy":"category","embeddable":true,"href":"https:\/\/www.blogsoestado.com\/danielmatos\/wp-json\/wp\/v2\/categories?post=51410"},{"taxonomy":"post_tag","embeddable":true,"href":"https:\/\/www.blogsoestado.com\/danielmatos\/wp-json\/wp\/v2\/tags?post=51410"}],"curies":[{"name":"wp","href":"https:\/\/api.w.org\/{rel}","templated":true}]}}