{"id":51420,"date":"2018-05-17T11:43:05","date_gmt":"2018-05-17T14:43:05","guid":{"rendered":"https:\/\/www.blogsoestado.com\/danielmatos\/?p=51420"},"modified":"2018-05-17T11:43:05","modified_gmt":"2018-05-17T14:43:05","slug":"presenca-de-ministro-do-stf-na-universidade-ceuma-repercute-em-o-globo","status":"publish","type":"post","link":"https:\/\/www.blogsoestado.com\/danielmatos\/presenca-de-ministro-do-stf-na-universidade-ceuma-repercute-em-o-globo\/","title":{"rendered":"Presen\u00e7a de ministro do STF na Universidade Ceuma repercute em O Globo"},"content":{"rendered":"<p><img fetchpriority=\"high\" decoding=\"async\" class=\"aligncenter size-full wp-image-51421\" src=\"https:\/\/www.blogsoestado.com\/danielmatos\/files\/2018\/05\/barroso-globo.jpg\" alt=\"\" width=\"512\" height=\"480\" \/><\/p>\n<p>O prestigiado blog <a href=\"https:\/\/blogs.oglobo.globo.com\/poder-em-jogo\/post\/barroso-no-maranhao.html\">Poder em Jogo<\/a>, hospedado no site do jornal <a href=\"https:\/\/oglobo.globo.com\/\">O Globo<\/a>, noticiou a palestra que o ministro do Supremo Tribunal Federal (STF) Lu\u00eds Roberto Barroso proferir\u00e1 a alunos do curso de Direito da Universidade Ceuma e convidados, nessa sexta-feira (18), \u00e0s 9h30, no Espa\u00e7o Renascen\u00e7a.<\/p>\n<p>Editado pelas jornalistas Lydia Medeiros e Amanda Almeida, o blog destacou o balan\u00e7o que o magistrado far\u00e1 dos 30 anosa da Constitui\u00e7\u00e3o Brasileira de 1988.<\/p>\n<p>Sobre temas pol\u00eamicos, o Poder em Jogo criou expectativa sobre uma poss\u00edvel abordagem da pris\u00e3o ap\u00f3s condena\u00e7\u00e3o em segunda inst\u00e2ncia por Barroso, considerado um brilhante jurista.<\/p>\n","protected":false},"excerpt":{"rendered":"<p>O prestigiado blog Poder em Jogo, hospedado no site do jornal O Globo, noticiou a palestra que o ministro do [&hellip;]<\/p>\n","protected":false},"author":0,"featured_media":0,"comment_status":"open","ping_status":"open","sticky":false,"template":"","format":"standard","meta":{"site-sidebar-layout":"default","site-content-layout":"","ast-site-content-layout":"default","site-content-style":"default","site-sidebar-style":"default","ast-global-header-display":"","ast-banner-title-visibility":"","ast-main-header-display":"","ast-hfb-above-header-display":"","ast-hfb-below-header-display":"","ast-hfb-mobile-header-display":"","site-post-title":"","ast-breadcrumbs-content":"","ast-featured-img":"","footer-sml-layout":"","ast-disable-related-posts":"","theme-transparent-header-meta":"","adv-header-id-meta":"","stick-header-meta":"","header-above-stick-meta":"","header-main-stick-meta":"","header-below-stick-meta":"","astra-migrate-meta-layouts":"default","ast-page-background-enabled":"default","ast-page-background-meta":{"desktop":{"background-color":"var(--ast-global-color-5)","background-image":"","background-repeat":"repeat","background-position":"center center","background-size":"auto","background-attachment":"scroll","background-type":"","background-media":"","overlay-type":"","overlay-color":"","overlay-opacity":"","overlay-gradient":""},"tablet":{"background-color":"","background-image":"","background-repeat":"repeat","background-position":"center center","background-size":"auto","background-attachment":"scroll","background-type":"","background-media":"","overlay-type":"","overlay-color":"","overlay-opacity":"","overlay-gradient":""},"mobile":{"background-color":"","background-image":"","background-repeat":"repeat","background-position":"center center","background-size":"auto","background-attachment":"scroll","background-type":"","background-media":"","overlay-type":"","overlay-color":"","overlay-opacity":"","overlay-gradient":""}},"ast-content-background-meta":{"desktop":{"background-color":"var(--ast-global-color-4)","background-image":"","background-repeat":"repeat","background-position":"center center","background-size":"auto","background-attachment":"scroll","background-type":"","background-media":"","overlay-type":"","overlay-color":"","overlay-opacity":"","overlay-gradient":""},"tablet":{"background-color":"var(--ast-global-color-4)","background-image":"","background-repeat":"repeat","background-position":"center center","background-size":"auto","background-attachment":"scroll","background-type":"","background-media":"","overlay-type":"","overlay-color":"","overlay-opacity":"","overlay-gradient":""},"mobile":{"background-color":"var(--ast-global-color-4)","background-image":"","background-repeat":"repeat","background-position":"center center","background-size":"auto","background-attachment":"scroll","background-type":"","background-media":"","overlay-type":"","overlay-color":"","overlay-opacity":"","overlay-gradient":""}},"footnotes":""},"categories":[1],"tags":[],"class_list":["post-51420","post","type-post","status-publish","format-standard","hentry","category-sem-categoria"],"yoast_head":"<!-- This site is optimized with the Yoast SEO plugin v26.6 - https:\/\/yoast.com\/wordpress\/plugins\/seo\/ -->\n<title>Presen\u00e7a de ministro do STF na Universidade Ceuma repercute em O Globo - Daniel Matos<\/title>\n<meta name=\"robots\" content=\"index, follow, max-snippet:-1, max-image-preview:large, max-video-preview:-1\" \/>\n<link rel=\"canonical\" href=\"https:\/\/www.blogsoestado.com\/danielmatos\/presenca-de-ministro-do-stf-na-universidade-ceuma-repercute-em-o-globo\/\" \/>\n<meta property=\"og:locale\" content=\"pt_BR\" \/>\n<meta property=\"og:type\" content=\"article\" \/>\n<meta property=\"og:title\" content=\"Presen\u00e7a de ministro do STF na Universidade Ceuma repercute em O Globo - Daniel Matos\" \/>\n<meta property=\"og:description\" content=\"O prestigiado blog Poder em Jogo, hospedado no site do jornal O Globo, noticiou a palestra que o ministro do [&hellip;]\" \/>\n<meta property=\"og:url\" content=\"https:\/\/www.blogsoestado.com\/danielmatos\/presenca-de-ministro-do-stf-na-universidade-ceuma-repercute-em-o-globo\/\" \/>\n<meta property=\"og:site_name\" content=\"Daniel Matos\" \/>\n<meta property=\"article:published_time\" content=\"2018-05-17T14:43:05+00:00\" \/>\n<meta property=\"og:image\" content=\"https:\/\/www.blogsoestado.com\/danielmatos\/files\/2018\/05\/barroso-globo.jpg\" \/>\n<meta name=\"twitter:card\" content=\"summary_large_image\" \/>\n<meta name=\"twitter:label1\" content=\"Est. tempo de leitura\" \/>\n\t<meta name=\"twitter:data1\" content=\"1 minuto\" \/>\n<script type=\"application\/ld+json\" class=\"yoast-schema-graph\">{\"@context\":\"https:\/\/schema.org\",\"@graph\":[{\"@type\":\"WebPage\",\"@id\":\"https:\/\/www.blogsoestado.com\/danielmatos\/presenca-de-ministro-do-stf-na-universidade-ceuma-repercute-em-o-globo\/\",\"url\":\"https:\/\/www.blogsoestado.com\/danielmatos\/presenca-de-ministro-do-stf-na-universidade-ceuma-repercute-em-o-globo\/\",\"name\":\"Presen\u00e7a de ministro do STF na Universidade Ceuma repercute em O Globo - Daniel Matos\",\"isPartOf\":{\"@id\":\"https:\/\/www.blogsoestado.com\/danielmatos\/#website\"},\"primaryImageOfPage\":{\"@id\":\"https:\/\/www.blogsoestado.com\/danielmatos\/presenca-de-ministro-do-stf-na-universidade-ceuma-repercute-em-o-globo\/#primaryimage\"},\"image\":{\"@id\":\"https:\/\/www.blogsoestado.com\/danielmatos\/presenca-de-ministro-do-stf-na-universidade-ceuma-repercute-em-o-globo\/#primaryimage\"},\"thumbnailUrl\":\"https:\/\/www.blogsoestado.com\/danielmatos\/files\/2018\/05\/barroso-globo.jpg\",\"datePublished\":\"2018-05-17T14:43:05+00:00\",\"author\":{\"@id\":\"\"},\"breadcrumb\":{\"@id\":\"https:\/\/www.blogsoestado.com\/danielmatos\/presenca-de-ministro-do-stf-na-universidade-ceuma-repercute-em-o-globo\/#breadcrumb\"},\"inLanguage\":\"pt-BR\",\"potentialAction\":[{\"@type\":\"ReadAction\",\"target\":[\"https:\/\/www.blogsoestado.com\/danielmatos\/presenca-de-ministro-do-stf-na-universidade-ceuma-repercute-em-o-globo\/\"]}]},{\"@type\":\"ImageObject\",\"inLanguage\":\"pt-BR\",\"@id\":\"https:\/\/www.blogsoestado.com\/danielmatos\/presenca-de-ministro-do-stf-na-universidade-ceuma-repercute-em-o-globo\/#primaryimage\",\"url\":\"https:\/\/www.blogsoestado.com\/danielmatos\/files\/2018\/05\/barroso-globo.jpg\",\"contentUrl\":\"https:\/\/www.blogsoestado.com\/danielmatos\/files\/2018\/05\/barroso-globo.jpg\"},{\"@type\":\"BreadcrumbList\",\"@id\":\"https:\/\/www.blogsoestado.com\/danielmatos\/presenca-de-ministro-do-stf-na-universidade-ceuma-repercute-em-o-globo\/#breadcrumb\",\"itemListElement\":[{\"@type\":\"ListItem\",\"position\":1,\"name\":\"In\u00edcio\",\"item\":\"https:\/\/www.blogsoestado.com\/danielmatos\/\"},{\"@type\":\"ListItem\",\"position\":2,\"name\":\"Presen\u00e7a de ministro do STF na Universidade Ceuma repercute em O Globo\"}]},{\"@type\":\"WebSite\",\"@id\":\"https:\/\/www.blogsoestado.com\/danielmatos\/#website\",\"url\":\"https:\/\/www.blogsoestado.com\/danielmatos\/\",\"name\":\"Daniel Matos\",\"description\":\"\",\"potentialAction\":[{\"@type\":\"SearchAction\",\"target\":{\"@type\":\"EntryPoint\",\"urlTemplate\":\"https:\/\/www.blogsoestado.com\/danielmatos\/?s={search_term_string}\"},\"query-input\":{\"@type\":\"PropertyValueSpecification\",\"valueRequired\":true,\"valueName\":\"search_term_string\"}}],\"inLanguage\":\"pt-BR\"}]}<\/script>\n<!-- \/ Yoast SEO plugin. -->","yoast_head_json":{"title":"Presen\u00e7a de ministro do STF na Universidade Ceuma repercute em O Globo - Daniel Matos","robots":{"index":"index","follow":"follow","max-snippet":"max-snippet:-1","max-image-preview":"max-image-preview:large","max-video-preview":"max-video-preview:-1"},"canonical":"https:\/\/www.blogsoestado.com\/danielmatos\/presenca-de-ministro-do-stf-na-universidade-ceuma-repercute-em-o-globo\/","og_locale":"pt_BR","og_type":"article","og_title":"Presen\u00e7a de ministro do STF na Universidade Ceuma repercute em O Globo - Daniel Matos","og_description":"O prestigiado blog Poder em Jogo, hospedado no site do jornal O Globo, noticiou a palestra que o ministro do [&hellip;]","og_url":"https:\/\/www.blogsoestado.com\/danielmatos\/presenca-de-ministro-do-stf-na-universidade-ceuma-repercute-em-o-globo\/","og_site_name":"Daniel Matos","article_published_time":"2018-05-17T14:43:05+00:00","og_image":[{"url":"https:\/\/www.blogsoestado.com\/danielmatos\/files\/2018\/05\/barroso-globo.jpg","type":"","width":"","height":""}],"twitter_card":"summary_large_image","twitter_misc":{"Est. tempo de leitura":"1 minuto"},"schema":{"@context":"https:\/\/schema.org","@graph":[{"@type":"WebPage","@id":"https:\/\/www.blogsoestado.com\/danielmatos\/presenca-de-ministro-do-stf-na-universidade-ceuma-repercute-em-o-globo\/","url":"https:\/\/www.blogsoestado.com\/danielmatos\/presenca-de-ministro-do-stf-na-universidade-ceuma-repercute-em-o-globo\/","name":"Presen\u00e7a de ministro do STF na Universidade Ceuma repercute em O Globo - Daniel Matos","isPartOf":{"@id":"https:\/\/www.blogsoestado.com\/danielmatos\/#website"},"primaryImageOfPage":{"@id":"https:\/\/www.blogsoestado.com\/danielmatos\/presenca-de-ministro-do-stf-na-universidade-ceuma-repercute-em-o-globo\/#primaryimage"},"image":{"@id":"https:\/\/www.blogsoestado.com\/danielmatos\/presenca-de-ministro-do-stf-na-universidade-ceuma-repercute-em-o-globo\/#primaryimage"},"thumbnailUrl":"https:\/\/www.blogsoestado.com\/danielmatos\/files\/2018\/05\/barroso-globo.jpg","datePublished":"2018-05-17T14:43:05+00:00","author":{"@id":""},"breadcrumb":{"@id":"https:\/\/www.blogsoestado.com\/danielmatos\/presenca-de-ministro-do-stf-na-universidade-ceuma-repercute-em-o-globo\/#breadcrumb"},"inLanguage":"pt-BR","potentialAction":[{"@type":"ReadAction","target":["https:\/\/www.blogsoestado.com\/danielmatos\/presenca-de-ministro-do-stf-na-universidade-ceuma-repercute-em-o-globo\/"]}]},{"@type":"ImageObject","inLanguage":"pt-BR","@id":"https:\/\/www.blogsoestado.com\/danielmatos\/presenca-de-ministro-do-stf-na-universidade-ceuma-repercute-em-o-globo\/#primaryimage","url":"https:\/\/www.blogsoestado.com\/danielmatos\/files\/2018\/05\/barroso-globo.jpg","contentUrl":"https:\/\/www.blogsoestado.com\/danielmatos\/files\/2018\/05\/barroso-globo.jpg"},{"@type":"BreadcrumbList","@id":"https:\/\/www.blogsoestado.com\/danielmatos\/presenca-de-ministro-do-stf-na-universidade-ceuma-repercute-em-o-globo\/#breadcrumb","itemListElement":[{"@type":"ListItem","position":1,"name":"In\u00edcio","item":"https:\/\/www.blogsoestado.com\/danielmatos\/"},{"@type":"ListItem","position":2,"name":"Presen\u00e7a de ministro do STF na Universidade Ceuma repercute em O Globo"}]},{"@type":"WebSite","@id":"https:\/\/www.blogsoestado.com\/danielmatos\/#website","url":"https:\/\/www.blogsoestado.com\/danielmatos\/","name":"Daniel Matos","description":"","potentialAction":[{"@type":"SearchAction","target":{"@type":"EntryPoint","urlTemplate":"https:\/\/www.blogsoestado.com\/danielmatos\/?s={search_term_string}"},"query-input":{"@type":"PropertyValueSpecification","valueRequired":true,"valueName":"search_term_string"}}],"inLanguage":"pt-BR"}]}},"jetpack_featured_media_url":"","_links":{"self":[{"href":"https:\/\/www.blogsoestado.com\/danielmatos\/wp-json\/wp\/v2\/posts\/51420","targetHints":{"allow":["GET"]}}],"collection":[{"href":"https:\/\/www.blogsoestado.com\/danielmatos\/wp-json\/wp\/v2\/posts"}],"about":[{"href":"https:\/\/www.blogsoestado.com\/danielmatos\/wp-json\/wp\/v2\/types\/post"}],"replies":[{"embeddable":true,"href":"https:\/\/www.blogsoestado.com\/danielmatos\/wp-json\/wp\/v2\/comments?post=51420"}],"version-history":[{"count":0,"href":"https:\/\/www.blogsoestado.com\/danielmatos\/wp-json\/wp\/v2\/posts\/51420\/revisions"}],"wp:attachment":[{"href":"https:\/\/www.blogsoestado.com\/danielmatos\/wp-json\/wp\/v2\/media?parent=51420"}],"wp:term":[{"taxonomy":"category","embeddable":true,"href":"https:\/\/www.blogsoestado.com\/danielmatos\/wp-json\/wp\/v2\/categories?post=51420"},{"taxonomy":"post_tag","embeddable":true,"href":"https:\/\/www.blogsoestado.com\/danielmatos\/wp-json\/wp\/v2\/tags?post=51420"}],"curies":[{"name":"wp","href":"https:\/\/api.w.org\/{rel}","templated":true}]}}