{"id":51427,"date":"2018-05-17T18:45:18","date_gmt":"2018-05-17T21:45:18","guid":{"rendered":"https:\/\/www.blogsoestado.com\/danielmatos\/?p=51427"},"modified":"2018-05-17T18:45:18","modified_gmt":"2018-05-17T21:45:18","slug":"enquanto-navio-cargueiro-permanece-parado-no-porto-do-itaqui-trabalhadores-emap-e-g5-medem-forcas","status":"publish","type":"post","link":"https:\/\/www.blogsoestado.com\/danielmatos\/enquanto-navio-cargueiro-permanece-parado-no-porto-do-itaqui-trabalhadores-emap-e-g5-medem-forcas\/","title":{"rendered":"Enquanto navio cargueiro permanece parado no Porto do Itaqui, trabalhadores, Emap e G5 medem for\u00e7as"},"content":{"rendered":"<figure id=\"attachment_51430\" aria-describedby=\"caption-attachment-51430\" style=\"width: 640px\" class=\"wp-caption aligncenter\"><img fetchpriority=\"high\" decoding=\"async\" class=\"size-full wp-image-51430\" src=\"https:\/\/www.blogsoestado.com\/danielmatos\/files\/2018\/05\/star-fuji.jpg\" alt=\"\" width=\"640\" height=\"480\" \/><figcaption id=\"caption-attachment-51430\" class=\"wp-caption-text\">Navio noruegu\u00eas est\u00e1 atracado h\u00e1 seis dias no Porto do Itaqui por causa de impasse entre portu\u00e1rios avulsos e empresa de log\u00edstica<\/figcaption><\/figure>\n<p>Ap\u00f3s desligar dezenas de portu\u00e1rios contratados para a opera\u00e7\u00e3o de carregamento do navio Star Fuji, atracado desde o \u00faltimo dia 12 no Porto do Itaqui para receber 35,5 mil toneladas de celulose em retalia\u00e7\u00e3o \u00e0 paralisa\u00e7\u00e3o deflagrada pelos trabalhadores, a G5 Log\u00edstica Solu\u00e7\u00f5es e Transporte, com apoio da Empresa Maranhense de Administra\u00e7\u00e3o Portu\u00e1ria (Emap), se prepara para empregar m\u00e3o de obra vinculada \u00e0 empresa na execu\u00e7\u00e3o da tarefa. Mobilizados no cais em protesto contra a quebra do acordo que vetava o v\u00ednculo empregat\u00edcio com a G5 e preservava direitos e vantagens da categoria, os trabalhadores descartados anunciaram que n\u00e3o permitir\u00e3o a substitui\u00e7\u00e3o.<\/p>\n<p>O clima \u00e9 tenso na \u00e1rea portu\u00e1ria e j\u00e1 houve, pelo menos, uma amea\u00e7a, feita por um dirigente da G5 ao presidente do Sindicato dos Arrumadores,\u00a0Carlos Magno Maia Castro, o Lixa, que lidera a paralisa\u00e7\u00e3o. Segundo vers\u00e3o do sindicalista, com base em \u00e1udio com declara\u00e7\u00f5es de um portu\u00e1rio, o executivo da empresa declarou, em uma reuni\u00e3o, no in\u00edcio da emana, que &#8220;acabar\u00e1 com o Lixa&#8221;.<\/p>\n<p>Em mensagem encaminhada ao blog, Lixa anunciou que &#8220;os trabalhadores est\u00e3o de prontid\u00e3o para n\u00e3o deixar acontecer&#8221;.<\/p>\n<p>A carga destinada ao navio, de bandeira norueguesa, \u00e9 proveniente da f\u00e1brica maranhense da Suzano Papel e Celulose, instalada na Regi\u00e3o Tocantina. A embarca\u00e7\u00e3o deveria ter desatracado no dia 14. O preju\u00edzo acumulado nos seis dias de paralisa\u00e7\u00e3o chega a U$ 1,8 milh\u00e3o (um milh\u00e3o e oitocentos mil d\u00f3lares).<\/p>\n","protected":false},"excerpt":{"rendered":"<p>Ap\u00f3s desligar dezenas de portu\u00e1rios contratados para a opera\u00e7\u00e3o de carregamento do navio Star Fuji, atracado desde o \u00faltimo dia [&hellip;]<\/p>\n","protected":false},"author":0,"featured_media":0,"comment_status":"open","ping_status":"open","sticky":false,"template":"","format":"standard","meta":{"site-sidebar-layout":"default","site-content-layout":"","ast-site-content-layout":"default","site-content-style":"default","site-sidebar-style":"default","ast-global-header-display":"","ast-banner-title-visibility":"","ast-main-header-display":"","ast-hfb-above-header-display":"","ast-hfb-below-header-display":"","ast-hfb-mobile-header-display":"","site-post-title":"","ast-breadcrumbs-content":"","ast-featured-img":"","footer-sml-layout":"","ast-disable-related-posts":"","theme-transparent-header-meta":"","adv-header-id-meta":"","stick-header-meta":"","header-above-stick-meta":"","header-main-stick-meta":"","header-below-stick-meta":"","astra-migrate-meta-layouts":"default","ast-page-background-enabled":"default","ast-page-background-meta":{"desktop":{"background-color":"var(--ast-global-color-5)","background-image":"","background-repeat":"repeat","background-position":"center center","background-size":"auto","background-attachment":"scroll","background-type":"","background-media":"","overlay-type":"","overlay-color":"","overlay-opacity":"","overlay-gradient":""},"tablet":{"background-color":"","background-image":"","background-repeat":"repeat","background-position":"center center","background-size":"auto","background-attachment":"scroll","background-type":"","background-media":"","overlay-type":"","overlay-color":"","overlay-opacity":"","overlay-gradient":""},"mobile":{"background-color":"","background-image":"","background-repeat":"repeat","background-position":"center center","background-size":"auto","background-attachment":"scroll","background-type":"","background-media":"","overlay-type":"","overlay-color":"","overlay-opacity":"","overlay-gradient":""}},"ast-content-background-meta":{"desktop":{"background-color":"var(--ast-global-color-4)","background-image":"","background-repeat":"repeat","background-position":"center center","background-size":"auto","background-attachment":"scroll","background-type":"","background-media":"","overlay-type":"","overlay-color":"","overlay-opacity":"","overlay-gradient":""},"tablet":{"background-color":"var(--ast-global-color-4)","background-image":"","background-repeat":"repeat","background-position":"center center","background-size":"auto","background-attachment":"scroll","background-type":"","background-media":"","overlay-type":"","overlay-color":"","overlay-opacity":"","overlay-gradient":""},"mobile":{"background-color":"var(--ast-global-color-4)","background-image":"","background-repeat":"repeat","background-position":"center center","background-size":"auto","background-attachment":"scroll","background-type":"","background-media":"","overlay-type":"","overlay-color":"","overlay-opacity":"","overlay-gradient":""}},"footnotes":""},"categories":[1],"tags":[],"class_list":["post-51427","post","type-post","status-publish","format-standard","hentry","category-sem-categoria"],"yoast_head":"<!-- This site is optimized with the Yoast SEO plugin v26.6 - https:\/\/yoast.com\/wordpress\/plugins\/seo\/ -->\n<title>Enquanto navio cargueiro permanece parado no Porto do Itaqui, trabalhadores, Emap e G5 medem for\u00e7as - Daniel Matos<\/title>\n<meta name=\"robots\" content=\"index, follow, max-snippet:-1, max-image-preview:large, max-video-preview:-1\" \/>\n<link rel=\"canonical\" href=\"https:\/\/www.blogsoestado.com\/danielmatos\/enquanto-navio-cargueiro-permanece-parado-no-porto-do-itaqui-trabalhadores-emap-e-g5-medem-forcas\/\" \/>\n<meta property=\"og:locale\" content=\"pt_BR\" \/>\n<meta property=\"og:type\" content=\"article\" \/>\n<meta property=\"og:title\" content=\"Enquanto navio cargueiro permanece parado no Porto do Itaqui, trabalhadores, Emap e G5 medem for\u00e7as - Daniel Matos\" \/>\n<meta property=\"og:description\" content=\"Ap\u00f3s desligar dezenas de portu\u00e1rios contratados para a opera\u00e7\u00e3o de carregamento do navio Star Fuji, atracado desde o \u00faltimo dia [&hellip;]\" \/>\n<meta property=\"og:url\" content=\"https:\/\/www.blogsoestado.com\/danielmatos\/enquanto-navio-cargueiro-permanece-parado-no-porto-do-itaqui-trabalhadores-emap-e-g5-medem-forcas\/\" \/>\n<meta property=\"og:site_name\" content=\"Daniel Matos\" \/>\n<meta property=\"article:published_time\" content=\"2018-05-17T21:45:18+00:00\" \/>\n<meta property=\"og:image\" content=\"https:\/\/www.blogsoestado.com\/danielmatos\/files\/2018\/05\/star-fuji.jpg\" \/>\n<meta name=\"twitter:card\" content=\"summary_large_image\" \/>\n<meta name=\"twitter:label1\" content=\"Est. tempo de leitura\" \/>\n\t<meta name=\"twitter:data1\" content=\"1 minuto\" \/>\n<script type=\"application\/ld+json\" class=\"yoast-schema-graph\">{\"@context\":\"https:\/\/schema.org\",\"@graph\":[{\"@type\":\"WebPage\",\"@id\":\"https:\/\/www.blogsoestado.com\/danielmatos\/enquanto-navio-cargueiro-permanece-parado-no-porto-do-itaqui-trabalhadores-emap-e-g5-medem-forcas\/\",\"url\":\"https:\/\/www.blogsoestado.com\/danielmatos\/enquanto-navio-cargueiro-permanece-parado-no-porto-do-itaqui-trabalhadores-emap-e-g5-medem-forcas\/\",\"name\":\"Enquanto navio cargueiro permanece parado no Porto do Itaqui, trabalhadores, Emap e G5 medem for\u00e7as - Daniel Matos\",\"isPartOf\":{\"@id\":\"https:\/\/www.blogsoestado.com\/danielmatos\/#website\"},\"primaryImageOfPage\":{\"@id\":\"https:\/\/www.blogsoestado.com\/danielmatos\/enquanto-navio-cargueiro-permanece-parado-no-porto-do-itaqui-trabalhadores-emap-e-g5-medem-forcas\/#primaryimage\"},\"image\":{\"@id\":\"https:\/\/www.blogsoestado.com\/danielmatos\/enquanto-navio-cargueiro-permanece-parado-no-porto-do-itaqui-trabalhadores-emap-e-g5-medem-forcas\/#primaryimage\"},\"thumbnailUrl\":\"https:\/\/www.blogsoestado.com\/danielmatos\/files\/2018\/05\/star-fuji.jpg\",\"datePublished\":\"2018-05-17T21:45:18+00:00\",\"author\":{\"@id\":\"\"},\"breadcrumb\":{\"@id\":\"https:\/\/www.blogsoestado.com\/danielmatos\/enquanto-navio-cargueiro-permanece-parado-no-porto-do-itaqui-trabalhadores-emap-e-g5-medem-forcas\/#breadcrumb\"},\"inLanguage\":\"pt-BR\",\"potentialAction\":[{\"@type\":\"ReadAction\",\"target\":[\"https:\/\/www.blogsoestado.com\/danielmatos\/enquanto-navio-cargueiro-permanece-parado-no-porto-do-itaqui-trabalhadores-emap-e-g5-medem-forcas\/\"]}]},{\"@type\":\"ImageObject\",\"inLanguage\":\"pt-BR\",\"@id\":\"https:\/\/www.blogsoestado.com\/danielmatos\/enquanto-navio-cargueiro-permanece-parado-no-porto-do-itaqui-trabalhadores-emap-e-g5-medem-forcas\/#primaryimage\",\"url\":\"https:\/\/www.blogsoestado.com\/danielmatos\/files\/2018\/05\/star-fuji.jpg\",\"contentUrl\":\"https:\/\/www.blogsoestado.com\/danielmatos\/files\/2018\/05\/star-fuji.jpg\"},{\"@type\":\"BreadcrumbList\",\"@id\":\"https:\/\/www.blogsoestado.com\/danielmatos\/enquanto-navio-cargueiro-permanece-parado-no-porto-do-itaqui-trabalhadores-emap-e-g5-medem-forcas\/#breadcrumb\",\"itemListElement\":[{\"@type\":\"ListItem\",\"position\":1,\"name\":\"In\u00edcio\",\"item\":\"https:\/\/www.blogsoestado.com\/danielmatos\/\"},{\"@type\":\"ListItem\",\"position\":2,\"name\":\"Enquanto navio cargueiro permanece parado no Porto do Itaqui, trabalhadores, Emap e G5 medem for\u00e7as\"}]},{\"@type\":\"WebSite\",\"@id\":\"https:\/\/www.blogsoestado.com\/danielmatos\/#website\",\"url\":\"https:\/\/www.blogsoestado.com\/danielmatos\/\",\"name\":\"Daniel Matos\",\"description\":\"\",\"potentialAction\":[{\"@type\":\"SearchAction\",\"target\":{\"@type\":\"EntryPoint\",\"urlTemplate\":\"https:\/\/www.blogsoestado.com\/danielmatos\/?s={search_term_string}\"},\"query-input\":{\"@type\":\"PropertyValueSpecification\",\"valueRequired\":true,\"valueName\":\"search_term_string\"}}],\"inLanguage\":\"pt-BR\"}]}<\/script>\n<!-- \/ Yoast SEO plugin. -->","yoast_head_json":{"title":"Enquanto navio cargueiro permanece parado no Porto do Itaqui, trabalhadores, Emap e G5 medem for\u00e7as - Daniel Matos","robots":{"index":"index","follow":"follow","max-snippet":"max-snippet:-1","max-image-preview":"max-image-preview:large","max-video-preview":"max-video-preview:-1"},"canonical":"https:\/\/www.blogsoestado.com\/danielmatos\/enquanto-navio-cargueiro-permanece-parado-no-porto-do-itaqui-trabalhadores-emap-e-g5-medem-forcas\/","og_locale":"pt_BR","og_type":"article","og_title":"Enquanto navio cargueiro permanece parado no Porto do Itaqui, trabalhadores, Emap e G5 medem for\u00e7as - Daniel Matos","og_description":"Ap\u00f3s desligar dezenas de portu\u00e1rios contratados para a opera\u00e7\u00e3o de carregamento do navio Star Fuji, atracado desde o \u00faltimo dia [&hellip;]","og_url":"https:\/\/www.blogsoestado.com\/danielmatos\/enquanto-navio-cargueiro-permanece-parado-no-porto-do-itaqui-trabalhadores-emap-e-g5-medem-forcas\/","og_site_name":"Daniel Matos","article_published_time":"2018-05-17T21:45:18+00:00","og_image":[{"url":"https:\/\/www.blogsoestado.com\/danielmatos\/files\/2018\/05\/star-fuji.jpg","type":"","width":"","height":""}],"twitter_card":"summary_large_image","twitter_misc":{"Est. tempo de leitura":"1 minuto"},"schema":{"@context":"https:\/\/schema.org","@graph":[{"@type":"WebPage","@id":"https:\/\/www.blogsoestado.com\/danielmatos\/enquanto-navio-cargueiro-permanece-parado-no-porto-do-itaqui-trabalhadores-emap-e-g5-medem-forcas\/","url":"https:\/\/www.blogsoestado.com\/danielmatos\/enquanto-navio-cargueiro-permanece-parado-no-porto-do-itaqui-trabalhadores-emap-e-g5-medem-forcas\/","name":"Enquanto navio cargueiro permanece parado no Porto do Itaqui, trabalhadores, Emap e G5 medem for\u00e7as - Daniel Matos","isPartOf":{"@id":"https:\/\/www.blogsoestado.com\/danielmatos\/#website"},"primaryImageOfPage":{"@id":"https:\/\/www.blogsoestado.com\/danielmatos\/enquanto-navio-cargueiro-permanece-parado-no-porto-do-itaqui-trabalhadores-emap-e-g5-medem-forcas\/#primaryimage"},"image":{"@id":"https:\/\/www.blogsoestado.com\/danielmatos\/enquanto-navio-cargueiro-permanece-parado-no-porto-do-itaqui-trabalhadores-emap-e-g5-medem-forcas\/#primaryimage"},"thumbnailUrl":"https:\/\/www.blogsoestado.com\/danielmatos\/files\/2018\/05\/star-fuji.jpg","datePublished":"2018-05-17T21:45:18+00:00","author":{"@id":""},"breadcrumb":{"@id":"https:\/\/www.blogsoestado.com\/danielmatos\/enquanto-navio-cargueiro-permanece-parado-no-porto-do-itaqui-trabalhadores-emap-e-g5-medem-forcas\/#breadcrumb"},"inLanguage":"pt-BR","potentialAction":[{"@type":"ReadAction","target":["https:\/\/www.blogsoestado.com\/danielmatos\/enquanto-navio-cargueiro-permanece-parado-no-porto-do-itaqui-trabalhadores-emap-e-g5-medem-forcas\/"]}]},{"@type":"ImageObject","inLanguage":"pt-BR","@id":"https:\/\/www.blogsoestado.com\/danielmatos\/enquanto-navio-cargueiro-permanece-parado-no-porto-do-itaqui-trabalhadores-emap-e-g5-medem-forcas\/#primaryimage","url":"https:\/\/www.blogsoestado.com\/danielmatos\/files\/2018\/05\/star-fuji.jpg","contentUrl":"https:\/\/www.blogsoestado.com\/danielmatos\/files\/2018\/05\/star-fuji.jpg"},{"@type":"BreadcrumbList","@id":"https:\/\/www.blogsoestado.com\/danielmatos\/enquanto-navio-cargueiro-permanece-parado-no-porto-do-itaqui-trabalhadores-emap-e-g5-medem-forcas\/#breadcrumb","itemListElement":[{"@type":"ListItem","position":1,"name":"In\u00edcio","item":"https:\/\/www.blogsoestado.com\/danielmatos\/"},{"@type":"ListItem","position":2,"name":"Enquanto navio cargueiro permanece parado no Porto do Itaqui, trabalhadores, Emap e G5 medem for\u00e7as"}]},{"@type":"WebSite","@id":"https:\/\/www.blogsoestado.com\/danielmatos\/#website","url":"https:\/\/www.blogsoestado.com\/danielmatos\/","name":"Daniel Matos","description":"","potentialAction":[{"@type":"SearchAction","target":{"@type":"EntryPoint","urlTemplate":"https:\/\/www.blogsoestado.com\/danielmatos\/?s={search_term_string}"},"query-input":{"@type":"PropertyValueSpecification","valueRequired":true,"valueName":"search_term_string"}}],"inLanguage":"pt-BR"}]}},"jetpack_featured_media_url":"","_links":{"self":[{"href":"https:\/\/www.blogsoestado.com\/danielmatos\/wp-json\/wp\/v2\/posts\/51427","targetHints":{"allow":["GET"]}}],"collection":[{"href":"https:\/\/www.blogsoestado.com\/danielmatos\/wp-json\/wp\/v2\/posts"}],"about":[{"href":"https:\/\/www.blogsoestado.com\/danielmatos\/wp-json\/wp\/v2\/types\/post"}],"replies":[{"embeddable":true,"href":"https:\/\/www.blogsoestado.com\/danielmatos\/wp-json\/wp\/v2\/comments?post=51427"}],"version-history":[{"count":0,"href":"https:\/\/www.blogsoestado.com\/danielmatos\/wp-json\/wp\/v2\/posts\/51427\/revisions"}],"wp:attachment":[{"href":"https:\/\/www.blogsoestado.com\/danielmatos\/wp-json\/wp\/v2\/media?parent=51427"}],"wp:term":[{"taxonomy":"category","embeddable":true,"href":"https:\/\/www.blogsoestado.com\/danielmatos\/wp-json\/wp\/v2\/categories?post=51427"},{"taxonomy":"post_tag","embeddable":true,"href":"https:\/\/www.blogsoestado.com\/danielmatos\/wp-json\/wp\/v2\/tags?post=51427"}],"curies":[{"name":"wp","href":"https:\/\/api.w.org\/{rel}","templated":true}]}}