{"id":51433,"date":"2018-05-17T21:32:10","date_gmt":"2018-05-18T00:32:10","guid":{"rendered":"https:\/\/www.blogsoestado.com\/danielmatos\/?p=51433"},"modified":"2018-05-17T21:32:10","modified_gmt":"2018-05-18T00:32:10","slug":"sem-apoio-das-bases-cleide-coutinho-se-ve-obrigada-desistir-de-pre-candidatura","status":"publish","type":"post","link":"https:\/\/www.blogsoestado.com\/danielmatos\/sem-apoio-das-bases-cleide-coutinho-se-ve-obrigada-desistir-de-pre-candidatura\/","title":{"rendered":"Sem apoio das bases, Cleide Coutinho se v\u00ea obrigada a desistir de pr\u00e9-candidatura"},"content":{"rendered":"<figure id=\"attachment_51435\" aria-describedby=\"caption-attachment-51435\" style=\"width: 411px\" class=\"wp-caption alignleft\"><img fetchpriority=\"high\" decoding=\"async\" class=\"size-full wp-image-51435\" src=\"https:\/\/www.blogsoestado.com\/danielmatos\/files\/2018\/05\/IMG-20180517-WA0011.jpg\" alt=\"\" width=\"411\" height=\"330\" \/><figcaption id=\"caption-attachment-51435\" class=\"wp-caption-text\">Cleide Coutinho demonstra fragilidade pol\u00edtica e emocional para disputar vaga na Assembleia<\/figcaption><\/figure>\n<p>Um forte boato nos bastidores da politica maranhense d\u00e1 conta da desist\u00eancia da vi\u00fava do falecido deputado Humberto Coutinho em concorrer a\u00a0uma vaga na Assembl\u00e9ia Legislativa, em outubro. Cleide Coutinho estaria desestimulada ap\u00f3s o rompimento de grandes bases eleitorais que eram seguidoras do marido. Um exemplo disso foi o lan\u00e7amento da candidatura da esposa do presidente da Federa\u00e7\u00e3o dos Munic\u00edpios do Estado do Maranh\u00e3o (FAMEM) e prefeito de Tuntum, Cleomar Tema, na disputa por uma vaga no parlamento estadual, al\u00e9m de outros fortes aliados no estado.<\/p>\n<p>Outra conversa que gira nas coxias da politica no Maranh\u00e3o seria o fraco desempenho da pedetista nas pesquisas encomendadas pelo Pal\u00e1cio dos Le\u00f5es. Entendidos de Caxias relatam que, de fato, quem tinha prestigio politico era o Humberto. &#8220;Cleide nunca foi de bom trato&#8221;, comenta-se.<\/p>\n<p>A fam\u00edlia teria se reunido e batido o martelo pela desist\u00eancia de Cleide Coutinho, por\u00e9m, membros do cl\u00e3 teriam dito que n\u00e3o poderiam sair do cen\u00e1rio politico do Maranh\u00e3o dessa forma e que precisariam ter um nome para manter acesa a chama pol\u00edtica do grupo. O nome sugerido teria sido o do ex-prefeito L\u00e9o Coutinho. Diante da amea\u00e7a real de ter as contas de sua gest\u00e3o rejeitadas em um futuro pr\u00f3ximo, L\u00e9o Coutinho n\u00e3o teria aceitado de cara a indica\u00e7\u00e3o.<\/p>\n<figure id=\"attachment_51436\" aria-describedby=\"caption-attachment-51436\" style=\"width: 415px\" class=\"wp-caption alignright\"><img decoding=\"async\" class=\"wp-image-51436\" src=\"https:\/\/www.blogsoestado.com\/danielmatos\/files\/2018\/05\/IMG-20180517-WA0013.jpg\" alt=\"\" width=\"415\" height=\"283\" \/><figcaption id=\"caption-attachment-51436\" class=\"wp-caption-text\">Ex-prefeito titubeou diante da proposta de assumir miss\u00e3o de salvar o cl\u00e3 Coutinho<\/figcaption><\/figure>\n<p>Outro fato seria o enfraquecimento de sua base eleitoral no pr\u00f3prio munic\u00edpio. O prefeito de Caxias, F\u00e1bio Gentil (PRB), com sua desenvoltura e traquejo pol\u00edtico, parece ter atra\u00eddo os grandes cabos eleitorais do grupo, minando a principal base eleitoral do grupo do falecido Humberto.<\/p>\n<p>Desde a morte do marido, em janeiro deste ano, a ex-deputada Cleide Coutinho n\u00e3o consegue fazer um discurso de forma contundente. A emo\u00e7\u00e3o pela perda do esposo se manifesta logo que ela inicia sua fala e tal abatimento j\u00e1 tem sido motivo de coment\u00e1rios de correligion\u00e1rios. &#8220;\u00c9, amigo, n\u00e3o d\u00e1 para ela n\u00e3o&#8221;, sussurram partid\u00e1rios da vi\u00fava.<\/p>\n<p>Dos 12 prefeitos que eram apoiadores de Humberto Coutinho, hoje, a ex-deputada Cleide Coutinho conta nos dedos de uma das m\u00e3os, e v\u00e3o sobrar muitos dedos. \u00c9 a velha pol\u00edtica do Maranh\u00e3o mostrando que ainda permanece.<\/p>\n","protected":false},"excerpt":{"rendered":"<p>Um forte boato nos bastidores da politica maranhense d\u00e1 conta da desist\u00eancia da vi\u00fava do falecido deputado Humberto Coutinho em [&hellip;]<\/p>\n","protected":false},"author":0,"featured_media":0,"comment_status":"open","ping_status":"open","sticky":false,"template":"","format":"standard","meta":{"site-sidebar-layout":"default","site-content-layout":"","ast-site-content-layout":"default","site-content-style":"default","site-sidebar-style":"default","ast-global-header-display":"","ast-banner-title-visibility":"","ast-main-header-display":"","ast-hfb-above-header-display":"","ast-hfb-below-header-display":"","ast-hfb-mobile-header-display":"","site-post-title":"","ast-breadcrumbs-content":"","ast-featured-img":"","footer-sml-layout":"","ast-disable-related-posts":"","theme-transparent-header-meta":"","adv-header-id-meta":"","stick-header-meta":"","header-above-stick-meta":"","header-main-stick-meta":"","header-below-stick-meta":"","astra-migrate-meta-layouts":"default","ast-page-background-enabled":"default","ast-page-background-meta":{"desktop":{"background-color":"var(--ast-global-color-5)","background-image":"","background-repeat":"repeat","background-position":"center center","background-size":"auto","background-attachment":"scroll","background-type":"","background-media":"","overlay-type":"","overlay-color":"","overlay-opacity":"","overlay-gradient":""},"tablet":{"background-color":"","background-image":"","background-repeat":"repeat","background-position":"center center","background-size":"auto","background-attachment":"scroll","background-type":"","background-media":"","overlay-type":"","overlay-color":"","overlay-opacity":"","overlay-gradient":""},"mobile":{"background-color":"","background-image":"","background-repeat":"repeat","background-position":"center center","background-size":"auto","background-attachment":"scroll","background-type":"","background-media":"","overlay-type":"","overlay-color":"","overlay-opacity":"","overlay-gradient":""}},"ast-content-background-meta":{"desktop":{"background-color":"var(--ast-global-color-4)","background-image":"","background-repeat":"repeat","background-position":"center center","background-size":"auto","background-attachment":"scroll","background-type":"","background-media":"","overlay-type":"","overlay-color":"","overlay-opacity":"","overlay-gradient":""},"tablet":{"background-color":"var(--ast-global-color-4)","background-image":"","background-repeat":"repeat","background-position":"center center","background-size":"auto","background-attachment":"scroll","background-type":"","background-media":"","overlay-type":"","overlay-color":"","overlay-opacity":"","overlay-gradient":""},"mobile":{"background-color":"var(--ast-global-color-4)","background-image":"","background-repeat":"repeat","background-position":"center center","background-size":"auto","background-attachment":"scroll","background-type":"","background-media":"","overlay-type":"","overlay-color":"","overlay-opacity":"","overlay-gradient":""}},"footnotes":""},"categories":[1],"tags":[],"class_list":["post-51433","post","type-post","status-publish","format-standard","hentry","category-sem-categoria"],"yoast_head":"<!-- This site is optimized with the Yoast SEO plugin v26.6 - https:\/\/yoast.com\/wordpress\/plugins\/seo\/ -->\n<title>Sem apoio das bases, Cleide Coutinho se v\u00ea obrigada a desistir de pr\u00e9-candidatura - Daniel Matos<\/title>\n<meta name=\"robots\" content=\"index, follow, max-snippet:-1, max-image-preview:large, max-video-preview:-1\" \/>\n<link rel=\"canonical\" href=\"https:\/\/www.blogsoestado.com\/danielmatos\/sem-apoio-das-bases-cleide-coutinho-se-ve-obrigada-desistir-de-pre-candidatura\/\" \/>\n<meta property=\"og:locale\" content=\"pt_BR\" \/>\n<meta property=\"og:type\" content=\"article\" \/>\n<meta property=\"og:title\" content=\"Sem apoio das bases, Cleide Coutinho se v\u00ea obrigada a desistir de pr\u00e9-candidatura - Daniel Matos\" \/>\n<meta property=\"og:description\" content=\"Um forte boato nos bastidores da politica maranhense d\u00e1 conta da desist\u00eancia da vi\u00fava do falecido deputado Humberto Coutinho em [&hellip;]\" \/>\n<meta property=\"og:url\" content=\"https:\/\/www.blogsoestado.com\/danielmatos\/sem-apoio-das-bases-cleide-coutinho-se-ve-obrigada-desistir-de-pre-candidatura\/\" \/>\n<meta property=\"og:site_name\" content=\"Daniel Matos\" \/>\n<meta property=\"article:published_time\" content=\"2018-05-18T00:32:10+00:00\" \/>\n<meta property=\"og:image\" content=\"https:\/\/www.blogsoestado.com\/danielmatos\/files\/2018\/05\/IMG-20180517-WA0011.jpg\" \/>\n<meta name=\"twitter:card\" content=\"summary_large_image\" \/>\n<meta name=\"twitter:label1\" content=\"Est. tempo de leitura\" \/>\n\t<meta name=\"twitter:data1\" content=\"2 minutos\" \/>\n<script type=\"application\/ld+json\" class=\"yoast-schema-graph\">{\"@context\":\"https:\/\/schema.org\",\"@graph\":[{\"@type\":\"WebPage\",\"@id\":\"https:\/\/www.blogsoestado.com\/danielmatos\/sem-apoio-das-bases-cleide-coutinho-se-ve-obrigada-desistir-de-pre-candidatura\/\",\"url\":\"https:\/\/www.blogsoestado.com\/danielmatos\/sem-apoio-das-bases-cleide-coutinho-se-ve-obrigada-desistir-de-pre-candidatura\/\",\"name\":\"Sem apoio das bases, Cleide Coutinho se v\u00ea obrigada a desistir de pr\u00e9-candidatura - Daniel Matos\",\"isPartOf\":{\"@id\":\"https:\/\/www.blogsoestado.com\/danielmatos\/#website\"},\"primaryImageOfPage\":{\"@id\":\"https:\/\/www.blogsoestado.com\/danielmatos\/sem-apoio-das-bases-cleide-coutinho-se-ve-obrigada-desistir-de-pre-candidatura\/#primaryimage\"},\"image\":{\"@id\":\"https:\/\/www.blogsoestado.com\/danielmatos\/sem-apoio-das-bases-cleide-coutinho-se-ve-obrigada-desistir-de-pre-candidatura\/#primaryimage\"},\"thumbnailUrl\":\"https:\/\/www.blogsoestado.com\/danielmatos\/files\/2018\/05\/IMG-20180517-WA0011.jpg\",\"datePublished\":\"2018-05-18T00:32:10+00:00\",\"author\":{\"@id\":\"\"},\"breadcrumb\":{\"@id\":\"https:\/\/www.blogsoestado.com\/danielmatos\/sem-apoio-das-bases-cleide-coutinho-se-ve-obrigada-desistir-de-pre-candidatura\/#breadcrumb\"},\"inLanguage\":\"pt-BR\",\"potentialAction\":[{\"@type\":\"ReadAction\",\"target\":[\"https:\/\/www.blogsoestado.com\/danielmatos\/sem-apoio-das-bases-cleide-coutinho-se-ve-obrigada-desistir-de-pre-candidatura\/\"]}]},{\"@type\":\"ImageObject\",\"inLanguage\":\"pt-BR\",\"@id\":\"https:\/\/www.blogsoestado.com\/danielmatos\/sem-apoio-das-bases-cleide-coutinho-se-ve-obrigada-desistir-de-pre-candidatura\/#primaryimage\",\"url\":\"https:\/\/www.blogsoestado.com\/danielmatos\/files\/2018\/05\/IMG-20180517-WA0011.jpg\",\"contentUrl\":\"https:\/\/www.blogsoestado.com\/danielmatos\/files\/2018\/05\/IMG-20180517-WA0011.jpg\"},{\"@type\":\"BreadcrumbList\",\"@id\":\"https:\/\/www.blogsoestado.com\/danielmatos\/sem-apoio-das-bases-cleide-coutinho-se-ve-obrigada-desistir-de-pre-candidatura\/#breadcrumb\",\"itemListElement\":[{\"@type\":\"ListItem\",\"position\":1,\"name\":\"In\u00edcio\",\"item\":\"https:\/\/www.blogsoestado.com\/danielmatos\/\"},{\"@type\":\"ListItem\",\"position\":2,\"name\":\"Sem apoio das bases, Cleide Coutinho se v\u00ea obrigada a desistir de pr\u00e9-candidatura\"}]},{\"@type\":\"WebSite\",\"@id\":\"https:\/\/www.blogsoestado.com\/danielmatos\/#website\",\"url\":\"https:\/\/www.blogsoestado.com\/danielmatos\/\",\"name\":\"Daniel Matos\",\"description\":\"\",\"potentialAction\":[{\"@type\":\"SearchAction\",\"target\":{\"@type\":\"EntryPoint\",\"urlTemplate\":\"https:\/\/www.blogsoestado.com\/danielmatos\/?s={search_term_string}\"},\"query-input\":{\"@type\":\"PropertyValueSpecification\",\"valueRequired\":true,\"valueName\":\"search_term_string\"}}],\"inLanguage\":\"pt-BR\"}]}<\/script>\n<!-- \/ Yoast SEO plugin. -->","yoast_head_json":{"title":"Sem apoio das bases, Cleide Coutinho se v\u00ea obrigada a desistir de pr\u00e9-candidatura - Daniel Matos","robots":{"index":"index","follow":"follow","max-snippet":"max-snippet:-1","max-image-preview":"max-image-preview:large","max-video-preview":"max-video-preview:-1"},"canonical":"https:\/\/www.blogsoestado.com\/danielmatos\/sem-apoio-das-bases-cleide-coutinho-se-ve-obrigada-desistir-de-pre-candidatura\/","og_locale":"pt_BR","og_type":"article","og_title":"Sem apoio das bases, Cleide Coutinho se v\u00ea obrigada a desistir de pr\u00e9-candidatura - Daniel Matos","og_description":"Um forte boato nos bastidores da politica maranhense d\u00e1 conta da desist\u00eancia da vi\u00fava do falecido deputado Humberto Coutinho em [&hellip;]","og_url":"https:\/\/www.blogsoestado.com\/danielmatos\/sem-apoio-das-bases-cleide-coutinho-se-ve-obrigada-desistir-de-pre-candidatura\/","og_site_name":"Daniel Matos","article_published_time":"2018-05-18T00:32:10+00:00","og_image":[{"url":"https:\/\/www.blogsoestado.com\/danielmatos\/files\/2018\/05\/IMG-20180517-WA0011.jpg","type":"","width":"","height":""}],"twitter_card":"summary_large_image","twitter_misc":{"Est. tempo de leitura":"2 minutos"},"schema":{"@context":"https:\/\/schema.org","@graph":[{"@type":"WebPage","@id":"https:\/\/www.blogsoestado.com\/danielmatos\/sem-apoio-das-bases-cleide-coutinho-se-ve-obrigada-desistir-de-pre-candidatura\/","url":"https:\/\/www.blogsoestado.com\/danielmatos\/sem-apoio-das-bases-cleide-coutinho-se-ve-obrigada-desistir-de-pre-candidatura\/","name":"Sem apoio das bases, Cleide Coutinho se v\u00ea obrigada a desistir de pr\u00e9-candidatura - Daniel Matos","isPartOf":{"@id":"https:\/\/www.blogsoestado.com\/danielmatos\/#website"},"primaryImageOfPage":{"@id":"https:\/\/www.blogsoestado.com\/danielmatos\/sem-apoio-das-bases-cleide-coutinho-se-ve-obrigada-desistir-de-pre-candidatura\/#primaryimage"},"image":{"@id":"https:\/\/www.blogsoestado.com\/danielmatos\/sem-apoio-das-bases-cleide-coutinho-se-ve-obrigada-desistir-de-pre-candidatura\/#primaryimage"},"thumbnailUrl":"https:\/\/www.blogsoestado.com\/danielmatos\/files\/2018\/05\/IMG-20180517-WA0011.jpg","datePublished":"2018-05-18T00:32:10+00:00","author":{"@id":""},"breadcrumb":{"@id":"https:\/\/www.blogsoestado.com\/danielmatos\/sem-apoio-das-bases-cleide-coutinho-se-ve-obrigada-desistir-de-pre-candidatura\/#breadcrumb"},"inLanguage":"pt-BR","potentialAction":[{"@type":"ReadAction","target":["https:\/\/www.blogsoestado.com\/danielmatos\/sem-apoio-das-bases-cleide-coutinho-se-ve-obrigada-desistir-de-pre-candidatura\/"]}]},{"@type":"ImageObject","inLanguage":"pt-BR","@id":"https:\/\/www.blogsoestado.com\/danielmatos\/sem-apoio-das-bases-cleide-coutinho-se-ve-obrigada-desistir-de-pre-candidatura\/#primaryimage","url":"https:\/\/www.blogsoestado.com\/danielmatos\/files\/2018\/05\/IMG-20180517-WA0011.jpg","contentUrl":"https:\/\/www.blogsoestado.com\/danielmatos\/files\/2018\/05\/IMG-20180517-WA0011.jpg"},{"@type":"BreadcrumbList","@id":"https:\/\/www.blogsoestado.com\/danielmatos\/sem-apoio-das-bases-cleide-coutinho-se-ve-obrigada-desistir-de-pre-candidatura\/#breadcrumb","itemListElement":[{"@type":"ListItem","position":1,"name":"In\u00edcio","item":"https:\/\/www.blogsoestado.com\/danielmatos\/"},{"@type":"ListItem","position":2,"name":"Sem apoio das bases, Cleide Coutinho se v\u00ea obrigada a desistir de pr\u00e9-candidatura"}]},{"@type":"WebSite","@id":"https:\/\/www.blogsoestado.com\/danielmatos\/#website","url":"https:\/\/www.blogsoestado.com\/danielmatos\/","name":"Daniel Matos","description":"","potentialAction":[{"@type":"SearchAction","target":{"@type":"EntryPoint","urlTemplate":"https:\/\/www.blogsoestado.com\/danielmatos\/?s={search_term_string}"},"query-input":{"@type":"PropertyValueSpecification","valueRequired":true,"valueName":"search_term_string"}}],"inLanguage":"pt-BR"}]}},"jetpack_featured_media_url":"","_links":{"self":[{"href":"https:\/\/www.blogsoestado.com\/danielmatos\/wp-json\/wp\/v2\/posts\/51433","targetHints":{"allow":["GET"]}}],"collection":[{"href":"https:\/\/www.blogsoestado.com\/danielmatos\/wp-json\/wp\/v2\/posts"}],"about":[{"href":"https:\/\/www.blogsoestado.com\/danielmatos\/wp-json\/wp\/v2\/types\/post"}],"replies":[{"embeddable":true,"href":"https:\/\/www.blogsoestado.com\/danielmatos\/wp-json\/wp\/v2\/comments?post=51433"}],"version-history":[{"count":0,"href":"https:\/\/www.blogsoestado.com\/danielmatos\/wp-json\/wp\/v2\/posts\/51433\/revisions"}],"wp:attachment":[{"href":"https:\/\/www.blogsoestado.com\/danielmatos\/wp-json\/wp\/v2\/media?parent=51433"}],"wp:term":[{"taxonomy":"category","embeddable":true,"href":"https:\/\/www.blogsoestado.com\/danielmatos\/wp-json\/wp\/v2\/categories?post=51433"},{"taxonomy":"post_tag","embeddable":true,"href":"https:\/\/www.blogsoestado.com\/danielmatos\/wp-json\/wp\/v2\/tags?post=51433"}],"curies":[{"name":"wp","href":"https:\/\/api.w.org\/{rel}","templated":true}]}}